{"id":94,"date":"2022-06-23T09:20:07","date_gmt":"2022-06-23T08:20:07","guid":{"rendered":"https:\/\/www.mediaplateforme.com\/fr\/?p=94"},"modified":"2022-06-23T10:41:09","modified_gmt":"2022-06-23T09:41:09","slug":"marche-express-consolide-son-leadership-sur-le-segment-des-produits-frais","status":"publish","type":"post","link":"https:\/\/www.mediaplateforme.com\/fr\/marche-express-consolide-son-leadership-sur-le-segment-des-produits-frais\/","title":{"rendered":"MARCH\u00c9 EXPRESS CONSOLIDE SON LEADERSHIP SUR LE SEGMENT DES PRODUITS FRAIS"},"content":{"rendered":"<p>March\u00e9 Express se donne les moyens pour acc\u00e9l\u00e9rer sa croissance. S\u2019adressant aussi bien aux particuliers qu\u2019aux professionnels, la premi\u00e8re marketplace e-commerce marocaine de vente de fruits et l\u00e9gumes compte aujourd\u2019hui des dizaines de milliers de clients actifs sur sa plateforme dans la zone du Grand Casablanca. En moins de 24h, les clients sont livr\u00e9s en produits frais de grande qualit\u00e9, tout en respectant les normes sanitaires.<\/p>\n<p>&nbsp;<\/p>\n<p>Avec un taux de satisfaction de ses utilisateurs de plus 92%, March\u00e9 Express mise tout sur le service client pour honorer sa promesse \u00abVos Courses sans Stress\u00bb. Forte de son succ\u00e8s dans le Grand Casablanca, la marketplace compte \u00e9largir son offre aux autres grandes villes marocaines.<\/p>\n<p>&nbsp;<\/p>\n<p>Affichant des performances record durant la crise pand\u00e9mique, March\u00e9 Express consolide son leadership en annon\u00e7ant l\u2019acquisition de la marque \u00abL\u2019beldi\u00bb. La jeune enseigne sp\u00e9cialis\u00e9e dans la culture de fruits et l\u00e9gumes bio offre la meilleure qualit\u00e9 en accompagnant les producteurs-exploitants et en respectant la saisonnalit\u00e9 des produits. Les l\u00e9gumes et fruits \u00e9tant cueillis le jour m\u00eame et livr\u00e9s directement aux clients.<\/p>\n<p>&nbsp;<\/p>\n<p>En actant l\u2019acquisition de \u00abL\u2019beldi\u00bb, March\u00e9 Express \u00e9largit sa gamme de 70 vari\u00e9t\u00e9s de fruits et l\u00e9gumes par des produits de terroir \u00e0 forte valeur ajout\u00e9e.<\/p>\n<p>&nbsp;<\/p>\n<p>Pour relever les grands challenges qu\u2019attendent la marketplace, March\u00e9 Express a investi sur le plan manag\u00e9rial : renforcement des \u00e9quipes et nomination d\u2019un Directeur G\u00e9n\u00e9ral. Le nouveau DG, M. Youssef Erradey, a pour missions le d\u00e9veloppement de la croissance de la plateforme et la poursuite du mod\u00e8le de transformation du retail business.<\/p>\n<p>&nbsp;<\/p>\n<p>\u00ab La crise pand\u00e9mique a acc\u00e9l\u00e9r\u00e9 le d\u00e9veloppement du e-commerce. Les m\u00e9nages marocains ont rapidement adopt\u00e9 la culture de la livraison \u00e0 domicile. Ils sont de plus en plus demandeurs de nouveaux produits. March\u00e9 Express a pu construire en peu de temps une grande notori\u00e9t\u00e9 et une excellente r\u00e9putation. Notre marketplace b\u00e9n\u00e9ficie aujourd\u2019hui d\u2019une relation de confiance avec les consommateurs marocains. Cette confiance nous honore et nous motive pour proposer de nouveaux produits et \u00e9largir notre r\u00e9seau de distribution \u00e0 d\u2019autres grandes villes \u00e0 fort potentiel. L\u2019ambition de March\u00e9 Express est de renforcer son positionnement de marketplace leader du frais au Maroc. Le grand int\u00e9r\u00eat port\u00e9 par nos clients et nos diff\u00e9rents partenaires nous encourage \u00e0 investir fortement dans cette voie \u00bb, a d\u00e9clar\u00e9 Youssef Erradey.<\/p>\n","protected":false},"excerpt":{"rendered":"<p>March\u00e9 Express se donne les moyens pour acc\u00e9l\u00e9rer sa croissance. S\u2019adressant aussi bien aux particuliers<\/p>\n","protected":false},"author":1,"featured_media":96,"comment_status":"open","ping_status":"open","sticky":false,"template":"","format":"standard","meta":{"_acf_changed":false,"footnotes":""},"categories":[4,3],"tags":[31,30,18],"class_list":["post-94","post","type-post","status-publish","format-standard","has-post-thumbnail","hentry","category-economie","category-nouvelles-selectionnees","tag-e-commerce","tag-marche-express","tag-maroc"],"acf":[],"yoast_head":"<!-- This site is optimized with the Yoast SEO plugin v22.0 - https:\/\/yoast.com\/wordpress\/plugins\/seo\/ -->\n<title>MARCH\u00c9 EXPRESS CONSOLIDE SON LEADERSHIP SUR LE SEGMENT DES PRODUITS FRAIS - MEDIA PLATEFORME | FR<\/title>\n<meta name=\"description\" content=\"March\u00e9 Express se donne les moyens pour acc\u00e9l\u00e9rer sa croissance. S\u2019adressant aussi bien aux particuliers qu\u2019aux professionnels\" \/>\n<meta name=\"robots\" content=\"index, follow, max-snippet:-1, max-image-preview:large, max-video-preview:-1\" \/>\n<link rel=\"canonical\" href=\"https:\/\/www.mediaplateforme.com\/fr\/marche-express-consolide-son-leadership-sur-le-segment-des-produits-frais\/\" \/>\n<meta property=\"og:locale\" content=\"fr_FR\" \/>\n<meta property=\"og:type\" content=\"article\" \/>\n<meta property=\"og:title\" content=\"MARCH\u00c9 EXPRESS CONSOLIDE SON LEADERSHIP SUR LE SEGMENT DES PRODUITS FRAIS - MEDIA PLATEFORME | FR\" \/>\n<meta property=\"og:description\" content=\"March\u00e9 Express se donne les moyens pour acc\u00e9l\u00e9rer sa croissance. S\u2019adressant aussi bien aux particuliers qu\u2019aux professionnels\" \/>\n<meta property=\"og:url\" content=\"https:\/\/www.mediaplateforme.com\/fr\/marche-express-consolide-son-leadership-sur-le-segment-des-produits-frais\/\" \/>\n<meta property=\"og:site_name\" content=\"MEDIA PLATEFORME | FR\" \/>\n<meta property=\"article:published_time\" content=\"2022-06-23T08:20:07+00:00\" \/>\n<meta property=\"article:modified_time\" content=\"2022-06-23T09:41:09+00:00\" \/>\n<meta property=\"og:image\" content=\"https:\/\/www.mediaplateforme.com\/fr\/wp-content\/uploads\/sites\/5\/2022\/06\/Screenshot_20220623-091913_Gmail.jpg\" \/>\n\t<meta property=\"og:image:width\" content=\"719\" \/>\n\t<meta property=\"og:image:height\" content=\"713\" \/>\n\t<meta property=\"og:image:type\" content=\"image\/jpeg\" \/>\n<meta name=\"author\" content=\"Mediaplateforme\" \/>\n<meta name=\"twitter:card\" content=\"summary_large_image\" \/>\n<meta name=\"twitter:label1\" content=\"\u00c9crit par\" \/>\n\t<meta name=\"twitter:data1\" content=\"Mediaplateforme\" \/>\n\t<meta name=\"twitter:label2\" content=\"Dur\u00e9e de lecture estim\u00e9e\" \/>\n\t<meta name=\"twitter:data2\" content=\"2 minutes\" \/>\n<script type=\"application\/ld+json\" class=\"yoast-schema-graph\">{\"@context\":\"https:\/\/schema.org\",\"@graph\":[{\"@type\":\"WebPage\",\"@id\":\"https:\/\/www.mediaplateforme.com\/fr\/marche-express-consolide-son-leadership-sur-le-segment-des-produits-frais\/\",\"url\":\"https:\/\/www.mediaplateforme.com\/fr\/marche-express-consolide-son-leadership-sur-le-segment-des-produits-frais\/\",\"name\":\"MARCH\u00c9 EXPRESS CONSOLIDE SON LEADERSHIP SUR LE SEGMENT DES PRODUITS FRAIS - MEDIA PLATEFORME | FR\",\"isPartOf\":{\"@id\":\"https:\/\/www.mediaplateforme.com\/fr\/#website\"},\"datePublished\":\"2022-06-23T08:20:07+00:00\",\"dateModified\":\"2022-06-23T09:41:09+00:00\",\"author\":{\"@id\":\"https:\/\/www.mediaplateforme.com\/fr\/#\/schema\/person\/89833db382b5db2c76b094bc902aa12a\"},\"description\":\"March\u00e9 Express se donne les moyens pour acc\u00e9l\u00e9rer sa croissance. S\u2019adressant aussi bien aux particuliers qu\u2019aux professionnels\",\"breadcrumb\":{\"@id\":\"https:\/\/www.mediaplateforme.com\/fr\/marche-express-consolide-son-leadership-sur-le-segment-des-produits-frais\/#breadcrumb\"},\"inLanguage\":\"fr-FR\",\"potentialAction\":[{\"@type\":\"ReadAction\",\"target\":[\"https:\/\/www.mediaplateforme.com\/fr\/marche-express-consolide-son-leadership-sur-le-segment-des-produits-frais\/\"]}]},{\"@type\":\"BreadcrumbList\",\"@id\":\"https:\/\/www.mediaplateforme.com\/fr\/marche-express-consolide-son-leadership-sur-le-segment-des-produits-frais\/#breadcrumb\",\"itemListElement\":[{\"@type\":\"ListItem\",\"position\":1,\"name\":\"\u0627\u0644\u0631\u0626\u064a\u0633\u064a\u0629\",\"item\":\"https:\/\/www.mediaplateforme.com\/fr\/\"},{\"@type\":\"ListItem\",\"position\":2,\"name\":\"MARCH\u00c9 EXPRESS CONSOLIDE SON LEADERSHIP SUR LE SEGMENT DES PRODUITS FRAIS\"}]},{\"@type\":\"WebSite\",\"@id\":\"https:\/\/www.mediaplateforme.com\/fr\/#website\",\"url\":\"https:\/\/www.mediaplateforme.com\/fr\/\",\"name\":\"MEDIA PLATEFORME | FR\",\"description\":\"Mediaplateforme sp\u00e9cialis\u00e9 dans la communication institutions publiques et des entreprises\",\"potentialAction\":[{\"@type\":\"SearchAction\",\"target\":{\"@type\":\"EntryPoint\",\"urlTemplate\":\"https:\/\/www.mediaplateforme.com\/fr\/?s={search_term_string}\"},\"query-input\":\"required name=search_term_string\"}],\"inLanguage\":\"fr-FR\"},{\"@type\":\"Person\",\"@id\":\"https:\/\/www.mediaplateforme.com\/fr\/#\/schema\/person\/89833db382b5db2c76b094bc902aa12a\",\"name\":\"Mediaplateforme\",\"image\":{\"@type\":\"ImageObject\",\"inLanguage\":\"fr-FR\",\"@id\":\"https:\/\/www.mediaplateforme.com\/fr\/#\/schema\/person\/image\/\",\"url\":\"https:\/\/secure.gravatar.com\/avatar\/6c9c02e8928cc65d54bf75157f7b3a2d06d7ad0494ca0951f679552ff03b34c1?s=96&d=mm&r=g\",\"contentUrl\":\"https:\/\/secure.gravatar.com\/avatar\/6c9c02e8928cc65d54bf75157f7b3a2d06d7ad0494ca0951f679552ff03b34c1?s=96&d=mm&r=g\",\"caption\":\"Mediaplateforme\"},\"sameAs\":[\"https:\/\/www.mediaplateforme.com\"],\"url\":\"https:\/\/www.mediaplateforme.com\/fr\/author\/mohamedladib\/\"}]}<\/script>\n<!-- \/ Yoast SEO plugin. -->","yoast_head_json":{"title":"MARCH\u00c9 EXPRESS CONSOLIDE SON LEADERSHIP SUR LE SEGMENT DES PRODUITS FRAIS - MEDIA PLATEFORME | FR","description":"March\u00e9 Express se donne les moyens pour acc\u00e9l\u00e9rer sa croissance. S\u2019adressant aussi bien aux particuliers qu\u2019aux professionnels","robots":{"index":"index","follow":"follow","max-snippet":"max-snippet:-1","max-image-preview":"max-image-preview:large","max-video-preview":"max-video-preview:-1"},"canonical":"https:\/\/www.mediaplateforme.com\/fr\/marche-express-consolide-son-leadership-sur-le-segment-des-produits-frais\/","og_locale":"fr_FR","og_type":"article","og_title":"MARCH\u00c9 EXPRESS CONSOLIDE SON LEADERSHIP SUR LE SEGMENT DES PRODUITS FRAIS - MEDIA PLATEFORME | FR","og_description":"March\u00e9 Express se donne les moyens pour acc\u00e9l\u00e9rer sa croissance. S\u2019adressant aussi bien aux particuliers qu\u2019aux professionnels","og_url":"https:\/\/www.mediaplateforme.com\/fr\/marche-express-consolide-son-leadership-sur-le-segment-des-produits-frais\/","og_site_name":"MEDIA PLATEFORME | FR","article_published_time":"2022-06-23T08:20:07+00:00","article_modified_time":"2022-06-23T09:41:09+00:00","og_image":[{"width":719,"height":713,"url":"https:\/\/www.mediaplateforme.com\/fr\/wp-content\/uploads\/sites\/5\/2022\/06\/Screenshot_20220623-091913_Gmail.jpg","type":"image\/jpeg"}],"author":"Mediaplateforme","twitter_card":"summary_large_image","twitter_misc":{"\u00c9crit par":"Mediaplateforme","Dur\u00e9e de lecture estim\u00e9e":"2 minutes"},"schema":{"@context":"https:\/\/schema.org","@graph":[{"@type":"WebPage","@id":"https:\/\/www.mediaplateforme.com\/fr\/marche-express-consolide-son-leadership-sur-le-segment-des-produits-frais\/","url":"https:\/\/www.mediaplateforme.com\/fr\/marche-express-consolide-son-leadership-sur-le-segment-des-produits-frais\/","name":"MARCH\u00c9 EXPRESS CONSOLIDE SON LEADERSHIP SUR LE SEGMENT DES PRODUITS FRAIS - MEDIA PLATEFORME | FR","isPartOf":{"@id":"https:\/\/www.mediaplateforme.com\/fr\/#website"},"datePublished":"2022-06-23T08:20:07+00:00","dateModified":"2022-06-23T09:41:09+00:00","author":{"@id":"https:\/\/www.mediaplateforme.com\/fr\/#\/schema\/person\/89833db382b5db2c76b094bc902aa12a"},"description":"March\u00e9 Express se donne les moyens pour acc\u00e9l\u00e9rer sa croissance. S\u2019adressant aussi bien aux particuliers qu\u2019aux professionnels","breadcrumb":{"@id":"https:\/\/www.mediaplateforme.com\/fr\/marche-express-consolide-son-leadership-sur-le-segment-des-produits-frais\/#breadcrumb"},"inLanguage":"fr-FR","potentialAction":[{"@type":"ReadAction","target":["https:\/\/www.mediaplateforme.com\/fr\/marche-express-consolide-son-leadership-sur-le-segment-des-produits-frais\/"]}]},{"@type":"BreadcrumbList","@id":"https:\/\/www.mediaplateforme.com\/fr\/marche-express-consolide-son-leadership-sur-le-segment-des-produits-frais\/#breadcrumb","itemListElement":[{"@type":"ListItem","position":1,"name":"\u0627\u0644\u0631\u0626\u064a\u0633\u064a\u0629","item":"https:\/\/www.mediaplateforme.com\/fr\/"},{"@type":"ListItem","position":2,"name":"MARCH\u00c9 EXPRESS CONSOLIDE SON LEADERSHIP SUR LE SEGMENT DES PRODUITS FRAIS"}]},{"@type":"WebSite","@id":"https:\/\/www.mediaplateforme.com\/fr\/#website","url":"https:\/\/www.mediaplateforme.com\/fr\/","name":"MEDIA PLATEFORME | FR","description":"Mediaplateforme sp\u00e9cialis\u00e9 dans la communication institutions publiques et des entreprises","potentialAction":[{"@type":"SearchAction","target":{"@type":"EntryPoint","urlTemplate":"https:\/\/www.mediaplateforme.com\/fr\/?s={search_term_string}"},"query-input":"required name=search_term_string"}],"inLanguage":"fr-FR"},{"@type":"Person","@id":"https:\/\/www.mediaplateforme.com\/fr\/#\/schema\/person\/89833db382b5db2c76b094bc902aa12a","name":"Mediaplateforme","image":{"@type":"ImageObject","inLanguage":"fr-FR","@id":"https:\/\/www.mediaplateforme.com\/fr\/#\/schema\/person\/image\/","url":"https:\/\/secure.gravatar.com\/avatar\/6c9c02e8928cc65d54bf75157f7b3a2d06d7ad0494ca0951f679552ff03b34c1?s=96&d=mm&r=g","contentUrl":"https:\/\/secure.gravatar.com\/avatar\/6c9c02e8928cc65d54bf75157f7b3a2d06d7ad0494ca0951f679552ff03b34c1?s=96&d=mm&r=g","caption":"Mediaplateforme"},"sameAs":["https:\/\/www.mediaplateforme.com"],"url":"https:\/\/www.mediaplateforme.com\/fr\/author\/mohamedladib\/"}]}},"_links":{"self":[{"href":"https:\/\/www.mediaplateforme.com\/fr\/wp-json\/wp\/v2\/posts\/94","targetHints":{"allow":["GET"]}}],"collection":[{"href":"https:\/\/www.mediaplateforme.com\/fr\/wp-json\/wp\/v2\/posts"}],"about":[{"href":"https:\/\/www.mediaplateforme.com\/fr\/wp-json\/wp\/v2\/types\/post"}],"author":[{"embeddable":true,"href":"https:\/\/www.mediaplateforme.com\/fr\/wp-json\/wp\/v2\/users\/1"}],"replies":[{"embeddable":true,"href":"https:\/\/www.mediaplateforme.com\/fr\/wp-json\/wp\/v2\/comments?post=94"}],"version-history":[{"count":0,"href":"https:\/\/www.mediaplateforme.com\/fr\/wp-json\/wp\/v2\/posts\/94\/revisions"}],"wp:featuredmedia":[{"embeddable":true,"href":"https:\/\/www.mediaplateforme.com\/fr\/wp-json\/wp\/v2\/media\/96"}],"wp:attachment":[{"href":"https:\/\/www.mediaplateforme.com\/fr\/wp-json\/wp\/v2\/media?parent=94"}],"wp:term":[{"taxonomy":"category","embeddable":true,"href":"https:\/\/www.mediaplateforme.com\/fr\/wp-json\/wp\/v2\/categories?post=94"},{"taxonomy":"post_tag","embeddable":true,"href":"https:\/\/www.mediaplateforme.com\/fr\/wp-json\/wp\/v2\/tags?post=94"}],"curies":[{"name":"wp","href":"https:\/\/api.w.org\/{rel}","templated":true}]}}