{"id":939,"date":"2022-09-06T12:20:05","date_gmt":"2022-09-06T11:20:05","guid":{"rendered":"https:\/\/www.mediaplateforme.com\/fr\/?p=939"},"modified":"2022-09-06T12:20:05","modified_gmt":"2022-09-06T11:20:05","slug":"esmc-propose-une-approche-pratique-orientee-entreprise-et-entrepreneuriat","status":"publish","type":"post","link":"https:\/\/www.mediaplateforme.com\/fr\/esmc-propose-une-approche-pratique-orientee-entreprise-et-entrepreneuriat\/","title":{"rendered":"ESMC propose une approche pratique orient\u00e9e entreprise et entrepreneuriat"},"content":{"rendered":"<p>L\u2019ESMC fait peau neuve et propose une nouvelle approche m\u00e9thodologique qui se focalise sur la personnalit\u00e9 des \u00e9tudiants, leur motivation, leur soif d\u2019apprendre, leurs qualit\u00e9s et surtout leur ambition. D\u2019apr\u00e8s une \u00e9tude de l\u2019Universit\u00e9 de New York, souvent les \u00e9tudiants aux notes moyennes r\u00e9ussissent mieux en affaires.<\/p>\n<p>L\u2019\u00e9cole qui vient de changer de management, veut venir en soutien \u00e0 ces jeunes en leur proposant une bourse allant de 25% \u00e0 100%, selon le profil de l\u2019\u00e9tudiant et le dossier financier de ses parents. \u00ab Nous voulons donner une chance \u00e0 tout le monde, peu importe le niveau social ou scolaire, chaque \u00e9tudiant cache en lui un potentiel \u00e0 d\u00e9couvrir \u00bb, d\u00e9clare Taoufik Raji, General Manager de l\u2019ESMC Business School. Une formation sp\u00e9ciale, dans laquelle ni les notes, ni le niveau social ou encore la langue ne sont un obstacle.<\/p>\n<h4><strong>Un accompagnement One to One\u00a0 <\/strong><\/h4>\n<p>L\u2019Ecole sup\u00e9rieure de Management met l\u2019\u00e9tudiant au c\u0153ur de sa nouvelle p\u00e9dagogie. Chaque \u00e9tudiant a droit \u00e0 un bilan psychologique, afin de mettre en exergue l\u2019ensemble de ses comp\u00e9tences et de ses besoins de mani\u00e8re personnalis\u00e9e. Si les \u00e9tudiants semblent parfois \u00e9gar\u00e9s \u00e0 leur arriv\u00e9e, ils ont tous un r\u00eave inavou\u00e9 qu\u2019ils n\u2019osent exprimer. L\u2019\u00e9cole de management se propose de les coacher, de croire en leur potentiel et surtout de leur faire faire leurs premiers pas en entrepreneuriat.<\/p>\n<p>Voil\u00e0 pourquoi l\u2019\u00e9tablissement met un point d\u2019honneur \u00e0 ne pas baser son jugement uniquement sur les notes obtenues lors de l&rsquo;ann\u00e9e du baccalaur\u00e9at. \u00abChacun vient avec un bagage, une histoire et des aspirations, les notes ne refl\u00e8tent pas fid\u00e8lement les capacit\u00e9s ou les faiblesses de l\u2019\u00e9tudiant\u00bb, explique Taoufik Raji.<\/p>\n<h4><strong>Un mod\u00e8le de cours innovant<\/strong><\/h4>\n<p>En s\u2019int\u00e9ressant de pr\u00e8s aux soft skills de l\u2019\u00e9tudiant, l\u2019\u00e9cole a su se positionner dans un march\u00e9 surcharg\u00e9 en proposant une nouvelle m\u00e9thodologie d\u2019apprentissage. Pour l\u2019ESMC Business School, tout ne doit pas se d\u00e9rouler en salle de classe, stylo \u00e0 la main. C\u2019est ainsi, que des cours de th\u00e9\u00e2tre et de communication personnelle ont \u00e9t\u00e9 mis en place, pour les aider \u00e0 d\u00e9velopper une prise de parole et de position plus fluide au sein d\u2019un groupe. Un exercice qui met le doigt sur l\u2019estime de soi.<\/p>\n<p>L\u2019\u00e9cole favorise aussi la mise en contexte imm\u00e9diate de l\u2019\u00e9tudiant, afin qu\u2019il puisse apprendre de ses propres erreurs, tout en \u00e9tant encadr\u00e9 par ses professeurs et coachs. Une nouvelle architecture d\u2019exp\u00e9rience.<\/p>\n<p>&nbsp;<\/p>\n<h4><strong>Un \u00e9cosyst\u00e8me puissant <\/strong><\/h4>\n<p>Comme l\u2019a montr\u00e9 une \u00e9tude scientifique dont le prix Nobel James Heckmane \u00e9tait le co-auteur, la r\u00e9ussite est surtout une affaire de diligence, de pers\u00e9v\u00e9rance et de discipline. Des valeurs qui s\u2019acqui\u00e8rent via l\u2019inspiration, l\u2019interaction sociale et les exp\u00e9riences v\u00e9cues.<\/p>\n<p>L\u2019\u00e9cole, sait adapter son programme accr\u00e9dit\u00e9 par l\u2019Etat en fonction des besoins des \u00e9tudiants et du march\u00e9 gr\u00e2ce \u00e0 son approche pratique et pragmatique. Son premier objectif \u00e9tant de pr\u00e9parer ces jeunes talents \u00e0 un march\u00e9 en forte mutation. L\u2019\u00e9tudiant devra d\u00e9velopper tout au long de l\u2019ann\u00e9e son projet, avec marque, produits et brevets \u00e0 la clef. L\u2019\u00e9cole assure \u00e9galement \u00e0 tous ses \u00e9tudiants chaque ann\u00e9e des stages d\u2019observation ou de mission. Ils go\u00fbtent, de ce fait, \u00e0 la r\u00e9alit\u00e9 de l\u2019entreprise, facilitant ainsi leur int\u00e9gration professionnelle.<\/p>\n<p>C\u2019est ainsi que certains \u00e9tudiants, comme Sawssan, ont d\u00e9cid\u00e9 de lancer leur marque de T-shirt. En 3 ans, l&rsquo;\u00e9tudiante a pu c\u00f4toyer tous les professionnels dont elle avait besoin pour mener \u00e0 bien son affaire.<\/p>\n<p>Int\u00e9gr\u00e9e dans un \u00e9cosyst\u00e8me d\u2019entreprises, l\u2019ESMC organise de tr\u00e8s nombreuses rencontres, tout au long de l\u2019ann\u00e9e, avec des entrepreneurs, des artistes, des associations, dans lesquelles les \u00e9tudiants ont un r\u00f4le primordial. Autant d\u2019activit\u00e9s qui leur permettront de s\u2019impr\u00e9gner des exp\u00e9riences des gens qui ont r\u00e9ussi leur parcours.<\/p>\n<h4><strong>Une double diplomation <\/strong><\/h4>\n<p>Lors de l\u2019obtention de son dipl\u00f4me, l\u2019\u00e9tudiant en re\u00e7oit deux\u00a0! Faire l\u2019ESMC, c\u2019est aussi faire l\u2019ESCO WESFORD ! Ainsi, le jeune licenci\u00e9 peut \u00eatre engag\u00e9 sur les march\u00e9s marocains et fran\u00e7ais, ayant une reconnaissance et une accr\u00e9ditation des minist\u00e8res de l\u2019enseignement sup\u00e9rieur des deux pays.<\/p>\n<p>A la fin de ses \u00e9tudes \u00e0 l\u2019ESMC, l\u2019\u00e9tudiant a le choix entre plusieurs voies: travailler, lancer son affaire ou poursuivre ses \u00e9tudes. Pour ces derniers, deux choix s\u2019offrent encore \u00e0 eux: faire un master \u00e0 l\u2019ESMC ou \u00e0 l\u2019ESCO WESFORD, \u00e0 Clermont-Ferrand. Depuis 24 ans, les savoir-faire p\u00e9dagogiques et professionnels d\u2019ESCO sont renomm\u00e9s et reconnus.<\/p>\n<p>Les \u00e9tudiants ont d\u2019ailleurs la chance de b\u00e9n\u00e9ficier d\u2019un accompagnement de la part des deux \u00e9tablissements lors de la proc\u00e9dure d\u2019admission et d\u2019obtention du visa.<\/p>\n","protected":false},"excerpt":{"rendered":"<p>L\u2019ESMC fait peau neuve et propose une nouvelle approche m\u00e9thodologique qui se focalise sur la<\/p>\n","protected":false},"author":1,"featured_media":944,"comment_status":"open","ping_status":"open","sticky":false,"template":"","format":"standard","meta":{"_acf_changed":false,"footnotes":""},"categories":[4,3],"tags":[343],"class_list":["post-939","post","type-post","status-publish","format-standard","has-post-thumbnail","hentry","category-economie","category-nouvelles-selectionnees","tag-esmc"],"acf":[],"yoast_head":"<!-- This site is optimized with the Yoast SEO plugin v22.0 - https:\/\/yoast.com\/wordpress\/plugins\/seo\/ -->\n<title>ESMC propose une approche pratique orient\u00e9e entreprise et entrepreneuriat - MEDIA PLATEFORME | FR<\/title>\n<meta name=\"description\" content=\"L\u2019ESMC fait peau neuve et propose une nouvelle approche m\u00e9thodologique qui se focalise sur la personnalit\u00e9 des \u00e9tudiants\" \/>\n<meta name=\"robots\" content=\"index, follow, max-snippet:-1, max-image-preview:large, max-video-preview:-1\" \/>\n<link rel=\"canonical\" href=\"https:\/\/www.mediaplateforme.com\/fr\/esmc-propose-une-approche-pratique-orientee-entreprise-et-entrepreneuriat\/\" \/>\n<meta property=\"og:locale\" content=\"fr_FR\" \/>\n<meta property=\"og:type\" content=\"article\" \/>\n<meta property=\"og:title\" content=\"ESMC propose une approche pratique orient\u00e9e entreprise et entrepreneuriat - MEDIA PLATEFORME | FR\" \/>\n<meta property=\"og:description\" content=\"L\u2019ESMC fait peau neuve et propose une nouvelle approche m\u00e9thodologique qui se focalise sur la personnalit\u00e9 des \u00e9tudiants\" \/>\n<meta property=\"og:url\" content=\"https:\/\/www.mediaplateforme.com\/fr\/esmc-propose-une-approche-pratique-orientee-entreprise-et-entrepreneuriat\/\" \/>\n<meta property=\"og:site_name\" content=\"MEDIA PLATEFORME | FR\" \/>\n<meta property=\"article:published_time\" content=\"2022-09-06T11:20:05+00:00\" \/>\n<meta property=\"og:image\" content=\"https:\/\/www.mediaplateforme.com\/fr\/wp-content\/uploads\/sites\/5\/2022\/09\/ESMC-LAUREAT-scaled.jpg\" \/>\n\t<meta property=\"og:image:width\" content=\"2560\" \/>\n\t<meta property=\"og:image:height\" content=\"1707\" \/>\n\t<meta property=\"og:image:type\" content=\"image\/jpeg\" \/>\n<meta name=\"author\" content=\"Mediaplateforme\" \/>\n<meta name=\"twitter:card\" content=\"summary_large_image\" \/>\n<meta name=\"twitter:label1\" content=\"\u00c9crit par\" \/>\n\t<meta name=\"twitter:data1\" content=\"Mediaplateforme\" \/>\n\t<meta name=\"twitter:label2\" content=\"Dur\u00e9e de lecture estim\u00e9e\" \/>\n\t<meta name=\"twitter:data2\" content=\"4 minutes\" \/>\n<script type=\"application\/ld+json\" class=\"yoast-schema-graph\">{\"@context\":\"https:\/\/schema.org\",\"@graph\":[{\"@type\":\"WebPage\",\"@id\":\"https:\/\/www.mediaplateforme.com\/fr\/esmc-propose-une-approche-pratique-orientee-entreprise-et-entrepreneuriat\/\",\"url\":\"https:\/\/www.mediaplateforme.com\/fr\/esmc-propose-une-approche-pratique-orientee-entreprise-et-entrepreneuriat\/\",\"name\":\"ESMC propose une approche pratique orient\u00e9e entreprise et entrepreneuriat - MEDIA PLATEFORME | FR\",\"isPartOf\":{\"@id\":\"https:\/\/www.mediaplateforme.com\/fr\/#website\"},\"datePublished\":\"2022-09-06T11:20:05+00:00\",\"dateModified\":\"2022-09-06T11:20:05+00:00\",\"author\":{\"@id\":\"https:\/\/www.mediaplateforme.com\/fr\/#\/schema\/person\/89833db382b5db2c76b094bc902aa12a\"},\"description\":\"L\u2019ESMC fait peau neuve et propose une nouvelle approche m\u00e9thodologique qui se focalise sur la personnalit\u00e9 des \u00e9tudiants\",\"breadcrumb\":{\"@id\":\"https:\/\/www.mediaplateforme.com\/fr\/esmc-propose-une-approche-pratique-orientee-entreprise-et-entrepreneuriat\/#breadcrumb\"},\"inLanguage\":\"fr-FR\",\"potentialAction\":[{\"@type\":\"ReadAction\",\"target\":[\"https:\/\/www.mediaplateforme.com\/fr\/esmc-propose-une-approche-pratique-orientee-entreprise-et-entrepreneuriat\/\"]}]},{\"@type\":\"BreadcrumbList\",\"@id\":\"https:\/\/www.mediaplateforme.com\/fr\/esmc-propose-une-approche-pratique-orientee-entreprise-et-entrepreneuriat\/#breadcrumb\",\"itemListElement\":[{\"@type\":\"ListItem\",\"position\":1,\"name\":\"\u0627\u0644\u0631\u0626\u064a\u0633\u064a\u0629\",\"item\":\"https:\/\/www.mediaplateforme.com\/fr\/\"},{\"@type\":\"ListItem\",\"position\":2,\"name\":\"ESMC propose une approche pratique orient\u00e9e entreprise et entrepreneuriat\"}]},{\"@type\":\"WebSite\",\"@id\":\"https:\/\/www.mediaplateforme.com\/fr\/#website\",\"url\":\"https:\/\/www.mediaplateforme.com\/fr\/\",\"name\":\"MEDIA PLATEFORME | FR\",\"description\":\"Mediaplateforme sp\u00e9cialis\u00e9 dans la communication institutions publiques et des entreprises\",\"potentialAction\":[{\"@type\":\"SearchAction\",\"target\":{\"@type\":\"EntryPoint\",\"urlTemplate\":\"https:\/\/www.mediaplateforme.com\/fr\/?s={search_term_string}\"},\"query-input\":\"required name=search_term_string\"}],\"inLanguage\":\"fr-FR\"},{\"@type\":\"Person\",\"@id\":\"https:\/\/www.mediaplateforme.com\/fr\/#\/schema\/person\/89833db382b5db2c76b094bc902aa12a\",\"name\":\"Mediaplateforme\",\"image\":{\"@type\":\"ImageObject\",\"inLanguage\":\"fr-FR\",\"@id\":\"https:\/\/www.mediaplateforme.com\/fr\/#\/schema\/person\/image\/\",\"url\":\"https:\/\/secure.gravatar.com\/avatar\/6c9c02e8928cc65d54bf75157f7b3a2d06d7ad0494ca0951f679552ff03b34c1?s=96&d=mm&r=g\",\"contentUrl\":\"https:\/\/secure.gravatar.com\/avatar\/6c9c02e8928cc65d54bf75157f7b3a2d06d7ad0494ca0951f679552ff03b34c1?s=96&d=mm&r=g\",\"caption\":\"Mediaplateforme\"},\"sameAs\":[\"https:\/\/www.mediaplateforme.com\"],\"url\":\"https:\/\/www.mediaplateforme.com\/fr\/author\/mohamedladib\/\"}]}<\/script>\n<!-- \/ Yoast SEO plugin. -->","yoast_head_json":{"title":"ESMC propose une approche pratique orient\u00e9e entreprise et entrepreneuriat - MEDIA PLATEFORME | FR","description":"L\u2019ESMC fait peau neuve et propose une nouvelle approche m\u00e9thodologique qui se focalise sur la personnalit\u00e9 des \u00e9tudiants","robots":{"index":"index","follow":"follow","max-snippet":"max-snippet:-1","max-image-preview":"max-image-preview:large","max-video-preview":"max-video-preview:-1"},"canonical":"https:\/\/www.mediaplateforme.com\/fr\/esmc-propose-une-approche-pratique-orientee-entreprise-et-entrepreneuriat\/","og_locale":"fr_FR","og_type":"article","og_title":"ESMC propose une approche pratique orient\u00e9e entreprise et entrepreneuriat - MEDIA PLATEFORME | FR","og_description":"L\u2019ESMC fait peau neuve et propose une nouvelle approche m\u00e9thodologique qui se focalise sur la personnalit\u00e9 des \u00e9tudiants","og_url":"https:\/\/www.mediaplateforme.com\/fr\/esmc-propose-une-approche-pratique-orientee-entreprise-et-entrepreneuriat\/","og_site_name":"MEDIA PLATEFORME | FR","article_published_time":"2022-09-06T11:20:05+00:00","og_image":[{"width":2560,"height":1707,"url":"https:\/\/www.mediaplateforme.com\/fr\/wp-content\/uploads\/sites\/5\/2022\/09\/ESMC-LAUREAT-scaled.jpg","type":"image\/jpeg"}],"author":"Mediaplateforme","twitter_card":"summary_large_image","twitter_misc":{"\u00c9crit par":"Mediaplateforme","Dur\u00e9e de lecture estim\u00e9e":"4 minutes"},"schema":{"@context":"https:\/\/schema.org","@graph":[{"@type":"WebPage","@id":"https:\/\/www.mediaplateforme.com\/fr\/esmc-propose-une-approche-pratique-orientee-entreprise-et-entrepreneuriat\/","url":"https:\/\/www.mediaplateforme.com\/fr\/esmc-propose-une-approche-pratique-orientee-entreprise-et-entrepreneuriat\/","name":"ESMC propose une approche pratique orient\u00e9e entreprise et entrepreneuriat - MEDIA PLATEFORME | FR","isPartOf":{"@id":"https:\/\/www.mediaplateforme.com\/fr\/#website"},"datePublished":"2022-09-06T11:20:05+00:00","dateModified":"2022-09-06T11:20:05+00:00","author":{"@id":"https:\/\/www.mediaplateforme.com\/fr\/#\/schema\/person\/89833db382b5db2c76b094bc902aa12a"},"description":"L\u2019ESMC fait peau neuve et propose une nouvelle approche m\u00e9thodologique qui se focalise sur la personnalit\u00e9 des \u00e9tudiants","breadcrumb":{"@id":"https:\/\/www.mediaplateforme.com\/fr\/esmc-propose-une-approche-pratique-orientee-entreprise-et-entrepreneuriat\/#breadcrumb"},"inLanguage":"fr-FR","potentialAction":[{"@type":"ReadAction","target":["https:\/\/www.mediaplateforme.com\/fr\/esmc-propose-une-approche-pratique-orientee-entreprise-et-entrepreneuriat\/"]}]},{"@type":"BreadcrumbList","@id":"https:\/\/www.mediaplateforme.com\/fr\/esmc-propose-une-approche-pratique-orientee-entreprise-et-entrepreneuriat\/#breadcrumb","itemListElement":[{"@type":"ListItem","position":1,"name":"\u0627\u0644\u0631\u0626\u064a\u0633\u064a\u0629","item":"https:\/\/www.mediaplateforme.com\/fr\/"},{"@type":"ListItem","position":2,"name":"ESMC propose une approche pratique orient\u00e9e entreprise et entrepreneuriat"}]},{"@type":"WebSite","@id":"https:\/\/www.mediaplateforme.com\/fr\/#website","url":"https:\/\/www.mediaplateforme.com\/fr\/","name":"MEDIA PLATEFORME | FR","description":"Mediaplateforme sp\u00e9cialis\u00e9 dans la communication institutions publiques et des entreprises","potentialAction":[{"@type":"SearchAction","target":{"@type":"EntryPoint","urlTemplate":"https:\/\/www.mediaplateforme.com\/fr\/?s={search_term_string}"},"query-input":"required name=search_term_string"}],"inLanguage":"fr-FR"},{"@type":"Person","@id":"https:\/\/www.mediaplateforme.com\/fr\/#\/schema\/person\/89833db382b5db2c76b094bc902aa12a","name":"Mediaplateforme","image":{"@type":"ImageObject","inLanguage":"fr-FR","@id":"https:\/\/www.mediaplateforme.com\/fr\/#\/schema\/person\/image\/","url":"https:\/\/secure.gravatar.com\/avatar\/6c9c02e8928cc65d54bf75157f7b3a2d06d7ad0494ca0951f679552ff03b34c1?s=96&d=mm&r=g","contentUrl":"https:\/\/secure.gravatar.com\/avatar\/6c9c02e8928cc65d54bf75157f7b3a2d06d7ad0494ca0951f679552ff03b34c1?s=96&d=mm&r=g","caption":"Mediaplateforme"},"sameAs":["https:\/\/www.mediaplateforme.com"],"url":"https:\/\/www.mediaplateforme.com\/fr\/author\/mohamedladib\/"}]}},"_links":{"self":[{"href":"https:\/\/www.mediaplateforme.com\/fr\/wp-json\/wp\/v2\/posts\/939","targetHints":{"allow":["GET"]}}],"collection":[{"href":"https:\/\/www.mediaplateforme.com\/fr\/wp-json\/wp\/v2\/posts"}],"about":[{"href":"https:\/\/www.mediaplateforme.com\/fr\/wp-json\/wp\/v2\/types\/post"}],"author":[{"embeddable":true,"href":"https:\/\/www.mediaplateforme.com\/fr\/wp-json\/wp\/v2\/users\/1"}],"replies":[{"embeddable":true,"href":"https:\/\/www.mediaplateforme.com\/fr\/wp-json\/wp\/v2\/comments?post=939"}],"version-history":[{"count":1,"href":"https:\/\/www.mediaplateforme.com\/fr\/wp-json\/wp\/v2\/posts\/939\/revisions"}],"predecessor-version":[{"id":945,"href":"https:\/\/www.mediaplateforme.com\/fr\/wp-json\/wp\/v2\/posts\/939\/revisions\/945"}],"wp:featuredmedia":[{"embeddable":true,"href":"https:\/\/www.mediaplateforme.com\/fr\/wp-json\/wp\/v2\/media\/944"}],"wp:attachment":[{"href":"https:\/\/www.mediaplateforme.com\/fr\/wp-json\/wp\/v2\/media?parent=939"}],"wp:term":[{"taxonomy":"category","embeddable":true,"href":"https:\/\/www.mediaplateforme.com\/fr\/wp-json\/wp\/v2\/categories?post=939"},{"taxonomy":"post_tag","embeddable":true,"href":"https:\/\/www.mediaplateforme.com\/fr\/wp-json\/wp\/v2\/tags?post=939"}],"curies":[{"name":"wp","href":"https:\/\/api.w.org\/{rel}","templated":true}]}}