{"id":932,"date":"2022-09-05T13:48:44","date_gmt":"2022-09-05T12:48:44","guid":{"rendered":"https:\/\/www.mediaplateforme.com\/fr\/?p=932"},"modified":"2022-09-05T13:49:09","modified_gmt":"2022-09-05T12:49:09","slug":"la-cgem-et-lunpm-organisent-le-forum-economique-maroc-mauritanie-le-20-septembre-a-casablanca","status":"publish","type":"post","link":"https:\/\/www.mediaplateforme.com\/fr\/la-cgem-et-lunpm-organisent-le-forum-economique-maroc-mauritanie-le-20-septembre-a-casablanca\/","title":{"rendered":"La CGEM et l&rsquo;UNPM organisent le Forum \u00e9conomique Maroc-Mauritani"},"content":{"rendered":"<div>\n<div>La Conf\u00e9d\u00e9ration G\u00e9n\u00e9rale des Entreprises du Maroc (CGEM) et l&rsquo;Union Nationale du Patronat Mauritanien (UNPM) organisent la deuxi\u00e8me \u00e9dition du Forum \u00e9conomique Maroc &#8211; Mauritanie, le 20 septembre 2022 \u00e0 Casablanca.<\/div>\n<div><\/div>\n<div>Cet \u00e9v\u00e9nement, qui sera ouvert par M. Aziz AKHANNOUCH, Chef du Gouvernement, vise \u00e0 renforcer la coop\u00e9ration \u00e9conomique et commerciale entre les deux pays et \u00e0 donner une nouvelle impulsion aux relations entre les deux communaut\u00e9s des affaires. Il connaitra la participation d&rsquo;une d\u00e9l\u00e9gation compos\u00e9e d&rsquo;une centaine d\u2019op\u00e9rateurs \u00e9conomiques mauritaniens repr\u00e9sentant diff\u00e9rents secteurs, conduite par Monsieur Mohamed Zeine El Abidine CHEIKH AHMED, Pr\u00e9sident de l\u2019UNPM, ainsi que des entreprises membres de la CGEM int\u00e9ress\u00e9es par le march\u00e9 mauritanien.<\/div>\n<div><\/div>\n<\/div>\n<div>Le forum sera marqu\u00e9 par deux panels sur les climats des affaires au Maroc et en Mauritanie et sur les projets d&rsquo;investissements dans des secteurs porteurs tels que l&rsquo;\u00e9nergie, l&rsquo;agriculture, l&rsquo;agroalimentaire, l&rsquo;industrie pharmaceutique, la finance, etc.<\/div>\n","protected":false},"excerpt":{"rendered":"<p>La Conf\u00e9d\u00e9ration G\u00e9n\u00e9rale des Entreprises du Maroc (CGEM) et l&rsquo;Union Nationale du Patronat Mauritanien (UNPM)<\/p>\n","protected":false},"author":1,"featured_media":933,"comment_status":"open","ping_status":"open","sticky":false,"template":"","format":"standard","meta":{"_acf_changed":false,"footnotes":""},"categories":[2,3],"tags":[340],"class_list":["post-932","post","type-post","status-publish","format-standard","has-post-thumbnail","hentry","category-nouvelles","category-nouvelles-selectionnees","tag-cgem"],"acf":[],"yoast_head":"<!-- This site is optimized with the Yoast SEO plugin v22.0 - https:\/\/yoast.com\/wordpress\/plugins\/seo\/ -->\n<title>La CGEM et l&#039;UNPM organisent le Forum \u00e9conomique Maroc-Mauritani - MEDIA PLATEFORME | FR<\/title>\n<meta name=\"description\" content=\"La Conf\u00e9d\u00e9ration G\u00e9n\u00e9rale des Entreprises du Maroc (CGEM) et l&#039;Union Nationale du Patronat Mauritanien (UNPM) organisent .\" \/>\n<meta name=\"robots\" content=\"index, follow, max-snippet:-1, max-image-preview:large, max-video-preview:-1\" \/>\n<link rel=\"canonical\" href=\"https:\/\/www.mediaplateforme.com\/fr\/la-cgem-et-lunpm-organisent-le-forum-economique-maroc-mauritanie-le-20-septembre-a-casablanca\/\" \/>\n<meta property=\"og:locale\" content=\"fr_FR\" \/>\n<meta property=\"og:type\" content=\"article\" \/>\n<meta property=\"og:title\" content=\"La CGEM et l&#039;UNPM organisent le Forum \u00e9conomique Maroc-Mauritani - MEDIA PLATEFORME | FR\" \/>\n<meta property=\"og:description\" content=\"La Conf\u00e9d\u00e9ration G\u00e9n\u00e9rale des Entreprises du Maroc (CGEM) et l&#039;Union Nationale du Patronat Mauritanien (UNPM) organisent .\" \/>\n<meta property=\"og:url\" content=\"https:\/\/www.mediaplateforme.com\/fr\/la-cgem-et-lunpm-organisent-le-forum-economique-maroc-mauritanie-le-20-septembre-a-casablanca\/\" \/>\n<meta property=\"og:site_name\" content=\"MEDIA PLATEFORME | FR\" \/>\n<meta property=\"article:published_time\" content=\"2022-09-05T12:48:44+00:00\" \/>\n<meta property=\"article:modified_time\" content=\"2022-09-05T12:49:09+00:00\" \/>\n<meta property=\"og:image\" content=\"https:\/\/www.mediaplateforme.com\/fr\/wp-content\/uploads\/sites\/5\/2022\/09\/CGEM.jpg\" \/>\n\t<meta property=\"og:image:width\" content=\"613\" \/>\n\t<meta property=\"og:image:height\" content=\"355\" \/>\n\t<meta property=\"og:image:type\" content=\"image\/jpeg\" \/>\n<meta name=\"author\" content=\"Mediaplateforme\" \/>\n<meta name=\"twitter:card\" content=\"summary_large_image\" \/>\n<meta name=\"twitter:label1\" content=\"\u00c9crit par\" \/>\n\t<meta name=\"twitter:data1\" content=\"Mediaplateforme\" \/>\n\t<meta name=\"twitter:label2\" content=\"Dur\u00e9e de lecture estim\u00e9e\" \/>\n\t<meta name=\"twitter:data2\" content=\"1 minute\" \/>\n<script type=\"application\/ld+json\" class=\"yoast-schema-graph\">{\"@context\":\"https:\/\/schema.org\",\"@graph\":[{\"@type\":\"WebPage\",\"@id\":\"https:\/\/www.mediaplateforme.com\/fr\/la-cgem-et-lunpm-organisent-le-forum-economique-maroc-mauritanie-le-20-septembre-a-casablanca\/\",\"url\":\"https:\/\/www.mediaplateforme.com\/fr\/la-cgem-et-lunpm-organisent-le-forum-economique-maroc-mauritanie-le-20-septembre-a-casablanca\/\",\"name\":\"La CGEM et l'UNPM organisent le Forum \u00e9conomique Maroc-Mauritani - MEDIA PLATEFORME | FR\",\"isPartOf\":{\"@id\":\"https:\/\/www.mediaplateforme.com\/fr\/#website\"},\"datePublished\":\"2022-09-05T12:48:44+00:00\",\"dateModified\":\"2022-09-05T12:49:09+00:00\",\"author\":{\"@id\":\"https:\/\/www.mediaplateforme.com\/fr\/#\/schema\/person\/89833db382b5db2c76b094bc902aa12a\"},\"description\":\"La Conf\u00e9d\u00e9ration G\u00e9n\u00e9rale des Entreprises du Maroc (CGEM) et l'Union Nationale du Patronat Mauritanien (UNPM) organisent .\",\"breadcrumb\":{\"@id\":\"https:\/\/www.mediaplateforme.com\/fr\/la-cgem-et-lunpm-organisent-le-forum-economique-maroc-mauritanie-le-20-septembre-a-casablanca\/#breadcrumb\"},\"inLanguage\":\"fr-FR\",\"potentialAction\":[{\"@type\":\"ReadAction\",\"target\":[\"https:\/\/www.mediaplateforme.com\/fr\/la-cgem-et-lunpm-organisent-le-forum-economique-maroc-mauritanie-le-20-septembre-a-casablanca\/\"]}]},{\"@type\":\"BreadcrumbList\",\"@id\":\"https:\/\/www.mediaplateforme.com\/fr\/la-cgem-et-lunpm-organisent-le-forum-economique-maroc-mauritanie-le-20-septembre-a-casablanca\/#breadcrumb\",\"itemListElement\":[{\"@type\":\"ListItem\",\"position\":1,\"name\":\"\u0627\u0644\u0631\u0626\u064a\u0633\u064a\u0629\",\"item\":\"https:\/\/www.mediaplateforme.com\/fr\/\"},{\"@type\":\"ListItem\",\"position\":2,\"name\":\"La CGEM et l&#8217;UNPM organisent le Forum \u00e9conomique Maroc-Mauritani\"}]},{\"@type\":\"WebSite\",\"@id\":\"https:\/\/www.mediaplateforme.com\/fr\/#website\",\"url\":\"https:\/\/www.mediaplateforme.com\/fr\/\",\"name\":\"MEDIA PLATEFORME | FR\",\"description\":\"Mediaplateforme sp\u00e9cialis\u00e9 dans la communication institutions publiques et des entreprises\",\"potentialAction\":[{\"@type\":\"SearchAction\",\"target\":{\"@type\":\"EntryPoint\",\"urlTemplate\":\"https:\/\/www.mediaplateforme.com\/fr\/?s={search_term_string}\"},\"query-input\":\"required name=search_term_string\"}],\"inLanguage\":\"fr-FR\"},{\"@type\":\"Person\",\"@id\":\"https:\/\/www.mediaplateforme.com\/fr\/#\/schema\/person\/89833db382b5db2c76b094bc902aa12a\",\"name\":\"Mediaplateforme\",\"image\":{\"@type\":\"ImageObject\",\"inLanguage\":\"fr-FR\",\"@id\":\"https:\/\/www.mediaplateforme.com\/fr\/#\/schema\/person\/image\/\",\"url\":\"https:\/\/secure.gravatar.com\/avatar\/6c9c02e8928cc65d54bf75157f7b3a2d06d7ad0494ca0951f679552ff03b34c1?s=96&d=mm&r=g\",\"contentUrl\":\"https:\/\/secure.gravatar.com\/avatar\/6c9c02e8928cc65d54bf75157f7b3a2d06d7ad0494ca0951f679552ff03b34c1?s=96&d=mm&r=g\",\"caption\":\"Mediaplateforme\"},\"sameAs\":[\"https:\/\/www.mediaplateforme.com\"],\"url\":\"https:\/\/www.mediaplateforme.com\/fr\/author\/mohamedladib\/\"}]}<\/script>\n<!-- \/ Yoast SEO plugin. -->","yoast_head_json":{"title":"La CGEM et l'UNPM organisent le Forum \u00e9conomique Maroc-Mauritani - MEDIA PLATEFORME | FR","description":"La Conf\u00e9d\u00e9ration G\u00e9n\u00e9rale des Entreprises du Maroc (CGEM) et l'Union Nationale du Patronat Mauritanien (UNPM) organisent .","robots":{"index":"index","follow":"follow","max-snippet":"max-snippet:-1","max-image-preview":"max-image-preview:large","max-video-preview":"max-video-preview:-1"},"canonical":"https:\/\/www.mediaplateforme.com\/fr\/la-cgem-et-lunpm-organisent-le-forum-economique-maroc-mauritanie-le-20-septembre-a-casablanca\/","og_locale":"fr_FR","og_type":"article","og_title":"La CGEM et l'UNPM organisent le Forum \u00e9conomique Maroc-Mauritani - MEDIA PLATEFORME | FR","og_description":"La Conf\u00e9d\u00e9ration G\u00e9n\u00e9rale des Entreprises du Maroc (CGEM) et l'Union Nationale du Patronat Mauritanien (UNPM) organisent .","og_url":"https:\/\/www.mediaplateforme.com\/fr\/la-cgem-et-lunpm-organisent-le-forum-economique-maroc-mauritanie-le-20-septembre-a-casablanca\/","og_site_name":"MEDIA PLATEFORME | FR","article_published_time":"2022-09-05T12:48:44+00:00","article_modified_time":"2022-09-05T12:49:09+00:00","og_image":[{"width":613,"height":355,"url":"https:\/\/www.mediaplateforme.com\/fr\/wp-content\/uploads\/sites\/5\/2022\/09\/CGEM.jpg","type":"image\/jpeg"}],"author":"Mediaplateforme","twitter_card":"summary_large_image","twitter_misc":{"\u00c9crit par":"Mediaplateforme","Dur\u00e9e de lecture estim\u00e9e":"1 minute"},"schema":{"@context":"https:\/\/schema.org","@graph":[{"@type":"WebPage","@id":"https:\/\/www.mediaplateforme.com\/fr\/la-cgem-et-lunpm-organisent-le-forum-economique-maroc-mauritanie-le-20-septembre-a-casablanca\/","url":"https:\/\/www.mediaplateforme.com\/fr\/la-cgem-et-lunpm-organisent-le-forum-economique-maroc-mauritanie-le-20-septembre-a-casablanca\/","name":"La CGEM et l'UNPM organisent le Forum \u00e9conomique Maroc-Mauritani - MEDIA PLATEFORME | FR","isPartOf":{"@id":"https:\/\/www.mediaplateforme.com\/fr\/#website"},"datePublished":"2022-09-05T12:48:44+00:00","dateModified":"2022-09-05T12:49:09+00:00","author":{"@id":"https:\/\/www.mediaplateforme.com\/fr\/#\/schema\/person\/89833db382b5db2c76b094bc902aa12a"},"description":"La Conf\u00e9d\u00e9ration G\u00e9n\u00e9rale des Entreprises du Maroc (CGEM) et l'Union Nationale du Patronat Mauritanien (UNPM) organisent .","breadcrumb":{"@id":"https:\/\/www.mediaplateforme.com\/fr\/la-cgem-et-lunpm-organisent-le-forum-economique-maroc-mauritanie-le-20-septembre-a-casablanca\/#breadcrumb"},"inLanguage":"fr-FR","potentialAction":[{"@type":"ReadAction","target":["https:\/\/www.mediaplateforme.com\/fr\/la-cgem-et-lunpm-organisent-le-forum-economique-maroc-mauritanie-le-20-septembre-a-casablanca\/"]}]},{"@type":"BreadcrumbList","@id":"https:\/\/www.mediaplateforme.com\/fr\/la-cgem-et-lunpm-organisent-le-forum-economique-maroc-mauritanie-le-20-septembre-a-casablanca\/#breadcrumb","itemListElement":[{"@type":"ListItem","position":1,"name":"\u0627\u0644\u0631\u0626\u064a\u0633\u064a\u0629","item":"https:\/\/www.mediaplateforme.com\/fr\/"},{"@type":"ListItem","position":2,"name":"La CGEM et l&#8217;UNPM organisent le Forum \u00e9conomique Maroc-Mauritani"}]},{"@type":"WebSite","@id":"https:\/\/www.mediaplateforme.com\/fr\/#website","url":"https:\/\/www.mediaplateforme.com\/fr\/","name":"MEDIA PLATEFORME | FR","description":"Mediaplateforme sp\u00e9cialis\u00e9 dans la communication institutions publiques et des entreprises","potentialAction":[{"@type":"SearchAction","target":{"@type":"EntryPoint","urlTemplate":"https:\/\/www.mediaplateforme.com\/fr\/?s={search_term_string}"},"query-input":"required name=search_term_string"}],"inLanguage":"fr-FR"},{"@type":"Person","@id":"https:\/\/www.mediaplateforme.com\/fr\/#\/schema\/person\/89833db382b5db2c76b094bc902aa12a","name":"Mediaplateforme","image":{"@type":"ImageObject","inLanguage":"fr-FR","@id":"https:\/\/www.mediaplateforme.com\/fr\/#\/schema\/person\/image\/","url":"https:\/\/secure.gravatar.com\/avatar\/6c9c02e8928cc65d54bf75157f7b3a2d06d7ad0494ca0951f679552ff03b34c1?s=96&d=mm&r=g","contentUrl":"https:\/\/secure.gravatar.com\/avatar\/6c9c02e8928cc65d54bf75157f7b3a2d06d7ad0494ca0951f679552ff03b34c1?s=96&d=mm&r=g","caption":"Mediaplateforme"},"sameAs":["https:\/\/www.mediaplateforme.com"],"url":"https:\/\/www.mediaplateforme.com\/fr\/author\/mohamedladib\/"}]}},"_links":{"self":[{"href":"https:\/\/www.mediaplateforme.com\/fr\/wp-json\/wp\/v2\/posts\/932","targetHints":{"allow":["GET"]}}],"collection":[{"href":"https:\/\/www.mediaplateforme.com\/fr\/wp-json\/wp\/v2\/posts"}],"about":[{"href":"https:\/\/www.mediaplateforme.com\/fr\/wp-json\/wp\/v2\/types\/post"}],"author":[{"embeddable":true,"href":"https:\/\/www.mediaplateforme.com\/fr\/wp-json\/wp\/v2\/users\/1"}],"replies":[{"embeddable":true,"href":"https:\/\/www.mediaplateforme.com\/fr\/wp-json\/wp\/v2\/comments?post=932"}],"version-history":[{"count":2,"href":"https:\/\/www.mediaplateforme.com\/fr\/wp-json\/wp\/v2\/posts\/932\/revisions"}],"predecessor-version":[{"id":935,"href":"https:\/\/www.mediaplateforme.com\/fr\/wp-json\/wp\/v2\/posts\/932\/revisions\/935"}],"wp:featuredmedia":[{"embeddable":true,"href":"https:\/\/www.mediaplateforme.com\/fr\/wp-json\/wp\/v2\/media\/933"}],"wp:attachment":[{"href":"https:\/\/www.mediaplateforme.com\/fr\/wp-json\/wp\/v2\/media?parent=932"}],"wp:term":[{"taxonomy":"category","embeddable":true,"href":"https:\/\/www.mediaplateforme.com\/fr\/wp-json\/wp\/v2\/categories?post=932"},{"taxonomy":"post_tag","embeddable":true,"href":"https:\/\/www.mediaplateforme.com\/fr\/wp-json\/wp\/v2\/tags?post=932"}],"curies":[{"name":"wp","href":"https:\/\/api.w.org\/{rel}","templated":true}]}}