{"id":910,"date":"2022-09-02T12:00:48","date_gmt":"2022-09-02T11:00:48","guid":{"rendered":"https:\/\/www.mediaplateforme.com\/fr\/?p=910"},"modified":"2022-09-02T12:00:48","modified_gmt":"2022-09-02T11:00:48","slug":"lg-presentera-ses-innovations-de-pointe-a-lifa-2022","status":"publish","type":"post","link":"https:\/\/www.mediaplateforme.com\/fr\/lg-presentera-ses-innovations-de-pointe-a-lifa-2022\/","title":{"rendered":"LG PR\u00c9SENTERA SES INNOVATIONS DE POINTE \u00c0 L\u2019IFA 2022"},"content":{"rendered":"<p>LG Electronics (LG) invite les consommateurs du monde entier \u00e0 d\u00e9couvrir ses derni\u00e8res innovations de pr\u00e8s et en personne lors de l&rsquo;IFA 2022 \u00e0 Berlin, en Allemagne (du 2 au 6 septembre). Sous le th\u00e8me de la vie r\u00e9imagin\u00e9e &#8211; le stand illustrant la vision de LG en ce qui concerne la technologie r\u00e9imagin\u00e9e, les styles de vie red\u00e9couverts et les exp\u00e9riences red\u00e9finies &#8211; la soci\u00e9t\u00e9 pr\u00e9sentera une gamme de produits innovante en mati\u00e8re de progr\u00e8s technologiques, ainsi que de nouvelles solutions et services uniques con\u00e7us pour offrir des exp\u00e9riences client in\u00e9dites.<\/p>\n<p>LG est ravi de revenir \u00e0 Berlin pour l&rsquo;IFA, pour la premi\u00e8re fois depuis 2019. Le premier salon europ\u00e9en de l&rsquo;\u00e9lectronique grand public est de retour sur le terrain dans la capitale allemande apr\u00e8s une interruption de deux ans et pr\u00eat \u00e0 \u00e9pater \u00e0 nouveau les visiteurs du monde entier.<\/p>\n<p>Pendant l&rsquo;IFA 2022, les visiteurs pourront d\u00e9couvrir les derni\u00e8res innovations LG, et d\u00e9couvrir comment LG r\u00e9invente l\u2019exp\u00e9rience client sur son stand situ\u00e9 dans le hall 18 de Messe Berlin.\u00a0 La vid\u00e9o du stand LG sera disponible sur la chaine YouTube de LG Global pour les personnes non pr\u00e9sentes sur le site. (<a href=\"http:\/\/www.youtube.com\/GlobalLG\">www.youtube.com\/GlobalLG<\/a>).<\/p>\n<p>&nbsp;<\/p>\n<h4><strong>\u00c0 propos de LG Electronics Maroc<\/strong><\/h4>\n<p>La marque LG a \u00e9t\u00e9 cr\u00e9\u00e9e en 1998. La soci\u00e9t\u00e9 est un leader mondial en \u00e9lectronique, en information et en produits de communication. Elle compte plus de 117 centres d&rsquo;affaires r\u00e9partis dans le monde entier.<\/p>\n<p>LG Electronics Maroc est compos\u00e9e de trois divisions op\u00e9rationnelles : \u00e9lectrom\u00e9nagers (HA), Divertissement pour la maison (HE) et Climatisation. La soci\u00e9t\u00e9 a install\u00e9 son si\u00e8ge social au Quartier d\u2019affaires de Sidi Maarouf \u00e0 Casablanca. LG Electronics Maroc s&rsquo;efforce d&rsquo;offrir des produits prim\u00e9s et reconnus pour leur alliance entre style et technologie. Ces produits novateurs comprennent des climatiseurs, des t\u00e9l\u00e9viseurs \u00e0 \u00e9cran plat et des appareils \u00e9lectrom\u00e9nagers. Pour en savoir plus, veuillez visiter le site <a href=\"http:\/\/www.lg.com\/ma\">www.lg.com\/ma<\/a>.<\/p>\n","protected":false},"excerpt":{"rendered":"<p>LG Electronics (LG) invite les consommateurs du monde entier \u00e0 d\u00e9couvrir ses derni\u00e8res innovations de<\/p>\n","protected":false},"author":1,"featured_media":911,"comment_status":"open","ping_status":"open","sticky":false,"template":"","format":"standard","meta":{"_acf_changed":false,"footnotes":""},"categories":[5,3],"tags":[],"class_list":["post-910","post","type-post","status-publish","format-standard","has-post-thumbnail","hentry","category-tech","category-nouvelles-selectionnees"],"acf":[],"yoast_head":"<!-- This site is optimized with the Yoast SEO plugin v22.0 - https:\/\/yoast.com\/wordpress\/plugins\/seo\/ -->\n<title>LG PR\u00c9SENTERA SES INNOVATIONS DE POINTE \u00c0 L\u2019IFA 2022 - MEDIA PLATEFORME | FR<\/title>\n<meta name=\"description\" content=\"LG Electronics (LG) invite les consommateurs du monde entier \u00e0 d\u00e9couvrir ses derni\u00e8res innovations de pr\u00e8s et en personne lors de\" \/>\n<meta name=\"robots\" content=\"index, follow, max-snippet:-1, max-image-preview:large, max-video-preview:-1\" \/>\n<link rel=\"canonical\" href=\"https:\/\/www.mediaplateforme.com\/fr\/lg-presentera-ses-innovations-de-pointe-a-lifa-2022\/\" \/>\n<meta property=\"og:locale\" content=\"fr_FR\" \/>\n<meta property=\"og:type\" content=\"article\" \/>\n<meta property=\"og:title\" content=\"LG PR\u00c9SENTERA SES INNOVATIONS DE POINTE \u00c0 L\u2019IFA 2022 - MEDIA PLATEFORME | FR\" \/>\n<meta property=\"og:description\" content=\"LG Electronics (LG) invite les consommateurs du monde entier \u00e0 d\u00e9couvrir ses derni\u00e8res innovations de pr\u00e8s et en personne lors de\" \/>\n<meta property=\"og:url\" content=\"https:\/\/www.mediaplateforme.com\/fr\/lg-presentera-ses-innovations-de-pointe-a-lifa-2022\/\" \/>\n<meta property=\"og:site_name\" content=\"MEDIA PLATEFORME | FR\" \/>\n<meta property=\"article:published_time\" content=\"2022-09-02T11:00:48+00:00\" \/>\n<meta property=\"og:image\" content=\"https:\/\/www.mediaplateforme.com\/fr\/wp-content\/uploads\/sites\/5\/2022\/09\/IFA2022.webp\" \/>\n\t<meta property=\"og:image:width\" content=\"1280\" \/>\n\t<meta property=\"og:image:height\" content=\"720\" \/>\n\t<meta property=\"og:image:type\" content=\"image\/webp\" \/>\n<meta name=\"author\" content=\"Mediaplateforme\" \/>\n<meta name=\"twitter:card\" content=\"summary_large_image\" \/>\n<meta name=\"twitter:label1\" content=\"\u00c9crit par\" \/>\n\t<meta name=\"twitter:data1\" content=\"Mediaplateforme\" \/>\n\t<meta name=\"twitter:label2\" content=\"Dur\u00e9e de lecture estim\u00e9e\" \/>\n\t<meta name=\"twitter:data2\" content=\"2 minutes\" \/>\n<script type=\"application\/ld+json\" class=\"yoast-schema-graph\">{\"@context\":\"https:\/\/schema.org\",\"@graph\":[{\"@type\":\"WebPage\",\"@id\":\"https:\/\/www.mediaplateforme.com\/fr\/lg-presentera-ses-innovations-de-pointe-a-lifa-2022\/\",\"url\":\"https:\/\/www.mediaplateforme.com\/fr\/lg-presentera-ses-innovations-de-pointe-a-lifa-2022\/\",\"name\":\"LG PR\u00c9SENTERA SES INNOVATIONS DE POINTE \u00c0 L\u2019IFA 2022 - MEDIA PLATEFORME | FR\",\"isPartOf\":{\"@id\":\"https:\/\/www.mediaplateforme.com\/fr\/#website\"},\"datePublished\":\"2022-09-02T11:00:48+00:00\",\"dateModified\":\"2022-09-02T11:00:48+00:00\",\"author\":{\"@id\":\"https:\/\/www.mediaplateforme.com\/fr\/#\/schema\/person\/89833db382b5db2c76b094bc902aa12a\"},\"description\":\"LG Electronics (LG) invite les consommateurs du monde entier \u00e0 d\u00e9couvrir ses derni\u00e8res innovations de pr\u00e8s et en personne lors de\",\"breadcrumb\":{\"@id\":\"https:\/\/www.mediaplateforme.com\/fr\/lg-presentera-ses-innovations-de-pointe-a-lifa-2022\/#breadcrumb\"},\"inLanguage\":\"fr-FR\",\"potentialAction\":[{\"@type\":\"ReadAction\",\"target\":[\"https:\/\/www.mediaplateforme.com\/fr\/lg-presentera-ses-innovations-de-pointe-a-lifa-2022\/\"]}]},{\"@type\":\"BreadcrumbList\",\"@id\":\"https:\/\/www.mediaplateforme.com\/fr\/lg-presentera-ses-innovations-de-pointe-a-lifa-2022\/#breadcrumb\",\"itemListElement\":[{\"@type\":\"ListItem\",\"position\":1,\"name\":\"\u0627\u0644\u0631\u0626\u064a\u0633\u064a\u0629\",\"item\":\"https:\/\/www.mediaplateforme.com\/fr\/\"},{\"@type\":\"ListItem\",\"position\":2,\"name\":\"LG PR\u00c9SENTERA SES INNOVATIONS DE POINTE \u00c0 L\u2019IFA 2022\"}]},{\"@type\":\"WebSite\",\"@id\":\"https:\/\/www.mediaplateforme.com\/fr\/#website\",\"url\":\"https:\/\/www.mediaplateforme.com\/fr\/\",\"name\":\"MEDIA PLATEFORME | FR\",\"description\":\"Mediaplateforme sp\u00e9cialis\u00e9 dans la communication institutions publiques et des entreprises\",\"potentialAction\":[{\"@type\":\"SearchAction\",\"target\":{\"@type\":\"EntryPoint\",\"urlTemplate\":\"https:\/\/www.mediaplateforme.com\/fr\/?s={search_term_string}\"},\"query-input\":\"required name=search_term_string\"}],\"inLanguage\":\"fr-FR\"},{\"@type\":\"Person\",\"@id\":\"https:\/\/www.mediaplateforme.com\/fr\/#\/schema\/person\/89833db382b5db2c76b094bc902aa12a\",\"name\":\"Mediaplateforme\",\"image\":{\"@type\":\"ImageObject\",\"inLanguage\":\"fr-FR\",\"@id\":\"https:\/\/www.mediaplateforme.com\/fr\/#\/schema\/person\/image\/\",\"url\":\"https:\/\/secure.gravatar.com\/avatar\/6c9c02e8928cc65d54bf75157f7b3a2d06d7ad0494ca0951f679552ff03b34c1?s=96&d=mm&r=g\",\"contentUrl\":\"https:\/\/secure.gravatar.com\/avatar\/6c9c02e8928cc65d54bf75157f7b3a2d06d7ad0494ca0951f679552ff03b34c1?s=96&d=mm&r=g\",\"caption\":\"Mediaplateforme\"},\"sameAs\":[\"https:\/\/www.mediaplateforme.com\"],\"url\":\"https:\/\/www.mediaplateforme.com\/fr\/author\/mohamedladib\/\"}]}<\/script>\n<!-- \/ Yoast SEO plugin. -->","yoast_head_json":{"title":"LG PR\u00c9SENTERA SES INNOVATIONS DE POINTE \u00c0 L\u2019IFA 2022 - MEDIA PLATEFORME | FR","description":"LG Electronics (LG) invite les consommateurs du monde entier \u00e0 d\u00e9couvrir ses derni\u00e8res innovations de pr\u00e8s et en personne lors de","robots":{"index":"index","follow":"follow","max-snippet":"max-snippet:-1","max-image-preview":"max-image-preview:large","max-video-preview":"max-video-preview:-1"},"canonical":"https:\/\/www.mediaplateforme.com\/fr\/lg-presentera-ses-innovations-de-pointe-a-lifa-2022\/","og_locale":"fr_FR","og_type":"article","og_title":"LG PR\u00c9SENTERA SES INNOVATIONS DE POINTE \u00c0 L\u2019IFA 2022 - MEDIA PLATEFORME | FR","og_description":"LG Electronics (LG) invite les consommateurs du monde entier \u00e0 d\u00e9couvrir ses derni\u00e8res innovations de pr\u00e8s et en personne lors de","og_url":"https:\/\/www.mediaplateforme.com\/fr\/lg-presentera-ses-innovations-de-pointe-a-lifa-2022\/","og_site_name":"MEDIA PLATEFORME | FR","article_published_time":"2022-09-02T11:00:48+00:00","og_image":[{"width":1280,"height":720,"url":"https:\/\/www.mediaplateforme.com\/fr\/wp-content\/uploads\/sites\/5\/2022\/09\/IFA2022.webp","type":"image\/webp"}],"author":"Mediaplateforme","twitter_card":"summary_large_image","twitter_misc":{"\u00c9crit par":"Mediaplateforme","Dur\u00e9e de lecture estim\u00e9e":"2 minutes"},"schema":{"@context":"https:\/\/schema.org","@graph":[{"@type":"WebPage","@id":"https:\/\/www.mediaplateforme.com\/fr\/lg-presentera-ses-innovations-de-pointe-a-lifa-2022\/","url":"https:\/\/www.mediaplateforme.com\/fr\/lg-presentera-ses-innovations-de-pointe-a-lifa-2022\/","name":"LG PR\u00c9SENTERA SES INNOVATIONS DE POINTE \u00c0 L\u2019IFA 2022 - MEDIA PLATEFORME | FR","isPartOf":{"@id":"https:\/\/www.mediaplateforme.com\/fr\/#website"},"datePublished":"2022-09-02T11:00:48+00:00","dateModified":"2022-09-02T11:00:48+00:00","author":{"@id":"https:\/\/www.mediaplateforme.com\/fr\/#\/schema\/person\/89833db382b5db2c76b094bc902aa12a"},"description":"LG Electronics (LG) invite les consommateurs du monde entier \u00e0 d\u00e9couvrir ses derni\u00e8res innovations de pr\u00e8s et en personne lors de","breadcrumb":{"@id":"https:\/\/www.mediaplateforme.com\/fr\/lg-presentera-ses-innovations-de-pointe-a-lifa-2022\/#breadcrumb"},"inLanguage":"fr-FR","potentialAction":[{"@type":"ReadAction","target":["https:\/\/www.mediaplateforme.com\/fr\/lg-presentera-ses-innovations-de-pointe-a-lifa-2022\/"]}]},{"@type":"BreadcrumbList","@id":"https:\/\/www.mediaplateforme.com\/fr\/lg-presentera-ses-innovations-de-pointe-a-lifa-2022\/#breadcrumb","itemListElement":[{"@type":"ListItem","position":1,"name":"\u0627\u0644\u0631\u0626\u064a\u0633\u064a\u0629","item":"https:\/\/www.mediaplateforme.com\/fr\/"},{"@type":"ListItem","position":2,"name":"LG PR\u00c9SENTERA SES INNOVATIONS DE POINTE \u00c0 L\u2019IFA 2022"}]},{"@type":"WebSite","@id":"https:\/\/www.mediaplateforme.com\/fr\/#website","url":"https:\/\/www.mediaplateforme.com\/fr\/","name":"MEDIA PLATEFORME | FR","description":"Mediaplateforme sp\u00e9cialis\u00e9 dans la communication institutions publiques et des entreprises","potentialAction":[{"@type":"SearchAction","target":{"@type":"EntryPoint","urlTemplate":"https:\/\/www.mediaplateforme.com\/fr\/?s={search_term_string}"},"query-input":"required name=search_term_string"}],"inLanguage":"fr-FR"},{"@type":"Person","@id":"https:\/\/www.mediaplateforme.com\/fr\/#\/schema\/person\/89833db382b5db2c76b094bc902aa12a","name":"Mediaplateforme","image":{"@type":"ImageObject","inLanguage":"fr-FR","@id":"https:\/\/www.mediaplateforme.com\/fr\/#\/schema\/person\/image\/","url":"https:\/\/secure.gravatar.com\/avatar\/6c9c02e8928cc65d54bf75157f7b3a2d06d7ad0494ca0951f679552ff03b34c1?s=96&d=mm&r=g","contentUrl":"https:\/\/secure.gravatar.com\/avatar\/6c9c02e8928cc65d54bf75157f7b3a2d06d7ad0494ca0951f679552ff03b34c1?s=96&d=mm&r=g","caption":"Mediaplateforme"},"sameAs":["https:\/\/www.mediaplateforme.com"],"url":"https:\/\/www.mediaplateforme.com\/fr\/author\/mohamedladib\/"}]}},"_links":{"self":[{"href":"https:\/\/www.mediaplateforme.com\/fr\/wp-json\/wp\/v2\/posts\/910","targetHints":{"allow":["GET"]}}],"collection":[{"href":"https:\/\/www.mediaplateforme.com\/fr\/wp-json\/wp\/v2\/posts"}],"about":[{"href":"https:\/\/www.mediaplateforme.com\/fr\/wp-json\/wp\/v2\/types\/post"}],"author":[{"embeddable":true,"href":"https:\/\/www.mediaplateforme.com\/fr\/wp-json\/wp\/v2\/users\/1"}],"replies":[{"embeddable":true,"href":"https:\/\/www.mediaplateforme.com\/fr\/wp-json\/wp\/v2\/comments?post=910"}],"version-history":[{"count":1,"href":"https:\/\/www.mediaplateforme.com\/fr\/wp-json\/wp\/v2\/posts\/910\/revisions"}],"predecessor-version":[{"id":912,"href":"https:\/\/www.mediaplateforme.com\/fr\/wp-json\/wp\/v2\/posts\/910\/revisions\/912"}],"wp:featuredmedia":[{"embeddable":true,"href":"https:\/\/www.mediaplateforme.com\/fr\/wp-json\/wp\/v2\/media\/911"}],"wp:attachment":[{"href":"https:\/\/www.mediaplateforme.com\/fr\/wp-json\/wp\/v2\/media?parent=910"}],"wp:term":[{"taxonomy":"category","embeddable":true,"href":"https:\/\/www.mediaplateforme.com\/fr\/wp-json\/wp\/v2\/categories?post=910"},{"taxonomy":"post_tag","embeddable":true,"href":"https:\/\/www.mediaplateforme.com\/fr\/wp-json\/wp\/v2\/tags?post=910"}],"curies":[{"name":"wp","href":"https:\/\/api.w.org\/{rel}","templated":true}]}}