{"id":907,"date":"2022-09-02T11:46:43","date_gmt":"2022-09-02T10:46:43","guid":{"rendered":"https:\/\/www.mediaplateforme.com\/fr\/?p=907"},"modified":"2022-09-02T11:46:43","modified_gmt":"2022-09-02T10:46:43","slug":"lafargeholcim-maroc-4mmdh-de-ca-a-fin-juin","status":"publish","type":"post","link":"https:\/\/www.mediaplateforme.com\/fr\/lafargeholcim-maroc-4mmdh-de-ca-a-fin-juin\/","title":{"rendered":"LafargeHolcim Maroc: +4MMDH de CA \u00e0 fin juin"},"content":{"rendered":"<p>Le chiffre d\u2019affaires (CA) consolid\u00e9 de LafargeHolcim Maroc s\u2019est \u00e9lev\u00e9 \u00e0 plus de 4 milliards de dirhams (MMDH) \u00e0 fin juin dernier, quasi-stable par rapport \u00e0 la m\u00eame p\u00e9riode de 2021.<\/p>\n<p>Sur le seul deuxi\u00e8me trimestre, le CA consolid\u00e9 a accus\u00e9 une baisse de 7% par rapport au T2-2021, s\u2019\u00e9tablissant \u00e0 1,927 MMDH, fait savoir LafargeHolcim Maroc dans un communiqu\u00e9 financier, expliquant cette \u00e9volution par le repli des volumes vendus sur l\u2019ensemble des activit\u00e9s.<\/p>\n<p>L\u2019endettement net a atteint 6,27 MMDH \u00e0 fin juin 2022, en hausse de 5% par rapport \u00e0 la m\u00eame p\u00e9riode en 2021, ajoute la m\u00eame source.<\/p>\n<p>Et de noter qu\u2019apr\u00e8s un premier trimestre en l\u00e9g\u00e8re hausse, la demande nationale de ciment a recul\u00e9 de 10% au deuxi\u00e8me trimestre 2022, soit une baisse globale de 4,5% au premier semestre compar\u00e9 \u00e0 la m\u00eame p\u00e9riode de l\u2019ann\u00e9e pr\u00e9c\u00e9dente. Cette tendance baissi\u00e8re est essentiellement due aux r\u00e9percussions de la crise internationale sur le march\u00e9 marocain de la construction.<\/p>\n","protected":false},"excerpt":{"rendered":"<p>Le chiffre d\u2019affaires (CA) consolid\u00e9 de LafargeHolcim Maroc s\u2019est \u00e9lev\u00e9 \u00e0 plus de 4 milliards<\/p>\n","protected":false},"author":1,"featured_media":185,"comment_status":"open","ping_status":"open","sticky":false,"template":"","format":"standard","meta":{"_acf_changed":false,"footnotes":""},"categories":[4,3],"tags":[],"class_list":["post-907","post","type-post","status-publish","format-standard","has-post-thumbnail","hentry","category-economie","category-nouvelles-selectionnees"],"acf":[],"yoast_head":"<!-- This site is optimized with the Yoast SEO plugin v22.0 - https:\/\/yoast.com\/wordpress\/plugins\/seo\/ -->\n<title>LafargeHolcim Maroc: +4MMDH de CA \u00e0 fin juin - MEDIA PLATEFORME | FR<\/title>\n<meta name=\"description\" content=\"Le chiffre d\u2019affaires (CA) consolid\u00e9 de LafargeHolcim Maroc s\u2019est \u00e9lev\u00e9 \u00e0 plus de 4 milliards de dirhams (MMDH) \u00e0 fin juin dernier,\" \/>\n<meta name=\"robots\" content=\"index, follow, max-snippet:-1, max-image-preview:large, max-video-preview:-1\" \/>\n<link rel=\"canonical\" href=\"https:\/\/www.mediaplateforme.com\/fr\/lafargeholcim-maroc-4mmdh-de-ca-a-fin-juin\/\" \/>\n<meta property=\"og:locale\" content=\"fr_FR\" \/>\n<meta property=\"og:type\" content=\"article\" \/>\n<meta property=\"og:title\" content=\"LafargeHolcim Maroc: +4MMDH de CA \u00e0 fin juin - MEDIA PLATEFORME | FR\" \/>\n<meta property=\"og:description\" content=\"Le chiffre d\u2019affaires (CA) consolid\u00e9 de LafargeHolcim Maroc s\u2019est \u00e9lev\u00e9 \u00e0 plus de 4 milliards de dirhams (MMDH) \u00e0 fin juin dernier,\" \/>\n<meta property=\"og:url\" content=\"https:\/\/www.mediaplateforme.com\/fr\/lafargeholcim-maroc-4mmdh-de-ca-a-fin-juin\/\" \/>\n<meta property=\"og:site_name\" content=\"MEDIA PLATEFORME | FR\" \/>\n<meta property=\"article:published_time\" content=\"2022-09-02T10:46:43+00:00\" \/>\n<meta property=\"og:image\" content=\"https:\/\/www.mediaplateforme.com\/fr\/wp-content\/uploads\/sites\/5\/2022\/06\/lafarge-holcim-agadir.jpg\" \/>\n\t<meta property=\"og:image:width\" content=\"740\" \/>\n\t<meta property=\"og:image:height\" content=\"449\" \/>\n\t<meta property=\"og:image:type\" content=\"image\/jpeg\" \/>\n<meta name=\"author\" content=\"Mediaplateforme\" \/>\n<meta name=\"twitter:card\" content=\"summary_large_image\" \/>\n<meta name=\"twitter:label1\" content=\"\u00c9crit par\" \/>\n\t<meta name=\"twitter:data1\" content=\"Mediaplateforme\" \/>\n\t<meta name=\"twitter:label2\" content=\"Dur\u00e9e de lecture estim\u00e9e\" \/>\n\t<meta name=\"twitter:data2\" content=\"1 minute\" \/>\n<script type=\"application\/ld+json\" class=\"yoast-schema-graph\">{\"@context\":\"https:\/\/schema.org\",\"@graph\":[{\"@type\":\"WebPage\",\"@id\":\"https:\/\/www.mediaplateforme.com\/fr\/lafargeholcim-maroc-4mmdh-de-ca-a-fin-juin\/\",\"url\":\"https:\/\/www.mediaplateforme.com\/fr\/lafargeholcim-maroc-4mmdh-de-ca-a-fin-juin\/\",\"name\":\"LafargeHolcim Maroc: +4MMDH de CA \u00e0 fin juin - MEDIA PLATEFORME | FR\",\"isPartOf\":{\"@id\":\"https:\/\/www.mediaplateforme.com\/fr\/#website\"},\"datePublished\":\"2022-09-02T10:46:43+00:00\",\"dateModified\":\"2022-09-02T10:46:43+00:00\",\"author\":{\"@id\":\"https:\/\/www.mediaplateforme.com\/fr\/#\/schema\/person\/89833db382b5db2c76b094bc902aa12a\"},\"description\":\"Le chiffre d\u2019affaires (CA) consolid\u00e9 de LafargeHolcim Maroc s\u2019est \u00e9lev\u00e9 \u00e0 plus de 4 milliards de dirhams (MMDH) \u00e0 fin juin dernier,\",\"breadcrumb\":{\"@id\":\"https:\/\/www.mediaplateforme.com\/fr\/lafargeholcim-maroc-4mmdh-de-ca-a-fin-juin\/#breadcrumb\"},\"inLanguage\":\"fr-FR\",\"potentialAction\":[{\"@type\":\"ReadAction\",\"target\":[\"https:\/\/www.mediaplateforme.com\/fr\/lafargeholcim-maroc-4mmdh-de-ca-a-fin-juin\/\"]}]},{\"@type\":\"BreadcrumbList\",\"@id\":\"https:\/\/www.mediaplateforme.com\/fr\/lafargeholcim-maroc-4mmdh-de-ca-a-fin-juin\/#breadcrumb\",\"itemListElement\":[{\"@type\":\"ListItem\",\"position\":1,\"name\":\"\u0627\u0644\u0631\u0626\u064a\u0633\u064a\u0629\",\"item\":\"https:\/\/www.mediaplateforme.com\/fr\/\"},{\"@type\":\"ListItem\",\"position\":2,\"name\":\"LafargeHolcim Maroc: +4MMDH de CA \u00e0 fin juin\"}]},{\"@type\":\"WebSite\",\"@id\":\"https:\/\/www.mediaplateforme.com\/fr\/#website\",\"url\":\"https:\/\/www.mediaplateforme.com\/fr\/\",\"name\":\"MEDIA PLATEFORME | FR\",\"description\":\"Mediaplateforme sp\u00e9cialis\u00e9 dans la communication institutions publiques et des entreprises\",\"potentialAction\":[{\"@type\":\"SearchAction\",\"target\":{\"@type\":\"EntryPoint\",\"urlTemplate\":\"https:\/\/www.mediaplateforme.com\/fr\/?s={search_term_string}\"},\"query-input\":\"required name=search_term_string\"}],\"inLanguage\":\"fr-FR\"},{\"@type\":\"Person\",\"@id\":\"https:\/\/www.mediaplateforme.com\/fr\/#\/schema\/person\/89833db382b5db2c76b094bc902aa12a\",\"name\":\"Mediaplateforme\",\"image\":{\"@type\":\"ImageObject\",\"inLanguage\":\"fr-FR\",\"@id\":\"https:\/\/www.mediaplateforme.com\/fr\/#\/schema\/person\/image\/\",\"url\":\"https:\/\/secure.gravatar.com\/avatar\/6c9c02e8928cc65d54bf75157f7b3a2d06d7ad0494ca0951f679552ff03b34c1?s=96&d=mm&r=g\",\"contentUrl\":\"https:\/\/secure.gravatar.com\/avatar\/6c9c02e8928cc65d54bf75157f7b3a2d06d7ad0494ca0951f679552ff03b34c1?s=96&d=mm&r=g\",\"caption\":\"Mediaplateforme\"},\"sameAs\":[\"https:\/\/www.mediaplateforme.com\"],\"url\":\"https:\/\/www.mediaplateforme.com\/fr\/author\/mohamedladib\/\"}]}<\/script>\n<!-- \/ Yoast SEO plugin. -->","yoast_head_json":{"title":"LafargeHolcim Maroc: +4MMDH de CA \u00e0 fin juin - MEDIA PLATEFORME | FR","description":"Le chiffre d\u2019affaires (CA) consolid\u00e9 de LafargeHolcim Maroc s\u2019est \u00e9lev\u00e9 \u00e0 plus de 4 milliards de dirhams (MMDH) \u00e0 fin juin dernier,","robots":{"index":"index","follow":"follow","max-snippet":"max-snippet:-1","max-image-preview":"max-image-preview:large","max-video-preview":"max-video-preview:-1"},"canonical":"https:\/\/www.mediaplateforme.com\/fr\/lafargeholcim-maroc-4mmdh-de-ca-a-fin-juin\/","og_locale":"fr_FR","og_type":"article","og_title":"LafargeHolcim Maroc: +4MMDH de CA \u00e0 fin juin - MEDIA PLATEFORME | FR","og_description":"Le chiffre d\u2019affaires (CA) consolid\u00e9 de LafargeHolcim Maroc s\u2019est \u00e9lev\u00e9 \u00e0 plus de 4 milliards de dirhams (MMDH) \u00e0 fin juin dernier,","og_url":"https:\/\/www.mediaplateforme.com\/fr\/lafargeholcim-maroc-4mmdh-de-ca-a-fin-juin\/","og_site_name":"MEDIA PLATEFORME | FR","article_published_time":"2022-09-02T10:46:43+00:00","og_image":[{"width":740,"height":449,"url":"https:\/\/www.mediaplateforme.com\/fr\/wp-content\/uploads\/sites\/5\/2022\/06\/lafarge-holcim-agadir.jpg","type":"image\/jpeg"}],"author":"Mediaplateforme","twitter_card":"summary_large_image","twitter_misc":{"\u00c9crit par":"Mediaplateforme","Dur\u00e9e de lecture estim\u00e9e":"1 minute"},"schema":{"@context":"https:\/\/schema.org","@graph":[{"@type":"WebPage","@id":"https:\/\/www.mediaplateforme.com\/fr\/lafargeholcim-maroc-4mmdh-de-ca-a-fin-juin\/","url":"https:\/\/www.mediaplateforme.com\/fr\/lafargeholcim-maroc-4mmdh-de-ca-a-fin-juin\/","name":"LafargeHolcim Maroc: +4MMDH de CA \u00e0 fin juin - MEDIA PLATEFORME | FR","isPartOf":{"@id":"https:\/\/www.mediaplateforme.com\/fr\/#website"},"datePublished":"2022-09-02T10:46:43+00:00","dateModified":"2022-09-02T10:46:43+00:00","author":{"@id":"https:\/\/www.mediaplateforme.com\/fr\/#\/schema\/person\/89833db382b5db2c76b094bc902aa12a"},"description":"Le chiffre d\u2019affaires (CA) consolid\u00e9 de LafargeHolcim Maroc s\u2019est \u00e9lev\u00e9 \u00e0 plus de 4 milliards de dirhams (MMDH) \u00e0 fin juin dernier,","breadcrumb":{"@id":"https:\/\/www.mediaplateforme.com\/fr\/lafargeholcim-maroc-4mmdh-de-ca-a-fin-juin\/#breadcrumb"},"inLanguage":"fr-FR","potentialAction":[{"@type":"ReadAction","target":["https:\/\/www.mediaplateforme.com\/fr\/lafargeholcim-maroc-4mmdh-de-ca-a-fin-juin\/"]}]},{"@type":"BreadcrumbList","@id":"https:\/\/www.mediaplateforme.com\/fr\/lafargeholcim-maroc-4mmdh-de-ca-a-fin-juin\/#breadcrumb","itemListElement":[{"@type":"ListItem","position":1,"name":"\u0627\u0644\u0631\u0626\u064a\u0633\u064a\u0629","item":"https:\/\/www.mediaplateforme.com\/fr\/"},{"@type":"ListItem","position":2,"name":"LafargeHolcim Maroc: +4MMDH de CA \u00e0 fin juin"}]},{"@type":"WebSite","@id":"https:\/\/www.mediaplateforme.com\/fr\/#website","url":"https:\/\/www.mediaplateforme.com\/fr\/","name":"MEDIA PLATEFORME | FR","description":"Mediaplateforme sp\u00e9cialis\u00e9 dans la communication institutions publiques et des entreprises","potentialAction":[{"@type":"SearchAction","target":{"@type":"EntryPoint","urlTemplate":"https:\/\/www.mediaplateforme.com\/fr\/?s={search_term_string}"},"query-input":"required name=search_term_string"}],"inLanguage":"fr-FR"},{"@type":"Person","@id":"https:\/\/www.mediaplateforme.com\/fr\/#\/schema\/person\/89833db382b5db2c76b094bc902aa12a","name":"Mediaplateforme","image":{"@type":"ImageObject","inLanguage":"fr-FR","@id":"https:\/\/www.mediaplateforme.com\/fr\/#\/schema\/person\/image\/","url":"https:\/\/secure.gravatar.com\/avatar\/6c9c02e8928cc65d54bf75157f7b3a2d06d7ad0494ca0951f679552ff03b34c1?s=96&d=mm&r=g","contentUrl":"https:\/\/secure.gravatar.com\/avatar\/6c9c02e8928cc65d54bf75157f7b3a2d06d7ad0494ca0951f679552ff03b34c1?s=96&d=mm&r=g","caption":"Mediaplateforme"},"sameAs":["https:\/\/www.mediaplateforme.com"],"url":"https:\/\/www.mediaplateforme.com\/fr\/author\/mohamedladib\/"}]}},"_links":{"self":[{"href":"https:\/\/www.mediaplateforme.com\/fr\/wp-json\/wp\/v2\/posts\/907","targetHints":{"allow":["GET"]}}],"collection":[{"href":"https:\/\/www.mediaplateforme.com\/fr\/wp-json\/wp\/v2\/posts"}],"about":[{"href":"https:\/\/www.mediaplateforme.com\/fr\/wp-json\/wp\/v2\/types\/post"}],"author":[{"embeddable":true,"href":"https:\/\/www.mediaplateforme.com\/fr\/wp-json\/wp\/v2\/users\/1"}],"replies":[{"embeddable":true,"href":"https:\/\/www.mediaplateforme.com\/fr\/wp-json\/wp\/v2\/comments?post=907"}],"version-history":[{"count":1,"href":"https:\/\/www.mediaplateforme.com\/fr\/wp-json\/wp\/v2\/posts\/907\/revisions"}],"predecessor-version":[{"id":908,"href":"https:\/\/www.mediaplateforme.com\/fr\/wp-json\/wp\/v2\/posts\/907\/revisions\/908"}],"wp:featuredmedia":[{"embeddable":true,"href":"https:\/\/www.mediaplateforme.com\/fr\/wp-json\/wp\/v2\/media\/185"}],"wp:attachment":[{"href":"https:\/\/www.mediaplateforme.com\/fr\/wp-json\/wp\/v2\/media?parent=907"}],"wp:term":[{"taxonomy":"category","embeddable":true,"href":"https:\/\/www.mediaplateforme.com\/fr\/wp-json\/wp\/v2\/categories?post=907"},{"taxonomy":"post_tag","embeddable":true,"href":"https:\/\/www.mediaplateforme.com\/fr\/wp-json\/wp\/v2\/tags?post=907"}],"curies":[{"name":"wp","href":"https:\/\/api.w.org\/{rel}","templated":true}]}}