{"id":88,"date":"2022-06-22T21:14:59","date_gmt":"2022-06-22T20:14:59","guid":{"rendered":"https:\/\/www.mediaplateforme.com\/fr\/?p=88"},"modified":"2022-06-22T21:14:59","modified_gmt":"2022-06-22T20:14:59","slug":"lancement-de-la-2e-edition-du-salon-immogallery-a-anfa-park","status":"publish","type":"post","link":"https:\/\/www.mediaplateforme.com\/fr\/lancement-de-la-2e-edition-du-salon-immogallery-a-anfa-park\/","title":{"rendered":"LANCEMENT DE LA 2e EDITION DU SALON IMMOGALLERY \u00c0 ANFA PARK"},"content":{"rendered":"<p>La F\u00e9d\u00e9ration Nationale des Promoteurs Immobiliers (FNPI) annonce l\u2019ouverture de la 2\u00e8me \u00e9dition du salon de l\u2019immobilier de standing IMMOGALLERY, du 21 au 30 juin 2022 \u00e0 Anfa Park. IMMOGALLERY a pour objectif d\u2019\u00eatre le carrefour annuel d\u2019un secteur cl\u00e9 de l\u2019\u00e9conomie marocaine, repr\u00e9sentant pr\u00e8s de 6% du PIB national et plus de 10% de l\u2019emploi total au Maroc.<\/p>\n<p>Pour cette deuxi\u00e8me \u00e9dition, le salon de l\u2019immobilier de standing IMMOGALLERY se tient au village Casa Anfa \u00e0 Anfa Park. L\u2019\u00e9v\u00e8nement compte une trentaine d\u2019exposants et vise \u00e0 accueillir environ 1 500 visiteurs par jour. Le salon se veut un lieu d\u2019\u00e9change et de r\u00e9flexion sur les grands enjeux du secteur immobilier au Maroc. Plusieurs nouveaut\u00e9s sont incluses \u00e0 la programmation du salon de cette nouvelle \u00e9dition : une s\u00e9rie d\u2019animations musicales pour encourager les jeunes talents marocains, une market place de cr\u00e9ateurs, une gaming zone, et un espace de restauration de cuisine du monde.<\/p>\n<p>\u00ab Je suis fier de voir que les promoteurs immobiliers ont r\u00e9pondu pr\u00e9sents \u00e0 cette seconde \u00e9dition. IMMOGALLERY confirme son statut de rendez-vous majeur de l\u2019immobilier de standing au Maroc. Dans un contexte marqu\u00e9 par des incertitudes, il est important de pr\u00e9senter les nombreuses opportunit\u00e9s d\u2019investissement dans l\u2019immobilier, un secteur reconnu pour sa r\u00e9silience \u00bb a d\u00e9clar\u00e9 M. Taoufik Kamil, Pr\u00e9sident de la FNPI.<\/p>\n<p>Le salon de l\u2019immobilier de standing IMMOGALLERY s\u2019inscrit dans l\u2019accompagnement de la dynamique du secteur de l\u2019immobilier pour faciliter la rencontre entre promoteurs et futurs acheteurs ou locataires. Les principaux promoteurs immobiliers du Maroc pr\u00e9sentent, \u00e0 la vente ou \u00e0 la location, leurs projets r\u00e9sidentiels, baln\u00e9aires et professionnels. Des offres sp\u00e9ciales d\u2019achat et de location de biens immobiliers sont propos\u00e9es.<\/p>\n<p>&nbsp;<\/p>\n<h3>A propos de la FNPI<\/h3>\n<p>&nbsp;<\/p>\n<p>La F\u00e9d\u00e9ration Nationale des Promoteurs Immobiliers a \u00e9t\u00e9 cr\u00e9\u00e9e le 18 novembre 2006, fruit de la r\u00e9unification des principaux promoteurs immobiliers du Royaume. L\u2019activit\u00e9 de la FNPI s\u2019articule autour de deux principaux axes : repr\u00e9senter et d\u00e9fendre, au sein de toute association nationale ou internationale et aupr\u00e8s de tout organisme priv\u00e9 ou public, les int\u00e9r\u00eats de ses membres, et promouvoir et organiser toute activit\u00e9 qui tend \u00e0 professionnaliser le secteur et faire acqu\u00e9rir \u00e0 ses membres la ma\u00eetrise de techniques mises en \u0153uvre dans les domaines de leurs activit\u00e9s respectives.<\/p>\n","protected":false},"excerpt":{"rendered":"<p>La F\u00e9d\u00e9ration Nationale des Promoteurs Immobiliers (FNPI) annonce l\u2019ouverture de la 2\u00e8me \u00e9dition du salon<\/p>\n","protected":false},"author":1,"featured_media":89,"comment_status":"open","ping_status":"open","sticky":false,"template":"","format":"standard","meta":{"_acf_changed":false,"footnotes":""},"categories":[4,3],"tags":[29],"class_list":["post-88","post","type-post","status-publish","format-standard","has-post-thumbnail","hentry","category-economie","category-nouvelles-selectionnees","tag-fnpi"],"acf":[],"yoast_head":"<!-- This site is optimized with the Yoast SEO plugin v22.0 - https:\/\/yoast.com\/wordpress\/plugins\/seo\/ -->\n<title>LANCEMENT DE LA 2e EDITION DU SALON IMMOGALLERY \u00c0 ANFA PARK - MEDIA PLATEFORME | FR<\/title>\n<meta name=\"description\" content=\"La F\u00e9d\u00e9ration (FNPI) annonce l\u2019ouverture de la 2\u00e8me \u00e9dition du salon de l\u2019immobilier de standing IMMOGALLERY,\" \/>\n<meta name=\"robots\" content=\"index, follow, max-snippet:-1, max-image-preview:large, max-video-preview:-1\" \/>\n<link rel=\"canonical\" href=\"https:\/\/www.mediaplateforme.com\/fr\/lancement-de-la-2e-edition-du-salon-immogallery-a-anfa-park\/\" \/>\n<meta property=\"og:locale\" content=\"fr_FR\" \/>\n<meta property=\"og:type\" content=\"article\" \/>\n<meta property=\"og:title\" content=\"LANCEMENT DE LA 2e EDITION DU SALON IMMOGALLERY \u00c0 ANFA PARK - MEDIA PLATEFORME | FR\" \/>\n<meta property=\"og:description\" content=\"La F\u00e9d\u00e9ration (FNPI) annonce l\u2019ouverture de la 2\u00e8me \u00e9dition du salon de l\u2019immobilier de standing IMMOGALLERY,\" \/>\n<meta property=\"og:url\" content=\"https:\/\/www.mediaplateforme.com\/fr\/lancement-de-la-2e-edition-du-salon-immogallery-a-anfa-park\/\" \/>\n<meta property=\"og:site_name\" content=\"MEDIA PLATEFORME | FR\" \/>\n<meta property=\"article:published_time\" content=\"2022-06-22T20:14:59+00:00\" \/>\n<meta property=\"og:image\" content=\"https:\/\/www.mediaplateforme.com\/fr\/wp-content\/uploads\/sites\/5\/2022\/06\/Image-2022-06-21-at-19.11.39.jpeg\" \/>\n\t<meta property=\"og:image:width\" content=\"1600\" \/>\n\t<meta property=\"og:image:height\" content=\"1062\" \/>\n\t<meta property=\"og:image:type\" content=\"image\/jpeg\" \/>\n<meta name=\"author\" content=\"Mediaplateforme\" \/>\n<meta name=\"twitter:card\" content=\"summary_large_image\" \/>\n<meta name=\"twitter:label1\" content=\"\u00c9crit par\" \/>\n\t<meta name=\"twitter:data1\" content=\"Mediaplateforme\" \/>\n\t<meta name=\"twitter:label2\" content=\"Dur\u00e9e de lecture estim\u00e9e\" \/>\n\t<meta name=\"twitter:data2\" content=\"2 minutes\" \/>\n<script type=\"application\/ld+json\" class=\"yoast-schema-graph\">{\"@context\":\"https:\/\/schema.org\",\"@graph\":[{\"@type\":\"WebPage\",\"@id\":\"https:\/\/www.mediaplateforme.com\/fr\/lancement-de-la-2e-edition-du-salon-immogallery-a-anfa-park\/\",\"url\":\"https:\/\/www.mediaplateforme.com\/fr\/lancement-de-la-2e-edition-du-salon-immogallery-a-anfa-park\/\",\"name\":\"LANCEMENT DE LA 2e EDITION DU SALON IMMOGALLERY \u00c0 ANFA PARK - MEDIA PLATEFORME | FR\",\"isPartOf\":{\"@id\":\"https:\/\/www.mediaplateforme.com\/fr\/#website\"},\"datePublished\":\"2022-06-22T20:14:59+00:00\",\"dateModified\":\"2022-06-22T20:14:59+00:00\",\"author\":{\"@id\":\"https:\/\/www.mediaplateforme.com\/fr\/#\/schema\/person\/89833db382b5db2c76b094bc902aa12a\"},\"description\":\"La F\u00e9d\u00e9ration (FNPI) annonce l\u2019ouverture de la 2\u00e8me \u00e9dition du salon de l\u2019immobilier de standing IMMOGALLERY,\",\"breadcrumb\":{\"@id\":\"https:\/\/www.mediaplateforme.com\/fr\/lancement-de-la-2e-edition-du-salon-immogallery-a-anfa-park\/#breadcrumb\"},\"inLanguage\":\"fr-FR\",\"potentialAction\":[{\"@type\":\"ReadAction\",\"target\":[\"https:\/\/www.mediaplateforme.com\/fr\/lancement-de-la-2e-edition-du-salon-immogallery-a-anfa-park\/\"]}]},{\"@type\":\"BreadcrumbList\",\"@id\":\"https:\/\/www.mediaplateforme.com\/fr\/lancement-de-la-2e-edition-du-salon-immogallery-a-anfa-park\/#breadcrumb\",\"itemListElement\":[{\"@type\":\"ListItem\",\"position\":1,\"name\":\"\u0627\u0644\u0631\u0626\u064a\u0633\u064a\u0629\",\"item\":\"https:\/\/www.mediaplateforme.com\/fr\/\"},{\"@type\":\"ListItem\",\"position\":2,\"name\":\"LANCEMENT DE LA 2e EDITION DU SALON IMMOGALLERY \u00c0 ANFA PARK\"}]},{\"@type\":\"WebSite\",\"@id\":\"https:\/\/www.mediaplateforme.com\/fr\/#website\",\"url\":\"https:\/\/www.mediaplateforme.com\/fr\/\",\"name\":\"MEDIA PLATEFORME | FR\",\"description\":\"Mediaplateforme sp\u00e9cialis\u00e9 dans la communication institutions publiques et des entreprises\",\"potentialAction\":[{\"@type\":\"SearchAction\",\"target\":{\"@type\":\"EntryPoint\",\"urlTemplate\":\"https:\/\/www.mediaplateforme.com\/fr\/?s={search_term_string}\"},\"query-input\":\"required name=search_term_string\"}],\"inLanguage\":\"fr-FR\"},{\"@type\":\"Person\",\"@id\":\"https:\/\/www.mediaplateforme.com\/fr\/#\/schema\/person\/89833db382b5db2c76b094bc902aa12a\",\"name\":\"Mediaplateforme\",\"image\":{\"@type\":\"ImageObject\",\"inLanguage\":\"fr-FR\",\"@id\":\"https:\/\/www.mediaplateforme.com\/fr\/#\/schema\/person\/image\/\",\"url\":\"https:\/\/secure.gravatar.com\/avatar\/6c9c02e8928cc65d54bf75157f7b3a2d06d7ad0494ca0951f679552ff03b34c1?s=96&d=mm&r=g\",\"contentUrl\":\"https:\/\/secure.gravatar.com\/avatar\/6c9c02e8928cc65d54bf75157f7b3a2d06d7ad0494ca0951f679552ff03b34c1?s=96&d=mm&r=g\",\"caption\":\"Mediaplateforme\"},\"sameAs\":[\"https:\/\/www.mediaplateforme.com\"],\"url\":\"https:\/\/www.mediaplateforme.com\/fr\/author\/mohamedladib\/\"}]}<\/script>\n<!-- \/ Yoast SEO plugin. -->","yoast_head_json":{"title":"LANCEMENT DE LA 2e EDITION DU SALON IMMOGALLERY \u00c0 ANFA PARK - MEDIA PLATEFORME | FR","description":"La F\u00e9d\u00e9ration (FNPI) annonce l\u2019ouverture de la 2\u00e8me \u00e9dition du salon de l\u2019immobilier de standing IMMOGALLERY,","robots":{"index":"index","follow":"follow","max-snippet":"max-snippet:-1","max-image-preview":"max-image-preview:large","max-video-preview":"max-video-preview:-1"},"canonical":"https:\/\/www.mediaplateforme.com\/fr\/lancement-de-la-2e-edition-du-salon-immogallery-a-anfa-park\/","og_locale":"fr_FR","og_type":"article","og_title":"LANCEMENT DE LA 2e EDITION DU SALON IMMOGALLERY \u00c0 ANFA PARK - MEDIA PLATEFORME | FR","og_description":"La F\u00e9d\u00e9ration (FNPI) annonce l\u2019ouverture de la 2\u00e8me \u00e9dition du salon de l\u2019immobilier de standing IMMOGALLERY,","og_url":"https:\/\/www.mediaplateforme.com\/fr\/lancement-de-la-2e-edition-du-salon-immogallery-a-anfa-park\/","og_site_name":"MEDIA PLATEFORME | FR","article_published_time":"2022-06-22T20:14:59+00:00","og_image":[{"width":1600,"height":1062,"url":"https:\/\/www.mediaplateforme.com\/fr\/wp-content\/uploads\/sites\/5\/2022\/06\/Image-2022-06-21-at-19.11.39.jpeg","type":"image\/jpeg"}],"author":"Mediaplateforme","twitter_card":"summary_large_image","twitter_misc":{"\u00c9crit par":"Mediaplateforme","Dur\u00e9e de lecture estim\u00e9e":"2 minutes"},"schema":{"@context":"https:\/\/schema.org","@graph":[{"@type":"WebPage","@id":"https:\/\/www.mediaplateforme.com\/fr\/lancement-de-la-2e-edition-du-salon-immogallery-a-anfa-park\/","url":"https:\/\/www.mediaplateforme.com\/fr\/lancement-de-la-2e-edition-du-salon-immogallery-a-anfa-park\/","name":"LANCEMENT DE LA 2e EDITION DU SALON IMMOGALLERY \u00c0 ANFA PARK - MEDIA PLATEFORME | FR","isPartOf":{"@id":"https:\/\/www.mediaplateforme.com\/fr\/#website"},"datePublished":"2022-06-22T20:14:59+00:00","dateModified":"2022-06-22T20:14:59+00:00","author":{"@id":"https:\/\/www.mediaplateforme.com\/fr\/#\/schema\/person\/89833db382b5db2c76b094bc902aa12a"},"description":"La F\u00e9d\u00e9ration (FNPI) annonce l\u2019ouverture de la 2\u00e8me \u00e9dition du salon de l\u2019immobilier de standing IMMOGALLERY,","breadcrumb":{"@id":"https:\/\/www.mediaplateforme.com\/fr\/lancement-de-la-2e-edition-du-salon-immogallery-a-anfa-park\/#breadcrumb"},"inLanguage":"fr-FR","potentialAction":[{"@type":"ReadAction","target":["https:\/\/www.mediaplateforme.com\/fr\/lancement-de-la-2e-edition-du-salon-immogallery-a-anfa-park\/"]}]},{"@type":"BreadcrumbList","@id":"https:\/\/www.mediaplateforme.com\/fr\/lancement-de-la-2e-edition-du-salon-immogallery-a-anfa-park\/#breadcrumb","itemListElement":[{"@type":"ListItem","position":1,"name":"\u0627\u0644\u0631\u0626\u064a\u0633\u064a\u0629","item":"https:\/\/www.mediaplateforme.com\/fr\/"},{"@type":"ListItem","position":2,"name":"LANCEMENT DE LA 2e EDITION DU SALON IMMOGALLERY \u00c0 ANFA PARK"}]},{"@type":"WebSite","@id":"https:\/\/www.mediaplateforme.com\/fr\/#website","url":"https:\/\/www.mediaplateforme.com\/fr\/","name":"MEDIA PLATEFORME | FR","description":"Mediaplateforme sp\u00e9cialis\u00e9 dans la communication institutions publiques et des entreprises","potentialAction":[{"@type":"SearchAction","target":{"@type":"EntryPoint","urlTemplate":"https:\/\/www.mediaplateforme.com\/fr\/?s={search_term_string}"},"query-input":"required name=search_term_string"}],"inLanguage":"fr-FR"},{"@type":"Person","@id":"https:\/\/www.mediaplateforme.com\/fr\/#\/schema\/person\/89833db382b5db2c76b094bc902aa12a","name":"Mediaplateforme","image":{"@type":"ImageObject","inLanguage":"fr-FR","@id":"https:\/\/www.mediaplateforme.com\/fr\/#\/schema\/person\/image\/","url":"https:\/\/secure.gravatar.com\/avatar\/6c9c02e8928cc65d54bf75157f7b3a2d06d7ad0494ca0951f679552ff03b34c1?s=96&d=mm&r=g","contentUrl":"https:\/\/secure.gravatar.com\/avatar\/6c9c02e8928cc65d54bf75157f7b3a2d06d7ad0494ca0951f679552ff03b34c1?s=96&d=mm&r=g","caption":"Mediaplateforme"},"sameAs":["https:\/\/www.mediaplateforme.com"],"url":"https:\/\/www.mediaplateforme.com\/fr\/author\/mohamedladib\/"}]}},"_links":{"self":[{"href":"https:\/\/www.mediaplateforme.com\/fr\/wp-json\/wp\/v2\/posts\/88","targetHints":{"allow":["GET"]}}],"collection":[{"href":"https:\/\/www.mediaplateforme.com\/fr\/wp-json\/wp\/v2\/posts"}],"about":[{"href":"https:\/\/www.mediaplateforme.com\/fr\/wp-json\/wp\/v2\/types\/post"}],"author":[{"embeddable":true,"href":"https:\/\/www.mediaplateforme.com\/fr\/wp-json\/wp\/v2\/users\/1"}],"replies":[{"embeddable":true,"href":"https:\/\/www.mediaplateforme.com\/fr\/wp-json\/wp\/v2\/comments?post=88"}],"version-history":[{"count":0,"href":"https:\/\/www.mediaplateforme.com\/fr\/wp-json\/wp\/v2\/posts\/88\/revisions"}],"wp:featuredmedia":[{"embeddable":true,"href":"https:\/\/www.mediaplateforme.com\/fr\/wp-json\/wp\/v2\/media\/89"}],"wp:attachment":[{"href":"https:\/\/www.mediaplateforme.com\/fr\/wp-json\/wp\/v2\/media?parent=88"}],"wp:term":[{"taxonomy":"category","embeddable":true,"href":"https:\/\/www.mediaplateforme.com\/fr\/wp-json\/wp\/v2\/categories?post=88"},{"taxonomy":"post_tag","embeddable":true,"href":"https:\/\/www.mediaplateforme.com\/fr\/wp-json\/wp\/v2\/tags?post=88"}],"curies":[{"name":"wp","href":"https:\/\/api.w.org\/{rel}","templated":true}]}}