{"id":84,"date":"2022-06-22T21:04:01","date_gmt":"2022-06-22T20:04:01","guid":{"rendered":"https:\/\/www.mediaplateforme.com\/fr\/?p=84"},"modified":"2022-06-23T10:22:07","modified_gmt":"2022-06-23T09:22:07","slug":"les-initiatives-eco-responsables-de-lg-pour-un-avenir-meilleur","status":"publish","type":"post","link":"https:\/\/www.mediaplateforme.com\/fr\/les-initiatives-eco-responsables-de-lg-pour-un-avenir-meilleur\/","title":{"rendered":"Les initiatives \u00e9co-responsables de LG pour un avenir meilleur"},"content":{"rendered":"<p>Selon une \u00e9tude sur la sant\u00e9 et le bien-\u00eatre mondiaux men\u00e9e par NielsenIQ l&rsquo;ann\u00e9e derni\u00e8re, la sensibilisation des gens aux questions environnementales et aux effets n\u00e9gatifs qu&rsquo;elles peuvent avoir sur notre sant\u00e9 collective, aujourd&rsquo;hui et \u00e0 l&rsquo;avenir, n&rsquo;a jamais \u00e9t\u00e9 aussi forte. 1<\/p>\n<p>Conscients de la menace que repr\u00e9sentent le changement climatique et le r\u00e9chauffement de la plan\u00e8te, de plus en plus de personnes se sont engag\u00e9es \u00e0 recycler, \u00e0 r\u00e9duire les d\u00e9chets m\u00e9nagers et \u00e0 choisir des produits de marques qui partagent leur pr\u00e9occupation pour l&rsquo;environnement. LG, une entreprise qui continue de donner la priorit\u00e9 \u00e0 la sant\u00e9 de la plan\u00e8te, cherche activement des solutions aux probl\u00e8mes mondiaux li\u00e9s au climat, en tirant parti de ses technologies de pointe pour r\u00e9duire les \u00e9missions de carbone et de gaz \u00e0 effet de serre tout en augmentant l&rsquo;efficacit\u00e9 \u00e9nerg\u00e9tique.<\/p>\n<p>&nbsp;<\/p>\n<h3>R\u00e9duction des \u00e9missions du processus de fabrication<\/h3>\n<p>&nbsp;<\/p>\n<p>Annonc\u00e9e pour la premi\u00e8re fois en 2019, l&rsquo;initiative Zero Carbon 2030 de LG vise \u00e0 r\u00e9duire de 50 % (par rapport aux niveaux de 2017) la quantit\u00e9 totale d&rsquo;\u00e9missions de carbone directes et indirectes g\u00e9n\u00e9r\u00e9es au cours du processus de production. En plus de son initiative 2030 de grande envergure, LG est devenue l&rsquo;ann\u00e9e derni\u00e8re la premi\u00e8re entreprise cor\u00e9enne \u00e0 rejoindre la campagne Business Ambition for 1,5\u00b0C, qui unit les entreprises et les agences gouvernementales dans un effort mondial pour atteindre le \u00a0\u00bb net z\u00e9ro \u00ab\u00a0. Les objectifs de la campagne reposent sur des donn\u00e9es scientifiques \u00e9tablies par l&rsquo;initiative Science Based Targets (SBTi) et comprennent la r\u00e9duction des \u00e9missions de gaz \u00e0 effet de serre (GES).<\/p>\n<p>Dans cette optique, LG a d\u00e9j\u00e0 r\u00e9alis\u00e9 des progr\u00e8s consid\u00e9rables dans la r\u00e9duction des \u00e9missions de GES tout au long du processus de fabrication des appareils m\u00e9nagers. Le LG Smart Park de Changwon, d\u00e9sign\u00e9 comme une usine phare par le Forum \u00e9conomique mondial, joue un r\u00f4le majeur dans la r\u00e9duction des \u00e9missions de GES pendant la production, tout en augmentant l&rsquo;efficacit\u00e9 \u00e9nerg\u00e9tique de 30 % par rapport \u00e0 l&rsquo;ancienne usine de Changwon. Parmi les nombreuses innovations du LG Smart Park qui contribuent \u00e0 r\u00e9duire l&#8217;empreinte \u00e9nerg\u00e9tique de l&rsquo;entreprise figurent des solutions de gestion de l&rsquo;\u00e9nergie de pointe telles que le syst\u00e8me de stockage de l&rsquo;\u00e9nergie (ESS) et le contr\u00f4le de l&rsquo;\u00e9nergie des b\u00e2timents (BECON).<\/p>\n<p>&nbsp;<\/p>\n<h3>R\u00e9duction de l&rsquo;utilisation des ressources avec la technologie Inverter de LG<\/h3>\n<p>&nbsp;<\/p>\n<p>LG s&rsquo;engage \u00e9galement \u00e0 aider les consommateurs \u00e0 adopter un mode de vie plus respectueux de l&rsquo;environnement en limitant les \u00e9missions de gaz \u00e0 effet de serre et en am\u00e9liorant l&rsquo;efficacit\u00e9 \u00e9nerg\u00e9tique lors de l&rsquo;utilisation r\u00e9elle de ses appareils domestiques. Les r\u00e9frig\u00e9rateurs, les lave-linge, les s\u00e8che-linge et les climatiseurs LG qui adoptent la c\u00e9l\u00e8bre technologie Inverter de l&rsquo;entreprise optimisent la consommation d&rsquo;\u00e9lectricit\u00e9 en offrant un fonctionnement tr\u00e8s efficace.<\/p>\n<p>Utilisant moins d&rsquo;\u00e9nergie que les compresseurs de r\u00e9frig\u00e9rateurs conventionnels3 , le compresseur lin\u00e9aire inverseur de la soci\u00e9t\u00e9 a \u00e9galement \u00e9t\u00e9 r\u00e9compens\u00e9 par le prix ENERGY STAR Emerging Technology Award pour la r\u00e9duction des \u00e9missions de gaz. 4<\/p>\n<p>&nbsp;<\/p>\n<p>&nbsp;<\/p>\n<h3>Emballages \u00e9coresponsables et plastiques recycl\u00e9s<\/h3>\n<p>&nbsp;<\/p>\n<p>Apporter des changements respectueux de l&rsquo;environnement \u00e0 l&#8217;emballage des produits peut \u00e9galement contribuer \u00e0 prot\u00e9ger notre plan\u00e8te. LG a \u00e9labor\u00e9 ses propres lignes directrices en mati\u00e8re de conception d&#8217;emballages afin de r\u00e9duire les d\u00e9chets et de s&rsquo;\u00e9loigner des mat\u00e9riaux susceptibles de nuire \u00e0 la Terre et \u00e0 la sant\u00e9 des personnes. Ces directives prescrivent une utilisation plus minimale des mat\u00e9riaux d&#8217;emballage afin de r\u00e9duire le volume global de l&#8217;emballage et r\u00e9v\u00e8lent l&rsquo;importance accrue accord\u00e9e par l&rsquo;entreprise \u00e0 la r\u00e9utilisation et au recyclage. Tous les appareils \u00e9lectrom\u00e9nagers LG seront bient\u00f4t dot\u00e9s d&rsquo;un emballage respectueux de l&rsquo;environnement. L&rsquo;entreprise a d\u00e9j\u00e0 r\u00e9duit de 19 tonnes sa consommation annuelle de polystyr\u00e8ne en adoptant un emballage en polypropyl\u00e8ne pour les unit\u00e9s ext\u00e9rieures de ses syst\u00e8mes de climatisation.<\/p>\n<p>Gr\u00e2ce \u00e0 diverses initiatives, solutions et technologies de pointe, LG continuera \u00e0 r\u00e9duire son impact sur l&rsquo;environnement et \u00e0 contribuer \u00e0 cr\u00e9er un meilleur avenir pour tous.<\/p>\n<p>&nbsp;<\/p>\n<h3>\u00c0 propos de LG Electronics Maroc<\/h3>\n<p>La marque LG a \u00e9t\u00e9 cr\u00e9\u00e9e en 1998. La soci\u00e9t\u00e9 est un leader mondial en \u00e9lectronique, en information et en produits de communication. Elle compte plus de 117 centres d&rsquo;affaires r\u00e9partis dans le monde entier.<\/p>\n<p>LG Electronics Maroc est compos\u00e9e de trois divisions op\u00e9rationnelles : \u00e9lectrom\u00e9nagers (HA), Divertissement pour la maison (HE) et Climatisation. La soci\u00e9t\u00e9 a install\u00e9 son si\u00e8ge social au Quartier d\u2019affaires de Sidi Maarouf \u00e0 Casablanca. LG Electronics Maroc s&rsquo;efforce d&rsquo;offrir des produits prim\u00e9s et reconnus pour leur alliance entre style et technologie. Ces produits novateurs comprennent des climatiseurs, des t\u00e9l\u00e9viseurs \u00e0 \u00e9cran plat et des appareils \u00e9lectrom\u00e9nagers.<\/p>\n<p>&nbsp;<\/p>\n<p>&nbsp;<\/p>\n<p>&nbsp;<\/p>\n<p>&nbsp;<\/p>\n<p>&nbsp;<\/p>\n<p>&nbsp;<\/p>\n<p>&nbsp;<\/p>\n<p>&nbsp;<\/p>\n<p>&nbsp;<\/p>\n<p>&nbsp;<\/p>\n<p>&nbsp;<\/p>\n","protected":false},"excerpt":{"rendered":"<p>Selon une \u00e9tude sur la sant\u00e9 et le bien-\u00eatre mondiaux men\u00e9e par NielsenIQ l&rsquo;ann\u00e9e derni\u00e8re,<\/p>\n","protected":false},"author":1,"featured_media":85,"comment_status":"open","ping_status":"open","sticky":false,"template":"","format":"standard","meta":{"_acf_changed":false,"footnotes":""},"categories":[5,3],"tags":[28],"class_list":["post-84","post","type-post","status-publish","format-standard","has-post-thumbnail","hentry","category-tech","category-nouvelles-selectionnees","tag-lg"],"acf":[],"yoast_head":"<!-- This site is optimized with the Yoast SEO plugin v22.0 - https:\/\/yoast.com\/wordpress\/plugins\/seo\/ -->\n<title>Les initiatives \u00e9co-responsables de LG pour un avenir meilleur - MEDIA PLATEFORME | FR<\/title>\n<meta name=\"description\" content=\"Selon une \u00e9tude sur la sant\u00e9 et le bien-\u00eatre mondiaux men\u00e9e par NielsenIQ l&#039;ann\u00e9e derni\u00e8re, la sensibilisation des gens aux questions\" \/>\n<meta name=\"robots\" content=\"index, follow, max-snippet:-1, max-image-preview:large, max-video-preview:-1\" \/>\n<link rel=\"canonical\" href=\"https:\/\/www.mediaplateforme.com\/fr\/les-initiatives-eco-responsables-de-lg-pour-un-avenir-meilleur\/\" \/>\n<meta property=\"og:locale\" content=\"fr_FR\" \/>\n<meta property=\"og:type\" content=\"article\" \/>\n<meta property=\"og:title\" content=\"Les initiatives \u00e9co-responsables de LG pour un avenir meilleur - MEDIA PLATEFORME | FR\" \/>\n<meta property=\"og:description\" content=\"Selon une \u00e9tude sur la sant\u00e9 et le bien-\u00eatre mondiaux men\u00e9e par NielsenIQ l&#039;ann\u00e9e derni\u00e8re, la sensibilisation des gens aux questions\" \/>\n<meta property=\"og:url\" content=\"https:\/\/www.mediaplateforme.com\/fr\/les-initiatives-eco-responsables-de-lg-pour-un-avenir-meilleur\/\" \/>\n<meta property=\"og:site_name\" content=\"MEDIA PLATEFORME | FR\" \/>\n<meta property=\"article:published_time\" content=\"2022-06-22T20:04:01+00:00\" \/>\n<meta property=\"article:modified_time\" content=\"2022-06-23T09:22:07+00:00\" \/>\n<meta property=\"og:image\" content=\"https:\/\/www.mediaplateforme.com\/fr\/wp-content\/uploads\/sites\/5\/2022\/06\/Screenshot_20220622-210041_Gmail.jpg\" \/>\n\t<meta property=\"og:image:width\" content=\"1154\" \/>\n\t<meta property=\"og:image:height\" content=\"718\" \/>\n\t<meta property=\"og:image:type\" content=\"image\/jpeg\" \/>\n<meta name=\"author\" content=\"Mediaplateforme\" \/>\n<meta name=\"twitter:card\" content=\"summary_large_image\" \/>\n<meta name=\"twitter:label1\" content=\"\u00c9crit par\" \/>\n\t<meta name=\"twitter:data1\" content=\"Mediaplateforme\" \/>\n\t<meta name=\"twitter:label2\" content=\"Dur\u00e9e de lecture estim\u00e9e\" \/>\n\t<meta name=\"twitter:data2\" content=\"4 minutes\" \/>\n<script type=\"application\/ld+json\" class=\"yoast-schema-graph\">{\"@context\":\"https:\/\/schema.org\",\"@graph\":[{\"@type\":\"WebPage\",\"@id\":\"https:\/\/www.mediaplateforme.com\/fr\/les-initiatives-eco-responsables-de-lg-pour-un-avenir-meilleur\/\",\"url\":\"https:\/\/www.mediaplateforme.com\/fr\/les-initiatives-eco-responsables-de-lg-pour-un-avenir-meilleur\/\",\"name\":\"Les initiatives \u00e9co-responsables de LG pour un avenir meilleur - MEDIA PLATEFORME | FR\",\"isPartOf\":{\"@id\":\"https:\/\/www.mediaplateforme.com\/fr\/#website\"},\"datePublished\":\"2022-06-22T20:04:01+00:00\",\"dateModified\":\"2022-06-23T09:22:07+00:00\",\"author\":{\"@id\":\"https:\/\/www.mediaplateforme.com\/fr\/#\/schema\/person\/89833db382b5db2c76b094bc902aa12a\"},\"description\":\"Selon une \u00e9tude sur la sant\u00e9 et le bien-\u00eatre mondiaux men\u00e9e par NielsenIQ l'ann\u00e9e derni\u00e8re, la sensibilisation des gens aux questions\",\"breadcrumb\":{\"@id\":\"https:\/\/www.mediaplateforme.com\/fr\/les-initiatives-eco-responsables-de-lg-pour-un-avenir-meilleur\/#breadcrumb\"},\"inLanguage\":\"fr-FR\",\"potentialAction\":[{\"@type\":\"ReadAction\",\"target\":[\"https:\/\/www.mediaplateforme.com\/fr\/les-initiatives-eco-responsables-de-lg-pour-un-avenir-meilleur\/\"]}]},{\"@type\":\"BreadcrumbList\",\"@id\":\"https:\/\/www.mediaplateforme.com\/fr\/les-initiatives-eco-responsables-de-lg-pour-un-avenir-meilleur\/#breadcrumb\",\"itemListElement\":[{\"@type\":\"ListItem\",\"position\":1,\"name\":\"\u0627\u0644\u0631\u0626\u064a\u0633\u064a\u0629\",\"item\":\"https:\/\/www.mediaplateforme.com\/fr\/\"},{\"@type\":\"ListItem\",\"position\":2,\"name\":\"Les initiatives \u00e9co-responsables de LG pour un avenir meilleur\"}]},{\"@type\":\"WebSite\",\"@id\":\"https:\/\/www.mediaplateforme.com\/fr\/#website\",\"url\":\"https:\/\/www.mediaplateforme.com\/fr\/\",\"name\":\"MEDIA PLATEFORME | FR\",\"description\":\"Mediaplateforme sp\u00e9cialis\u00e9 dans la communication institutions publiques et des entreprises\",\"potentialAction\":[{\"@type\":\"SearchAction\",\"target\":{\"@type\":\"EntryPoint\",\"urlTemplate\":\"https:\/\/www.mediaplateforme.com\/fr\/?s={search_term_string}\"},\"query-input\":\"required name=search_term_string\"}],\"inLanguage\":\"fr-FR\"},{\"@type\":\"Person\",\"@id\":\"https:\/\/www.mediaplateforme.com\/fr\/#\/schema\/person\/89833db382b5db2c76b094bc902aa12a\",\"name\":\"Mediaplateforme\",\"image\":{\"@type\":\"ImageObject\",\"inLanguage\":\"fr-FR\",\"@id\":\"https:\/\/www.mediaplateforme.com\/fr\/#\/schema\/person\/image\/\",\"url\":\"https:\/\/secure.gravatar.com\/avatar\/6c9c02e8928cc65d54bf75157f7b3a2d06d7ad0494ca0951f679552ff03b34c1?s=96&d=mm&r=g\",\"contentUrl\":\"https:\/\/secure.gravatar.com\/avatar\/6c9c02e8928cc65d54bf75157f7b3a2d06d7ad0494ca0951f679552ff03b34c1?s=96&d=mm&r=g\",\"caption\":\"Mediaplateforme\"},\"sameAs\":[\"https:\/\/www.mediaplateforme.com\"],\"url\":\"https:\/\/www.mediaplateforme.com\/fr\/author\/mohamedladib\/\"}]}<\/script>\n<!-- \/ Yoast SEO plugin. -->","yoast_head_json":{"title":"Les initiatives \u00e9co-responsables de LG pour un avenir meilleur - MEDIA PLATEFORME | FR","description":"Selon une \u00e9tude sur la sant\u00e9 et le bien-\u00eatre mondiaux men\u00e9e par NielsenIQ l'ann\u00e9e derni\u00e8re, la sensibilisation des gens aux questions","robots":{"index":"index","follow":"follow","max-snippet":"max-snippet:-1","max-image-preview":"max-image-preview:large","max-video-preview":"max-video-preview:-1"},"canonical":"https:\/\/www.mediaplateforme.com\/fr\/les-initiatives-eco-responsables-de-lg-pour-un-avenir-meilleur\/","og_locale":"fr_FR","og_type":"article","og_title":"Les initiatives \u00e9co-responsables de LG pour un avenir meilleur - MEDIA PLATEFORME | FR","og_description":"Selon une \u00e9tude sur la sant\u00e9 et le bien-\u00eatre mondiaux men\u00e9e par NielsenIQ l'ann\u00e9e derni\u00e8re, la sensibilisation des gens aux questions","og_url":"https:\/\/www.mediaplateforme.com\/fr\/les-initiatives-eco-responsables-de-lg-pour-un-avenir-meilleur\/","og_site_name":"MEDIA PLATEFORME | FR","article_published_time":"2022-06-22T20:04:01+00:00","article_modified_time":"2022-06-23T09:22:07+00:00","og_image":[{"width":1154,"height":718,"url":"https:\/\/www.mediaplateforme.com\/fr\/wp-content\/uploads\/sites\/5\/2022\/06\/Screenshot_20220622-210041_Gmail.jpg","type":"image\/jpeg"}],"author":"Mediaplateforme","twitter_card":"summary_large_image","twitter_misc":{"\u00c9crit par":"Mediaplateforme","Dur\u00e9e de lecture estim\u00e9e":"4 minutes"},"schema":{"@context":"https:\/\/schema.org","@graph":[{"@type":"WebPage","@id":"https:\/\/www.mediaplateforme.com\/fr\/les-initiatives-eco-responsables-de-lg-pour-un-avenir-meilleur\/","url":"https:\/\/www.mediaplateforme.com\/fr\/les-initiatives-eco-responsables-de-lg-pour-un-avenir-meilleur\/","name":"Les initiatives \u00e9co-responsables de LG pour un avenir meilleur - MEDIA PLATEFORME | FR","isPartOf":{"@id":"https:\/\/www.mediaplateforme.com\/fr\/#website"},"datePublished":"2022-06-22T20:04:01+00:00","dateModified":"2022-06-23T09:22:07+00:00","author":{"@id":"https:\/\/www.mediaplateforme.com\/fr\/#\/schema\/person\/89833db382b5db2c76b094bc902aa12a"},"description":"Selon une \u00e9tude sur la sant\u00e9 et le bien-\u00eatre mondiaux men\u00e9e par NielsenIQ l'ann\u00e9e derni\u00e8re, la sensibilisation des gens aux questions","breadcrumb":{"@id":"https:\/\/www.mediaplateforme.com\/fr\/les-initiatives-eco-responsables-de-lg-pour-un-avenir-meilleur\/#breadcrumb"},"inLanguage":"fr-FR","potentialAction":[{"@type":"ReadAction","target":["https:\/\/www.mediaplateforme.com\/fr\/les-initiatives-eco-responsables-de-lg-pour-un-avenir-meilleur\/"]}]},{"@type":"BreadcrumbList","@id":"https:\/\/www.mediaplateforme.com\/fr\/les-initiatives-eco-responsables-de-lg-pour-un-avenir-meilleur\/#breadcrumb","itemListElement":[{"@type":"ListItem","position":1,"name":"\u0627\u0644\u0631\u0626\u064a\u0633\u064a\u0629","item":"https:\/\/www.mediaplateforme.com\/fr\/"},{"@type":"ListItem","position":2,"name":"Les initiatives \u00e9co-responsables de LG pour un avenir meilleur"}]},{"@type":"WebSite","@id":"https:\/\/www.mediaplateforme.com\/fr\/#website","url":"https:\/\/www.mediaplateforme.com\/fr\/","name":"MEDIA PLATEFORME | FR","description":"Mediaplateforme sp\u00e9cialis\u00e9 dans la communication institutions publiques et des entreprises","potentialAction":[{"@type":"SearchAction","target":{"@type":"EntryPoint","urlTemplate":"https:\/\/www.mediaplateforme.com\/fr\/?s={search_term_string}"},"query-input":"required name=search_term_string"}],"inLanguage":"fr-FR"},{"@type":"Person","@id":"https:\/\/www.mediaplateforme.com\/fr\/#\/schema\/person\/89833db382b5db2c76b094bc902aa12a","name":"Mediaplateforme","image":{"@type":"ImageObject","inLanguage":"fr-FR","@id":"https:\/\/www.mediaplateforme.com\/fr\/#\/schema\/person\/image\/","url":"https:\/\/secure.gravatar.com\/avatar\/6c9c02e8928cc65d54bf75157f7b3a2d06d7ad0494ca0951f679552ff03b34c1?s=96&d=mm&r=g","contentUrl":"https:\/\/secure.gravatar.com\/avatar\/6c9c02e8928cc65d54bf75157f7b3a2d06d7ad0494ca0951f679552ff03b34c1?s=96&d=mm&r=g","caption":"Mediaplateforme"},"sameAs":["https:\/\/www.mediaplateforme.com"],"url":"https:\/\/www.mediaplateforme.com\/fr\/author\/mohamedladib\/"}]}},"_links":{"self":[{"href":"https:\/\/www.mediaplateforme.com\/fr\/wp-json\/wp\/v2\/posts\/84","targetHints":{"allow":["GET"]}}],"collection":[{"href":"https:\/\/www.mediaplateforme.com\/fr\/wp-json\/wp\/v2\/posts"}],"about":[{"href":"https:\/\/www.mediaplateforme.com\/fr\/wp-json\/wp\/v2\/types\/post"}],"author":[{"embeddable":true,"href":"https:\/\/www.mediaplateforme.com\/fr\/wp-json\/wp\/v2\/users\/1"}],"replies":[{"embeddable":true,"href":"https:\/\/www.mediaplateforme.com\/fr\/wp-json\/wp\/v2\/comments?post=84"}],"version-history":[{"count":0,"href":"https:\/\/www.mediaplateforme.com\/fr\/wp-json\/wp\/v2\/posts\/84\/revisions"}],"wp:featuredmedia":[{"embeddable":true,"href":"https:\/\/www.mediaplateforme.com\/fr\/wp-json\/wp\/v2\/media\/85"}],"wp:attachment":[{"href":"https:\/\/www.mediaplateforme.com\/fr\/wp-json\/wp\/v2\/media?parent=84"}],"wp:term":[{"taxonomy":"category","embeddable":true,"href":"https:\/\/www.mediaplateforme.com\/fr\/wp-json\/wp\/v2\/categories?post=84"},{"taxonomy":"post_tag","embeddable":true,"href":"https:\/\/www.mediaplateforme.com\/fr\/wp-json\/wp\/v2\/tags?post=84"}],"curies":[{"name":"wp","href":"https:\/\/api.w.org\/{rel}","templated":true}]}}