{"id":800,"date":"2022-08-15T10:37:52","date_gmt":"2022-08-15T09:37:52","guid":{"rendered":"https:\/\/www.mediaplateforme.com\/fr\/?p=800"},"modified":"2022-08-15T10:37:52","modified_gmt":"2022-08-15T09:37:52","slug":"maroc-regions-investissement-mre-beni-mellal-khenifra-le-cri-organise-des-webinaires-sur-lecosysteme-daccompagnement-des-investissements-mdm","status":"publish","type":"post","link":"https:\/\/www.mediaplateforme.com\/fr\/maroc-regions-investissement-mre-beni-mellal-khenifra-le-cri-organise-des-webinaires-sur-lecosysteme-daccompagnement-des-investissements-mdm\/","title":{"rendered":"Maroc-R\u00e9gions-Investissement-MRE B\u00e9ni Mellal- Kh\u00e9nifra : le CRI organise des webinaires sur l\u2019\u00e9cosyst\u00e8me d\u2019accompagnement des investissements MDM"},"content":{"rendered":"<p>Centre R\u00e9gional d\u2019Investissement (CRI) B\u00e9ni Mellal-Kh\u00e9nifra organise durant la deuxi\u00e8me quinzaine du mois d\u2019ao\u00fbt, en partenariat avec l\u2019Agence Belge de d\u00e9veloppement (Enabel), une s\u00e9rie de webinaires sur l\u2019\u00e9cosyst\u00e8me d\u2019accompagnement des investissements des Marocains du Monde (MDM).<\/p>\n<p>Ces webinaires seront organis\u00e9s en marge de la c\u00e9l\u00e9bration de la Journ\u00e9e nationale des MRE, dans le cadre du programme \u201cIzdihar MDM\u201d qui vise \u00e0 accompagner les investissements des Marocains du Monde au niveau de la R\u00e9gion B\u00e9ni Mellal-Kh\u00e9nifra.<\/p>\n<p>Ils s\u2019ins\u00e8rent \u00e9galement dans le cadre du projet D\u00e9ploiement des Politiques Migratoires au niveau r\u00e9gional (DEPOMI) financ\u00e9 par l\u2019Union Europ\u00e9enne.<\/p>\n<p>L\u2019organisation de ces webinaires qui couvrent les cinq provinces de la R\u00e9gion B\u00e9ni Mellal-Kh\u00e9nifra sera une occasion pour renforcer les ponts de communication avec les membres de la communaut\u00e9 marocaine \u00e0 l\u2019\u00e9tranger et les porteurs de projets dans la R\u00e9gion et pour informer ces derniers des services qui leur sont d\u00e9di\u00e9s dans le cadre des programmes d&rsquo;accompagnement ainsi que des opportunit\u00e9s d\u2019investissement offertes au niveau r\u00e9gional.<\/p>\n<p>Ces webinaires verront la participation de repr\u00e9sentants des diff\u00e9rents secteurs et institutions concern\u00e9s en vue de susciter une forte adh\u00e9sion et implication des membres de la diaspora marocaine \u00e0 cette initiative.<\/p>\n<p>A cet \u00e9gard, le CRI B\u00e9ni Mellal-Kh\u00e9nifra et l\u2019ensemble de ses partenaires accordent une attention particuli\u00e8re aux Marocains du Monde \u00e0 travers la mise en place et le d\u00e9ploiement du programme d\u2019accompagnement \u201cIzdihar MDM\u201d lanc\u00e9 en d\u00e9but avril 2021 en partenariat avec plus de 17 organismes d\u2019appui et d&rsquo;accompagnement des entreprises et des porteurs de projets au niveau r\u00e9gional et national et avec le concours d\u2019organismes internationaux qui s\u2019int\u00e9ressent \u00e0 la promotion de l&rsquo;entrepreneuriat et de la cr\u00e9ation d\u2019entreprises.<\/p>\n<p>A ce sujet, le directeur g\u00e9n\u00e9ral par int\u00e9rim du CRI B\u00e9ni Mellal-Kh\u00e9nifra, Adil Azmi, a indiqu\u00e9 que l\u2019organisation de ce cycle de webinaires se veut une opportunit\u00e9 pour renforcer la communication et les efforts d\u00e9ploy\u00e9s pour satisfaire les attentes des marocains r\u00e9sidents \u00e0 l\u2019\u00e9tranger par rapport aux services administratifs et aussi une occasion pour en am\u00e9liorer l&rsquo;efficience.<\/p>\n<p>M. Azmi a ajout\u00e9 que le programme Izdihar dans sa d\u00e9clinaison MDM propose une panoplie de services d\u2019accompagnement visant \u00e0 faciliter l\u2019acc\u00e8s au foncier et au financement, l\u2019obtention des autorisations n\u00e9cessaires, la cr\u00e9ation d\u2019entreprises, le d\u00e9veloppement des id\u00e9es de projet, et l\u2019aide \u00e0 l\u2019\u00e9laboration de l\u2019\u00e9tude du projet, en plus de la formation dans les diff\u00e9rents domaines li\u00e9s \u00e0 cr\u00e9ation et la gestion des entreprises.<\/p>\n","protected":false},"excerpt":{"rendered":"<p>Centre R\u00e9gional d\u2019Investissement (CRI) B\u00e9ni Mellal-Kh\u00e9nifra organise durant la deuxi\u00e8me quinzaine du mois d\u2019ao\u00fbt, en<\/p>\n","protected":false},"author":1,"featured_media":801,"comment_status":"open","ping_status":"open","sticky":false,"template":"","format":"standard","meta":{"_acf_changed":false,"footnotes":""},"categories":[2,3],"tags":[298,297,299,219],"class_list":["post-800","post","type-post","status-publish","format-standard","has-post-thumbnail","hentry","category-nouvelles","category-nouvelles-selectionnees","tag-beni-mellal","tag-cri","tag-investissement","tag-mre"],"acf":[],"yoast_head":"<!-- This site is optimized with the Yoast SEO plugin v22.0 - https:\/\/yoast.com\/wordpress\/plugins\/seo\/ -->\n<title>Maroc-R\u00e9gions-Investissement-MRE B\u00e9ni Mellal- Kh\u00e9nifra : le CRI organise des webinaires sur l\u2019\u00e9cosyst\u00e8me d\u2019accompagnement des investissements MDM - MEDIA PLATEFORME | FR<\/title>\n<meta name=\"description\" content=\"Le Centre R\u00e9gional d\u2019Investissement (CRI) B\u00e9ni Mellal-Kh\u00e9nifra organise durant la deuxi\u00e8me quinzaine du mois d\u2019ao\u00fbt, en partenariat avec\" \/>\n<meta name=\"robots\" content=\"index, follow, max-snippet:-1, max-image-preview:large, max-video-preview:-1\" \/>\n<link rel=\"canonical\" href=\"https:\/\/www.mediaplateforme.com\/fr\/maroc-regions-investissement-mre-beni-mellal-khenifra-le-cri-organise-des-webinaires-sur-lecosysteme-daccompagnement-des-investissements-mdm\/\" \/>\n<meta property=\"og:locale\" content=\"fr_FR\" \/>\n<meta property=\"og:type\" content=\"article\" \/>\n<meta property=\"og:title\" content=\"Maroc-R\u00e9gions-Investissement-MRE B\u00e9ni Mellal- Kh\u00e9nifra : le CRI organise des webinaires sur l\u2019\u00e9cosyst\u00e8me d\u2019accompagnement des investissements MDM - MEDIA PLATEFORME | FR\" \/>\n<meta property=\"og:description\" content=\"Le Centre R\u00e9gional d\u2019Investissement (CRI) B\u00e9ni Mellal-Kh\u00e9nifra organise durant la deuxi\u00e8me quinzaine du mois d\u2019ao\u00fbt, en partenariat avec\" \/>\n<meta property=\"og:url\" content=\"https:\/\/www.mediaplateforme.com\/fr\/maroc-regions-investissement-mre-beni-mellal-khenifra-le-cri-organise-des-webinaires-sur-lecosysteme-daccompagnement-des-investissements-mdm\/\" \/>\n<meta property=\"og:site_name\" content=\"MEDIA PLATEFORME | FR\" \/>\n<meta property=\"article:published_time\" content=\"2022-08-15T09:37:52+00:00\" \/>\n<meta property=\"og:image\" content=\"https:\/\/www.mediaplateforme.com\/fr\/wp-content\/uploads\/sites\/5\/2022\/08\/Screenshot_20220815-103046_MEGA.jpg\" \/>\n\t<meta property=\"og:image:width\" content=\"719\" \/>\n\t<meta property=\"og:image:height\" content=\"600\" \/>\n\t<meta property=\"og:image:type\" content=\"image\/jpeg\" \/>\n<meta name=\"author\" content=\"Mediaplateforme\" \/>\n<meta name=\"twitter:card\" content=\"summary_large_image\" \/>\n<meta name=\"twitter:label1\" content=\"\u00c9crit par\" \/>\n\t<meta name=\"twitter:data1\" content=\"Mediaplateforme\" \/>\n\t<meta name=\"twitter:label2\" content=\"Dur\u00e9e de lecture estim\u00e9e\" \/>\n\t<meta name=\"twitter:data2\" content=\"3 minutes\" \/>\n<script type=\"application\/ld+json\" class=\"yoast-schema-graph\">{\"@context\":\"https:\/\/schema.org\",\"@graph\":[{\"@type\":\"WebPage\",\"@id\":\"https:\/\/www.mediaplateforme.com\/fr\/maroc-regions-investissement-mre-beni-mellal-khenifra-le-cri-organise-des-webinaires-sur-lecosysteme-daccompagnement-des-investissements-mdm\/\",\"url\":\"https:\/\/www.mediaplateforme.com\/fr\/maroc-regions-investissement-mre-beni-mellal-khenifra-le-cri-organise-des-webinaires-sur-lecosysteme-daccompagnement-des-investissements-mdm\/\",\"name\":\"Maroc-R\u00e9gions-Investissement-MRE B\u00e9ni Mellal- Kh\u00e9nifra : le CRI organise des webinaires sur l\u2019\u00e9cosyst\u00e8me d\u2019accompagnement des investissements MDM - MEDIA PLATEFORME | FR\",\"isPartOf\":{\"@id\":\"https:\/\/www.mediaplateforme.com\/fr\/#website\"},\"datePublished\":\"2022-08-15T09:37:52+00:00\",\"dateModified\":\"2022-08-15T09:37:52+00:00\",\"author\":{\"@id\":\"https:\/\/www.mediaplateforme.com\/fr\/#\/schema\/person\/89833db382b5db2c76b094bc902aa12a\"},\"description\":\"Le Centre R\u00e9gional d\u2019Investissement (CRI) B\u00e9ni Mellal-Kh\u00e9nifra organise durant la deuxi\u00e8me quinzaine du mois d\u2019ao\u00fbt, en partenariat avec\",\"breadcrumb\":{\"@id\":\"https:\/\/www.mediaplateforme.com\/fr\/maroc-regions-investissement-mre-beni-mellal-khenifra-le-cri-organise-des-webinaires-sur-lecosysteme-daccompagnement-des-investissements-mdm\/#breadcrumb\"},\"inLanguage\":\"fr-FR\",\"potentialAction\":[{\"@type\":\"ReadAction\",\"target\":[\"https:\/\/www.mediaplateforme.com\/fr\/maroc-regions-investissement-mre-beni-mellal-khenifra-le-cri-organise-des-webinaires-sur-lecosysteme-daccompagnement-des-investissements-mdm\/\"]}]},{\"@type\":\"BreadcrumbList\",\"@id\":\"https:\/\/www.mediaplateforme.com\/fr\/maroc-regions-investissement-mre-beni-mellal-khenifra-le-cri-organise-des-webinaires-sur-lecosysteme-daccompagnement-des-investissements-mdm\/#breadcrumb\",\"itemListElement\":[{\"@type\":\"ListItem\",\"position\":1,\"name\":\"\u0627\u0644\u0631\u0626\u064a\u0633\u064a\u0629\",\"item\":\"https:\/\/www.mediaplateforme.com\/fr\/\"},{\"@type\":\"ListItem\",\"position\":2,\"name\":\"Maroc-R\u00e9gions-Investissement-MRE B\u00e9ni Mellal- Kh\u00e9nifra : le CRI organise des webinaires sur l\u2019\u00e9cosyst\u00e8me d\u2019accompagnement des investissements MDM\"}]},{\"@type\":\"WebSite\",\"@id\":\"https:\/\/www.mediaplateforme.com\/fr\/#website\",\"url\":\"https:\/\/www.mediaplateforme.com\/fr\/\",\"name\":\"MEDIA PLATEFORME | FR\",\"description\":\"Mediaplateforme sp\u00e9cialis\u00e9 dans la communication institutions publiques et des entreprises\",\"potentialAction\":[{\"@type\":\"SearchAction\",\"target\":{\"@type\":\"EntryPoint\",\"urlTemplate\":\"https:\/\/www.mediaplateforme.com\/fr\/?s={search_term_string}\"},\"query-input\":\"required name=search_term_string\"}],\"inLanguage\":\"fr-FR\"},{\"@type\":\"Person\",\"@id\":\"https:\/\/www.mediaplateforme.com\/fr\/#\/schema\/person\/89833db382b5db2c76b094bc902aa12a\",\"name\":\"Mediaplateforme\",\"image\":{\"@type\":\"ImageObject\",\"inLanguage\":\"fr-FR\",\"@id\":\"https:\/\/www.mediaplateforme.com\/fr\/#\/schema\/person\/image\/\",\"url\":\"https:\/\/secure.gravatar.com\/avatar\/6c9c02e8928cc65d54bf75157f7b3a2d06d7ad0494ca0951f679552ff03b34c1?s=96&d=mm&r=g\",\"contentUrl\":\"https:\/\/secure.gravatar.com\/avatar\/6c9c02e8928cc65d54bf75157f7b3a2d06d7ad0494ca0951f679552ff03b34c1?s=96&d=mm&r=g\",\"caption\":\"Mediaplateforme\"},\"sameAs\":[\"https:\/\/www.mediaplateforme.com\"],\"url\":\"https:\/\/www.mediaplateforme.com\/fr\/author\/mohamedladib\/\"}]}<\/script>\n<!-- \/ Yoast SEO plugin. -->","yoast_head_json":{"title":"Maroc-R\u00e9gions-Investissement-MRE B\u00e9ni Mellal- Kh\u00e9nifra : le CRI organise des webinaires sur l\u2019\u00e9cosyst\u00e8me d\u2019accompagnement des investissements MDM - MEDIA PLATEFORME | FR","description":"Le Centre R\u00e9gional d\u2019Investissement (CRI) B\u00e9ni Mellal-Kh\u00e9nifra organise durant la deuxi\u00e8me quinzaine du mois d\u2019ao\u00fbt, en partenariat avec","robots":{"index":"index","follow":"follow","max-snippet":"max-snippet:-1","max-image-preview":"max-image-preview:large","max-video-preview":"max-video-preview:-1"},"canonical":"https:\/\/www.mediaplateforme.com\/fr\/maroc-regions-investissement-mre-beni-mellal-khenifra-le-cri-organise-des-webinaires-sur-lecosysteme-daccompagnement-des-investissements-mdm\/","og_locale":"fr_FR","og_type":"article","og_title":"Maroc-R\u00e9gions-Investissement-MRE B\u00e9ni Mellal- Kh\u00e9nifra : le CRI organise des webinaires sur l\u2019\u00e9cosyst\u00e8me d\u2019accompagnement des investissements MDM - MEDIA PLATEFORME | FR","og_description":"Le Centre R\u00e9gional d\u2019Investissement (CRI) B\u00e9ni Mellal-Kh\u00e9nifra organise durant la deuxi\u00e8me quinzaine du mois d\u2019ao\u00fbt, en partenariat avec","og_url":"https:\/\/www.mediaplateforme.com\/fr\/maroc-regions-investissement-mre-beni-mellal-khenifra-le-cri-organise-des-webinaires-sur-lecosysteme-daccompagnement-des-investissements-mdm\/","og_site_name":"MEDIA PLATEFORME | FR","article_published_time":"2022-08-15T09:37:52+00:00","og_image":[{"width":719,"height":600,"url":"https:\/\/www.mediaplateforme.com\/fr\/wp-content\/uploads\/sites\/5\/2022\/08\/Screenshot_20220815-103046_MEGA.jpg","type":"image\/jpeg"}],"author":"Mediaplateforme","twitter_card":"summary_large_image","twitter_misc":{"\u00c9crit par":"Mediaplateforme","Dur\u00e9e de lecture estim\u00e9e":"3 minutes"},"schema":{"@context":"https:\/\/schema.org","@graph":[{"@type":"WebPage","@id":"https:\/\/www.mediaplateforme.com\/fr\/maroc-regions-investissement-mre-beni-mellal-khenifra-le-cri-organise-des-webinaires-sur-lecosysteme-daccompagnement-des-investissements-mdm\/","url":"https:\/\/www.mediaplateforme.com\/fr\/maroc-regions-investissement-mre-beni-mellal-khenifra-le-cri-organise-des-webinaires-sur-lecosysteme-daccompagnement-des-investissements-mdm\/","name":"Maroc-R\u00e9gions-Investissement-MRE B\u00e9ni Mellal- Kh\u00e9nifra : le CRI organise des webinaires sur l\u2019\u00e9cosyst\u00e8me d\u2019accompagnement des investissements MDM - MEDIA PLATEFORME | FR","isPartOf":{"@id":"https:\/\/www.mediaplateforme.com\/fr\/#website"},"datePublished":"2022-08-15T09:37:52+00:00","dateModified":"2022-08-15T09:37:52+00:00","author":{"@id":"https:\/\/www.mediaplateforme.com\/fr\/#\/schema\/person\/89833db382b5db2c76b094bc902aa12a"},"description":"Le Centre R\u00e9gional d\u2019Investissement (CRI) B\u00e9ni Mellal-Kh\u00e9nifra organise durant la deuxi\u00e8me quinzaine du mois d\u2019ao\u00fbt, en partenariat avec","breadcrumb":{"@id":"https:\/\/www.mediaplateforme.com\/fr\/maroc-regions-investissement-mre-beni-mellal-khenifra-le-cri-organise-des-webinaires-sur-lecosysteme-daccompagnement-des-investissements-mdm\/#breadcrumb"},"inLanguage":"fr-FR","potentialAction":[{"@type":"ReadAction","target":["https:\/\/www.mediaplateforme.com\/fr\/maroc-regions-investissement-mre-beni-mellal-khenifra-le-cri-organise-des-webinaires-sur-lecosysteme-daccompagnement-des-investissements-mdm\/"]}]},{"@type":"BreadcrumbList","@id":"https:\/\/www.mediaplateforme.com\/fr\/maroc-regions-investissement-mre-beni-mellal-khenifra-le-cri-organise-des-webinaires-sur-lecosysteme-daccompagnement-des-investissements-mdm\/#breadcrumb","itemListElement":[{"@type":"ListItem","position":1,"name":"\u0627\u0644\u0631\u0626\u064a\u0633\u064a\u0629","item":"https:\/\/www.mediaplateforme.com\/fr\/"},{"@type":"ListItem","position":2,"name":"Maroc-R\u00e9gions-Investissement-MRE B\u00e9ni Mellal- Kh\u00e9nifra : le CRI organise des webinaires sur l\u2019\u00e9cosyst\u00e8me d\u2019accompagnement des investissements MDM"}]},{"@type":"WebSite","@id":"https:\/\/www.mediaplateforme.com\/fr\/#website","url":"https:\/\/www.mediaplateforme.com\/fr\/","name":"MEDIA PLATEFORME | FR","description":"Mediaplateforme sp\u00e9cialis\u00e9 dans la communication institutions publiques et des entreprises","potentialAction":[{"@type":"SearchAction","target":{"@type":"EntryPoint","urlTemplate":"https:\/\/www.mediaplateforme.com\/fr\/?s={search_term_string}"},"query-input":"required name=search_term_string"}],"inLanguage":"fr-FR"},{"@type":"Person","@id":"https:\/\/www.mediaplateforme.com\/fr\/#\/schema\/person\/89833db382b5db2c76b094bc902aa12a","name":"Mediaplateforme","image":{"@type":"ImageObject","inLanguage":"fr-FR","@id":"https:\/\/www.mediaplateforme.com\/fr\/#\/schema\/person\/image\/","url":"https:\/\/secure.gravatar.com\/avatar\/6c9c02e8928cc65d54bf75157f7b3a2d06d7ad0494ca0951f679552ff03b34c1?s=96&d=mm&r=g","contentUrl":"https:\/\/secure.gravatar.com\/avatar\/6c9c02e8928cc65d54bf75157f7b3a2d06d7ad0494ca0951f679552ff03b34c1?s=96&d=mm&r=g","caption":"Mediaplateforme"},"sameAs":["https:\/\/www.mediaplateforme.com"],"url":"https:\/\/www.mediaplateforme.com\/fr\/author\/mohamedladib\/"}]}},"_links":{"self":[{"href":"https:\/\/www.mediaplateforme.com\/fr\/wp-json\/wp\/v2\/posts\/800","targetHints":{"allow":["GET"]}}],"collection":[{"href":"https:\/\/www.mediaplateforme.com\/fr\/wp-json\/wp\/v2\/posts"}],"about":[{"href":"https:\/\/www.mediaplateforme.com\/fr\/wp-json\/wp\/v2\/types\/post"}],"author":[{"embeddable":true,"href":"https:\/\/www.mediaplateforme.com\/fr\/wp-json\/wp\/v2\/users\/1"}],"replies":[{"embeddable":true,"href":"https:\/\/www.mediaplateforme.com\/fr\/wp-json\/wp\/v2\/comments?post=800"}],"version-history":[{"count":1,"href":"https:\/\/www.mediaplateforme.com\/fr\/wp-json\/wp\/v2\/posts\/800\/revisions"}],"predecessor-version":[{"id":802,"href":"https:\/\/www.mediaplateforme.com\/fr\/wp-json\/wp\/v2\/posts\/800\/revisions\/802"}],"wp:featuredmedia":[{"embeddable":true,"href":"https:\/\/www.mediaplateforme.com\/fr\/wp-json\/wp\/v2\/media\/801"}],"wp:attachment":[{"href":"https:\/\/www.mediaplateforme.com\/fr\/wp-json\/wp\/v2\/media?parent=800"}],"wp:term":[{"taxonomy":"category","embeddable":true,"href":"https:\/\/www.mediaplateforme.com\/fr\/wp-json\/wp\/v2\/categories?post=800"},{"taxonomy":"post_tag","embeddable":true,"href":"https:\/\/www.mediaplateforme.com\/fr\/wp-json\/wp\/v2\/tags?post=800"}],"curies":[{"name":"wp","href":"https:\/\/api.w.org\/{rel}","templated":true}]}}