{"id":781,"date":"2022-08-11T13:46:44","date_gmt":"2022-08-11T12:46:44","guid":{"rendered":"https:\/\/www.mediaplateforme.com\/fr\/?p=781"},"modified":"2022-08-11T13:47:13","modified_gmt":"2022-08-11T12:47:13","slug":"reprise-de-la-circulation-sur-la-globalite-de-la-ligne-t1-du-tramway","status":"publish","type":"post","link":"https:\/\/www.mediaplateforme.com\/fr\/reprise-de-la-circulation-sur-la-globalite-de-la-ligne-t1-du-tramway\/","title":{"rendered":"Reprise de la circulation sur la globalit\u00e9 de la ligne T1 du tramway !"},"content":{"rendered":"<p>Les travaux de branchement des lignes Casa tramway T3 et T4 en travaux avec la ligne T1 au centre-ville, se d\u00e9roulent conform\u00e9ment au calendrier \u00e9tabli par Casa Transports S.A.<\/p>\n<p>De ce fait, \u00e0 partir du dimanche 14 ao\u00fbt 2022, le trafic reprendra normalement sur tout l\u2019itin\u00e9raire de la ligne T1, \u00e0 savoir de Sidi Moumen \u00e0 Lissasfa. Les Casablancaises et les Casablancais pourront reprendre leurs d\u00e9placements habituels sur l\u2019ensemble des 37 stations de la ligne T1 dont celles situ\u00e9es entre la station Hay Mohammadi et la station Avenue Hassan II.<\/p>\n<h5>Aussi, il sera proc\u00e9d\u00e9 \u00e0 la r\u00e9ouverture de la circulation au niveau :<\/h5>\n<p>\u2022 Du croisement du boulevard Mohammed V avec boulevard Mohamed Smiha concern\u00e9 par les travaux des lignes T1 \/ T3 ;<\/p>\n<p>\u2022 Du carrefour des boulevards Hassan II, Moulay Youssef, rue Allal el Fassi et rue Agadir, concern\u00e9 par les travaux des lignes T1\/ T4.<\/p>\n<p>L\u2019op\u00e9ration de la connexion de la voie ferr\u00e9e des 2 lignes a permis de cr\u00e9er un branchement au niveau des boulevards moulay Youssef et Hassan II qui permettra le guidage des rames du tramway vers diff\u00e9rents itin\u00e9raires. L\u2019am\u00e9nagement global du croisement des boulevards Hassan II et Moulay Youssef ainsi que des rues Allal el Fassi et Agadir planifi\u00e9 continuera jusqu\u2019\u00e0 d\u00e9cembre avec les travaux de finitions des ilots et des trottoirs sans impact majeure sur la circulation.<\/p>\n<p>Pour rappel, le projet des lignes T3 et T4 de Casatramway conna\u00eet \u00e0 ce jour un taux d&rsquo;avancement global de l\u2019ordre de 65 %.<\/p>\n<p>Afin d\u2019informer le public de cette reprise d\u2019exploitation normale sur la T1, une campagne d\u2019information est d\u00e9ploy\u00e9e. Les agents RATP Dev Casablanca, op\u00e9rateur de casatrmaway, demeurent par ailleurs pr\u00e9sents dans les cinq agences commerciales et dans toutes les stations de T1 et T2 pour informer le public au num\u00e9ro de service client 0522 99 8383.<\/p>\n<p>Pour accompagner les citoyens dans leurs sollicitations et demandes d\u2019information, Casa Transport rappelle le num\u00e9ro de service citoyen 0801 00 92 92.<\/p>\n<p>Pour suivre l\u2019\u00e9tat d\u2019avancement des projets sur les r\u00e9seaux sociaux :<\/p>\n<p><a href=\"http:\/\/www.facebook.com\/casatransports\">www.facebook.com\/casatransports <\/a><\/p>\n<p><a href=\"http:\/\/www.youtube.com\/casatransports\">www.youtube.com\/casatransports <\/a><\/p>\n<p><a href=\"http:\/\/www.casatransport.com\">www.casatransport.com <\/a><\/p>\n<p><a href=\"http:\/\/www.casatramway.com\">www.casatramway.com<\/a>.<\/p>\n<p>&nbsp;<\/p>\n<p>&nbsp;<\/p>\n<p>&nbsp;<\/p>\n<p>&nbsp;<\/p>\n<p>&nbsp;<\/p>\n<p>&nbsp;<\/p>\n<p>&nbsp;<\/p>\n","protected":false},"excerpt":{"rendered":"<p>Les travaux de branchement des lignes Casa tramway T3 et T4 en travaux avec la<\/p>\n","protected":false},"author":1,"featured_media":783,"comment_status":"open","ping_status":"open","sticky":false,"template":"","format":"standard","meta":{"_acf_changed":false,"footnotes":""},"categories":[7,3],"tags":[96,258],"class_list":["post-781","post","type-post","status-publish","format-standard","has-post-thumbnail","hentry","category-articles","category-nouvelles-selectionnees","tag-casatramway","tag-tramway"],"acf":[],"yoast_head":"<!-- This site is optimized with the Yoast SEO plugin v22.0 - https:\/\/yoast.com\/wordpress\/plugins\/seo\/ -->\n<title>Reprise de la circulation sur la globalit\u00e9 de la ligne T1 du tramway ! - MEDIA PLATEFORME | FR<\/title>\n<meta name=\"description\" content=\"Les travaux de branchement des lignes Casa tramway T3 et T4 en travaux avec la ligne T1 au centre-ville, se d\u00e9roulent conform\u00e9ment\" \/>\n<meta name=\"robots\" content=\"index, follow, max-snippet:-1, max-image-preview:large, max-video-preview:-1\" \/>\n<link rel=\"canonical\" href=\"https:\/\/www.mediaplateforme.com\/fr\/reprise-de-la-circulation-sur-la-globalite-de-la-ligne-t1-du-tramway\/\" \/>\n<meta property=\"og:locale\" content=\"fr_FR\" \/>\n<meta property=\"og:type\" content=\"article\" \/>\n<meta property=\"og:title\" content=\"Reprise de la circulation sur la globalit\u00e9 de la ligne T1 du tramway ! - MEDIA PLATEFORME | FR\" \/>\n<meta property=\"og:description\" content=\"Les travaux de branchement des lignes Casa tramway T3 et T4 en travaux avec la ligne T1 au centre-ville, se d\u00e9roulent conform\u00e9ment\" \/>\n<meta property=\"og:url\" content=\"https:\/\/www.mediaplateforme.com\/fr\/reprise-de-la-circulation-sur-la-globalite-de-la-ligne-t1-du-tramway\/\" \/>\n<meta property=\"og:site_name\" content=\"MEDIA PLATEFORME | FR\" \/>\n<meta property=\"article:published_time\" content=\"2022-08-11T12:46:44+00:00\" \/>\n<meta property=\"article:modified_time\" content=\"2022-08-11T12:47:13+00:00\" \/>\n<meta property=\"og:image\" content=\"https:\/\/www.mediaplateforme.com\/fr\/wp-content\/uploads\/sites\/5\/2022\/08\/Screenshot_20220811-134020_Chrome.jpg\" \/>\n\t<meta property=\"og:image:width\" content=\"675\" \/>\n\t<meta property=\"og:image:height\" content=\"455\" \/>\n\t<meta property=\"og:image:type\" content=\"image\/jpeg\" \/>\n<meta name=\"author\" content=\"Mediaplateforme\" \/>\n<meta name=\"twitter:card\" content=\"summary_large_image\" \/>\n<meta name=\"twitter:label1\" content=\"\u00c9crit par\" \/>\n\t<meta name=\"twitter:data1\" content=\"Mediaplateforme\" \/>\n\t<meta name=\"twitter:label2\" content=\"Dur\u00e9e de lecture estim\u00e9e\" \/>\n\t<meta name=\"twitter:data2\" content=\"2 minutes\" \/>\n<script type=\"application\/ld+json\" class=\"yoast-schema-graph\">{\"@context\":\"https:\/\/schema.org\",\"@graph\":[{\"@type\":\"WebPage\",\"@id\":\"https:\/\/www.mediaplateforme.com\/fr\/reprise-de-la-circulation-sur-la-globalite-de-la-ligne-t1-du-tramway\/\",\"url\":\"https:\/\/www.mediaplateforme.com\/fr\/reprise-de-la-circulation-sur-la-globalite-de-la-ligne-t1-du-tramway\/\",\"name\":\"Reprise de la circulation sur la globalit\u00e9 de la ligne T1 du tramway ! - MEDIA PLATEFORME | FR\",\"isPartOf\":{\"@id\":\"https:\/\/www.mediaplateforme.com\/fr\/#website\"},\"datePublished\":\"2022-08-11T12:46:44+00:00\",\"dateModified\":\"2022-08-11T12:47:13+00:00\",\"author\":{\"@id\":\"https:\/\/www.mediaplateforme.com\/fr\/#\/schema\/person\/89833db382b5db2c76b094bc902aa12a\"},\"description\":\"Les travaux de branchement des lignes Casa tramway T3 et T4 en travaux avec la ligne T1 au centre-ville, se d\u00e9roulent conform\u00e9ment\",\"breadcrumb\":{\"@id\":\"https:\/\/www.mediaplateforme.com\/fr\/reprise-de-la-circulation-sur-la-globalite-de-la-ligne-t1-du-tramway\/#breadcrumb\"},\"inLanguage\":\"fr-FR\",\"potentialAction\":[{\"@type\":\"ReadAction\",\"target\":[\"https:\/\/www.mediaplateforme.com\/fr\/reprise-de-la-circulation-sur-la-globalite-de-la-ligne-t1-du-tramway\/\"]}]},{\"@type\":\"BreadcrumbList\",\"@id\":\"https:\/\/www.mediaplateforme.com\/fr\/reprise-de-la-circulation-sur-la-globalite-de-la-ligne-t1-du-tramway\/#breadcrumb\",\"itemListElement\":[{\"@type\":\"ListItem\",\"position\":1,\"name\":\"\u0627\u0644\u0631\u0626\u064a\u0633\u064a\u0629\",\"item\":\"https:\/\/www.mediaplateforme.com\/fr\/\"},{\"@type\":\"ListItem\",\"position\":2,\"name\":\"Reprise de la circulation sur la globalit\u00e9 de la ligne T1 du tramway !\"}]},{\"@type\":\"WebSite\",\"@id\":\"https:\/\/www.mediaplateforme.com\/fr\/#website\",\"url\":\"https:\/\/www.mediaplateforme.com\/fr\/\",\"name\":\"MEDIA PLATEFORME | FR\",\"description\":\"Mediaplateforme sp\u00e9cialis\u00e9 dans la communication institutions publiques et des entreprises\",\"potentialAction\":[{\"@type\":\"SearchAction\",\"target\":{\"@type\":\"EntryPoint\",\"urlTemplate\":\"https:\/\/www.mediaplateforme.com\/fr\/?s={search_term_string}\"},\"query-input\":\"required name=search_term_string\"}],\"inLanguage\":\"fr-FR\"},{\"@type\":\"Person\",\"@id\":\"https:\/\/www.mediaplateforme.com\/fr\/#\/schema\/person\/89833db382b5db2c76b094bc902aa12a\",\"name\":\"Mediaplateforme\",\"image\":{\"@type\":\"ImageObject\",\"inLanguage\":\"fr-FR\",\"@id\":\"https:\/\/www.mediaplateforme.com\/fr\/#\/schema\/person\/image\/\",\"url\":\"https:\/\/secure.gravatar.com\/avatar\/6c9c02e8928cc65d54bf75157f7b3a2d06d7ad0494ca0951f679552ff03b34c1?s=96&d=mm&r=g\",\"contentUrl\":\"https:\/\/secure.gravatar.com\/avatar\/6c9c02e8928cc65d54bf75157f7b3a2d06d7ad0494ca0951f679552ff03b34c1?s=96&d=mm&r=g\",\"caption\":\"Mediaplateforme\"},\"sameAs\":[\"https:\/\/www.mediaplateforme.com\"],\"url\":\"https:\/\/www.mediaplateforme.com\/fr\/author\/mohamedladib\/\"}]}<\/script>\n<!-- \/ Yoast SEO plugin. -->","yoast_head_json":{"title":"Reprise de la circulation sur la globalit\u00e9 de la ligne T1 du tramway ! - MEDIA PLATEFORME | FR","description":"Les travaux de branchement des lignes Casa tramway T3 et T4 en travaux avec la ligne T1 au centre-ville, se d\u00e9roulent conform\u00e9ment","robots":{"index":"index","follow":"follow","max-snippet":"max-snippet:-1","max-image-preview":"max-image-preview:large","max-video-preview":"max-video-preview:-1"},"canonical":"https:\/\/www.mediaplateforme.com\/fr\/reprise-de-la-circulation-sur-la-globalite-de-la-ligne-t1-du-tramway\/","og_locale":"fr_FR","og_type":"article","og_title":"Reprise de la circulation sur la globalit\u00e9 de la ligne T1 du tramway ! - MEDIA PLATEFORME | FR","og_description":"Les travaux de branchement des lignes Casa tramway T3 et T4 en travaux avec la ligne T1 au centre-ville, se d\u00e9roulent conform\u00e9ment","og_url":"https:\/\/www.mediaplateforme.com\/fr\/reprise-de-la-circulation-sur-la-globalite-de-la-ligne-t1-du-tramway\/","og_site_name":"MEDIA PLATEFORME | FR","article_published_time":"2022-08-11T12:46:44+00:00","article_modified_time":"2022-08-11T12:47:13+00:00","og_image":[{"width":675,"height":455,"url":"https:\/\/www.mediaplateforme.com\/fr\/wp-content\/uploads\/sites\/5\/2022\/08\/Screenshot_20220811-134020_Chrome.jpg","type":"image\/jpeg"}],"author":"Mediaplateforme","twitter_card":"summary_large_image","twitter_misc":{"\u00c9crit par":"Mediaplateforme","Dur\u00e9e de lecture estim\u00e9e":"2 minutes"},"schema":{"@context":"https:\/\/schema.org","@graph":[{"@type":"WebPage","@id":"https:\/\/www.mediaplateforme.com\/fr\/reprise-de-la-circulation-sur-la-globalite-de-la-ligne-t1-du-tramway\/","url":"https:\/\/www.mediaplateforme.com\/fr\/reprise-de-la-circulation-sur-la-globalite-de-la-ligne-t1-du-tramway\/","name":"Reprise de la circulation sur la globalit\u00e9 de la ligne T1 du tramway ! - MEDIA PLATEFORME | FR","isPartOf":{"@id":"https:\/\/www.mediaplateforme.com\/fr\/#website"},"datePublished":"2022-08-11T12:46:44+00:00","dateModified":"2022-08-11T12:47:13+00:00","author":{"@id":"https:\/\/www.mediaplateforme.com\/fr\/#\/schema\/person\/89833db382b5db2c76b094bc902aa12a"},"description":"Les travaux de branchement des lignes Casa tramway T3 et T4 en travaux avec la ligne T1 au centre-ville, se d\u00e9roulent conform\u00e9ment","breadcrumb":{"@id":"https:\/\/www.mediaplateforme.com\/fr\/reprise-de-la-circulation-sur-la-globalite-de-la-ligne-t1-du-tramway\/#breadcrumb"},"inLanguage":"fr-FR","potentialAction":[{"@type":"ReadAction","target":["https:\/\/www.mediaplateforme.com\/fr\/reprise-de-la-circulation-sur-la-globalite-de-la-ligne-t1-du-tramway\/"]}]},{"@type":"BreadcrumbList","@id":"https:\/\/www.mediaplateforme.com\/fr\/reprise-de-la-circulation-sur-la-globalite-de-la-ligne-t1-du-tramway\/#breadcrumb","itemListElement":[{"@type":"ListItem","position":1,"name":"\u0627\u0644\u0631\u0626\u064a\u0633\u064a\u0629","item":"https:\/\/www.mediaplateforme.com\/fr\/"},{"@type":"ListItem","position":2,"name":"Reprise de la circulation sur la globalit\u00e9 de la ligne T1 du tramway !"}]},{"@type":"WebSite","@id":"https:\/\/www.mediaplateforme.com\/fr\/#website","url":"https:\/\/www.mediaplateforme.com\/fr\/","name":"MEDIA PLATEFORME | FR","description":"Mediaplateforme sp\u00e9cialis\u00e9 dans la communication institutions publiques et des entreprises","potentialAction":[{"@type":"SearchAction","target":{"@type":"EntryPoint","urlTemplate":"https:\/\/www.mediaplateforme.com\/fr\/?s={search_term_string}"},"query-input":"required name=search_term_string"}],"inLanguage":"fr-FR"},{"@type":"Person","@id":"https:\/\/www.mediaplateforme.com\/fr\/#\/schema\/person\/89833db382b5db2c76b094bc902aa12a","name":"Mediaplateforme","image":{"@type":"ImageObject","inLanguage":"fr-FR","@id":"https:\/\/www.mediaplateforme.com\/fr\/#\/schema\/person\/image\/","url":"https:\/\/secure.gravatar.com\/avatar\/6c9c02e8928cc65d54bf75157f7b3a2d06d7ad0494ca0951f679552ff03b34c1?s=96&d=mm&r=g","contentUrl":"https:\/\/secure.gravatar.com\/avatar\/6c9c02e8928cc65d54bf75157f7b3a2d06d7ad0494ca0951f679552ff03b34c1?s=96&d=mm&r=g","caption":"Mediaplateforme"},"sameAs":["https:\/\/www.mediaplateforme.com"],"url":"https:\/\/www.mediaplateforme.com\/fr\/author\/mohamedladib\/"}]}},"_links":{"self":[{"href":"https:\/\/www.mediaplateforme.com\/fr\/wp-json\/wp\/v2\/posts\/781","targetHints":{"allow":["GET"]}}],"collection":[{"href":"https:\/\/www.mediaplateforme.com\/fr\/wp-json\/wp\/v2\/posts"}],"about":[{"href":"https:\/\/www.mediaplateforme.com\/fr\/wp-json\/wp\/v2\/types\/post"}],"author":[{"embeddable":true,"href":"https:\/\/www.mediaplateforme.com\/fr\/wp-json\/wp\/v2\/users\/1"}],"replies":[{"embeddable":true,"href":"https:\/\/www.mediaplateforme.com\/fr\/wp-json\/wp\/v2\/comments?post=781"}],"version-history":[{"count":1,"href":"https:\/\/www.mediaplateforme.com\/fr\/wp-json\/wp\/v2\/posts\/781\/revisions"}],"predecessor-version":[{"id":782,"href":"https:\/\/www.mediaplateforme.com\/fr\/wp-json\/wp\/v2\/posts\/781\/revisions\/782"}],"wp:featuredmedia":[{"embeddable":true,"href":"https:\/\/www.mediaplateforme.com\/fr\/wp-json\/wp\/v2\/media\/783"}],"wp:attachment":[{"href":"https:\/\/www.mediaplateforme.com\/fr\/wp-json\/wp\/v2\/media?parent=781"}],"wp:term":[{"taxonomy":"category","embeddable":true,"href":"https:\/\/www.mediaplateforme.com\/fr\/wp-json\/wp\/v2\/categories?post=781"},{"taxonomy":"post_tag","embeddable":true,"href":"https:\/\/www.mediaplateforme.com\/fr\/wp-json\/wp\/v2\/tags?post=781"}],"curies":[{"name":"wp","href":"https:\/\/api.w.org\/{rel}","templated":true}]}}