{"id":7713,"date":"2025-12-05T15:39:26","date_gmt":"2025-12-05T14:39:26","guid":{"rendered":"https:\/\/www.mediaplateforme.com\/fr\/?p=7713"},"modified":"2025-12-05T15:39:35","modified_gmt":"2025-12-05T14:39:35","slug":"onda-nomination-aeroports-2030","status":"publish","type":"post","link":"https:\/\/www.mediaplateforme.com\/fr\/onda-nomination-aeroports-2030\/","title":{"rendered":"ONDA : nouvelles nominations \u00e0 Marrakech, Tanger, F\u00e8s et Agadir pour acc\u00e9l\u00e9rer la strat\u00e9gie \u00ab A\u00e9roport 2030 \u00bb"},"content":{"rendered":"<p>&nbsp;<\/p>\n<p>&nbsp;<\/p>\n<p><!-- Twitter --><\/p>\n<p><!-- JSON-LD --><br \/>\n<script type=\"application\/ld+json\">\n{\n  \"@context\":\"https:\/\/schema.org\",\n  \"@type\":\"NewsArticle\",\n  \"headline\":\"ONDA : nouvelles nominations \u00e0 Marrakech, Tanger, F\u00e8s et Agadir pour acc\u00e9l\u00e9rer la strat\u00e9gie \u00ab A\u00e9roport 2030 \u00bb\",\n  \"image\":[\n    \"https:\/\/www.mediaplateforme.com\/fr\/wp-content\/uploads\/sites\/5\/2025\/12\/ONDA.jpg\"\n  ],\n  \"datePublished\":\"2025-12-04\",\n  \"dateModified\":\"2025-12-04\",\n  \"author\":{\"@type\":\"Person\",\"name\":\"Ali Tija\u00e2ni\"},\n  \"publisher\":{\n    \"@type\":\"Organization\",\n    \"name\":\"Media Plateforme\",\n    \"logo\":{\"@type\":\"ImageObject\",\"url\":\"https:\/\/www.mediaplateforme.com\/wp-content\/uploads\/2024\/01\/logo-mediaplateforme.webp\"}\n  },\n  \"description\":\"L\u2019ONDA annonce quatre nominations strat\u00e9giques \u00e0 la t\u00eate des a\u00e9roports de Marrakech, Tanger, F\u00e8s et Agadir, dans le cadre de la strat\u00e9gie \u00ab A\u00e9roport 2030 \u00bb ax\u00e9e sur la modernisation, l\u2019excellence op\u00e9rationnelle et l\u2019exp\u00e9rience passager.\",\n  \"keywords\":[\"ONDA\",\"A\u00e9roport 2030\",\"nominations\",\"Marrakech\",\"Tanger\",\"F\u00e8s\",\"Agadir\"]\n}\n<\/script><\/p>\n<p>&nbsp;<\/p>\n<article dir=\"ltr\" lang=\"fr\" style=\"max-width: 940px; margin: 0 auto; padding: 28px;\"><!-- \ud83d\udfe9 SNIPPET --><\/p>\n<div style=\"background: #ecfeff; border-left: 6px solid #06b6d4; padding: 16px 18px; border-radius: 12px; margin: 0 0 18px;\">\n<p style=\"margin: 0;\"><strong>L\u2019 ONDA engage une nouvelle s\u00e9quence de pilotage dans le paysage a\u00e9roportuaire national avec la nomination de quatre nouveaux responsables \u00e0 Marrakech, Tanger, F\u00e8s et Agadir. Objectif : renforcer la gouvernance op\u00e9rationnelle, accompagner la mont\u00e9e attendue du trafic et inscrire durablement les plateformes marocaines dans la trajectoire de la strat\u00e9gie \u00ab A\u00e9roport 2030 \u00bb.<\/strong><\/p>\n<\/div>\n<p><!-- IMAGE AU COEUR DE L'ARTICLE --><\/p>\n<figure style=\"text-align: center; margin: 22px 0;\"><img decoding=\"async\" style=\"max-width: 100%; height: auto; border-radius: 14px; box-shadow: 0 6px 16px rgba(0,0,0,0.12);\" src=\"https:\/\/www.mediaplateforme.com\/fr\/wp-content\/uploads\/sites\/5\/2025\/12\/ONDA.jpg\" alt=\"ONDA : nominations strat\u00e9giques dans quatre a\u00e9roports majeurs\" \/><figcaption style=\"font-size: .95rem; color: #4b5563; margin-top: 8px;\">L\u2019ONDA renforce la gouvernance de quatre a\u00e9roports cl\u00e9s dans le cadre de \u00ab A\u00e9roport 2030 \u00bb<\/figcaption><\/figure>\n<h2 style=\"margin: 18px 0 10px; color: #0f766e;\">Quatre nominations pour des plateformes au c\u0153ur des enjeux nationaux<\/h2>\n<p style=\"margin: 0 0 14px;\">Le paysage a\u00e9roportuaire marocain est en plein mouvement. L\u2019Office National des A\u00e9roports (ONDA) annonce l\u2019arriv\u00e9e de <strong>quatre nouveaux directeurs<\/strong> \u00e0 la t\u00eate de plateformes majeures : Marrakech, Tanger, F\u00e8s et Agadir.<br \/>\nDerri\u00e8re ces choix, une intention claire : <strong>muscler la gouvernance op\u00e9rationnelle<\/strong> et pr\u00e9parer ces a\u00e9roports \u00e0 une phase de croissance plus intense, port\u00e9e par les grands chantiers nationaux et l\u2019essor du trafic a\u00e9rien.<\/p>\n<p><!-- \ud83d\udfe6 LISTE DES NOMINATIONS --><\/p>\n<div style=\"background: #eef2ff; border-left: 6px solid #4f46e5; padding: 16px 18px; border-radius: 12px; margin: 18px 0;\">\n<p><strong>Nominations annonc\u00e9es :<\/strong><\/p>\n<ul style=\"margin: 10px 0 0; padding-left: 18px;\">\n<li><strong>Soumia Tabeg<\/strong> : Directrice de l\u2019A\u00e9roport <strong>Marrakech Menara<\/strong><\/li>\n<li><strong>Othmane Hassani<\/strong> : Commandant de l\u2019A\u00e9roport <strong>Tanger Ibn Batouta<\/strong><\/li>\n<li><strong>Abdelmounaim Aoutoul<\/strong> : Commandant de l\u2019A\u00e9roport <strong>Agadir Al Massira<\/strong><\/li>\n<li><strong>Kamal Ait Chrifa<\/strong> : Commandant de l\u2019A\u00e9roport <strong>F\u00e8s Sa\u00efss<\/strong><\/li>\n<\/ul>\n<\/div>\n<h2 style=\"margin: 18px 0 10px; color: #0f766e;\">\u00ab A\u00e9roport 2030 \u00bb : transformation, excellence et exp\u00e9rience passager<\/h2>\n<p style=\"margin: 0 0 14px;\">Ces nominations s\u2019inscrivent pleinement dans la strat\u00e9gie <strong>\u00ab A\u00e9roport 2030 \u00bb<\/strong>, un cadre structurant qui place la<br \/>\nmodernisation des infrastructures, l\u2019excellence op\u00e9rationnelle et l\u2019exp\u00e9rience passager au c\u0153ur des priorit\u00e9s. L\u2019enjeu n\u2019est pas seulement d\u2019absorber plus de flux, mais de le faire avec des standards renforc\u00e9s, une meilleure fluidit\u00e9 et une capacit\u00e9 d\u2019anticipation adapt\u00e9e aux prochaines ann\u00e9es.<\/p>\n<p><!-- \ud83d\udfe7 ANALYSE : AMBITIONS PAR AEROPORT --><\/p>\n<div style=\"background: #fff7ed; border-left: 6px solid #fb923c; padding: 16px 18px; border-radius: 12px; margin: 18px 0;\">\n<p><strong>Quatre a\u00e9roports, quatre ambitions compl\u00e9mentaires :<\/strong><\/p>\n<p style=\"margin: 10px 0 0;\"><a href=\"https:\/\/www.mediaplateforme.com\/fr\/modernisation-aeroports-marrakech-agadir\/\"><strong>Marrakech<\/strong><\/a>, premi\u00e8re porte touristique du Royaume, poursuit sa mont\u00e9e en capacit\u00e9 pour accompagner le rayonnement culturel et \u00e9conomique de la ville ocre.<\/p>\n<p style=\"margin: 10px 0 0;\"><strong>Tanger<\/strong>, hub du Nord en pleine effervescence gr\u00e2ce \u00e0 son ancrage industriel et logistique, se pr\u00e9pare \u00e0 une nouvelle \u00e9tape de croissance.<\/p>\n<p style=\"margin: 10px 0 0;\"><strong>F\u00e8s<\/strong>, capitale spirituelle et patrimoniale, renforce son positionnement pour soutenir la mont\u00e9e en puissance de son attractivit\u00e9.<br \/>\n<strong>Agadir<\/strong>, vitrine baln\u00e9aire et point d\u2019ancrage cl\u00e9 du Sud, poursuit son essor avec une vision orient\u00e9e vers un tourisme durable et premium.<\/p>\n<\/div>\n<h2 style=\"margin: 18px 0 10px; color: #0f766e;\">Une s\u00e9quence tourn\u00e9e vers l\u2019innovation et l\u2019anticipation<\/h2>\n<p style=\"margin: 0 0 14px;\">L\u2019arriv\u00e9e de ces nouveaux responsables ouvre une s\u00e9quence port\u00e9e par <strong>l\u2019innovation<\/strong>, la <strong>performance<\/strong> et l\u2019<strong>anticipation<\/strong>.<br \/>\nElle confirme aussi le r\u00f4le structurant des a\u00e9roports dans la transformation du pays : au-del\u00e0 de la mobilit\u00e9, ils deviennent des leviers de d\u00e9veloppement \u00e9conomique, social et territorial, capables d\u2019attirer des flux, d\u2019optimiser les cha\u00eenes de valeur et de soutenir l\u2019attractivit\u00e9 des r\u00e9gions.<\/p>\n<p><!-- \ud83d\udfe8 FAQ --><\/p>\n<div style=\"background: #fffaf0; border-left: 6px solid #f59e0b; padding: 16px 18px; border-radius: 12px; margin: 18px 0;\">\n<h3 style=\"margin: 0 0 10px; color: #b45309;\">FAQ : ce qu\u2019il faut retenir<\/h3>\n<h4 style=\"margin: 0 0 6px;\">Pourquoi ces nominations sont-elles strat\u00e9giques ?<\/h4>\n<p style=\"margin: 0 0 12px;\">Elles visent \u00e0 renforcer la gouvernance op\u00e9rationnelle des plateformes cl\u00e9s afin d\u2019accompagner l\u2019essor du trafic et les grands projets nationaux.<\/p>\n<h4 style=\"margin: 0 0 6px;\">Que couvre la strat\u00e9gie \u00ab A\u00e9roport 2030 \u00bb ?<\/h4>\n<p style=\"margin: 0 0 12px;\">Un cadre structurant centr\u00e9 sur la modernisation des infrastructures, l\u2019excellence op\u00e9rationnelle et l\u2019am\u00e9lioration de l\u2019exp\u00e9rience passager.<\/p>\n<h4 style=\"margin: 0 0 6px;\">Quels a\u00e9roports sont concern\u00e9s ?<\/h4>\n<p style=\"margin: 0;\">Marrakech Menara, Tanger Ibn Batouta, F\u00e8s Sa\u00efss et Agadir Al Massira.<\/p>\n<\/div>\n<p><!-- CONCLUSION --><\/p>\n<div style=\"background: #ecfeff; border-left: 6px solid #06b6d4; padding: 18px 20px; border-radius: 12px; margin: 24px 0;\">\n<p><strong>En conclusion :<\/strong><\/p>\n<p style=\"margin: 10px 0 0;\">En installant quatre nouveaux responsables \u00e0 la t\u00eate d\u2019a\u00e9roports strat\u00e9giques, l\u2019ONDA acc\u00e9l\u00e8re la mise en \u0153uvre de \u00ab A\u00e9roport 2030 \u00bb et consolide l\u2019ambition de placer les plateformes marocaines au meilleur niveau international. Une dynamique qui s\u2019appuie sur des \u00e9quipes mobilis\u00e9es, des infrastructures en modernisation et une vision tourn\u00e9e vers la performance, la qualit\u00e9 de service et l\u2019attractivit\u00e9 territoriale.<\/p>\n<p><strong>ONDA <\/strong>nomination aeroports 2030<\/p>\n<p style=\"text-align: right; font-size: .95rem; color: #4b5563; margin: 10px 0 0;\">\u270d\ufe0f R\u00e9daction<\/p>\n<\/div>\n<\/article>\n<p><strong>ONDA <\/strong>nomination aeroports 2030<\/p>\n","protected":false},"excerpt":{"rendered":"<p>&nbsp; &nbsp; &nbsp; L\u2019 ONDA engage une nouvelle s\u00e9quence de pilotage dans le paysage a\u00e9roportuaire<\/p>\n","protected":false},"author":1,"featured_media":6568,"comment_status":"open","ping_status":"open","sticky":false,"template":"","format":"standard","meta":{"_acf_changed":false,"footnotes":""},"categories":[3,1643],"tags":[4213,1174,4215,3229,4214,4216,4211,4212],"class_list":["post-7713","post","type-post","status-publish","format-standard","has-post-thumbnail","hentry","category-nouvelles-selectionnees","category-tourisme","tag-aeroport-2030","tag-aeroport-agadir-al-massira","tag-aeroport-fes-saiss","tag-aeroport-marrakech-menara","tag-aeroport-tanger-ibn-batouta","tag-directeurs-aeroports-maroc","tag-nda","tag-nominations-onda"],"acf":[],"yoast_head":"<!-- This site is optimized with the Yoast SEO plugin v22.0 - https:\/\/yoast.com\/wordpress\/plugins\/seo\/ -->\n<title>ONDA nomination aeroports 2030 - MEDIA PLATEFORME | FR<\/title>\n<meta name=\"description\" content=\"&quot;ONDA nomme quatre nouveaux responsables \u00e0 la t\u00eate des a\u00e9roports de Marrakech, Tanger, F\u00e8s et Agadir onda nomination aeroports 2030\" \/>\n<meta name=\"robots\" content=\"index, follow, max-snippet:-1, max-image-preview:large, max-video-preview:-1\" \/>\n<link rel=\"canonical\" href=\"https:\/\/www.mediaplateforme.com\/fr\/onda-nomination-aeroports-2030\/\" \/>\n<meta property=\"og:locale\" content=\"fr_FR\" \/>\n<meta property=\"og:type\" content=\"article\" \/>\n<meta property=\"og:title\" content=\"ONDA nomination aeroports 2030 - MEDIA PLATEFORME | FR\" \/>\n<meta property=\"og:description\" content=\"&quot;ONDA nomme quatre nouveaux responsables \u00e0 la t\u00eate des a\u00e9roports de Marrakech, Tanger, F\u00e8s et Agadir onda nomination aeroports 2030\" \/>\n<meta property=\"og:url\" content=\"https:\/\/www.mediaplateforme.com\/fr\/onda-nomination-aeroports-2030\/\" \/>\n<meta property=\"og:site_name\" content=\"MEDIA PLATEFORME | FR\" \/>\n<meta property=\"article:published_time\" content=\"2025-12-05T14:39:26+00:00\" \/>\n<meta property=\"article:modified_time\" content=\"2025-12-05T14:39:35+00:00\" \/>\n<meta property=\"og:image\" content=\"https:\/\/www.mediaplateforme.com\/fr\/wp-content\/uploads\/sites\/5\/2024\/12\/Photo-CP-ONDA-Aeeroport-Agadir.jpg\" \/>\n\t<meta property=\"og:image:width\" content=\"1500\" \/>\n\t<meta property=\"og:image:height\" content=\"1076\" \/>\n\t<meta property=\"og:image:type\" content=\"image\/jpeg\" \/>\n<meta name=\"author\" content=\"Mediaplateforme\" \/>\n<meta name=\"twitter:card\" content=\"summary_large_image\" \/>\n<meta name=\"twitter:label1\" content=\"\u00c9crit par\" \/>\n\t<meta name=\"twitter:data1\" content=\"Mediaplateforme\" \/>\n\t<meta name=\"twitter:label2\" content=\"Dur\u00e9e de lecture estim\u00e9e\" \/>\n\t<meta name=\"twitter:data2\" content=\"4 minutes\" \/>\n<script type=\"application\/ld+json\" class=\"yoast-schema-graph\">{\"@context\":\"https:\/\/schema.org\",\"@graph\":[{\"@type\":\"WebPage\",\"@id\":\"https:\/\/www.mediaplateforme.com\/fr\/onda-nomination-aeroports-2030\/\",\"url\":\"https:\/\/www.mediaplateforme.com\/fr\/onda-nomination-aeroports-2030\/\",\"name\":\"ONDA nomination aeroports 2030 - MEDIA PLATEFORME | FR\",\"isPartOf\":{\"@id\":\"https:\/\/www.mediaplateforme.com\/fr\/#website\"},\"datePublished\":\"2025-12-05T14:39:26+00:00\",\"dateModified\":\"2025-12-05T14:39:35+00:00\",\"author\":{\"@id\":\"https:\/\/www.mediaplateforme.com\/fr\/#\/schema\/person\/89833db382b5db2c76b094bc902aa12a\"},\"description\":\"\\\"ONDA nomme quatre nouveaux responsables \u00e0 la t\u00eate des a\u00e9roports de Marrakech, Tanger, F\u00e8s et Agadir onda nomination aeroports 2030\",\"breadcrumb\":{\"@id\":\"https:\/\/www.mediaplateforme.com\/fr\/onda-nomination-aeroports-2030\/#breadcrumb\"},\"inLanguage\":\"fr-FR\",\"potentialAction\":[{\"@type\":\"ReadAction\",\"target\":[\"https:\/\/www.mediaplateforme.com\/fr\/onda-nomination-aeroports-2030\/\"]}]},{\"@type\":\"BreadcrumbList\",\"@id\":\"https:\/\/www.mediaplateforme.com\/fr\/onda-nomination-aeroports-2030\/#breadcrumb\",\"itemListElement\":[{\"@type\":\"ListItem\",\"position\":1,\"name\":\"\u0627\u0644\u0631\u0626\u064a\u0633\u064a\u0629\",\"item\":\"https:\/\/www.mediaplateforme.com\/fr\/\"},{\"@type\":\"ListItem\",\"position\":2,\"name\":\"ONDA : nouvelles nominations \u00e0 Marrakech, Tanger, F\u00e8s et Agadir pour acc\u00e9l\u00e9rer la strat\u00e9gie \u00ab A\u00e9roport 2030 \u00bb\"}]},{\"@type\":\"WebSite\",\"@id\":\"https:\/\/www.mediaplateforme.com\/fr\/#website\",\"url\":\"https:\/\/www.mediaplateforme.com\/fr\/\",\"name\":\"MEDIA PLATEFORME | FR\",\"description\":\"Mediaplateforme sp\u00e9cialis\u00e9 dans la communication institutions publiques et des entreprises\",\"potentialAction\":[{\"@type\":\"SearchAction\",\"target\":{\"@type\":\"EntryPoint\",\"urlTemplate\":\"https:\/\/www.mediaplateforme.com\/fr\/?s={search_term_string}\"},\"query-input\":\"required name=search_term_string\"}],\"inLanguage\":\"fr-FR\"},{\"@type\":\"Person\",\"@id\":\"https:\/\/www.mediaplateforme.com\/fr\/#\/schema\/person\/89833db382b5db2c76b094bc902aa12a\",\"name\":\"Mediaplateforme\",\"image\":{\"@type\":\"ImageObject\",\"inLanguage\":\"fr-FR\",\"@id\":\"https:\/\/www.mediaplateforme.com\/fr\/#\/schema\/person\/image\/\",\"url\":\"https:\/\/secure.gravatar.com\/avatar\/6c9c02e8928cc65d54bf75157f7b3a2d06d7ad0494ca0951f679552ff03b34c1?s=96&d=mm&r=g\",\"contentUrl\":\"https:\/\/secure.gravatar.com\/avatar\/6c9c02e8928cc65d54bf75157f7b3a2d06d7ad0494ca0951f679552ff03b34c1?s=96&d=mm&r=g\",\"caption\":\"Mediaplateforme\"},\"sameAs\":[\"https:\/\/www.mediaplateforme.com\"],\"url\":\"https:\/\/www.mediaplateforme.com\/fr\/author\/mohamedladib\/\"}]}<\/script>\n<!-- \/ Yoast SEO plugin. -->","yoast_head_json":{"title":"ONDA nomination aeroports 2030 - MEDIA PLATEFORME | FR","description":"\"ONDA nomme quatre nouveaux responsables \u00e0 la t\u00eate des a\u00e9roports de Marrakech, Tanger, F\u00e8s et Agadir onda nomination aeroports 2030","robots":{"index":"index","follow":"follow","max-snippet":"max-snippet:-1","max-image-preview":"max-image-preview:large","max-video-preview":"max-video-preview:-1"},"canonical":"https:\/\/www.mediaplateforme.com\/fr\/onda-nomination-aeroports-2030\/","og_locale":"fr_FR","og_type":"article","og_title":"ONDA nomination aeroports 2030 - MEDIA PLATEFORME | FR","og_description":"\"ONDA nomme quatre nouveaux responsables \u00e0 la t\u00eate des a\u00e9roports de Marrakech, Tanger, F\u00e8s et Agadir onda nomination aeroports 2030","og_url":"https:\/\/www.mediaplateforme.com\/fr\/onda-nomination-aeroports-2030\/","og_site_name":"MEDIA PLATEFORME | FR","article_published_time":"2025-12-05T14:39:26+00:00","article_modified_time":"2025-12-05T14:39:35+00:00","og_image":[{"width":1500,"height":1076,"url":"https:\/\/www.mediaplateforme.com\/fr\/wp-content\/uploads\/sites\/5\/2024\/12\/Photo-CP-ONDA-Aeeroport-Agadir.jpg","type":"image\/jpeg"}],"author":"Mediaplateforme","twitter_card":"summary_large_image","twitter_misc":{"\u00c9crit par":"Mediaplateforme","Dur\u00e9e de lecture estim\u00e9e":"4 minutes"},"schema":{"@context":"https:\/\/schema.org","@graph":[{"@type":"WebPage","@id":"https:\/\/www.mediaplateforme.com\/fr\/onda-nomination-aeroports-2030\/","url":"https:\/\/www.mediaplateforme.com\/fr\/onda-nomination-aeroports-2030\/","name":"ONDA nomination aeroports 2030 - MEDIA PLATEFORME | FR","isPartOf":{"@id":"https:\/\/www.mediaplateforme.com\/fr\/#website"},"datePublished":"2025-12-05T14:39:26+00:00","dateModified":"2025-12-05T14:39:35+00:00","author":{"@id":"https:\/\/www.mediaplateforme.com\/fr\/#\/schema\/person\/89833db382b5db2c76b094bc902aa12a"},"description":"\"ONDA nomme quatre nouveaux responsables \u00e0 la t\u00eate des a\u00e9roports de Marrakech, Tanger, F\u00e8s et Agadir onda nomination aeroports 2030","breadcrumb":{"@id":"https:\/\/www.mediaplateforme.com\/fr\/onda-nomination-aeroports-2030\/#breadcrumb"},"inLanguage":"fr-FR","potentialAction":[{"@type":"ReadAction","target":["https:\/\/www.mediaplateforme.com\/fr\/onda-nomination-aeroports-2030\/"]}]},{"@type":"BreadcrumbList","@id":"https:\/\/www.mediaplateforme.com\/fr\/onda-nomination-aeroports-2030\/#breadcrumb","itemListElement":[{"@type":"ListItem","position":1,"name":"\u0627\u0644\u0631\u0626\u064a\u0633\u064a\u0629","item":"https:\/\/www.mediaplateforme.com\/fr\/"},{"@type":"ListItem","position":2,"name":"ONDA : nouvelles nominations \u00e0 Marrakech, Tanger, F\u00e8s et Agadir pour acc\u00e9l\u00e9rer la strat\u00e9gie \u00ab A\u00e9roport 2030 \u00bb"}]},{"@type":"WebSite","@id":"https:\/\/www.mediaplateforme.com\/fr\/#website","url":"https:\/\/www.mediaplateforme.com\/fr\/","name":"MEDIA PLATEFORME | FR","description":"Mediaplateforme sp\u00e9cialis\u00e9 dans la communication institutions publiques et des entreprises","potentialAction":[{"@type":"SearchAction","target":{"@type":"EntryPoint","urlTemplate":"https:\/\/www.mediaplateforme.com\/fr\/?s={search_term_string}"},"query-input":"required name=search_term_string"}],"inLanguage":"fr-FR"},{"@type":"Person","@id":"https:\/\/www.mediaplateforme.com\/fr\/#\/schema\/person\/89833db382b5db2c76b094bc902aa12a","name":"Mediaplateforme","image":{"@type":"ImageObject","inLanguage":"fr-FR","@id":"https:\/\/www.mediaplateforme.com\/fr\/#\/schema\/person\/image\/","url":"https:\/\/secure.gravatar.com\/avatar\/6c9c02e8928cc65d54bf75157f7b3a2d06d7ad0494ca0951f679552ff03b34c1?s=96&d=mm&r=g","contentUrl":"https:\/\/secure.gravatar.com\/avatar\/6c9c02e8928cc65d54bf75157f7b3a2d06d7ad0494ca0951f679552ff03b34c1?s=96&d=mm&r=g","caption":"Mediaplateforme"},"sameAs":["https:\/\/www.mediaplateforme.com"],"url":"https:\/\/www.mediaplateforme.com\/fr\/author\/mohamedladib\/"}]}},"_links":{"self":[{"href":"https:\/\/www.mediaplateforme.com\/fr\/wp-json\/wp\/v2\/posts\/7713","targetHints":{"allow":["GET"]}}],"collection":[{"href":"https:\/\/www.mediaplateforme.com\/fr\/wp-json\/wp\/v2\/posts"}],"about":[{"href":"https:\/\/www.mediaplateforme.com\/fr\/wp-json\/wp\/v2\/types\/post"}],"author":[{"embeddable":true,"href":"https:\/\/www.mediaplateforme.com\/fr\/wp-json\/wp\/v2\/users\/1"}],"replies":[{"embeddable":true,"href":"https:\/\/www.mediaplateforme.com\/fr\/wp-json\/wp\/v2\/comments?post=7713"}],"version-history":[{"count":1,"href":"https:\/\/www.mediaplateforme.com\/fr\/wp-json\/wp\/v2\/posts\/7713\/revisions"}],"predecessor-version":[{"id":7714,"href":"https:\/\/www.mediaplateforme.com\/fr\/wp-json\/wp\/v2\/posts\/7713\/revisions\/7714"}],"wp:featuredmedia":[{"embeddable":true,"href":"https:\/\/www.mediaplateforme.com\/fr\/wp-json\/wp\/v2\/media\/6568"}],"wp:attachment":[{"href":"https:\/\/www.mediaplateforme.com\/fr\/wp-json\/wp\/v2\/media?parent=7713"}],"wp:term":[{"taxonomy":"category","embeddable":true,"href":"https:\/\/www.mediaplateforme.com\/fr\/wp-json\/wp\/v2\/categories?post=7713"},{"taxonomy":"post_tag","embeddable":true,"href":"https:\/\/www.mediaplateforme.com\/fr\/wp-json\/wp\/v2\/tags?post=7713"}],"curies":[{"name":"wp","href":"https:\/\/api.w.org\/{rel}","templated":true}]}}