{"id":77,"date":"2022-06-22T17:16:42","date_gmt":"2022-06-22T16:16:42","guid":{"rendered":"https:\/\/www.mediaplateforme.com\/fr\/?p=77"},"modified":"2022-06-22T18:57:39","modified_gmt":"2022-06-22T17:57:39","slug":"kfc-annonce-louverture-dun-restaurant-a-dar-bouazza-et-inaugure-le-premier-drive-kfc-au-maroc","status":"publish","type":"post","link":"https:\/\/www.mediaplateforme.com\/fr\/kfc-annonce-louverture-dun-restaurant-a-dar-bouazza-et-inaugure-le-premier-drive-kfc-au-maroc\/","title":{"rendered":"KFC annonce l\u2019ouverture d\u2019un restaurant \u00e0 Dar Bouazza"},"content":{"rendered":"<p><span style=\"color: #073763; font-family: times new roman, serif; font-size: large;\"><span lang=\"FR\">KFC (<i><a href=\"https:\/\/www.instagram.com\/kfcmarocofficiel\/?hl=fr\">Kentucky Fried Chicken<\/a>)<\/i>, l\u2019enseigne de restauration rapide qui se sp\u00e9cialise dans le poulet frit, poursuit son expansion au Maroc en ouvrant un restaurant \u00e0 Dar Bouazza, Casablanca. Cette nouvelle ouverture b\u00e9n\u00e9ficie d\u2019un emplacement strat\u00e9gique sur la route d\u2019Azzemour au niveau de la nouvelle ville de Dar Bouazza et dispose du premier Drive KFC au Maroc.<\/span><\/span><\/p>\n<p><span style=\"color: #073763; font-family: times new roman, serif; font-size: large;\"><span lang=\"FR\">\u00ab<i>\u00a0Nous sommes particuli\u00e8rement fiers d\u2019inaugurer cette nouvelle ouverture d\u2019un restaurant KFC \u00e0 Dar Bouazza et de continuer toujours autant \u00e0 rapprocher nos services de nos clients ; ce nouveau restaurant arbore un design nouvelle g\u00e9n\u00e9ration et offre un maximum de confort et de convivialit\u00e9 \u00e0 ses visiteurs, en plus d\u2019inaugurer le premier Drive KFC au Maroc<\/i>\u00a0\u00bb, a d\u00e9clar\u00e9 Anas Kadmiri, Operations Manager chez KFC Maroc.<\/span><\/span><\/p>\n<p><span style=\"color: #073763; font-family: times new roman, serif; font-size: large;\"><span lang=\"FR\">Occupant une superficie de plus de 800 m\u00b2, le nouvel espace de restauration de KFC \u00e0 Dar Bouazza a mobilis\u00e9 un investissement de 20 millions de DH. Il se distingue par son design \u00e0 la fois moderne et cosy et offre aux riverains de Dar Bouazza, mais aussi aux voyageurs qui empruntent la route c\u00f4ti\u00e8re d\u2019Azemmour, un vaste choix de menus qui ne manqueront pas de ravir leurs papilles. En plus d\u2019espaces verts, il<i>\u00a0<\/i>dispose d\u2019un espace isol\u00e9 r\u00e9serv\u00e9 aux livreurs et met \u00e0 la disposition des clients diff\u00e9rentes options de restauration : sur place, \u00e0 emporter, en livraison ainsi que le premier Drive KFC au Maroc. Ce premier restaurant muni de son drive signera \u00e9galement le nouveau Slogan des restaurants KFC \u00e9quip\u00e9s d\u2019un Drive pour le plaisir des automobilistes\u00a0: \u00ab\u00a0Beep_Beep\u2026Di KFC f yedik ! \u00a0<\/span><\/span><\/p>\n<p><span lang=\"FR\"><span style=\"color: #073763; font-family: times new roman, serif; font-size: large;\">Le nouveau KFC de Dar Bouazza s\u2019approvisionne exclusivement en produits locaux notamment le poulet qui repr\u00e9sente l\u2019ingr\u00e9dient principal de l\u2019enseigne, et ce dans le but d&rsquo;encourager la consommation de produits 100% marocains. Le restaurant est g\u00e9r\u00e9 par une \u00e9quipe jeune, dynamique et comp\u00e9tente, qui est compos\u00e9e de 50 membres en emplois directs.<\/span><\/span><\/p>\n<p><span lang=\"FR\"><span style=\"color: #073763; font-family: times new roman, serif; font-size: large;\">, tous recrut\u00e9s localement. Cette \u00e9quipe a b\u00e9n\u00e9fici\u00e9 d\u2019une formation KFC International qui a dur\u00e9 plusieurs semaines. Notons enfin que ce nouveau restaurant KFC s\u2019inscrit dans une strat\u00e9gie de d\u00e9veloppement ambitieuse men\u00e9e par l\u2019enseigne. KFC est pr\u00e9sent dans les villes suivantes : Casablanca, Rabat, Tanger, Marrakech, Agadir, Meknes, Kenitra et d\u00e9sormais \u00e0 El Jadida. D\u2019autres nouvelles ouvertures sont pr\u00e9vues dans les prochains mois.<\/span><\/span><\/p>\n<p><span style=\"color: #990000; font-family: times new roman, serif; font-size: large;\"><b>Le nouveau restaurant KFC de Dar Bouazza ouvrira officiellement ses portes le\u00a0mercredi 22 juin 2022.<\/b><\/span><\/p>\n","protected":false},"excerpt":{"rendered":"<p>KFC (Kentucky Fried Chicken), l\u2019enseigne de restauration rapide qui se sp\u00e9cialise dans le poulet frit,<\/p>\n","protected":false},"author":1,"featured_media":78,"comment_status":"open","ping_status":"open","sticky":false,"template":"","format":"standard","meta":{"_acf_changed":false,"footnotes":""},"categories":[4,3],"tags":[27],"class_list":["post-77","post","type-post","status-publish","format-standard","has-post-thumbnail","hentry","category-economie","category-nouvelles-selectionnees","tag-kfc"],"acf":[],"yoast_head":"<!-- This site is optimized with the Yoast SEO plugin v22.0 - https:\/\/yoast.com\/wordpress\/plugins\/seo\/ -->\n<title>KFC annonce l\u2019ouverture d\u2019un restaurant \u00e0 Dar Bouazza - MEDIA PLATEFORME | FR<\/title>\n<meta name=\"description\" content=\"KFC l\u2019enseigne de restauration rapide qui se sp\u00e9cialise dans le poulet frit, poursuit son expansion au Maroc\" \/>\n<meta name=\"robots\" content=\"index, follow, max-snippet:-1, max-image-preview:large, max-video-preview:-1\" \/>\n<link rel=\"canonical\" href=\"https:\/\/www.mediaplateforme.com\/fr\/kfc-annonce-louverture-dun-restaurant-a-dar-bouazza-et-inaugure-le-premier-drive-kfc-au-maroc\/\" \/>\n<meta property=\"og:locale\" content=\"fr_FR\" \/>\n<meta property=\"og:type\" content=\"article\" \/>\n<meta property=\"og:title\" content=\"KFC annonce l\u2019ouverture d\u2019un restaurant \u00e0 Dar Bouazza - MEDIA PLATEFORME | FR\" \/>\n<meta property=\"og:description\" content=\"KFC l\u2019enseigne de restauration rapide qui se sp\u00e9cialise dans le poulet frit, poursuit son expansion au Maroc\" \/>\n<meta property=\"og:url\" content=\"https:\/\/www.mediaplateforme.com\/fr\/kfc-annonce-louverture-dun-restaurant-a-dar-bouazza-et-inaugure-le-premier-drive-kfc-au-maroc\/\" \/>\n<meta property=\"og:site_name\" content=\"MEDIA PLATEFORME | FR\" \/>\n<meta property=\"article:published_time\" content=\"2022-06-22T16:16:42+00:00\" \/>\n<meta property=\"article:modified_time\" content=\"2022-06-22T17:57:39+00:00\" \/>\n<meta property=\"og:image\" content=\"https:\/\/www.mediaplateforme.com\/fr\/wp-content\/uploads\/sites\/5\/2022\/06\/KFC.jpg\" \/>\n\t<meta property=\"og:image:width\" content=\"750\" \/>\n\t<meta property=\"og:image:height\" content=\"430\" \/>\n\t<meta property=\"og:image:type\" content=\"image\/jpeg\" \/>\n<meta name=\"author\" content=\"Mediaplateforme\" \/>\n<meta name=\"twitter:card\" content=\"summary_large_image\" \/>\n<meta name=\"twitter:label1\" content=\"\u00c9crit par\" \/>\n\t<meta name=\"twitter:data1\" content=\"Mediaplateforme\" \/>\n\t<meta name=\"twitter:label2\" content=\"Dur\u00e9e de lecture estim\u00e9e\" \/>\n\t<meta name=\"twitter:data2\" content=\"2 minutes\" \/>\n<script type=\"application\/ld+json\" class=\"yoast-schema-graph\">{\"@context\":\"https:\/\/schema.org\",\"@graph\":[{\"@type\":\"WebPage\",\"@id\":\"https:\/\/www.mediaplateforme.com\/fr\/kfc-annonce-louverture-dun-restaurant-a-dar-bouazza-et-inaugure-le-premier-drive-kfc-au-maroc\/\",\"url\":\"https:\/\/www.mediaplateforme.com\/fr\/kfc-annonce-louverture-dun-restaurant-a-dar-bouazza-et-inaugure-le-premier-drive-kfc-au-maroc\/\",\"name\":\"KFC annonce l\u2019ouverture d\u2019un restaurant \u00e0 Dar Bouazza - MEDIA PLATEFORME | FR\",\"isPartOf\":{\"@id\":\"https:\/\/www.mediaplateforme.com\/fr\/#website\"},\"datePublished\":\"2022-06-22T16:16:42+00:00\",\"dateModified\":\"2022-06-22T17:57:39+00:00\",\"author\":{\"@id\":\"https:\/\/www.mediaplateforme.com\/fr\/#\/schema\/person\/89833db382b5db2c76b094bc902aa12a\"},\"description\":\"KFC l\u2019enseigne de restauration rapide qui se sp\u00e9cialise dans le poulet frit, poursuit son expansion au Maroc\",\"breadcrumb\":{\"@id\":\"https:\/\/www.mediaplateforme.com\/fr\/kfc-annonce-louverture-dun-restaurant-a-dar-bouazza-et-inaugure-le-premier-drive-kfc-au-maroc\/#breadcrumb\"},\"inLanguage\":\"fr-FR\",\"potentialAction\":[{\"@type\":\"ReadAction\",\"target\":[\"https:\/\/www.mediaplateforme.com\/fr\/kfc-annonce-louverture-dun-restaurant-a-dar-bouazza-et-inaugure-le-premier-drive-kfc-au-maroc\/\"]}]},{\"@type\":\"BreadcrumbList\",\"@id\":\"https:\/\/www.mediaplateforme.com\/fr\/kfc-annonce-louverture-dun-restaurant-a-dar-bouazza-et-inaugure-le-premier-drive-kfc-au-maroc\/#breadcrumb\",\"itemListElement\":[{\"@type\":\"ListItem\",\"position\":1,\"name\":\"\u0627\u0644\u0631\u0626\u064a\u0633\u064a\u0629\",\"item\":\"https:\/\/www.mediaplateforme.com\/fr\/\"},{\"@type\":\"ListItem\",\"position\":2,\"name\":\"KFC annonce l\u2019ouverture d\u2019un restaurant \u00e0 Dar Bouazza\"}]},{\"@type\":\"WebSite\",\"@id\":\"https:\/\/www.mediaplateforme.com\/fr\/#website\",\"url\":\"https:\/\/www.mediaplateforme.com\/fr\/\",\"name\":\"MEDIA PLATEFORME | FR\",\"description\":\"Mediaplateforme sp\u00e9cialis\u00e9 dans la communication institutions publiques et des entreprises\",\"potentialAction\":[{\"@type\":\"SearchAction\",\"target\":{\"@type\":\"EntryPoint\",\"urlTemplate\":\"https:\/\/www.mediaplateforme.com\/fr\/?s={search_term_string}\"},\"query-input\":\"required name=search_term_string\"}],\"inLanguage\":\"fr-FR\"},{\"@type\":\"Person\",\"@id\":\"https:\/\/www.mediaplateforme.com\/fr\/#\/schema\/person\/89833db382b5db2c76b094bc902aa12a\",\"name\":\"Mediaplateforme\",\"image\":{\"@type\":\"ImageObject\",\"inLanguage\":\"fr-FR\",\"@id\":\"https:\/\/www.mediaplateforme.com\/fr\/#\/schema\/person\/image\/\",\"url\":\"https:\/\/secure.gravatar.com\/avatar\/6c9c02e8928cc65d54bf75157f7b3a2d06d7ad0494ca0951f679552ff03b34c1?s=96&d=mm&r=g\",\"contentUrl\":\"https:\/\/secure.gravatar.com\/avatar\/6c9c02e8928cc65d54bf75157f7b3a2d06d7ad0494ca0951f679552ff03b34c1?s=96&d=mm&r=g\",\"caption\":\"Mediaplateforme\"},\"sameAs\":[\"https:\/\/www.mediaplateforme.com\"],\"url\":\"https:\/\/www.mediaplateforme.com\/fr\/author\/mohamedladib\/\"}]}<\/script>\n<!-- \/ Yoast SEO plugin. -->","yoast_head_json":{"title":"KFC annonce l\u2019ouverture d\u2019un restaurant \u00e0 Dar Bouazza - MEDIA PLATEFORME | FR","description":"KFC l\u2019enseigne de restauration rapide qui se sp\u00e9cialise dans le poulet frit, poursuit son expansion au Maroc","robots":{"index":"index","follow":"follow","max-snippet":"max-snippet:-1","max-image-preview":"max-image-preview:large","max-video-preview":"max-video-preview:-1"},"canonical":"https:\/\/www.mediaplateforme.com\/fr\/kfc-annonce-louverture-dun-restaurant-a-dar-bouazza-et-inaugure-le-premier-drive-kfc-au-maroc\/","og_locale":"fr_FR","og_type":"article","og_title":"KFC annonce l\u2019ouverture d\u2019un restaurant \u00e0 Dar Bouazza - MEDIA PLATEFORME | FR","og_description":"KFC l\u2019enseigne de restauration rapide qui se sp\u00e9cialise dans le poulet frit, poursuit son expansion au Maroc","og_url":"https:\/\/www.mediaplateforme.com\/fr\/kfc-annonce-louverture-dun-restaurant-a-dar-bouazza-et-inaugure-le-premier-drive-kfc-au-maroc\/","og_site_name":"MEDIA PLATEFORME | FR","article_published_time":"2022-06-22T16:16:42+00:00","article_modified_time":"2022-06-22T17:57:39+00:00","og_image":[{"width":750,"height":430,"url":"https:\/\/www.mediaplateforme.com\/fr\/wp-content\/uploads\/sites\/5\/2022\/06\/KFC.jpg","type":"image\/jpeg"}],"author":"Mediaplateforme","twitter_card":"summary_large_image","twitter_misc":{"\u00c9crit par":"Mediaplateforme","Dur\u00e9e de lecture estim\u00e9e":"2 minutes"},"schema":{"@context":"https:\/\/schema.org","@graph":[{"@type":"WebPage","@id":"https:\/\/www.mediaplateforme.com\/fr\/kfc-annonce-louverture-dun-restaurant-a-dar-bouazza-et-inaugure-le-premier-drive-kfc-au-maroc\/","url":"https:\/\/www.mediaplateforme.com\/fr\/kfc-annonce-louverture-dun-restaurant-a-dar-bouazza-et-inaugure-le-premier-drive-kfc-au-maroc\/","name":"KFC annonce l\u2019ouverture d\u2019un restaurant \u00e0 Dar Bouazza - MEDIA PLATEFORME | FR","isPartOf":{"@id":"https:\/\/www.mediaplateforme.com\/fr\/#website"},"datePublished":"2022-06-22T16:16:42+00:00","dateModified":"2022-06-22T17:57:39+00:00","author":{"@id":"https:\/\/www.mediaplateforme.com\/fr\/#\/schema\/person\/89833db382b5db2c76b094bc902aa12a"},"description":"KFC l\u2019enseigne de restauration rapide qui se sp\u00e9cialise dans le poulet frit, poursuit son expansion au Maroc","breadcrumb":{"@id":"https:\/\/www.mediaplateforme.com\/fr\/kfc-annonce-louverture-dun-restaurant-a-dar-bouazza-et-inaugure-le-premier-drive-kfc-au-maroc\/#breadcrumb"},"inLanguage":"fr-FR","potentialAction":[{"@type":"ReadAction","target":["https:\/\/www.mediaplateforme.com\/fr\/kfc-annonce-louverture-dun-restaurant-a-dar-bouazza-et-inaugure-le-premier-drive-kfc-au-maroc\/"]}]},{"@type":"BreadcrumbList","@id":"https:\/\/www.mediaplateforme.com\/fr\/kfc-annonce-louverture-dun-restaurant-a-dar-bouazza-et-inaugure-le-premier-drive-kfc-au-maroc\/#breadcrumb","itemListElement":[{"@type":"ListItem","position":1,"name":"\u0627\u0644\u0631\u0626\u064a\u0633\u064a\u0629","item":"https:\/\/www.mediaplateforme.com\/fr\/"},{"@type":"ListItem","position":2,"name":"KFC annonce l\u2019ouverture d\u2019un restaurant \u00e0 Dar Bouazza"}]},{"@type":"WebSite","@id":"https:\/\/www.mediaplateforme.com\/fr\/#website","url":"https:\/\/www.mediaplateforme.com\/fr\/","name":"MEDIA PLATEFORME | FR","description":"Mediaplateforme sp\u00e9cialis\u00e9 dans la communication institutions publiques et des entreprises","potentialAction":[{"@type":"SearchAction","target":{"@type":"EntryPoint","urlTemplate":"https:\/\/www.mediaplateforme.com\/fr\/?s={search_term_string}"},"query-input":"required name=search_term_string"}],"inLanguage":"fr-FR"},{"@type":"Person","@id":"https:\/\/www.mediaplateforme.com\/fr\/#\/schema\/person\/89833db382b5db2c76b094bc902aa12a","name":"Mediaplateforme","image":{"@type":"ImageObject","inLanguage":"fr-FR","@id":"https:\/\/www.mediaplateforme.com\/fr\/#\/schema\/person\/image\/","url":"https:\/\/secure.gravatar.com\/avatar\/6c9c02e8928cc65d54bf75157f7b3a2d06d7ad0494ca0951f679552ff03b34c1?s=96&d=mm&r=g","contentUrl":"https:\/\/secure.gravatar.com\/avatar\/6c9c02e8928cc65d54bf75157f7b3a2d06d7ad0494ca0951f679552ff03b34c1?s=96&d=mm&r=g","caption":"Mediaplateforme"},"sameAs":["https:\/\/www.mediaplateforme.com"],"url":"https:\/\/www.mediaplateforme.com\/fr\/author\/mohamedladib\/"}]}},"_links":{"self":[{"href":"https:\/\/www.mediaplateforme.com\/fr\/wp-json\/wp\/v2\/posts\/77","targetHints":{"allow":["GET"]}}],"collection":[{"href":"https:\/\/www.mediaplateforme.com\/fr\/wp-json\/wp\/v2\/posts"}],"about":[{"href":"https:\/\/www.mediaplateforme.com\/fr\/wp-json\/wp\/v2\/types\/post"}],"author":[{"embeddable":true,"href":"https:\/\/www.mediaplateforme.com\/fr\/wp-json\/wp\/v2\/users\/1"}],"replies":[{"embeddable":true,"href":"https:\/\/www.mediaplateforme.com\/fr\/wp-json\/wp\/v2\/comments?post=77"}],"version-history":[{"count":0,"href":"https:\/\/www.mediaplateforme.com\/fr\/wp-json\/wp\/v2\/posts\/77\/revisions"}],"wp:featuredmedia":[{"embeddable":true,"href":"https:\/\/www.mediaplateforme.com\/fr\/wp-json\/wp\/v2\/media\/78"}],"wp:attachment":[{"href":"https:\/\/www.mediaplateforme.com\/fr\/wp-json\/wp\/v2\/media?parent=77"}],"wp:term":[{"taxonomy":"category","embeddable":true,"href":"https:\/\/www.mediaplateforme.com\/fr\/wp-json\/wp\/v2\/categories?post=77"},{"taxonomy":"post_tag","embeddable":true,"href":"https:\/\/www.mediaplateforme.com\/fr\/wp-json\/wp\/v2\/tags?post=77"}],"curies":[{"name":"wp","href":"https:\/\/api.w.org\/{rel}","templated":true}]}}