{"id":7648,"date":"2025-11-10T17:48:11","date_gmt":"2025-11-10T16:48:11","guid":{"rendered":"https:\/\/www.mediaplateforme.com\/fr\/?p=7648"},"modified":"2025-11-10T18:28:41","modified_gmt":"2025-11-10T17:28:41","slug":"7648-2","status":"publish","type":"post","link":"https:\/\/www.mediaplateforme.com\/fr\/7648-2\/","title":{"rendered":"L\u2019UACC devient le repr\u00e9sentant officiel de Cannes Lions au Maroc"},"content":{"rendered":"<div style=\"max-width: 880px; margin: auto; padding: 1.8rem; font-family: 'Cairo','Segoe UI',sans-serif; line-height: 1.9; color: #111827;\">\n<p><!-- \ud83d\uddbc\ufe0f Image principale --><\/p>\n<figure style=\"margin: 0 0 1.5rem 0; text-align: center;\"><img decoding=\"async\" style=\"max-width: 100%; height: auto; border-radius: 14px; box-shadow: 0 4px 12px rgba(0,0,0,0.15);\" title=\"L\u2019UACC devient le repr\u00e9sentant officiel de Cannes Lions au Maroc\" src=\"https:\/\/www.mediaplateforme.com\/fr\/wp-content\/uploads\/sites\/5\/2025\/11\/uacc-cannes-lions-maroc-2025.png\" alt=\"Visuel officiel de l\u2019UACC et Cannes Lions annon\u00e7ant le partenariat : l\u2019UACC devient le repr\u00e9sentant officiel du festival international de la cr\u00e9ativit\u00e9 au Maroc.\" \/><figcaption style=\"font-size: 14px; color: #555; margin-top: 8px;\">Annonce officielle du partenariat entre l\u2019UACC et Cannes Lions : l\u2019Union devient le repr\u00e9sentant exclusif du prestigieux festival international de la cr\u00e9ativit\u00e9 au Maroc.<\/figcaption><\/figure>\n<p><!-- \ud83c\udfaf Snippet principal --><\/p>\n<div style=\"background: linear-gradient(135deg,#fef2f2,#fee2e2); border-width: 1px 6px 1px 1px; border-style: solid; border-color: #fecaca #dc2626 #fecaca #fecaca; border-radius: 14px; box-shadow: rgba(0,0,0,0.1) 0 3px 8px; padding: 1rem 1.3rem; margin: 1.8rem 0; font-weight: 600;\"><strong>L\u2019UACC devient le repr\u00e9sentant officiel de Cannes Lions au Maroc<\/strong> \u2014 un partenariat strat\u00e9gique qui rapproche le plus grand festival mondial de la cr\u00e9ativit\u00e9 des acteurs marocains de la communication et de la publicit\u00e9.<\/div>\n<p><!-- \ud83d\udcf0 Introduction --><\/p>\n<p>L\u2019<a href=\"https:\/\/www.mediaplateforme.com\/fr\/luacc-rejoint-leaca\/\">Union des Agences Conseil en Communication<\/a> a sign\u00e9 un accord officiel avec <strong>Cannes Lions<\/strong>, devenant ainsi son repr\u00e9sentant exclusif au Maroc. Cet accord englobe \u00e9galement la repr\u00e9sentation du festival r\u00e9gional <strong>Dubai Lynx<\/strong>.<\/p>\n<p><!-- \ud83c\udf0d Bloc rouge --><\/p>\n<div style=\"background: #fef2f2; border: 1px solid #fecaca; border-right: 6px solid #b91c1c; border-radius: 14px; padding: 1.4rem; margin: 2rem 0; box-shadow: 0 3px 8px rgba(0,0,0,0.08);\">Cannes Lions s\u2019appuie sur un r\u00e9seau mondial de repr\u00e9sentants qui incarnent la cr\u00e9ativit\u00e9 dans leurs pays, aident les agences, les marques et les annonceurs \u00e0 profiter de l\u2019exp\u00e9rience du festival tout au long de l\u2019ann\u00e9e.<br \/>\nGr\u00e2ce \u00e0 ce partenariat, le Maroc rejoint ce r\u00e9seau international via l\u2019UACC, qui devient le point d\u2019entr\u00e9e officiel pour tout ce qui concerne Cannes Lions sur le territoire.<\/div>\n<p><!-- \ud83c\udf99\ufe0f D\u00e9claration 1 --><\/p>\n<h2 style=\"color: #a00000; margin-top: 2rem; border-bottom: 2px solid #e5e7eb; padding-bottom: .4rem;\"><strong>Valoriser la cr\u00e9ativit\u00e9 marocaine<\/strong><\/h2>\n<p>\u00ab Notre ambition est de hisser la cr\u00e9ativit\u00e9 dans notre pays au plus haut niveau et de valoriser la publicit\u00e9 marocaine. Les Cannes Lions sont un vecteur essentiel et nous sommes tr\u00e8s fiers d\u2019avoir \u00e9t\u00e9 s\u00e9lectionn\u00e9s pour les repr\u00e9senter au Maroc. \u00bb<\/p>\n<p><strong>\u2014 Hassan Rouissi, Pr\u00e9sident de l\u2019UACC<\/strong><\/p>\n<p><!-- \ud83d\udca1 Bloc jaune --><\/p>\n<div style=\"background: #fff7ed; border: 1px solid #fed7aa; border-right: 6px solid #fb923c; border-radius: 14px; padding: 1.5rem; margin: 2rem 0; box-shadow: 0 3px 8px rgba(0,0,0,0.08);\">Concr\u00e8tement, l\u2019UACC accompagnera les agences, les annonceurs et les jeunes talents tout au long de l\u2019ann\u00e9e : promotion de la marque Cannes Lions, organisation d\u2019\u00e9v\u00e9nements, pr\u00e9paration \u00e0 la d\u00e9l\u00e9gation marocaine et coordination du concours <strong>Young Lions \u2013 \u00c9dition Maroc 2026<\/strong>.<\/div>\n<p><!-- \ud83d\udde3\ufe0f Citation stylis\u00e9e --><\/p>\n<blockquote style=\"background: #f9fafb; border-right: 6px solid #a00000; border-radius: 14px; padding: 1.3rem; margin: 2rem 0; box-shadow: 0 3px 8px rgba(0,0,0,0.08); font-style: italic;\"><p>\u00ab Notre mission est de renforcer la pr\u00e9sence marocaine \u00e0 Cannes Lions avant, pendant et apr\u00e8s le Festival, d\u2019accompagner nos talents et de faciliter l\u2019acc\u00e8s aux opportunit\u00e9s offertes par la marque. \u00bb<\/p>\n<p><strong>\u2014 Samira Rafi, Directrice de cr\u00e9ation et membre de la commission relations internationales de l\u2019UACC<\/strong><\/p><\/blockquote>\n<p><!-- \ud83d\udd2e Bloc bleu --><\/p>\n<h2 style=\"color: #a00000; margin-top: 2rem; border-bottom: 2px solid #e5e7eb; padding-bottom: .4rem;\"><strong>Un partenariat pour inspirer et connecter<\/strong><\/h2>\n<div style=\"background: #f0f9ff; border: 1px solid #bae6fd; border-right: 6px solid #0284c7; border-radius: 14px; padding: 1.5rem; margin: 2rem 0; box-shadow: 0 3px 8px rgba(0,0,0,0.08);\">L\u2019UACC \u0153uvrera \u00e0 faire \u00e9merger des <strong>jur\u00e9s, intervenants et contenus marocains<\/strong> au sein du Festival afin de donner plus de visibilit\u00e9 aux talents du Royaume.<br \/>\nUn calendrier d\u2019actions et un dispositif d\u2019accompagnement d\u00e9taill\u00e9 seront bient\u00f4t annonc\u00e9s pour structurer cette collaboration in\u00e9dite.<\/div>\n<p><!-- \ud83c\udfc1 Bloc final --><\/p>\n<div style=\"text-align: center; background: linear-gradient(135deg,#a00000,#7f1d1d); color: #fff; padding: 1.8rem; border-radius: 14px; font-weight: bold; font-size: 1.05rem; box-shadow: 0 5px 12px rgba(0,0,0,0.15); margin-top: 3rem;\"><strong>En r\u00e9sum\u00e9 :<\/strong><br \/>\nCe partenariat marque une \u00e9tape majeure pour la communication marocaine, en rapprochant le Royaume du c\u0153ur mondial de la cr\u00e9ativit\u00e9 et de l\u2019innovation publicitaire.<\/div>\n<p style=\"font-size: 13px; color: #666; text-align: center; margin-top: 2rem;\">\u00a9 2025 UACC | Communiqu\u00e9 institutionnel \u2013 Tous droits r\u00e9serv\u00e9s.<\/p>\n<\/div>\n","protected":false},"excerpt":{"rendered":"<p>Annonce officielle du partenariat entre l\u2019UACC et Cannes Lions : l\u2019Union devient le repr\u00e9sentant exclusif<\/p>\n","protected":false},"author":1,"featured_media":7649,"comment_status":"open","ping_status":"open","sticky":false,"template":"","format":"standard","meta":{"_acf_changed":false,"footnotes":""},"categories":[2,3],"tags":[4162,4161,4159,4160,4157],"class_list":["post-7648","post","type-post","status-publish","format-standard","has-post-thumbnail","hentry","category-nouvelles","category-nouvelles-selectionnees","tag-cannes-lion","tag-communication","tag-creativite-marocaine","tag-publicit","tag-uacc"],"acf":[],"yoast_head":"<!-- This site is optimized with the Yoast SEO plugin v22.0 - https:\/\/yoast.com\/wordpress\/plugins\/seo\/ -->\n<title>UACC Cannes Lions Maroc - MEDIA PLATEFORME | FR<\/title>\n<meta name=\"description\" content=\"L\u2019UACC repr\u00e9sentera d\u00e9sormais Cannes Lions au Maroc, accompagnant la cr\u00e9ativit\u00e9 et les talents marocains sur la sc\u00e8ne mondiale.\" \/>\n<meta name=\"robots\" content=\"index, follow, max-snippet:-1, max-image-preview:large, max-video-preview:-1\" \/>\n<link rel=\"canonical\" href=\"https:\/\/www.mediaplateforme.com\/fr\/7648-2\/\" \/>\n<meta property=\"og:locale\" content=\"fr_FR\" \/>\n<meta property=\"og:type\" content=\"article\" \/>\n<meta property=\"og:title\" content=\"UACC Cannes Lions Maroc - MEDIA PLATEFORME | FR\" \/>\n<meta property=\"og:description\" content=\"L\u2019UACC repr\u00e9sentera d\u00e9sormais Cannes Lions au Maroc, accompagnant la cr\u00e9ativit\u00e9 et les talents marocains sur la sc\u00e8ne mondiale.\" \/>\n<meta property=\"og:url\" content=\"https:\/\/www.mediaplateforme.com\/fr\/7648-2\/\" \/>\n<meta property=\"og:site_name\" content=\"MEDIA PLATEFORME | FR\" \/>\n<meta property=\"article:published_time\" content=\"2025-11-10T16:48:11+00:00\" \/>\n<meta property=\"article:modified_time\" content=\"2025-11-10T17:28:41+00:00\" \/>\n<meta property=\"og:image\" content=\"https:\/\/www.mediaplateforme.com\/fr\/wp-content\/uploads\/sites\/5\/2025\/11\/uacc-cannes-lions-maroc-2025.png\" \/>\n\t<meta property=\"og:image:width\" content=\"1080\" \/>\n\t<meta property=\"og:image:height\" content=\"1080\" \/>\n\t<meta property=\"og:image:type\" content=\"image\/png\" \/>\n<meta name=\"author\" content=\"Mediaplateforme\" \/>\n<meta name=\"twitter:card\" content=\"summary_large_image\" \/>\n<meta name=\"twitter:label1\" content=\"\u00c9crit par\" \/>\n\t<meta name=\"twitter:data1\" content=\"Mediaplateforme\" \/>\n\t<meta name=\"twitter:label2\" content=\"Dur\u00e9e de lecture estim\u00e9e\" \/>\n\t<meta name=\"twitter:data2\" content=\"3 minutes\" \/>\n<script type=\"application\/ld+json\" class=\"yoast-schema-graph\">{\"@context\":\"https:\/\/schema.org\",\"@graph\":[{\"@type\":\"WebPage\",\"@id\":\"https:\/\/www.mediaplateforme.com\/fr\/7648-2\/\",\"url\":\"https:\/\/www.mediaplateforme.com\/fr\/7648-2\/\",\"name\":\"UACC Cannes Lions Maroc - MEDIA PLATEFORME | FR\",\"isPartOf\":{\"@id\":\"https:\/\/www.mediaplateforme.com\/fr\/#website\"},\"datePublished\":\"2025-11-10T16:48:11+00:00\",\"dateModified\":\"2025-11-10T17:28:41+00:00\",\"author\":{\"@id\":\"https:\/\/www.mediaplateforme.com\/fr\/#\/schema\/person\/89833db382b5db2c76b094bc902aa12a\"},\"description\":\"L\u2019UACC repr\u00e9sentera d\u00e9sormais Cannes Lions au Maroc, accompagnant la cr\u00e9ativit\u00e9 et les talents marocains sur la sc\u00e8ne mondiale.\",\"breadcrumb\":{\"@id\":\"https:\/\/www.mediaplateforme.com\/fr\/7648-2\/#breadcrumb\"},\"inLanguage\":\"fr-FR\",\"potentialAction\":[{\"@type\":\"ReadAction\",\"target\":[\"https:\/\/www.mediaplateforme.com\/fr\/7648-2\/\"]}]},{\"@type\":\"BreadcrumbList\",\"@id\":\"https:\/\/www.mediaplateforme.com\/fr\/7648-2\/#breadcrumb\",\"itemListElement\":[{\"@type\":\"ListItem\",\"position\":1,\"name\":\"\u0627\u0644\u0631\u0626\u064a\u0633\u064a\u0629\",\"item\":\"https:\/\/www.mediaplateforme.com\/fr\/\"},{\"@type\":\"ListItem\",\"position\":2,\"name\":\"L\u2019UACC devient le repr\u00e9sentant officiel de Cannes Lions au Maroc\"}]},{\"@type\":\"WebSite\",\"@id\":\"https:\/\/www.mediaplateforme.com\/fr\/#website\",\"url\":\"https:\/\/www.mediaplateforme.com\/fr\/\",\"name\":\"MEDIA PLATEFORME | FR\",\"description\":\"Mediaplateforme sp\u00e9cialis\u00e9 dans la communication institutions publiques et des entreprises\",\"potentialAction\":[{\"@type\":\"SearchAction\",\"target\":{\"@type\":\"EntryPoint\",\"urlTemplate\":\"https:\/\/www.mediaplateforme.com\/fr\/?s={search_term_string}\"},\"query-input\":\"required name=search_term_string\"}],\"inLanguage\":\"fr-FR\"},{\"@type\":\"Person\",\"@id\":\"https:\/\/www.mediaplateforme.com\/fr\/#\/schema\/person\/89833db382b5db2c76b094bc902aa12a\",\"name\":\"Mediaplateforme\",\"image\":{\"@type\":\"ImageObject\",\"inLanguage\":\"fr-FR\",\"@id\":\"https:\/\/www.mediaplateforme.com\/fr\/#\/schema\/person\/image\/\",\"url\":\"https:\/\/secure.gravatar.com\/avatar\/6c9c02e8928cc65d54bf75157f7b3a2d06d7ad0494ca0951f679552ff03b34c1?s=96&d=mm&r=g\",\"contentUrl\":\"https:\/\/secure.gravatar.com\/avatar\/6c9c02e8928cc65d54bf75157f7b3a2d06d7ad0494ca0951f679552ff03b34c1?s=96&d=mm&r=g\",\"caption\":\"Mediaplateforme\"},\"sameAs\":[\"https:\/\/www.mediaplateforme.com\"],\"url\":\"https:\/\/www.mediaplateforme.com\/fr\/author\/mohamedladib\/\"}]}<\/script>\n<!-- \/ Yoast SEO plugin. -->","yoast_head_json":{"title":"UACC Cannes Lions Maroc - MEDIA PLATEFORME | FR","description":"L\u2019UACC repr\u00e9sentera d\u00e9sormais Cannes Lions au Maroc, accompagnant la cr\u00e9ativit\u00e9 et les talents marocains sur la sc\u00e8ne mondiale.","robots":{"index":"index","follow":"follow","max-snippet":"max-snippet:-1","max-image-preview":"max-image-preview:large","max-video-preview":"max-video-preview:-1"},"canonical":"https:\/\/www.mediaplateforme.com\/fr\/7648-2\/","og_locale":"fr_FR","og_type":"article","og_title":"UACC Cannes Lions Maroc - MEDIA PLATEFORME | FR","og_description":"L\u2019UACC repr\u00e9sentera d\u00e9sormais Cannes Lions au Maroc, accompagnant la cr\u00e9ativit\u00e9 et les talents marocains sur la sc\u00e8ne mondiale.","og_url":"https:\/\/www.mediaplateforme.com\/fr\/7648-2\/","og_site_name":"MEDIA PLATEFORME | FR","article_published_time":"2025-11-10T16:48:11+00:00","article_modified_time":"2025-11-10T17:28:41+00:00","og_image":[{"width":1080,"height":1080,"url":"https:\/\/www.mediaplateforme.com\/fr\/wp-content\/uploads\/sites\/5\/2025\/11\/uacc-cannes-lions-maroc-2025.png","type":"image\/png"}],"author":"Mediaplateforme","twitter_card":"summary_large_image","twitter_misc":{"\u00c9crit par":"Mediaplateforme","Dur\u00e9e de lecture estim\u00e9e":"3 minutes"},"schema":{"@context":"https:\/\/schema.org","@graph":[{"@type":"WebPage","@id":"https:\/\/www.mediaplateforme.com\/fr\/7648-2\/","url":"https:\/\/www.mediaplateforme.com\/fr\/7648-2\/","name":"UACC Cannes Lions Maroc - MEDIA PLATEFORME | FR","isPartOf":{"@id":"https:\/\/www.mediaplateforme.com\/fr\/#website"},"datePublished":"2025-11-10T16:48:11+00:00","dateModified":"2025-11-10T17:28:41+00:00","author":{"@id":"https:\/\/www.mediaplateforme.com\/fr\/#\/schema\/person\/89833db382b5db2c76b094bc902aa12a"},"description":"L\u2019UACC repr\u00e9sentera d\u00e9sormais Cannes Lions au Maroc, accompagnant la cr\u00e9ativit\u00e9 et les talents marocains sur la sc\u00e8ne mondiale.","breadcrumb":{"@id":"https:\/\/www.mediaplateforme.com\/fr\/7648-2\/#breadcrumb"},"inLanguage":"fr-FR","potentialAction":[{"@type":"ReadAction","target":["https:\/\/www.mediaplateforme.com\/fr\/7648-2\/"]}]},{"@type":"BreadcrumbList","@id":"https:\/\/www.mediaplateforme.com\/fr\/7648-2\/#breadcrumb","itemListElement":[{"@type":"ListItem","position":1,"name":"\u0627\u0644\u0631\u0626\u064a\u0633\u064a\u0629","item":"https:\/\/www.mediaplateforme.com\/fr\/"},{"@type":"ListItem","position":2,"name":"L\u2019UACC devient le repr\u00e9sentant officiel de Cannes Lions au Maroc"}]},{"@type":"WebSite","@id":"https:\/\/www.mediaplateforme.com\/fr\/#website","url":"https:\/\/www.mediaplateforme.com\/fr\/","name":"MEDIA PLATEFORME | FR","description":"Mediaplateforme sp\u00e9cialis\u00e9 dans la communication institutions publiques et des entreprises","potentialAction":[{"@type":"SearchAction","target":{"@type":"EntryPoint","urlTemplate":"https:\/\/www.mediaplateforme.com\/fr\/?s={search_term_string}"},"query-input":"required name=search_term_string"}],"inLanguage":"fr-FR"},{"@type":"Person","@id":"https:\/\/www.mediaplateforme.com\/fr\/#\/schema\/person\/89833db382b5db2c76b094bc902aa12a","name":"Mediaplateforme","image":{"@type":"ImageObject","inLanguage":"fr-FR","@id":"https:\/\/www.mediaplateforme.com\/fr\/#\/schema\/person\/image\/","url":"https:\/\/secure.gravatar.com\/avatar\/6c9c02e8928cc65d54bf75157f7b3a2d06d7ad0494ca0951f679552ff03b34c1?s=96&d=mm&r=g","contentUrl":"https:\/\/secure.gravatar.com\/avatar\/6c9c02e8928cc65d54bf75157f7b3a2d06d7ad0494ca0951f679552ff03b34c1?s=96&d=mm&r=g","caption":"Mediaplateforme"},"sameAs":["https:\/\/www.mediaplateforme.com"],"url":"https:\/\/www.mediaplateforme.com\/fr\/author\/mohamedladib\/"}]}},"_links":{"self":[{"href":"https:\/\/www.mediaplateforme.com\/fr\/wp-json\/wp\/v2\/posts\/7648","targetHints":{"allow":["GET"]}}],"collection":[{"href":"https:\/\/www.mediaplateforme.com\/fr\/wp-json\/wp\/v2\/posts"}],"about":[{"href":"https:\/\/www.mediaplateforme.com\/fr\/wp-json\/wp\/v2\/types\/post"}],"author":[{"embeddable":true,"href":"https:\/\/www.mediaplateforme.com\/fr\/wp-json\/wp\/v2\/users\/1"}],"replies":[{"embeddable":true,"href":"https:\/\/www.mediaplateforme.com\/fr\/wp-json\/wp\/v2\/comments?post=7648"}],"version-history":[{"count":3,"href":"https:\/\/www.mediaplateforme.com\/fr\/wp-json\/wp\/v2\/posts\/7648\/revisions"}],"predecessor-version":[{"id":7652,"href":"https:\/\/www.mediaplateforme.com\/fr\/wp-json\/wp\/v2\/posts\/7648\/revisions\/7652"}],"wp:featuredmedia":[{"embeddable":true,"href":"https:\/\/www.mediaplateforme.com\/fr\/wp-json\/wp\/v2\/media\/7649"}],"wp:attachment":[{"href":"https:\/\/www.mediaplateforme.com\/fr\/wp-json\/wp\/v2\/media?parent=7648"}],"wp:term":[{"taxonomy":"category","embeddable":true,"href":"https:\/\/www.mediaplateforme.com\/fr\/wp-json\/wp\/v2\/categories?post=7648"},{"taxonomy":"post_tag","embeddable":true,"href":"https:\/\/www.mediaplateforme.com\/fr\/wp-json\/wp\/v2\/tags?post=7648"}],"curies":[{"name":"wp","href":"https:\/\/api.w.org\/{rel}","templated":true}]}}