{"id":759,"date":"2022-08-08T15:11:12","date_gmt":"2022-08-08T14:11:12","guid":{"rendered":"https:\/\/www.mediaplateforme.com\/fr\/?p=759"},"modified":"2022-08-08T15:11:12","modified_gmt":"2022-08-08T14:11:12","slug":"lammc-lance-son-portail-fintech","status":"publish","type":"post","link":"https:\/\/www.mediaplateforme.com\/fr\/lammc-lance-son-portail-fintech\/","title":{"rendered":"L\u2019AMMC lance son portail Fintech"},"content":{"rendered":"<p>L\u2019Autorit\u00e9 Marocaine du March\u00e9 des Capitaux (<a href=\"https:\/\/www.mediaplateforme.com\/fr\/finance-durable-lammc-et-lifc-signent-un-nouvel-accord\/\">AMMC<\/a>) vient de lancer son portail \u201cFinTech\u201d, con\u00e7u pour accompagner les acteurs du secteur dans leurs projets et favoriser le d\u00e9veloppement des nouvelles technologies qui contribuent \u00e0 la transformation du secteur financier.<\/p>\n<p>Mis en ligne sur le site internet de l\u2019Autorit\u00e9, le portail \u201cFintech\u201d permettra aux porteurs de projets d\u2019\u00e9changer avec l\u2019AMMC et de s\u2019enqu\u00e9rir du cadre l\u00e9gal applicable \u00e0 leurs entreprises, a indiqu\u00e9 l\u2019Autorit\u00e9 dans un communiqu\u00e9.<\/p>\n<p>Cet outil a ainsi \u00e9t\u00e9 pens\u00e9 pour faciliter le dialogue entre l\u2019AMMC et les entreprises actives dans le secteur de la technologie financi\u00e8re innovante, a ajout\u00e9 le communiqu\u00e9.<\/p>\n<p>\u201cPour l\u2019AMMC, soutenir l\u2019attractivit\u00e9 du march\u00e9 des capitaux c\u2019est aussi l\u2019ouvrir aux innovations de l\u2019industrie financi\u00e8re\u201d, a soulign\u00e9 l\u2019Autorit\u00e9 qui place l\u2019accompagnement de l\u2019innovation au c\u0153ur de son plan strat\u00e9gique 2021-2023 et entend assister les porteurs de projets afin de favoriser le d\u00e9veloppement des nouvelles technologies dans le march\u00e9 des capitaux marocain.<\/p>\n","protected":false},"excerpt":{"rendered":"<p>L\u2019Autorit\u00e9 Marocaine du March\u00e9 des Capitaux (AMMC) vient de lancer son portail \u201cFinTech\u201d, con\u00e7u pour<\/p>\n","protected":false},"author":1,"featured_media":273,"comment_status":"open","ping_status":"open","sticky":false,"template":"","format":"standard","meta":{"_acf_changed":false,"footnotes":""},"categories":[4,3],"tags":[116,290,289],"class_list":["post-759","post","type-post","status-publish","format-standard","has-post-thumbnail","hentry","category-economie","category-nouvelles-selectionnees","tag-ammc","tag-fintech","tag-portail-fintech"],"acf":[],"yoast_head":"<!-- This site is optimized with the Yoast SEO plugin v22.0 - https:\/\/yoast.com\/wordpress\/plugins\/seo\/ -->\n<title>L\u2019AMMC lance son portail Fintech - MEDIA PLATEFORME | FR<\/title>\n<meta name=\"description\" content=\"L\u2019Autorit\u00e9 Marocaine du March\u00e9 des Capitaux (AMMC) vient de lancer son portail \u201cFinTech\u201d, con\u00e7u pour accompagner les acteurs du secteur\" \/>\n<meta name=\"robots\" content=\"index, follow, max-snippet:-1, max-image-preview:large, max-video-preview:-1\" \/>\n<link rel=\"canonical\" href=\"https:\/\/www.mediaplateforme.com\/fr\/lammc-lance-son-portail-fintech\/\" \/>\n<meta property=\"og:locale\" content=\"fr_FR\" \/>\n<meta property=\"og:type\" content=\"article\" \/>\n<meta property=\"og:title\" content=\"L\u2019AMMC lance son portail Fintech - MEDIA PLATEFORME | FR\" \/>\n<meta property=\"og:description\" content=\"L\u2019Autorit\u00e9 Marocaine du March\u00e9 des Capitaux (AMMC) vient de lancer son portail \u201cFinTech\u201d, con\u00e7u pour accompagner les acteurs du secteur\" \/>\n<meta property=\"og:url\" content=\"https:\/\/www.mediaplateforme.com\/fr\/lammc-lance-son-portail-fintech\/\" \/>\n<meta property=\"og:site_name\" content=\"MEDIA PLATEFORME | FR\" \/>\n<meta property=\"article:published_time\" content=\"2022-08-08T14:11:12+00:00\" \/>\n<meta property=\"og:image\" content=\"https:\/\/www.mediaplateforme.com\/fr\/wp-content\/uploads\/sites\/5\/2022\/06\/AMMC.jpg\" \/>\n\t<meta property=\"og:image:width\" content=\"775\" \/>\n\t<meta property=\"og:image:height\" content=\"467\" \/>\n\t<meta property=\"og:image:type\" content=\"image\/jpeg\" \/>\n<meta name=\"author\" content=\"Mediaplateforme\" \/>\n<meta name=\"twitter:card\" content=\"summary_large_image\" \/>\n<meta name=\"twitter:label1\" content=\"\u00c9crit par\" \/>\n\t<meta name=\"twitter:data1\" content=\"Mediaplateforme\" \/>\n\t<meta name=\"twitter:label2\" content=\"Dur\u00e9e de lecture estim\u00e9e\" \/>\n\t<meta name=\"twitter:data2\" content=\"1 minute\" \/>\n<script type=\"application\/ld+json\" class=\"yoast-schema-graph\">{\"@context\":\"https:\/\/schema.org\",\"@graph\":[{\"@type\":\"WebPage\",\"@id\":\"https:\/\/www.mediaplateforme.com\/fr\/lammc-lance-son-portail-fintech\/\",\"url\":\"https:\/\/www.mediaplateforme.com\/fr\/lammc-lance-son-portail-fintech\/\",\"name\":\"L\u2019AMMC lance son portail Fintech - MEDIA PLATEFORME | FR\",\"isPartOf\":{\"@id\":\"https:\/\/www.mediaplateforme.com\/fr\/#website\"},\"datePublished\":\"2022-08-08T14:11:12+00:00\",\"dateModified\":\"2022-08-08T14:11:12+00:00\",\"author\":{\"@id\":\"https:\/\/www.mediaplateforme.com\/fr\/#\/schema\/person\/89833db382b5db2c76b094bc902aa12a\"},\"description\":\"L\u2019Autorit\u00e9 Marocaine du March\u00e9 des Capitaux (AMMC) vient de lancer son portail \u201cFinTech\u201d, con\u00e7u pour accompagner les acteurs du secteur\",\"breadcrumb\":{\"@id\":\"https:\/\/www.mediaplateforme.com\/fr\/lammc-lance-son-portail-fintech\/#breadcrumb\"},\"inLanguage\":\"fr-FR\",\"potentialAction\":[{\"@type\":\"ReadAction\",\"target\":[\"https:\/\/www.mediaplateforme.com\/fr\/lammc-lance-son-portail-fintech\/\"]}]},{\"@type\":\"BreadcrumbList\",\"@id\":\"https:\/\/www.mediaplateforme.com\/fr\/lammc-lance-son-portail-fintech\/#breadcrumb\",\"itemListElement\":[{\"@type\":\"ListItem\",\"position\":1,\"name\":\"\u0627\u0644\u0631\u0626\u064a\u0633\u064a\u0629\",\"item\":\"https:\/\/www.mediaplateforme.com\/fr\/\"},{\"@type\":\"ListItem\",\"position\":2,\"name\":\"L\u2019AMMC lance son portail Fintech\"}]},{\"@type\":\"WebSite\",\"@id\":\"https:\/\/www.mediaplateforme.com\/fr\/#website\",\"url\":\"https:\/\/www.mediaplateforme.com\/fr\/\",\"name\":\"MEDIA PLATEFORME | FR\",\"description\":\"Mediaplateforme sp\u00e9cialis\u00e9 dans la communication institutions publiques et des entreprises\",\"potentialAction\":[{\"@type\":\"SearchAction\",\"target\":{\"@type\":\"EntryPoint\",\"urlTemplate\":\"https:\/\/www.mediaplateforme.com\/fr\/?s={search_term_string}\"},\"query-input\":\"required name=search_term_string\"}],\"inLanguage\":\"fr-FR\"},{\"@type\":\"Person\",\"@id\":\"https:\/\/www.mediaplateforme.com\/fr\/#\/schema\/person\/89833db382b5db2c76b094bc902aa12a\",\"name\":\"Mediaplateforme\",\"image\":{\"@type\":\"ImageObject\",\"inLanguage\":\"fr-FR\",\"@id\":\"https:\/\/www.mediaplateforme.com\/fr\/#\/schema\/person\/image\/\",\"url\":\"https:\/\/secure.gravatar.com\/avatar\/6c9c02e8928cc65d54bf75157f7b3a2d06d7ad0494ca0951f679552ff03b34c1?s=96&d=mm&r=g\",\"contentUrl\":\"https:\/\/secure.gravatar.com\/avatar\/6c9c02e8928cc65d54bf75157f7b3a2d06d7ad0494ca0951f679552ff03b34c1?s=96&d=mm&r=g\",\"caption\":\"Mediaplateforme\"},\"sameAs\":[\"https:\/\/www.mediaplateforme.com\"],\"url\":\"https:\/\/www.mediaplateforme.com\/fr\/author\/mohamedladib\/\"}]}<\/script>\n<!-- \/ Yoast SEO plugin. -->","yoast_head_json":{"title":"L\u2019AMMC lance son portail Fintech - MEDIA PLATEFORME | FR","description":"L\u2019Autorit\u00e9 Marocaine du March\u00e9 des Capitaux (AMMC) vient de lancer son portail \u201cFinTech\u201d, con\u00e7u pour accompagner les acteurs du secteur","robots":{"index":"index","follow":"follow","max-snippet":"max-snippet:-1","max-image-preview":"max-image-preview:large","max-video-preview":"max-video-preview:-1"},"canonical":"https:\/\/www.mediaplateforme.com\/fr\/lammc-lance-son-portail-fintech\/","og_locale":"fr_FR","og_type":"article","og_title":"L\u2019AMMC lance son portail Fintech - MEDIA PLATEFORME | FR","og_description":"L\u2019Autorit\u00e9 Marocaine du March\u00e9 des Capitaux (AMMC) vient de lancer son portail \u201cFinTech\u201d, con\u00e7u pour accompagner les acteurs du secteur","og_url":"https:\/\/www.mediaplateforme.com\/fr\/lammc-lance-son-portail-fintech\/","og_site_name":"MEDIA PLATEFORME | FR","article_published_time":"2022-08-08T14:11:12+00:00","og_image":[{"width":775,"height":467,"url":"https:\/\/www.mediaplateforme.com\/fr\/wp-content\/uploads\/sites\/5\/2022\/06\/AMMC.jpg","type":"image\/jpeg"}],"author":"Mediaplateforme","twitter_card":"summary_large_image","twitter_misc":{"\u00c9crit par":"Mediaplateforme","Dur\u00e9e de lecture estim\u00e9e":"1 minute"},"schema":{"@context":"https:\/\/schema.org","@graph":[{"@type":"WebPage","@id":"https:\/\/www.mediaplateforme.com\/fr\/lammc-lance-son-portail-fintech\/","url":"https:\/\/www.mediaplateforme.com\/fr\/lammc-lance-son-portail-fintech\/","name":"L\u2019AMMC lance son portail Fintech - MEDIA PLATEFORME | FR","isPartOf":{"@id":"https:\/\/www.mediaplateforme.com\/fr\/#website"},"datePublished":"2022-08-08T14:11:12+00:00","dateModified":"2022-08-08T14:11:12+00:00","author":{"@id":"https:\/\/www.mediaplateforme.com\/fr\/#\/schema\/person\/89833db382b5db2c76b094bc902aa12a"},"description":"L\u2019Autorit\u00e9 Marocaine du March\u00e9 des Capitaux (AMMC) vient de lancer son portail \u201cFinTech\u201d, con\u00e7u pour accompagner les acteurs du secteur","breadcrumb":{"@id":"https:\/\/www.mediaplateforme.com\/fr\/lammc-lance-son-portail-fintech\/#breadcrumb"},"inLanguage":"fr-FR","potentialAction":[{"@type":"ReadAction","target":["https:\/\/www.mediaplateforme.com\/fr\/lammc-lance-son-portail-fintech\/"]}]},{"@type":"BreadcrumbList","@id":"https:\/\/www.mediaplateforme.com\/fr\/lammc-lance-son-portail-fintech\/#breadcrumb","itemListElement":[{"@type":"ListItem","position":1,"name":"\u0627\u0644\u0631\u0626\u064a\u0633\u064a\u0629","item":"https:\/\/www.mediaplateforme.com\/fr\/"},{"@type":"ListItem","position":2,"name":"L\u2019AMMC lance son portail Fintech"}]},{"@type":"WebSite","@id":"https:\/\/www.mediaplateforme.com\/fr\/#website","url":"https:\/\/www.mediaplateforme.com\/fr\/","name":"MEDIA PLATEFORME | FR","description":"Mediaplateforme sp\u00e9cialis\u00e9 dans la communication institutions publiques et des entreprises","potentialAction":[{"@type":"SearchAction","target":{"@type":"EntryPoint","urlTemplate":"https:\/\/www.mediaplateforme.com\/fr\/?s={search_term_string}"},"query-input":"required name=search_term_string"}],"inLanguage":"fr-FR"},{"@type":"Person","@id":"https:\/\/www.mediaplateforme.com\/fr\/#\/schema\/person\/89833db382b5db2c76b094bc902aa12a","name":"Mediaplateforme","image":{"@type":"ImageObject","inLanguage":"fr-FR","@id":"https:\/\/www.mediaplateforme.com\/fr\/#\/schema\/person\/image\/","url":"https:\/\/secure.gravatar.com\/avatar\/6c9c02e8928cc65d54bf75157f7b3a2d06d7ad0494ca0951f679552ff03b34c1?s=96&d=mm&r=g","contentUrl":"https:\/\/secure.gravatar.com\/avatar\/6c9c02e8928cc65d54bf75157f7b3a2d06d7ad0494ca0951f679552ff03b34c1?s=96&d=mm&r=g","caption":"Mediaplateforme"},"sameAs":["https:\/\/www.mediaplateforme.com"],"url":"https:\/\/www.mediaplateforme.com\/fr\/author\/mohamedladib\/"}]}},"_links":{"self":[{"href":"https:\/\/www.mediaplateforme.com\/fr\/wp-json\/wp\/v2\/posts\/759","targetHints":{"allow":["GET"]}}],"collection":[{"href":"https:\/\/www.mediaplateforme.com\/fr\/wp-json\/wp\/v2\/posts"}],"about":[{"href":"https:\/\/www.mediaplateforme.com\/fr\/wp-json\/wp\/v2\/types\/post"}],"author":[{"embeddable":true,"href":"https:\/\/www.mediaplateforme.com\/fr\/wp-json\/wp\/v2\/users\/1"}],"replies":[{"embeddable":true,"href":"https:\/\/www.mediaplateforme.com\/fr\/wp-json\/wp\/v2\/comments?post=759"}],"version-history":[{"count":1,"href":"https:\/\/www.mediaplateforme.com\/fr\/wp-json\/wp\/v2\/posts\/759\/revisions"}],"predecessor-version":[{"id":760,"href":"https:\/\/www.mediaplateforme.com\/fr\/wp-json\/wp\/v2\/posts\/759\/revisions\/760"}],"wp:featuredmedia":[{"embeddable":true,"href":"https:\/\/www.mediaplateforme.com\/fr\/wp-json\/wp\/v2\/media\/273"}],"wp:attachment":[{"href":"https:\/\/www.mediaplateforme.com\/fr\/wp-json\/wp\/v2\/media?parent=759"}],"wp:term":[{"taxonomy":"category","embeddable":true,"href":"https:\/\/www.mediaplateforme.com\/fr\/wp-json\/wp\/v2\/categories?post=759"},{"taxonomy":"post_tag","embeddable":true,"href":"https:\/\/www.mediaplateforme.com\/fr\/wp-json\/wp\/v2\/tags?post=759"}],"curies":[{"name":"wp","href":"https:\/\/api.w.org\/{rel}","templated":true}]}}