{"id":7560,"date":"2025-10-20T13:32:42","date_gmt":"2025-10-20T12:32:42","guid":{"rendered":"https:\/\/www.mediaplateforme.com\/fr\/?p=7560"},"modified":"2025-10-20T13:37:48","modified_gmt":"2025-10-20T12:37:48","slug":"coloros-16-lancement-mondial","status":"publish","type":"post","link":"https:\/\/www.mediaplateforme.com\/fr\/coloros-16-lancement-mondial\/","title":{"rendered":"ColorOS 16 pr\u00eat \u00e0 \u00eatre d\u00e9voil\u00e9 dans le monde : le d\u00e9but d\u2019une nouvelle \u00e8re alliant fluidit\u00e9, intelligence et connectivit\u00e9 harmonieuse"},"content":{"rendered":"<p><!-- ===================================================== ARTICLE WORDPRESS \u2013 OPPO ColorOS 16 (FR) Focus Keyword: ColorOS 16 Slug sugg\u00e9r\u00e9: coloros-16-lancement-mondial-fluidite-intelligence-connectivite Tags (proposition): ColorOS 16, OPPO, Find X9, Android, O+ Connect, Seamless Animation, Luminous Rendering Engine, Trinity Engine, AOD, IA photo, Master Cut ===================================================== --><\/p>\n<p><!-- SEO Meta --><\/p>\n<p><!-- Snippet \/ R\u00e9sum\u00e9 dans un encadr\u00e9 color\u00e9 --><\/p>\n<div style=\"background: #eef5ff; border: 1px solid #cfe1ff; border-left: 5px solid #2a7de1; padding: 16px; border-radius: 8px; margin-bottom: 24px;\"><strong>\u00a0ColorOS 16 : OPPO d\u00e9voile une exp\u00e9rience o\u00f9 la fluidit\u00e9 rencontre l\u2019intelligence et la connectivit\u00e9 inter-plateformes. Animations soyeuses, outils IA, et O+ Connect pour macOS\/Windows.<\/strong><\/div>\n<article>OPPO offre un premier aper\u00e7u de ColorOS 16, lanc\u00e9 en parall\u00e8le de la s\u00e9rie <a href=\"https:\/\/www.mediaplateforme.com\/fr\/oppo-reno14-lancement\/\">Find X9<\/a>. Cette version \u00e9l\u00e8ve les standards de r\u00e9activit\u00e9, de coh\u00e9rence visuelle et d\u2019int\u00e9gration multi-plateformes, tout en enrichissant la personnalisation et la cr\u00e9ation m\u00e9dia gr\u00e2ce \u00e0 l\u2019IA.<\/p>\n<h2>Une fluidit\u00e9 soyeuse \u00e0 chaque instant<\/h2>\n<p>S\u2019appuyant sur l\u2019animation parall\u00e8le de ColorOS 15, Seamless Animation rend chaque interaction <em>instantan\u00e9e<\/em> et <em>continue<\/em> dans tout le syst\u00e8me : ouverture\/fermeture d\u2019applis, navigation par gestes, gestion des widgets. Dans les applis natives OPPO, l\u2019animation d\u00e9marre exactement l\u00e0 o\u00f9 l\u2019utilisateur touche l\u2019\u00e9cran et se conclut par une transition naturelle.<\/p>\n<p><strong>Cette fluidit\u00e9 nouvelle g\u00e9n\u00e9ration repose sur deux moteurs repens\u00e9s :<\/strong><\/p>\n<ul>\n<li><strong>Luminous Rendering Engine :<\/strong> rendu visuel parall\u00e8le, suppression des ruptures entre animations, fluidit\u00e9 maintenue m\u00eame sous forte contrainte.<\/li>\n<li><strong>Trinity Engine :<\/strong> orchestration intelligente CPU\/m\u00e9moire\/ressources pour jeux intensifs et multit\u00e2che, avec stabilit\u00e9 de la vitesse et meilleure efficacit\u00e9 \u00e9nerg\u00e9tique.<\/li>\n<\/ul>\n<p>Au-del\u00e0 des mod\u00e8les haut de gamme, Project Breeze apporte des optimisations cibl\u00e9es aux appareils d\u2019entr\u00e9e de gamme pour garantir une exp\u00e9rience r\u00e9active sur des configurations modestes.<\/p>\n<p style=\"text-align: center;\"><iframe loading=\"lazy\"  id=\"_ytid_67109\"  width=\"800\" height=\"450\"  data-origwidth=\"800\" data-origheight=\"450\" src=\"https:\/\/www.youtube.com\/embed\/SCupozrkiz4?enablejsapi=1&autoplay=0&cc_load_policy=0&cc_lang_pref=&iv_load_policy=1&loop=0&modestbranding=0&rel=1&fs=1&playsinline=0&autohide=2&theme=dark&color=red&controls=1&\" class=\"__youtube_prefs__  no-lazyload\" title=\"YouTube player\"  allow=\"fullscreen; accelerometer; autoplay; clipboard-write; encrypted-media; gyroscope; picture-in-picture\" allowfullscreen data-no-lazy=\"1\" data-skipgform_ajax_framebjll=\"\"><\/iframe><\/p>\n<h2>Un design raffin\u00e9, inspir\u00e9 par la nature<\/h2>\n<p>ColorOS 16 adopte un langage visuel \u00e9pur\u00e9, inspir\u00e9 des jeux de lumi\u00e8re\/ombre, pour une interface plus intuitive et apaisante. Les utilisateurs peuvent d\u00e9finir des photos anim\u00e9es ou des vid\u00e9os en fond d\u2019\u00e9cran, choisir parmi un large \u00e9ventail de polices, ou laisser l\u2019IA proposer des styles de texte harmonis\u00e9s.<\/p>\n<h2>Always-On Display plein \u00e9cran &amp; Flux Home Screen<\/h2>\n<ul>\n<li><strong>AOD plein \u00e9cran :<\/strong> affiche le fond d\u2019\u00e9cran de verrouillage avec les infos essentielles ; un toucher fait basculer <em>en douceur<\/em> vers l\u2019\u00e9cran verrouill\u00e9 complet.<\/li>\n<li><strong>Flux Home Screen :<\/strong> pression longue pour redimensionner dossiers\/ic\u00f4nes (en hauteur, largeur, grand format). La grille s\u2019adapte automatiquement, avec des animations fluides propuls\u00e9es par Luminous.<\/li>\n<\/ul>\n<h2>Une cr\u00e9ativit\u00e9 sublim\u00e9e par l\u2019intelligence artificielle<\/h2>\n<p>AI Portrait Glow am\u00e9liore les portraits en basse lumi\u00e8re en ajustant automatiquement tons de peau et \u00e9clairage pour un rendu naturel. Elle compl\u00e8te la suite IA d\u2019OPPO : AI Eraser, AI Unblur, AI Reflection Remover \u2014 des outils \u00ab en un geste \u00bb pour des retouches rapides et efficaces.<\/p>\n<p>L\u2019\u00e9diteur vid\u00e9o int\u00e9gr\u00e9, Master Cut, a \u00e9t\u00e9 repens\u00e9 : d\u00e9coupe, vitesse, musique, recadrage, textes, filtres et r\u00e9glages manuels (contraste, luminosit\u00e9, saturation) dans un flux unifi\u00e9.<\/p>\n<h2>Une connectivit\u00e9 fluide entre les \u00e9cosyst\u00e8mes<\/h2>\n<p>Apr\u00e8s <em>Touch to Share<\/em> entre ColorOS et iPhone, puis O+ Connect avec Mac via Find N5, ColorOS 16 \u00e9largit le champ : compatibilit\u00e9 macOS et Windows pour g\u00e9rer les fichiers du t\u00e9l\u00e9phone depuis l\u2019ordinateur \u2014 et m\u00eame contr\u00f4ler le PC \u00e0 distance depuis le mobile.<\/p>\n<p><strong>Screen Mirroring :<\/strong> projetez jusqu\u2019\u00e0 5 applications du smartphone sur l\u2019\u00e9cran d\u2019ordinateur et pilotez-les \u00e0 la souris\/clavier \u2014 id\u00e9al en r\u00e9union ou en cours.<\/p>\n<h2>Disponibilit\u00e9<\/h2>\n<p>ColorOS 16 r\u00e9unit performances optimis\u00e9es, intelligence accrue et connectivit\u00e9 renforc\u00e9e dans une plateforme unifi\u00e9e. La pr\u00e9sentation s\u2019effectue en parall\u00e8le du<a href=\"https:\/\/www.oppo.com\/en\/newsroom\/press\/coloros-16-upcoming-global-unveil\/\"> lancement mondial de Find X9<\/a>. Les d\u00e9tails r\u00e9gionaux de d\u00e9ploiement seront communiqu\u00e9s lors de l\u2019extension internationale \u00e0 venir.<\/p>\n<p><!-- Encadr\u00e9 : points cl\u00e9s --><\/p>\n<div style=\"background: #f6ffed; border: 1px solid #b7eb8f; border-left: 5px solid #52c41a; padding: 16px; border-radius: 8px; margin-top: 16px;\">\n<p><strong>\u00c0 retenir :<\/strong><\/p>\n<ul style=\"margin: 8px 0 0 0; padding-left: 18px;\">\n<li>Animations continues gr\u00e2ce \u00e0 <strong>Seamless Animation<\/strong> + <strong>Luminous<\/strong>.<\/li>\n<li><strong>Trinity Engine<\/strong> : stabilit\u00e9 des performances et efficacit\u00e9 \u00e9nerg\u00e9tique.<\/li>\n<li>Design \u00e9pur\u00e9, <strong>AOD plein \u00e9cran<\/strong> et <strong>Flux Home Screen<\/strong> modulable.<\/li>\n<li>Suite IA photo\/vid\u00e9o enrichie : <em>AI Portrait Glow<\/em>, <em>Master Cut<\/em>, etc.<\/li>\n<li><strong>O+ Connect<\/strong> pour macOS\/Windows + <strong>Screen Mirroring<\/strong> (jusqu\u2019\u00e0 5 applis).<\/li>\n<\/ul>\n<\/div>\n<p><!-- FAQ (encadr\u00e9 color\u00e9) --><\/p>\n<div id=\"faq\" style=\"background: #fff7e6; border: 1px solid #ffd28a; border-left: 5px solid #ff9800; padding: 16px; border-radius: 8px; margin-top: 28px;\">\n<h2 style=\"margin: 0 0 8px 0;\">\u00a0 FAQ \u2014 ColorOS 16<\/h2>\n<h3>Qu\u2019apporte ColorOS 16 par rapport \u00e0 la g\u00e9n\u00e9ration pr\u00e9c\u00e9dente ?<\/h3>\n<p>Une fluidit\u00e9 plus profonde (Seamless Animation), un design plus \u00e9pur\u00e9, une suite IA m\u00e9dia renforc\u00e9e et une int\u00e9gration \u00e9largie avec macOS\/Windows via O+ Connect.<\/p>\n<h3>O+ Connect fonctionne-t-il sur macOS et Windows ?<\/h3>\n<p>Oui. Gestion des fichiers depuis l\u2019ordinateur, contr\u00f4le distant du PC et <em>Screen Mirroring<\/em> jusqu\u2019\u00e0 5 applis.<\/p>\n<h3>Les t\u00e9l\u00e9phones d\u2019entr\u00e9e de gamme en profitent-ils ?<\/h3>\n<p>Le programme <strong>Project Breeze<\/strong> apporte des optimisations d\u00e9di\u00e9es pour assurer r\u00e9activit\u00e9 et stabilit\u00e9 sur des configurations modestes.<\/p>\n<h3>Que change l\u2019AOD plein \u00e9cran ?<\/h3>\n<p>Il prolonge la coh\u00e9rence visuelle entre AOD et \u00e9cran de verrouillage, avec un passage fluide d\u2019un simple toucher.<\/p>\n<\/div>\n<p><!-- Encadr\u00e9 interactif lecteurs --><\/p>\n<section id=\"reader-engagement\" class=\"box box--interactive engagement-box\" style=\"background: #eefaf1; border: 1px solid #b8e6c5; border-left: 5px solid #28a745; padding: 16px; border-radius: 8px; margin-top: 28px;\" role=\"group\" aria-labelledby=\"engage-heading\">\n<h2 id=\"engage-heading\" style=\"margin: 0 0 10px 0;\">\u00a0 Quelle nouveaut\u00e9 vous s\u00e9duit le plus ?<\/h2>\n<form action=\"#\" method=\"post\">\n<p style=\"margin: 8px 0;\"><label><input name=\"feat\" type=\"radio\" value=\"seamless\" \/> Fluidit\u00e9 Seamless Animation<\/label><br \/>\n<label><input name=\"feat\" type=\"radio\" value=\"ai-media\" \/> Suite IA (AI Portrait Glow \/ Master Cut)<\/label><br \/>\n<label><input name=\"feat\" type=\"radio\" value=\"flux-home\" \/> AOD plein \u00e9cran &amp; Flux Home Screen<\/label><br \/>\n<label><input name=\"feat\" type=\"radio\" value=\"cross\" \/> O+ Connect &amp; Screen Mirroring<\/label><\/p>\n<p style=\"display: flex; gap: 10px; flex-wrap: wrap; margin: 10px 0;\"><a style=\"background: #2a7de1; color: #fff; padding: 10px 14px; border-radius: 6px; text-decoration: none;\" href=\"#faq\">Voir la FAQ<\/a><br \/>\n<a style=\"background: #6c757d; color: #fff; padding: 10px 14px; border-radius: 6px; text-decoration: none;\" href=\"#comments\">Laisser un commentaire<\/a><\/p>\n<p><small style=\"color: #3f6f48;\">\u00a0 Vos retours aident \u00e0 affiner nos tests et retours d\u2019exp\u00e9rience.<\/small><\/p>\n<\/form>\n<\/section>\n<\/article>\n","protected":false},"excerpt":{"rendered":"<p>\u00a0ColorOS 16 : OPPO d\u00e9voile une exp\u00e9rience o\u00f9 la fluidit\u00e9 rencontre l\u2019intelligence et la connectivit\u00e9<\/p>\n","protected":false},"author":1,"featured_media":7561,"comment_status":"open","ping_status":"open","sticky":false,"template":"","format":"standard","meta":{"_acf_changed":false,"footnotes":""},"categories":[5,3],"tags":[3006,4095,4089,4090,4096,4093,4097,4091,644,4092,4094],"class_list":["post-7560","post","type-post","status-publish","format-standard","has-post-thumbnail","hentry","category-tech","category-nouvelles-selectionnees","tag-android","tag-aod","tag-coloros-16","tag-find-x9","tag-ia-photo","tag-luminous-rendering-engine","tag-master-cut","tag-o-connect","tag-oppo","tag-seamless-animation","tag-trinity-engine"],"acf":[],"yoast_head":"<!-- This site is optimized with the Yoast SEO plugin v22.0 - https:\/\/yoast.com\/wordpress\/plugins\/seo\/ -->\n<title>ColorOS 16 - MEDIA PLATEFORME | FR<\/title>\n<meta name=\"description\" content=\"ColorOS 16 : fluidit\u00e9, IA et connectivit\u00e9 \u00e9tendue. Animations soyeuses, outils photo\/vid\u00e9o et O+ Connect pour macOS\/Windows\" \/>\n<meta name=\"robots\" content=\"index, follow, max-snippet:-1, max-image-preview:large, max-video-preview:-1\" \/>\n<link rel=\"canonical\" href=\"https:\/\/www.mediaplateforme.com\/fr\/coloros-16-lancement-mondial\/\" \/>\n<meta property=\"og:locale\" content=\"fr_FR\" \/>\n<meta property=\"og:type\" content=\"article\" \/>\n<meta property=\"og:title\" content=\"ColorOS 16 - MEDIA PLATEFORME | FR\" \/>\n<meta property=\"og:description\" content=\"ColorOS 16 : fluidit\u00e9, IA et connectivit\u00e9 \u00e9tendue. Animations soyeuses, outils photo\/vid\u00e9o et O+ Connect pour macOS\/Windows\" \/>\n<meta property=\"og:url\" content=\"https:\/\/www.mediaplateforme.com\/fr\/coloros-16-lancement-mondial\/\" \/>\n<meta property=\"og:site_name\" content=\"MEDIA PLATEFORME | FR\" \/>\n<meta property=\"article:published_time\" content=\"2025-10-20T12:32:42+00:00\" \/>\n<meta property=\"article:modified_time\" content=\"2025-10-20T12:37:48+00:00\" \/>\n<meta property=\"og:image\" content=\"https:\/\/www.mediaplateforme.com\/fr\/wp-content\/uploads\/sites\/5\/2025\/10\/ColorOS-16-.jpg\" \/>\n\t<meta property=\"og:image:width\" content=\"1920\" \/>\n\t<meta property=\"og:image:height\" content=\"1080\" \/>\n\t<meta property=\"og:image:type\" content=\"image\/jpeg\" \/>\n<meta name=\"author\" content=\"Mediaplateforme\" \/>\n<meta name=\"twitter:card\" content=\"summary_large_image\" \/>\n<meta name=\"twitter:label1\" content=\"\u00c9crit par\" \/>\n\t<meta name=\"twitter:data1\" content=\"Mediaplateforme\" \/>\n\t<meta name=\"twitter:label2\" content=\"Dur\u00e9e de lecture estim\u00e9e\" \/>\n\t<meta name=\"twitter:data2\" content=\"4 minutes\" \/>\n<script type=\"application\/ld+json\" class=\"yoast-schema-graph\">{\"@context\":\"https:\/\/schema.org\",\"@graph\":[{\"@type\":\"WebPage\",\"@id\":\"https:\/\/www.mediaplateforme.com\/fr\/coloros-16-lancement-mondial\/\",\"url\":\"https:\/\/www.mediaplateforme.com\/fr\/coloros-16-lancement-mondial\/\",\"name\":\"ColorOS 16 - MEDIA PLATEFORME | FR\",\"isPartOf\":{\"@id\":\"https:\/\/www.mediaplateforme.com\/fr\/#website\"},\"datePublished\":\"2025-10-20T12:32:42+00:00\",\"dateModified\":\"2025-10-20T12:37:48+00:00\",\"author\":{\"@id\":\"https:\/\/www.mediaplateforme.com\/fr\/#\/schema\/person\/89833db382b5db2c76b094bc902aa12a\"},\"description\":\"ColorOS 16 : fluidit\u00e9, IA et connectivit\u00e9 \u00e9tendue. Animations soyeuses, outils photo\/vid\u00e9o et O+ Connect pour macOS\/Windows\",\"breadcrumb\":{\"@id\":\"https:\/\/www.mediaplateforme.com\/fr\/coloros-16-lancement-mondial\/#breadcrumb\"},\"inLanguage\":\"fr-FR\",\"potentialAction\":[{\"@type\":\"ReadAction\",\"target\":[\"https:\/\/www.mediaplateforme.com\/fr\/coloros-16-lancement-mondial\/\"]}]},{\"@type\":\"BreadcrumbList\",\"@id\":\"https:\/\/www.mediaplateforme.com\/fr\/coloros-16-lancement-mondial\/#breadcrumb\",\"itemListElement\":[{\"@type\":\"ListItem\",\"position\":1,\"name\":\"\u0627\u0644\u0631\u0626\u064a\u0633\u064a\u0629\",\"item\":\"https:\/\/www.mediaplateforme.com\/fr\/\"},{\"@type\":\"ListItem\",\"position\":2,\"name\":\"ColorOS 16 pr\u00eat \u00e0 \u00eatre d\u00e9voil\u00e9 dans le monde : le d\u00e9but d\u2019une nouvelle \u00e8re alliant fluidit\u00e9, intelligence et connectivit\u00e9 harmonieuse\"}]},{\"@type\":\"WebSite\",\"@id\":\"https:\/\/www.mediaplateforme.com\/fr\/#website\",\"url\":\"https:\/\/www.mediaplateforme.com\/fr\/\",\"name\":\"MEDIA PLATEFORME | FR\",\"description\":\"Mediaplateforme sp\u00e9cialis\u00e9 dans la communication institutions publiques et des entreprises\",\"potentialAction\":[{\"@type\":\"SearchAction\",\"target\":{\"@type\":\"EntryPoint\",\"urlTemplate\":\"https:\/\/www.mediaplateforme.com\/fr\/?s={search_term_string}\"},\"query-input\":\"required name=search_term_string\"}],\"inLanguage\":\"fr-FR\"},{\"@type\":\"Person\",\"@id\":\"https:\/\/www.mediaplateforme.com\/fr\/#\/schema\/person\/89833db382b5db2c76b094bc902aa12a\",\"name\":\"Mediaplateforme\",\"image\":{\"@type\":\"ImageObject\",\"inLanguage\":\"fr-FR\",\"@id\":\"https:\/\/www.mediaplateforme.com\/fr\/#\/schema\/person\/image\/\",\"url\":\"https:\/\/secure.gravatar.com\/avatar\/6c9c02e8928cc65d54bf75157f7b3a2d06d7ad0494ca0951f679552ff03b34c1?s=96&d=mm&r=g\",\"contentUrl\":\"https:\/\/secure.gravatar.com\/avatar\/6c9c02e8928cc65d54bf75157f7b3a2d06d7ad0494ca0951f679552ff03b34c1?s=96&d=mm&r=g\",\"caption\":\"Mediaplateforme\"},\"sameAs\":[\"https:\/\/www.mediaplateforme.com\"],\"url\":\"https:\/\/www.mediaplateforme.com\/fr\/author\/mohamedladib\/\"}]}<\/script>\n<!-- \/ Yoast SEO plugin. -->","yoast_head_json":{"title":"ColorOS 16 - MEDIA PLATEFORME | FR","description":"ColorOS 16 : fluidit\u00e9, IA et connectivit\u00e9 \u00e9tendue. Animations soyeuses, outils photo\/vid\u00e9o et O+ Connect pour macOS\/Windows","robots":{"index":"index","follow":"follow","max-snippet":"max-snippet:-1","max-image-preview":"max-image-preview:large","max-video-preview":"max-video-preview:-1"},"canonical":"https:\/\/www.mediaplateforme.com\/fr\/coloros-16-lancement-mondial\/","og_locale":"fr_FR","og_type":"article","og_title":"ColorOS 16 - MEDIA PLATEFORME | FR","og_description":"ColorOS 16 : fluidit\u00e9, IA et connectivit\u00e9 \u00e9tendue. Animations soyeuses, outils photo\/vid\u00e9o et O+ Connect pour macOS\/Windows","og_url":"https:\/\/www.mediaplateforme.com\/fr\/coloros-16-lancement-mondial\/","og_site_name":"MEDIA PLATEFORME | FR","article_published_time":"2025-10-20T12:32:42+00:00","article_modified_time":"2025-10-20T12:37:48+00:00","og_image":[{"width":1920,"height":1080,"url":"https:\/\/www.mediaplateforme.com\/fr\/wp-content\/uploads\/sites\/5\/2025\/10\/ColorOS-16-.jpg","type":"image\/jpeg"}],"author":"Mediaplateforme","twitter_card":"summary_large_image","twitter_misc":{"\u00c9crit par":"Mediaplateforme","Dur\u00e9e de lecture estim\u00e9e":"4 minutes"},"schema":{"@context":"https:\/\/schema.org","@graph":[{"@type":"WebPage","@id":"https:\/\/www.mediaplateforme.com\/fr\/coloros-16-lancement-mondial\/","url":"https:\/\/www.mediaplateforme.com\/fr\/coloros-16-lancement-mondial\/","name":"ColorOS 16 - MEDIA PLATEFORME | FR","isPartOf":{"@id":"https:\/\/www.mediaplateforme.com\/fr\/#website"},"datePublished":"2025-10-20T12:32:42+00:00","dateModified":"2025-10-20T12:37:48+00:00","author":{"@id":"https:\/\/www.mediaplateforme.com\/fr\/#\/schema\/person\/89833db382b5db2c76b094bc902aa12a"},"description":"ColorOS 16 : fluidit\u00e9, IA et connectivit\u00e9 \u00e9tendue. Animations soyeuses, outils photo\/vid\u00e9o et O+ Connect pour macOS\/Windows","breadcrumb":{"@id":"https:\/\/www.mediaplateforme.com\/fr\/coloros-16-lancement-mondial\/#breadcrumb"},"inLanguage":"fr-FR","potentialAction":[{"@type":"ReadAction","target":["https:\/\/www.mediaplateforme.com\/fr\/coloros-16-lancement-mondial\/"]}]},{"@type":"BreadcrumbList","@id":"https:\/\/www.mediaplateforme.com\/fr\/coloros-16-lancement-mondial\/#breadcrumb","itemListElement":[{"@type":"ListItem","position":1,"name":"\u0627\u0644\u0631\u0626\u064a\u0633\u064a\u0629","item":"https:\/\/www.mediaplateforme.com\/fr\/"},{"@type":"ListItem","position":2,"name":"ColorOS 16 pr\u00eat \u00e0 \u00eatre d\u00e9voil\u00e9 dans le monde : le d\u00e9but d\u2019une nouvelle \u00e8re alliant fluidit\u00e9, intelligence et connectivit\u00e9 harmonieuse"}]},{"@type":"WebSite","@id":"https:\/\/www.mediaplateforme.com\/fr\/#website","url":"https:\/\/www.mediaplateforme.com\/fr\/","name":"MEDIA PLATEFORME | FR","description":"Mediaplateforme sp\u00e9cialis\u00e9 dans la communication institutions publiques et des entreprises","potentialAction":[{"@type":"SearchAction","target":{"@type":"EntryPoint","urlTemplate":"https:\/\/www.mediaplateforme.com\/fr\/?s={search_term_string}"},"query-input":"required name=search_term_string"}],"inLanguage":"fr-FR"},{"@type":"Person","@id":"https:\/\/www.mediaplateforme.com\/fr\/#\/schema\/person\/89833db382b5db2c76b094bc902aa12a","name":"Mediaplateforme","image":{"@type":"ImageObject","inLanguage":"fr-FR","@id":"https:\/\/www.mediaplateforme.com\/fr\/#\/schema\/person\/image\/","url":"https:\/\/secure.gravatar.com\/avatar\/6c9c02e8928cc65d54bf75157f7b3a2d06d7ad0494ca0951f679552ff03b34c1?s=96&d=mm&r=g","contentUrl":"https:\/\/secure.gravatar.com\/avatar\/6c9c02e8928cc65d54bf75157f7b3a2d06d7ad0494ca0951f679552ff03b34c1?s=96&d=mm&r=g","caption":"Mediaplateforme"},"sameAs":["https:\/\/www.mediaplateforme.com"],"url":"https:\/\/www.mediaplateforme.com\/fr\/author\/mohamedladib\/"}]}},"_links":{"self":[{"href":"https:\/\/www.mediaplateforme.com\/fr\/wp-json\/wp\/v2\/posts\/7560","targetHints":{"allow":["GET"]}}],"collection":[{"href":"https:\/\/www.mediaplateforme.com\/fr\/wp-json\/wp\/v2\/posts"}],"about":[{"href":"https:\/\/www.mediaplateforme.com\/fr\/wp-json\/wp\/v2\/types\/post"}],"author":[{"embeddable":true,"href":"https:\/\/www.mediaplateforme.com\/fr\/wp-json\/wp\/v2\/users\/1"}],"replies":[{"embeddable":true,"href":"https:\/\/www.mediaplateforme.com\/fr\/wp-json\/wp\/v2\/comments?post=7560"}],"version-history":[{"count":3,"href":"https:\/\/www.mediaplateforme.com\/fr\/wp-json\/wp\/v2\/posts\/7560\/revisions"}],"predecessor-version":[{"id":7564,"href":"https:\/\/www.mediaplateforme.com\/fr\/wp-json\/wp\/v2\/posts\/7560\/revisions\/7564"}],"wp:featuredmedia":[{"embeddable":true,"href":"https:\/\/www.mediaplateforme.com\/fr\/wp-json\/wp\/v2\/media\/7561"}],"wp:attachment":[{"href":"https:\/\/www.mediaplateforme.com\/fr\/wp-json\/wp\/v2\/media?parent=7560"}],"wp:term":[{"taxonomy":"category","embeddable":true,"href":"https:\/\/www.mediaplateforme.com\/fr\/wp-json\/wp\/v2\/categories?post=7560"},{"taxonomy":"post_tag","embeddable":true,"href":"https:\/\/www.mediaplateforme.com\/fr\/wp-json\/wp\/v2\/tags?post=7560"}],"curies":[{"name":"wp","href":"https:\/\/api.w.org\/{rel}","templated":true}]}}