{"id":7549,"date":"2025-10-15T15:25:09","date_gmt":"2025-10-15T14:25:09","guid":{"rendered":"https:\/\/www.mediaplateforme.com\/fr\/?p=7549"},"modified":"2025-10-15T15:25:57","modified_gmt":"2025-10-15T14:25:57","slug":"guess-marrakech-one-world-one-brand-2025","status":"publish","type":"post","link":"https:\/\/www.mediaplateforme.com\/fr\/guess-marrakech-one-world-one-brand-2025\/","title":{"rendered":"GUESS Marrakech : One World, One Brand &#038; d\u00e9fil\u00e9 au Palais El Badi"},"content":{"rendered":"<p><!-- ===================================================== ARTICLE WORDPRESS \u2013 GUESS MARRAKECH (FR) Focus Keyword: GUESS Marrakech Slug sugg\u00e9r\u00e9: guess-marrakech-one-world-one-brand-2025-fr ===================================================== --><\/p>\n<p><!-- Snippet \/ Accroche (bo\u00eete color\u00e9e) --><\/p>\n<div style=\"background: #eef5ff; border: 1px solid #cfe1ff; border-left: 5px solid #2a7de1; padding: 16px; border-radius: 8px; margin-bottom: 24px;\"><strong>\u00c0 l\u2019aube de son 45\u1d49 anniversaire en 2026, GUESS choisit Marrakech pour sa convention mondiale \u00ab One World, One Brand \u00bb 2025, conclue par un d\u00e9fil\u00e9 exclusif au Palais El Badi.<\/strong><\/div>\n<article><strong>GUESS \u00e0 Marrakech : \u00ab One World, One Brand \u00bb entre racines, mode et art de vivre<\/strong>\u00c0 l\u2019approche de son 45\u1d49 anniversaire en 2026, GUESS \u00e9rige Marrakech en s<a href=\"https:\/\/www.mediaplateforme.com\/fr\/convention-guess-a-marrakech\/\">c\u00e8ne embl\u00e9matique<\/a> de sa conf\u00e9rence mondiale One World, One Brand 2025. Ville vibrante et patrimoniale, la cit\u00e9 ocre incarne aussi un lien personnel avec Paul Marciano, cofondateur et directeur artistique de la marque. Pour c\u00e9l\u00e9brer cette \u00e9tape, GUESS r\u00e9unit partenaires historiques et amis autour de quatre d\u00e9cennies et demie de mode, d\u2019innovation et de succ\u00e8s partag\u00e9.<\/p>\n<h2>Une 8\u1d49 \u00e9dition \u00e0 Marrakech : cap sur l\u2019inspiration et l\u2019international<\/h2>\n<p>Apr\u00e8s <em>Singapour<\/em>, <em>Barcelone<\/em> ou <em>Los Angeles<\/em>, la convention pose ses valises \u00e0 <strong>Marrakech<\/strong> pour trois jours rythm\u00e9s par conf\u00e9rences, ateliers, d\u00eeners de gala, r\u00e9ceptions, <strong>d\u00e9fil\u00e9s spectaculaires<\/strong> et <strong>exp\u00e9riences VIP<\/strong>. L\u2019\u00e9dition 2025 rassemble <strong>800 invit\u00e9s<\/strong> venus de plus de <strong>100 pays<\/strong>, autour d\u2019un programme soigneusement orchestr\u00e9.<\/p>\n<h2>Final au Palais El Badi : un show sous les \u00e9toiles du d\u00e9sert<\/h2>\n<p>Au <strong>Palais El Badi<\/strong>, joyau du XVI\u1d49 si\u00e8cle, GUESS d\u00e9voile ses collections <strong>Printemps\/\u00c9t\u00e9 2026<\/strong> et <strong>Pr\u00e9-Automne 2026<\/strong>, compl\u00e9t\u00e9es par des pi\u00e8ces d\u2019archives iconiques et une <strong>capsule in\u00e9dite MARCIANO by GUESS<\/strong> con\u00e7ue sp\u00e9cialement pour Marrakech. Un \u00e9crin historique pour une c\u00e9l\u00e9bration de l\u2019h\u00e9ritage et de la modernit\u00e9.<\/p>\n<h2>\u00ab Never Forget Your Roots \u00bb : rendre hommage aux origines<\/h2>\n<p>Sous la th\u00e9matique <strong>\u00ab Never Forget Your Roots \u00bb<\/strong>, la convention assume un double geste : saluer les racines marocaines de <strong>Paul Marciano<\/strong> et c\u00e9l\u00e9brer la trajectoire de la marque, du denim iconique \u00e0 un statut de r\u00e9f\u00e9rence internationale de la mode et de l\u2019art de vivre.<\/p>\n<h2>Invit\u00e9s et m\u00e9dias : des talents mondiaux \u00e0 la rencontre de Marrakech<\/h2>\n<p>Parmi les personnalit\u00e9s pr\u00e9sentes : <strong>Chiara Ferragni<\/strong>, <strong>Leonie Hanne<\/strong>, <strong>L\u00e9a Elui<\/strong>, <strong>Maura Higgins<\/strong>, <strong>Krystle D\u2019Souza<\/strong> et <strong>Andrea Brillantes<\/strong>. Des journalistes internationaux et locaux, issus des plus grands m\u00e9dias mode, lifestyle et luxe, couvrent l\u2019\u00e9v\u00e9nement, entre <strong>balades en side-car<\/strong> dans les souks, <strong>vols en montgolfi\u00e8re<\/strong> au-dessus du d\u00e9sert d\u2019<strong>Agafay<\/strong> et visites priv\u00e9es de la <strong>M\u00e9dina<\/strong>.<\/p>\n<h2>Prolonger l\u2019\u00e9lan : une exp\u00e9rience Lifestyle au White Camel<\/h2>\n<p>Pour \u00e9tendre l\u2019esprit <strong>One World, One Brand<\/strong>, GUESS lance \u00e0 l\u2019automne une exp\u00e9rience in\u00e9dite au <strong>White Camel<\/strong>, resort nich\u00e9 dans le d\u00e9sert d\u2019Agafay, \u00e0 une trentaine de kilom\u00e8tres de Marrakech. Le site se pare des couleurs et symboles de la marque pour une immersion <em>lifestyle<\/em> exclusive, entre d\u00e9cor personnalis\u00e9 et exp\u00e9riences sensorielles.<\/p>\n<p><!-- Tableau R\u00e9cap (utile SEO\/UX) --><\/p>\n<h3>En bref \u2014 Faits saillants<\/h3>\n<table style=\"width: 100%; border-collapse: collapse;\">\n<tbody>\n<tr>\n<td style=\"border: 1px solid #eee; padding: 8px;\">Ville h\u00f4te<\/td>\n<td style=\"border: 1px solid #eee; padding: 8px;\">Marrakech, Maroc<\/td>\n<\/tr>\n<tr>\n<td style=\"border: 1px solid #eee; padding: 8px;\">Intitul\u00e9<\/td>\n<td style=\"border: 1px solid #eee; padding: 8px;\">One World, One Brand 2025<\/td>\n<\/tr>\n<tr>\n<td style=\"border: 1px solid #eee; padding: 8px;\">Participants<\/td>\n<td style=\"border: 1px solid #eee; padding: 8px;\">\u2248 800 invit\u00e9s \u2022 +100 pays<\/td>\n<\/tr>\n<tr>\n<td style=\"border: 1px solid #eee; padding: 8px;\">Cl\u00f4ture<\/td>\n<td style=\"border: 1px solid #eee; padding: 8px;\">D\u00e9fil\u00e9 exclusif au Palais El Badi<\/td>\n<\/tr>\n<tr>\n<td style=\"border: 1px solid #eee; padding: 8px;\">Collections<\/td>\n<td style=\"border: 1px solid #eee; padding: 8px;\">P\/E 2026 &amp; Pr\u00e9-A\/H 2026 + capsule MARCIANO<\/td>\n<\/tr>\n<tr>\n<td style=\"border: 1px solid #eee; padding: 8px;\">Suite<\/td>\n<td style=\"border: 1px solid #eee; padding: 8px;\">Exp\u00e9rience Lifestyle au White Camel (Agafay)<\/td>\n<\/tr>\n<\/tbody>\n<\/table>\n<p><!-- FAQ (bo\u00eete color\u00e9e) --><\/p>\n<div style=\"background: #fff7e6; border: 1px solid #ffd28a; border-left: 5px solid #ff9800; padding: 16px; border-radius: 8px; margin-top: 28px;\">\n<h2 style=\"margin: 0 0 8px 0;\">\u00a0FAQ \u2014 GUESS Marrakech<\/h2>\n<h3>Pourquoi Marrakech pour la convention GUESS ?<\/h3>\n<p>Pour son patrimoine vivant et son lien personnel avec Paul Marciano, natif de la ville \u2014 en parfaite r\u00e9sonance avec \u00ab Never Forget Your Roots \u00bb.<\/p>\n<h3>Qu\u2019est-ce qui a marqu\u00e9 la cl\u00f4ture ?<\/h3>\n<p>Un d\u00e9fil\u00e9 exclusif au Palais El Badi, d\u00e9voilant P\/E 2026 et Pr\u00e9-A\/H 2026, des pi\u00e8ces d\u2019archives et une capsule MARCIANO d\u00e9di\u00e9e \u00e0 Marrakech.<\/p>\n<h3>Qui figurait parmi les invit\u00e9s ?<\/h3>\n<p>Des talents mondiaux (Chiara Ferragni, Leonie Hanne, L\u00e9a Elui, Maura Higgins, Krystle D\u2019Souza, Andrea Brillantes), ainsi que des m\u00e9dias internationaux et locaux.<\/p>\n<h3>Quelles exp\u00e9riences ont v\u00e9cu les participants ?<\/h3>\n<p>Side-car dans les souks, montgolfi\u00e8re au-dessus d\u2019Agafay, visites priv\u00e9es de la M\u00e9dina \u2014 un concentr\u00e9 d\u2019\u00e9nergie et de charme marocains.<\/p>\n<h3>Quelle est la suite annonc\u00e9e par GUESS ?<\/h3>\n<p>Une immersion Lifestyle au White Camel durant l\u2019automne, avec sc\u00e9nographie et exp\u00e9riences aux couleurs de la marque.<\/p>\n<\/div>\n<p><!-- Bo\u00eete interactive (engagement lecteur) --><\/p>\n<section id=\"reader-engagement\" class=\"box box--interactive engagement-box\" style=\"background: #eefaf1; border: 1px solid #b8e6c5; border-left: 5px solid #28a745; padding: 16px; border-radius: 8px; margin-top: 28px;\" role=\"group\" aria-labelledby=\"engage-heading\">\n<h2 id=\"engage-heading\" style=\"margin: 0 0 10px 0;\">\u00a0Qu\u2019est-ce qui vous attire le plus dans \u00ab GUESS Marrakech \u00bb ?<\/h2>\n<form action=\"#\" method=\"post\">\n<p style=\"margin: 8px 0;\"><label><input name=\"interest\" type=\"radio\" value=\"fashion\" \/> Les d\u00e9fil\u00e9s et les nouvelles collections<\/label><br \/>\n<label><input name=\"interest\" type=\"radio\" value=\"heritage\" \/> Le th\u00e8me \u00ab Never Forget Your Roots \u00bb et l\u2019hommage aux origines<\/label><br \/>\n<label><input name=\"interest\" type=\"radio\" value=\"experiences\" \/> Les exp\u00e9riences immersives (Agafay \/ M\u00e9dina)<\/label><br \/>\n<label><input name=\"interest\" type=\"radio\" value=\"brand\" \/> Les actualit\u00e9s de la marque et la route vers les 45 ans<\/label><\/p>\n<p style=\"display: flex; gap: 10px; flex-wrap: wrap; margin: 10px 0;\"><a style=\"background: #28a745; color: #fff; padding: 10px 14px; border-radius: 6px; text-decoration: none;\" href=\"https:\/\/web.facebook.com\/GUESS\">Voir l\u2019album<\/a><br \/>\n<a style=\"background: #2a7de1; color: #fff; padding: 10px 14px; border-radius: 6px; text-decoration: none;\" href=\"https:\/\/web.facebook.com\/GUESS\/about\">S\u2019abonner \u00e0 la newsletter<\/a><br \/>\n<a style=\"background: #6c757d; color: #fff; padding: 10px 14px; border-radius: 6px; text-decoration: none;\" href=\"https:\/\/web.facebook.com\/GUESS\/about\">Donner votre avis<\/a><\/p>\n<p><strong><small style=\"color: #3f6f48;\">\u00a0 Partagez votre choix en commentaire pour recevoir une s\u00e9lection d\u2019articles li\u00e9s.<\/small><\/strong><\/p>\n<\/form>\n<\/section>\n<\/article>\n","protected":false},"excerpt":{"rendered":"<p>\u00c0 l\u2019aube de son 45\u1d49 anniversaire en 2026, GUESS choisit Marrakech pour sa convention mondiale<\/p>\n","protected":false},"author":1,"featured_media":7550,"comment_status":"open","ping_status":"open","sticky":false,"template":"","format":"standard","meta":{"_acf_changed":false,"footnotes":""},"categories":[3,1643],"tags":[4066,4064,4068,4063,4067,3183,4003,4002,4001,4065],"class_list":["post-7549","post","type-post","status-publish","format-standard","has-post-thumbnail","hentry","category-nouvelles-selectionnees","category-tourisme","tag-agafay","tag-defile-marrakech","tag-evenement-guess","tag-guess-marrakech","tag-lifestyle-luxe","tag-mode-maroc","tag-one-world-one-brand","tag-palais-el-badi","tag-paul-marciano","tag-white-camel"],"acf":[],"yoast_head":"<!-- This site is optimized with the Yoast SEO plugin v22.0 - https:\/\/yoast.com\/wordpress\/plugins\/seo\/ -->\n<title>GUESS Marrakech - MEDIA PLATEFORME | FR<\/title>\n<meta name=\"description\" content=\"GUESS c\u00e9l\u00e8bre son esprit \u00e0 Marrakech : One World, One Brand 2025, 800 invit\u00e9s, d\u00e9fil\u00e9 exclusif au Palais El Badi et lancements 2026\" \/>\n<meta name=\"robots\" content=\"index, follow, max-snippet:-1, max-image-preview:large, max-video-preview:-1\" \/>\n<link rel=\"canonical\" href=\"https:\/\/www.mediaplateforme.com\/fr\/guess-marrakech-one-world-one-brand-2025\/\" \/>\n<meta property=\"og:locale\" content=\"fr_FR\" \/>\n<meta property=\"og:type\" content=\"article\" \/>\n<meta property=\"og:title\" content=\"GUESS Marrakech - MEDIA PLATEFORME | FR\" \/>\n<meta property=\"og:description\" content=\"GUESS c\u00e9l\u00e8bre son esprit \u00e0 Marrakech : One World, One Brand 2025, 800 invit\u00e9s, d\u00e9fil\u00e9 exclusif au Palais El Badi et lancements 2026\" \/>\n<meta property=\"og:url\" content=\"https:\/\/www.mediaplateforme.com\/fr\/guess-marrakech-one-world-one-brand-2025\/\" \/>\n<meta property=\"og:site_name\" content=\"MEDIA PLATEFORME | FR\" \/>\n<meta property=\"article:published_time\" content=\"2025-10-15T14:25:09+00:00\" \/>\n<meta property=\"article:modified_time\" content=\"2025-10-15T14:25:57+00:00\" \/>\n<meta property=\"og:image\" content=\"https:\/\/www.mediaplateforme.com\/fr\/wp-content\/uploads\/sites\/5\/2025\/10\/Paul-Marciano.jpg\" \/>\n\t<meta property=\"og:image:width\" content=\"1000\" \/>\n\t<meta property=\"og:image:height\" content=\"708\" \/>\n\t<meta property=\"og:image:type\" content=\"image\/jpeg\" \/>\n<meta name=\"author\" content=\"Mediaplateforme\" \/>\n<meta name=\"twitter:card\" content=\"summary_large_image\" \/>\n<meta name=\"twitter:label1\" content=\"\u00c9crit par\" \/>\n\t<meta name=\"twitter:data1\" content=\"Mediaplateforme\" \/>\n\t<meta name=\"twitter:label2\" content=\"Dur\u00e9e de lecture estim\u00e9e\" \/>\n\t<meta name=\"twitter:data2\" content=\"4 minutes\" \/>\n<script type=\"application\/ld+json\" class=\"yoast-schema-graph\">{\"@context\":\"https:\/\/schema.org\",\"@graph\":[{\"@type\":\"WebPage\",\"@id\":\"https:\/\/www.mediaplateforme.com\/fr\/guess-marrakech-one-world-one-brand-2025\/\",\"url\":\"https:\/\/www.mediaplateforme.com\/fr\/guess-marrakech-one-world-one-brand-2025\/\",\"name\":\"GUESS Marrakech - MEDIA PLATEFORME | FR\",\"isPartOf\":{\"@id\":\"https:\/\/www.mediaplateforme.com\/fr\/#website\"},\"datePublished\":\"2025-10-15T14:25:09+00:00\",\"dateModified\":\"2025-10-15T14:25:57+00:00\",\"author\":{\"@id\":\"https:\/\/www.mediaplateforme.com\/fr\/#\/schema\/person\/89833db382b5db2c76b094bc902aa12a\"},\"description\":\"GUESS c\u00e9l\u00e8bre son esprit \u00e0 Marrakech : One World, One Brand 2025, 800 invit\u00e9s, d\u00e9fil\u00e9 exclusif au Palais El Badi et lancements 2026\",\"breadcrumb\":{\"@id\":\"https:\/\/www.mediaplateforme.com\/fr\/guess-marrakech-one-world-one-brand-2025\/#breadcrumb\"},\"inLanguage\":\"fr-FR\",\"potentialAction\":[{\"@type\":\"ReadAction\",\"target\":[\"https:\/\/www.mediaplateforme.com\/fr\/guess-marrakech-one-world-one-brand-2025\/\"]}]},{\"@type\":\"BreadcrumbList\",\"@id\":\"https:\/\/www.mediaplateforme.com\/fr\/guess-marrakech-one-world-one-brand-2025\/#breadcrumb\",\"itemListElement\":[{\"@type\":\"ListItem\",\"position\":1,\"name\":\"\u0627\u0644\u0631\u0626\u064a\u0633\u064a\u0629\",\"item\":\"https:\/\/www.mediaplateforme.com\/fr\/\"},{\"@type\":\"ListItem\",\"position\":2,\"name\":\"GUESS Marrakech : One World, One Brand &#038; d\u00e9fil\u00e9 au Palais El Badi\"}]},{\"@type\":\"WebSite\",\"@id\":\"https:\/\/www.mediaplateforme.com\/fr\/#website\",\"url\":\"https:\/\/www.mediaplateforme.com\/fr\/\",\"name\":\"MEDIA PLATEFORME | FR\",\"description\":\"Mediaplateforme sp\u00e9cialis\u00e9 dans la communication institutions publiques et des entreprises\",\"potentialAction\":[{\"@type\":\"SearchAction\",\"target\":{\"@type\":\"EntryPoint\",\"urlTemplate\":\"https:\/\/www.mediaplateforme.com\/fr\/?s={search_term_string}\"},\"query-input\":\"required name=search_term_string\"}],\"inLanguage\":\"fr-FR\"},{\"@type\":\"Person\",\"@id\":\"https:\/\/www.mediaplateforme.com\/fr\/#\/schema\/person\/89833db382b5db2c76b094bc902aa12a\",\"name\":\"Mediaplateforme\",\"image\":{\"@type\":\"ImageObject\",\"inLanguage\":\"fr-FR\",\"@id\":\"https:\/\/www.mediaplateforme.com\/fr\/#\/schema\/person\/image\/\",\"url\":\"https:\/\/secure.gravatar.com\/avatar\/6c9c02e8928cc65d54bf75157f7b3a2d06d7ad0494ca0951f679552ff03b34c1?s=96&d=mm&r=g\",\"contentUrl\":\"https:\/\/secure.gravatar.com\/avatar\/6c9c02e8928cc65d54bf75157f7b3a2d06d7ad0494ca0951f679552ff03b34c1?s=96&d=mm&r=g\",\"caption\":\"Mediaplateforme\"},\"sameAs\":[\"https:\/\/www.mediaplateforme.com\"],\"url\":\"https:\/\/www.mediaplateforme.com\/fr\/author\/mohamedladib\/\"}]}<\/script>\n<!-- \/ Yoast SEO plugin. -->","yoast_head_json":{"title":"GUESS Marrakech - MEDIA PLATEFORME | FR","description":"GUESS c\u00e9l\u00e8bre son esprit \u00e0 Marrakech : One World, One Brand 2025, 800 invit\u00e9s, d\u00e9fil\u00e9 exclusif au Palais El Badi et lancements 2026","robots":{"index":"index","follow":"follow","max-snippet":"max-snippet:-1","max-image-preview":"max-image-preview:large","max-video-preview":"max-video-preview:-1"},"canonical":"https:\/\/www.mediaplateforme.com\/fr\/guess-marrakech-one-world-one-brand-2025\/","og_locale":"fr_FR","og_type":"article","og_title":"GUESS Marrakech - MEDIA PLATEFORME | FR","og_description":"GUESS c\u00e9l\u00e8bre son esprit \u00e0 Marrakech : One World, One Brand 2025, 800 invit\u00e9s, d\u00e9fil\u00e9 exclusif au Palais El Badi et lancements 2026","og_url":"https:\/\/www.mediaplateforme.com\/fr\/guess-marrakech-one-world-one-brand-2025\/","og_site_name":"MEDIA PLATEFORME | FR","article_published_time":"2025-10-15T14:25:09+00:00","article_modified_time":"2025-10-15T14:25:57+00:00","og_image":[{"width":1000,"height":708,"url":"https:\/\/www.mediaplateforme.com\/fr\/wp-content\/uploads\/sites\/5\/2025\/10\/Paul-Marciano.jpg","type":"image\/jpeg"}],"author":"Mediaplateforme","twitter_card":"summary_large_image","twitter_misc":{"\u00c9crit par":"Mediaplateforme","Dur\u00e9e de lecture estim\u00e9e":"4 minutes"},"schema":{"@context":"https:\/\/schema.org","@graph":[{"@type":"WebPage","@id":"https:\/\/www.mediaplateforme.com\/fr\/guess-marrakech-one-world-one-brand-2025\/","url":"https:\/\/www.mediaplateforme.com\/fr\/guess-marrakech-one-world-one-brand-2025\/","name":"GUESS Marrakech - MEDIA PLATEFORME | FR","isPartOf":{"@id":"https:\/\/www.mediaplateforme.com\/fr\/#website"},"datePublished":"2025-10-15T14:25:09+00:00","dateModified":"2025-10-15T14:25:57+00:00","author":{"@id":"https:\/\/www.mediaplateforme.com\/fr\/#\/schema\/person\/89833db382b5db2c76b094bc902aa12a"},"description":"GUESS c\u00e9l\u00e8bre son esprit \u00e0 Marrakech : One World, One Brand 2025, 800 invit\u00e9s, d\u00e9fil\u00e9 exclusif au Palais El Badi et lancements 2026","breadcrumb":{"@id":"https:\/\/www.mediaplateforme.com\/fr\/guess-marrakech-one-world-one-brand-2025\/#breadcrumb"},"inLanguage":"fr-FR","potentialAction":[{"@type":"ReadAction","target":["https:\/\/www.mediaplateforme.com\/fr\/guess-marrakech-one-world-one-brand-2025\/"]}]},{"@type":"BreadcrumbList","@id":"https:\/\/www.mediaplateforme.com\/fr\/guess-marrakech-one-world-one-brand-2025\/#breadcrumb","itemListElement":[{"@type":"ListItem","position":1,"name":"\u0627\u0644\u0631\u0626\u064a\u0633\u064a\u0629","item":"https:\/\/www.mediaplateforme.com\/fr\/"},{"@type":"ListItem","position":2,"name":"GUESS Marrakech : One World, One Brand &#038; d\u00e9fil\u00e9 au Palais El Badi"}]},{"@type":"WebSite","@id":"https:\/\/www.mediaplateforme.com\/fr\/#website","url":"https:\/\/www.mediaplateforme.com\/fr\/","name":"MEDIA PLATEFORME | FR","description":"Mediaplateforme sp\u00e9cialis\u00e9 dans la communication institutions publiques et des entreprises","potentialAction":[{"@type":"SearchAction","target":{"@type":"EntryPoint","urlTemplate":"https:\/\/www.mediaplateforme.com\/fr\/?s={search_term_string}"},"query-input":"required name=search_term_string"}],"inLanguage":"fr-FR"},{"@type":"Person","@id":"https:\/\/www.mediaplateforme.com\/fr\/#\/schema\/person\/89833db382b5db2c76b094bc902aa12a","name":"Mediaplateforme","image":{"@type":"ImageObject","inLanguage":"fr-FR","@id":"https:\/\/www.mediaplateforme.com\/fr\/#\/schema\/person\/image\/","url":"https:\/\/secure.gravatar.com\/avatar\/6c9c02e8928cc65d54bf75157f7b3a2d06d7ad0494ca0951f679552ff03b34c1?s=96&d=mm&r=g","contentUrl":"https:\/\/secure.gravatar.com\/avatar\/6c9c02e8928cc65d54bf75157f7b3a2d06d7ad0494ca0951f679552ff03b34c1?s=96&d=mm&r=g","caption":"Mediaplateforme"},"sameAs":["https:\/\/www.mediaplateforme.com"],"url":"https:\/\/www.mediaplateforme.com\/fr\/author\/mohamedladib\/"}]}},"_links":{"self":[{"href":"https:\/\/www.mediaplateforme.com\/fr\/wp-json\/wp\/v2\/posts\/7549","targetHints":{"allow":["GET"]}}],"collection":[{"href":"https:\/\/www.mediaplateforme.com\/fr\/wp-json\/wp\/v2\/posts"}],"about":[{"href":"https:\/\/www.mediaplateforme.com\/fr\/wp-json\/wp\/v2\/types\/post"}],"author":[{"embeddable":true,"href":"https:\/\/www.mediaplateforme.com\/fr\/wp-json\/wp\/v2\/users\/1"}],"replies":[{"embeddable":true,"href":"https:\/\/www.mediaplateforme.com\/fr\/wp-json\/wp\/v2\/comments?post=7549"}],"version-history":[{"count":2,"href":"https:\/\/www.mediaplateforme.com\/fr\/wp-json\/wp\/v2\/posts\/7549\/revisions"}],"predecessor-version":[{"id":7552,"href":"https:\/\/www.mediaplateforme.com\/fr\/wp-json\/wp\/v2\/posts\/7549\/revisions\/7552"}],"wp:featuredmedia":[{"embeddable":true,"href":"https:\/\/www.mediaplateforme.com\/fr\/wp-json\/wp\/v2\/media\/7550"}],"wp:attachment":[{"href":"https:\/\/www.mediaplateforme.com\/fr\/wp-json\/wp\/v2\/media?parent=7549"}],"wp:term":[{"taxonomy":"category","embeddable":true,"href":"https:\/\/www.mediaplateforme.com\/fr\/wp-json\/wp\/v2\/categories?post=7549"},{"taxonomy":"post_tag","embeddable":true,"href":"https:\/\/www.mediaplateforme.com\/fr\/wp-json\/wp\/v2\/tags?post=7549"}],"curies":[{"name":"wp","href":"https:\/\/api.w.org\/{rel}","templated":true}]}}