{"id":7514,"date":"2025-10-01T12:04:16","date_gmt":"2025-10-01T11:04:16","guid":{"rendered":"https:\/\/www.mediaplateforme.com\/fr\/?p=7514"},"modified":"2025-10-01T12:07:13","modified_gmt":"2025-10-01T11:07:13","slug":"dolicen-pet-bouteilles","status":"publish","type":"post","link":"https:\/\/www.mediaplateforme.com\/fr\/dolicen-pet-bouteilles\/","title":{"rendered":"Dolicen franchit le cap d\u20191 milliard de bouteilles PET recycl\u00e9es depuis son lancement en juin 2023"},"content":{"rendered":"<p><strong>Deux ans apr\u00e8s son lancement officiel en juin 2023, Dolicen, filiale de <a href=\"https:\/\/www.mediaplateforme.com\/fr\/home-store-dolidol\/\">Dolidol<\/a> sp\u00e9cialis\u00e9e dans le recyclage du PET, annonce avoir franchi le cap symbolique d\u20191 milliard de bouteilles collect\u00e9es et recycl\u00e9es. Cet accomplissement illustre la mont\u00e9e en puissance industrielle de l\u2019usine de Dar Bouazza et son r\u00f4le structurant dans la fili\u00e8re nationale de recyclage.<\/strong><\/p>\n<p>&nbsp;<\/p>\n<p>\u00ab Ce jalon est une victoire collective \u00bb, d\u00e9clare Anouar Benfer, Directeur BU Dolicen. \u00ab Derri\u00e8re chaque bouteille recycl\u00e9e, il y a des \u00e9quipes, des collecteurs et des partenaires engag\u00e9s. Nous prouvons qu\u2019il est possible de concilier performance industrielle, impact environnemental et d\u00e9veloppement \u00e9conomique. \u00bb<\/p>\n<p>&nbsp;<\/p>\n<p>Inaugur\u00e9e avec un investissement global de 200 millions de dirhams \u2013 dont 100 millions dans le cadre de la Banque de Projets du Minist\u00e8re de l\u2019Industrie et du Commerce \u2013 l\u2019usine de Dolicen produit aujourd\u2019hui plus de 1 000 tonnes de produits finis par mois, en recyclant plus de 600 millions de bouteilles PET par an gr\u00e2ce \u00e0 ses deux lignes de production (flakes et fibre). L\u2019entreprise emploie plus de 100 collaborateurs directs et soutient un r\u00e9seau de 10 000 collecteurs \u00e0 travers le Maroc.<\/p>\n<p>&nbsp;<\/p>\n<p>En un peu plus de deux ans, Dolicen a ainsi permis de d\u00e9tourner plus d\u20191 milliard de bouteilles PET de l\u2019enfouissement, les r\u00e9injectant dans la cha\u00eene de valeur. Cette contribution r\u00e9duit significativement les importations de PET vierge, g\u00e9n\u00e8re des \u00e9conomies de devises pour le pays et cr\u00e9e de la valeur sociale en maintenant des milliers d\u2019emplois sur l\u2019ensemble de la cha\u00eene de collecte et de transformation.<\/p>\n<p>&nbsp;<\/p>\n<p>\u00ab Avec Dolicen, nous d\u00e9montrons que l\u2019industrie marocaine peut \u00eatre comp\u00e9titive, responsable et tourn\u00e9e vers l\u2019avenir \u00bb, souligne <strong>Abdellatif Souhail<\/strong>, Directeur G\u00e9n\u00e9ral Africorp Industry. \u00ab Ce jalon n\u2019est pas seulement un chiffre : il traduit notre volont\u00e9 de b\u00e2tir une fili\u00e8re locale solide, de r\u00e9duire notre d\u00e9pendance aux importations et de valoriser les ressources collect\u00e9es sur le territoire. \u00bb<\/p>\n","protected":false},"excerpt":{"rendered":"<p>Deux ans apr\u00e8s son lancement officiel en juin 2023, Dolicen, filiale de Dolidol sp\u00e9cialis\u00e9e dans<\/p>\n","protected":false},"author":1,"featured_media":7515,"comment_status":"open","ping_status":"open","sticky":false,"template":"","format":"standard","meta":{"_acf_changed":false,"footnotes":""},"categories":[1644,3],"tags":[3997,1054,3998],"class_list":["post-7514","post","type-post","status-publish","format-standard","has-post-thumbnail","hentry","category-industrie","category-nouvelles-selectionnees","tag-dolicen","tag-dolidol","tag-recyclage"],"acf":[],"yoast_head":"<!-- This site is optimized with the Yoast SEO plugin v22.0 - https:\/\/yoast.com\/wordpress\/plugins\/seo\/ -->\n<title>Dolicen PET bouteilles - MEDIA PLATEFORME | FR<\/title>\n<meta name=\"description\" content=\"Dolicen, sp\u00e9cialis\u00e9e dans le recyclage du PET, annonce avoir franchi le cap symbolique d\u20191 milliard de bouteilles collect\u00e9es et recycl\u00e9es.\" \/>\n<meta name=\"robots\" content=\"index, follow, max-snippet:-1, max-image-preview:large, max-video-preview:-1\" \/>\n<link rel=\"canonical\" href=\"https:\/\/www.mediaplateforme.com\/fr\/dolicen-pet-bouteilles\/\" \/>\n<meta property=\"og:locale\" content=\"fr_FR\" \/>\n<meta property=\"og:type\" content=\"article\" \/>\n<meta property=\"og:title\" content=\"Dolicen PET bouteilles - MEDIA PLATEFORME | FR\" \/>\n<meta property=\"og:description\" content=\"Dolicen, sp\u00e9cialis\u00e9e dans le recyclage du PET, annonce avoir franchi le cap symbolique d\u20191 milliard de bouteilles collect\u00e9es et recycl\u00e9es.\" \/>\n<meta property=\"og:url\" content=\"https:\/\/www.mediaplateforme.com\/fr\/dolicen-pet-bouteilles\/\" \/>\n<meta property=\"og:site_name\" content=\"MEDIA PLATEFORME | FR\" \/>\n<meta property=\"article:published_time\" content=\"2025-10-01T11:04:16+00:00\" \/>\n<meta property=\"article:modified_time\" content=\"2025-10-01T11:07:13+00:00\" \/>\n<meta property=\"og:image\" content=\"https:\/\/www.mediaplateforme.com\/fr\/wp-content\/uploads\/sites\/5\/2025\/10\/Dolicen-\u0625\u0639\u0627\u062f\u0629-\u062a\u062f\u0648\u064a\u0631-\u0645\u0627\u062f\u0629-PET.jpg\" \/>\n\t<meta property=\"og:image:width\" content=\"1654\" \/>\n\t<meta property=\"og:image:height\" content=\"883\" \/>\n\t<meta property=\"og:image:type\" content=\"image\/jpeg\" \/>\n<meta name=\"author\" content=\"Mediaplateforme\" \/>\n<meta name=\"twitter:card\" content=\"summary_large_image\" \/>\n<meta name=\"twitter:label1\" content=\"\u00c9crit par\" \/>\n\t<meta name=\"twitter:data1\" content=\"Mediaplateforme\" \/>\n\t<meta name=\"twitter:label2\" content=\"Dur\u00e9e de lecture estim\u00e9e\" \/>\n\t<meta name=\"twitter:data2\" content=\"2 minutes\" \/>\n<script type=\"application\/ld+json\" class=\"yoast-schema-graph\">{\"@context\":\"https:\/\/schema.org\",\"@graph\":[{\"@type\":\"WebPage\",\"@id\":\"https:\/\/www.mediaplateforme.com\/fr\/dolicen-pet-bouteilles\/\",\"url\":\"https:\/\/www.mediaplateforme.com\/fr\/dolicen-pet-bouteilles\/\",\"name\":\"Dolicen PET bouteilles - MEDIA PLATEFORME | FR\",\"isPartOf\":{\"@id\":\"https:\/\/www.mediaplateforme.com\/fr\/#website\"},\"datePublished\":\"2025-10-01T11:04:16+00:00\",\"dateModified\":\"2025-10-01T11:07:13+00:00\",\"author\":{\"@id\":\"https:\/\/www.mediaplateforme.com\/fr\/#\/schema\/person\/89833db382b5db2c76b094bc902aa12a\"},\"description\":\"Dolicen, sp\u00e9cialis\u00e9e dans le recyclage du PET, annonce avoir franchi le cap symbolique d\u20191 milliard de bouteilles collect\u00e9es et recycl\u00e9es.\",\"breadcrumb\":{\"@id\":\"https:\/\/www.mediaplateforme.com\/fr\/dolicen-pet-bouteilles\/#breadcrumb\"},\"inLanguage\":\"fr-FR\",\"potentialAction\":[{\"@type\":\"ReadAction\",\"target\":[\"https:\/\/www.mediaplateforme.com\/fr\/dolicen-pet-bouteilles\/\"]}]},{\"@type\":\"BreadcrumbList\",\"@id\":\"https:\/\/www.mediaplateforme.com\/fr\/dolicen-pet-bouteilles\/#breadcrumb\",\"itemListElement\":[{\"@type\":\"ListItem\",\"position\":1,\"name\":\"\u0627\u0644\u0631\u0626\u064a\u0633\u064a\u0629\",\"item\":\"https:\/\/www.mediaplateforme.com\/fr\/\"},{\"@type\":\"ListItem\",\"position\":2,\"name\":\"Dolicen franchit le cap d\u20191 milliard de bouteilles PET recycl\u00e9es depuis son lancement en juin 2023\"}]},{\"@type\":\"WebSite\",\"@id\":\"https:\/\/www.mediaplateforme.com\/fr\/#website\",\"url\":\"https:\/\/www.mediaplateforme.com\/fr\/\",\"name\":\"MEDIA PLATEFORME | FR\",\"description\":\"Mediaplateforme sp\u00e9cialis\u00e9 dans la communication institutions publiques et des entreprises\",\"potentialAction\":[{\"@type\":\"SearchAction\",\"target\":{\"@type\":\"EntryPoint\",\"urlTemplate\":\"https:\/\/www.mediaplateforme.com\/fr\/?s={search_term_string}\"},\"query-input\":\"required name=search_term_string\"}],\"inLanguage\":\"fr-FR\"},{\"@type\":\"Person\",\"@id\":\"https:\/\/www.mediaplateforme.com\/fr\/#\/schema\/person\/89833db382b5db2c76b094bc902aa12a\",\"name\":\"Mediaplateforme\",\"image\":{\"@type\":\"ImageObject\",\"inLanguage\":\"fr-FR\",\"@id\":\"https:\/\/www.mediaplateforme.com\/fr\/#\/schema\/person\/image\/\",\"url\":\"https:\/\/secure.gravatar.com\/avatar\/6c9c02e8928cc65d54bf75157f7b3a2d06d7ad0494ca0951f679552ff03b34c1?s=96&d=mm&r=g\",\"contentUrl\":\"https:\/\/secure.gravatar.com\/avatar\/6c9c02e8928cc65d54bf75157f7b3a2d06d7ad0494ca0951f679552ff03b34c1?s=96&d=mm&r=g\",\"caption\":\"Mediaplateforme\"},\"sameAs\":[\"https:\/\/www.mediaplateforme.com\"],\"url\":\"https:\/\/www.mediaplateforme.com\/fr\/author\/mohamedladib\/\"}]}<\/script>\n<!-- \/ Yoast SEO plugin. -->","yoast_head_json":{"title":"Dolicen PET bouteilles - MEDIA PLATEFORME | FR","description":"Dolicen, sp\u00e9cialis\u00e9e dans le recyclage du PET, annonce avoir franchi le cap symbolique d\u20191 milliard de bouteilles collect\u00e9es et recycl\u00e9es.","robots":{"index":"index","follow":"follow","max-snippet":"max-snippet:-1","max-image-preview":"max-image-preview:large","max-video-preview":"max-video-preview:-1"},"canonical":"https:\/\/www.mediaplateforme.com\/fr\/dolicen-pet-bouteilles\/","og_locale":"fr_FR","og_type":"article","og_title":"Dolicen PET bouteilles - MEDIA PLATEFORME | FR","og_description":"Dolicen, sp\u00e9cialis\u00e9e dans le recyclage du PET, annonce avoir franchi le cap symbolique d\u20191 milliard de bouteilles collect\u00e9es et recycl\u00e9es.","og_url":"https:\/\/www.mediaplateforme.com\/fr\/dolicen-pet-bouteilles\/","og_site_name":"MEDIA PLATEFORME | FR","article_published_time":"2025-10-01T11:04:16+00:00","article_modified_time":"2025-10-01T11:07:13+00:00","og_image":[{"width":1654,"height":883,"url":"https:\/\/www.mediaplateforme.com\/fr\/wp-content\/uploads\/sites\/5\/2025\/10\/Dolicen-\u0625\u0639\u0627\u062f\u0629-\u062a\u062f\u0648\u064a\u0631-\u0645\u0627\u062f\u0629-PET.jpg","type":"image\/jpeg"}],"author":"Mediaplateforme","twitter_card":"summary_large_image","twitter_misc":{"\u00c9crit par":"Mediaplateforme","Dur\u00e9e de lecture estim\u00e9e":"2 minutes"},"schema":{"@context":"https:\/\/schema.org","@graph":[{"@type":"WebPage","@id":"https:\/\/www.mediaplateforme.com\/fr\/dolicen-pet-bouteilles\/","url":"https:\/\/www.mediaplateforme.com\/fr\/dolicen-pet-bouteilles\/","name":"Dolicen PET bouteilles - MEDIA PLATEFORME | FR","isPartOf":{"@id":"https:\/\/www.mediaplateforme.com\/fr\/#website"},"datePublished":"2025-10-01T11:04:16+00:00","dateModified":"2025-10-01T11:07:13+00:00","author":{"@id":"https:\/\/www.mediaplateforme.com\/fr\/#\/schema\/person\/89833db382b5db2c76b094bc902aa12a"},"description":"Dolicen, sp\u00e9cialis\u00e9e dans le recyclage du PET, annonce avoir franchi le cap symbolique d\u20191 milliard de bouteilles collect\u00e9es et recycl\u00e9es.","breadcrumb":{"@id":"https:\/\/www.mediaplateforme.com\/fr\/dolicen-pet-bouteilles\/#breadcrumb"},"inLanguage":"fr-FR","potentialAction":[{"@type":"ReadAction","target":["https:\/\/www.mediaplateforme.com\/fr\/dolicen-pet-bouteilles\/"]}]},{"@type":"BreadcrumbList","@id":"https:\/\/www.mediaplateforme.com\/fr\/dolicen-pet-bouteilles\/#breadcrumb","itemListElement":[{"@type":"ListItem","position":1,"name":"\u0627\u0644\u0631\u0626\u064a\u0633\u064a\u0629","item":"https:\/\/www.mediaplateforme.com\/fr\/"},{"@type":"ListItem","position":2,"name":"Dolicen franchit le cap d\u20191 milliard de bouteilles PET recycl\u00e9es depuis son lancement en juin 2023"}]},{"@type":"WebSite","@id":"https:\/\/www.mediaplateforme.com\/fr\/#website","url":"https:\/\/www.mediaplateforme.com\/fr\/","name":"MEDIA PLATEFORME | FR","description":"Mediaplateforme sp\u00e9cialis\u00e9 dans la communication institutions publiques et des entreprises","potentialAction":[{"@type":"SearchAction","target":{"@type":"EntryPoint","urlTemplate":"https:\/\/www.mediaplateforme.com\/fr\/?s={search_term_string}"},"query-input":"required name=search_term_string"}],"inLanguage":"fr-FR"},{"@type":"Person","@id":"https:\/\/www.mediaplateforme.com\/fr\/#\/schema\/person\/89833db382b5db2c76b094bc902aa12a","name":"Mediaplateforme","image":{"@type":"ImageObject","inLanguage":"fr-FR","@id":"https:\/\/www.mediaplateforme.com\/fr\/#\/schema\/person\/image\/","url":"https:\/\/secure.gravatar.com\/avatar\/6c9c02e8928cc65d54bf75157f7b3a2d06d7ad0494ca0951f679552ff03b34c1?s=96&d=mm&r=g","contentUrl":"https:\/\/secure.gravatar.com\/avatar\/6c9c02e8928cc65d54bf75157f7b3a2d06d7ad0494ca0951f679552ff03b34c1?s=96&d=mm&r=g","caption":"Mediaplateforme"},"sameAs":["https:\/\/www.mediaplateforme.com"],"url":"https:\/\/www.mediaplateforme.com\/fr\/author\/mohamedladib\/"}]}},"_links":{"self":[{"href":"https:\/\/www.mediaplateforme.com\/fr\/wp-json\/wp\/v2\/posts\/7514","targetHints":{"allow":["GET"]}}],"collection":[{"href":"https:\/\/www.mediaplateforme.com\/fr\/wp-json\/wp\/v2\/posts"}],"about":[{"href":"https:\/\/www.mediaplateforme.com\/fr\/wp-json\/wp\/v2\/types\/post"}],"author":[{"embeddable":true,"href":"https:\/\/www.mediaplateforme.com\/fr\/wp-json\/wp\/v2\/users\/1"}],"replies":[{"embeddable":true,"href":"https:\/\/www.mediaplateforme.com\/fr\/wp-json\/wp\/v2\/comments?post=7514"}],"version-history":[{"count":1,"href":"https:\/\/www.mediaplateforme.com\/fr\/wp-json\/wp\/v2\/posts\/7514\/revisions"}],"predecessor-version":[{"id":7516,"href":"https:\/\/www.mediaplateforme.com\/fr\/wp-json\/wp\/v2\/posts\/7514\/revisions\/7516"}],"wp:featuredmedia":[{"embeddable":true,"href":"https:\/\/www.mediaplateforme.com\/fr\/wp-json\/wp\/v2\/media\/7515"}],"wp:attachment":[{"href":"https:\/\/www.mediaplateforme.com\/fr\/wp-json\/wp\/v2\/media?parent=7514"}],"wp:term":[{"taxonomy":"category","embeddable":true,"href":"https:\/\/www.mediaplateforme.com\/fr\/wp-json\/wp\/v2\/categories?post=7514"},{"taxonomy":"post_tag","embeddable":true,"href":"https:\/\/www.mediaplateforme.com\/fr\/wp-json\/wp\/v2\/tags?post=7514"}],"curies":[{"name":"wp","href":"https:\/\/api.w.org\/{rel}","templated":true}]}}