{"id":7511,"date":"2025-10-01T11:24:26","date_gmt":"2025-10-01T10:24:26","guid":{"rendered":"https:\/\/www.mediaplateforme.com\/fr\/?p=7511"},"modified":"2025-10-01T11:24:35","modified_gmt":"2025-10-01T10:24:35","slug":"oppo-luefa-2025-2026","status":"publish","type":"post","link":"https:\/\/www.mediaplateforme.com\/fr\/oppo-luefa-2025-2026\/","title":{"rendered":"OPPO prolonge son partenariat avec l\u2019UEFA Champions League"},"content":{"rendered":"<p style=\"font-weight: 400;\"><strong>OPPO, <a href=\"https:\/\/www.mediaplateforme.com\/fr\/oppo-reno14-lancement\/\">marque technologique mondiale de premier plan<\/a>, annonce la prolongation de son partenariat avec l\u2019UEFA Champions League pour la saison 2025\u20132026. Lanc\u00e9e en 2022, cette collaboration n\u2019a cess\u00e9 de se renforcer au cours des trois derni\u00e8res saisons, rapprochant les fans de la magie de la comp\u00e9tition de football la plus prestigieuse d\u2019Europe. Fort de ce succ\u00e8s, OPPO r\u00e9affirme son engagement \u00e0 inspirer des millions de supporters \u00e0 travers le monde gr\u00e2ce \u00e0 la passion, \u00e0 l\u2019intensit\u00e9 et aux moments inoubliables du jeu.<\/strong><\/p>\n<p style=\"font-weight: 400;\">L\u2019UEFA Champions League transcende le sport. Elle incarne l\u2019esprit de comp\u00e9tition, de r\u00e9silience et de cr\u00e9ativit\u00e9 \u2014 des valeurs qui trouvent un \u00e9cho profond dans la philosophie d\u2019OPPO \u00ab Make Your Moment \u00bb. \u00c0 travers ce partenariat renouvel\u00e9, OPPO entend renforcer le lien entre la passion du football et la puissance de la technologie, en c\u00e9l\u00e9brant les buts d\u00e9cisifs, les instants de g\u00e9nie et les \u00e9motions partag\u00e9es par les fans aux quatre coins du monde.<\/p>\n<p style=\"font-weight: 400;\">Au cours de la saison 2025\u20132026, OPPO renforcera son lien avec les fans marocains \u00e0 travers une s\u00e9rie d\u2019activations d\u00e9di\u00e9es. Dans la continuit\u00e9 du succ\u00e8s rencontr\u00e9 l\u2019an dernier avec la diffusion publique de la finale de la Champions League, la marque poursuivra la cr\u00e9ation d\u2019exp\u00e9riences m\u00e9morables rassemblant les supporters autour de la comp\u00e9tition. OPPO impliquera \u00e9galement la communaut\u00e9 locale en invitant des leaders d\u2019opinion, influenceurs, fans et partenaires \u00e0 assister aux matchs de l\u2019UEFA Champions League, tout en d\u00e9ployant des campagnes digitales con\u00e7ues pour capturer et partager les moments les plus inspirants du tournoi. \u00c0 travers ces initiatives, OPPO r\u00e9affirme son engagement \u00e0 conjuguer technologie et \u00e9motion, en offrant au public marocain de nouvelles fa\u00e7ons de vivre et de c\u00e9l\u00e9brer la magie de la Champions League.<\/p>\n<p style=\"font-weight: 400;\">En renouvelant ce partenariat, OPPO renforce son r\u00f4le de connecteur mondial. Pr\u00e9sente dans plus de 60 march\u00e9s, la marque s\u2019adresse \u00e0 une communaut\u00e9 internationale de passionn\u00e9s de football \u00e0 travers l\u2019Europe, l\u2019Afrique, l\u2019Asie et au-del\u00e0. L\u2019UEFA Champions League offre \u00e0 OPPO une plateforme unique pour consolider son lien avec des millions de consommateurs et de supporters qui partagent les m\u00eames \u00e9motions, au-del\u00e0 des fronti\u00e8res et des cultures.<\/p>\n<p style=\"font-weight: 400;\">\u00ab Notre partenariat renouvel\u00e9 avec l\u2019UEFA Champions League refl\u00e8te la conviction d\u2019OPPO dans le pouvoir du sport \u00e0 unir et inspirer \u00bb, a d\u00e9clar\u00e9 Saad BOUKACEM, Brand Manager OPPO Maroc. \u00ab Tout comme les grands clubs et leurs supporters aspirent \u00e0 l\u2019excellence sur le terrain, OPPO met son expertise technologique au service des individus pour les aider \u00e0 capturer, partager et revivre leurs moments les plus inoubliables\u00bb.<\/p>\n<p style=\"font-weight: 400;\">\u00c0 travers cette collaboration, OPPO continue de mettre en avant ses valeurs fondamentales d\u2019innovation, de cr\u00e9ativit\u00e9 et d\u2019esprit d\u2019\u00e9quipe, des principes qui r\u00e9sonnent naturellement avec ceux de l\u2019UEFA Champions League, une comp\u00e9tition qui \u00e9crit chaque saison de nouveaux chapitres de l\u2019histoire du football et r\u00e9unit des millions de fans \u00e0 travers le monde.<\/p>\n<p>OPPO l\u2019UEFA 2025\u20132026<\/p>\n","protected":false},"excerpt":{"rendered":"<p>OPPO, marque technologique mondiale de premier plan, annonce la prolongation de son partenariat avec l\u2019UEFA<\/p>\n","protected":false},"author":1,"featured_media":7512,"comment_status":"open","ping_status":"open","sticky":false,"template":"","format":"standard","meta":{"_acf_changed":false,"footnotes":""},"categories":[3,796],"tags":[],"class_list":["post-7511","post","type-post","status-publish","format-standard","has-post-thumbnail","hentry","category-nouvelles-selectionnees","category-sport-business"],"acf":[],"yoast_head":"<!-- This site is optimized with the Yoast SEO plugin v22.0 - https:\/\/yoast.com\/wordpress\/plugins\/seo\/ -->\n<title>OPPO l\u2019UEFA 2025\u20132026 - MEDIA PLATEFORME | FR<\/title>\n<meta name=\"description\" content=\"OPPO, marque technologique mondiale de premier plan, annonce la prolongation de son partenariat avec l\u2019UEFA Champions League 2025\u20132026\" \/>\n<meta name=\"robots\" content=\"index, follow, max-snippet:-1, max-image-preview:large, max-video-preview:-1\" \/>\n<link rel=\"canonical\" href=\"https:\/\/www.mediaplateforme.com\/fr\/oppo-luefa-2025-2026\/\" \/>\n<meta property=\"og:locale\" content=\"fr_FR\" \/>\n<meta property=\"og:type\" content=\"article\" \/>\n<meta property=\"og:title\" content=\"OPPO l\u2019UEFA 2025\u20132026 - MEDIA PLATEFORME | FR\" \/>\n<meta property=\"og:description\" content=\"OPPO, marque technologique mondiale de premier plan, annonce la prolongation de son partenariat avec l\u2019UEFA Champions League 2025\u20132026\" \/>\n<meta property=\"og:url\" content=\"https:\/\/www.mediaplateforme.com\/fr\/oppo-luefa-2025-2026\/\" \/>\n<meta property=\"og:site_name\" content=\"MEDIA PLATEFORME | FR\" \/>\n<meta property=\"article:published_time\" content=\"2025-10-01T10:24:26+00:00\" \/>\n<meta property=\"article:modified_time\" content=\"2025-10-01T10:24:35+00:00\" \/>\n<meta property=\"og:image\" content=\"https:\/\/www.mediaplateforme.com\/fr\/wp-content\/uploads\/sites\/5\/2025\/10\/OPPO-lUEFA-2025\u20132026-scaled.webp\" \/>\n\t<meta property=\"og:image:width\" content=\"2560\" \/>\n\t<meta property=\"og:image:height\" content=\"1479\" \/>\n\t<meta property=\"og:image:type\" content=\"image\/webp\" \/>\n<meta name=\"author\" content=\"Mediaplateforme\" \/>\n<meta name=\"twitter:card\" content=\"summary_large_image\" \/>\n<meta name=\"twitter:label1\" content=\"\u00c9crit par\" \/>\n\t<meta name=\"twitter:data1\" content=\"Mediaplateforme\" \/>\n\t<meta name=\"twitter:label2\" content=\"Dur\u00e9e de lecture estim\u00e9e\" \/>\n\t<meta name=\"twitter:data2\" content=\"3 minutes\" \/>\n<script type=\"application\/ld+json\" class=\"yoast-schema-graph\">{\"@context\":\"https:\/\/schema.org\",\"@graph\":[{\"@type\":\"WebPage\",\"@id\":\"https:\/\/www.mediaplateforme.com\/fr\/oppo-luefa-2025-2026\/\",\"url\":\"https:\/\/www.mediaplateforme.com\/fr\/oppo-luefa-2025-2026\/\",\"name\":\"OPPO l\u2019UEFA 2025\u20132026 - MEDIA PLATEFORME | FR\",\"isPartOf\":{\"@id\":\"https:\/\/www.mediaplateforme.com\/fr\/#website\"},\"datePublished\":\"2025-10-01T10:24:26+00:00\",\"dateModified\":\"2025-10-01T10:24:35+00:00\",\"author\":{\"@id\":\"https:\/\/www.mediaplateforme.com\/fr\/#\/schema\/person\/89833db382b5db2c76b094bc902aa12a\"},\"description\":\"OPPO, marque technologique mondiale de premier plan, annonce la prolongation de son partenariat avec l\u2019UEFA Champions League 2025\u20132026\",\"breadcrumb\":{\"@id\":\"https:\/\/www.mediaplateforme.com\/fr\/oppo-luefa-2025-2026\/#breadcrumb\"},\"inLanguage\":\"fr-FR\",\"potentialAction\":[{\"@type\":\"ReadAction\",\"target\":[\"https:\/\/www.mediaplateforme.com\/fr\/oppo-luefa-2025-2026\/\"]}]},{\"@type\":\"BreadcrumbList\",\"@id\":\"https:\/\/www.mediaplateforme.com\/fr\/oppo-luefa-2025-2026\/#breadcrumb\",\"itemListElement\":[{\"@type\":\"ListItem\",\"position\":1,\"name\":\"\u0627\u0644\u0631\u0626\u064a\u0633\u064a\u0629\",\"item\":\"https:\/\/www.mediaplateforme.com\/fr\/\"},{\"@type\":\"ListItem\",\"position\":2,\"name\":\"OPPO prolonge son partenariat avec l\u2019UEFA Champions League\"}]},{\"@type\":\"WebSite\",\"@id\":\"https:\/\/www.mediaplateforme.com\/fr\/#website\",\"url\":\"https:\/\/www.mediaplateforme.com\/fr\/\",\"name\":\"MEDIA PLATEFORME | FR\",\"description\":\"Mediaplateforme sp\u00e9cialis\u00e9 dans la communication institutions publiques et des entreprises\",\"potentialAction\":[{\"@type\":\"SearchAction\",\"target\":{\"@type\":\"EntryPoint\",\"urlTemplate\":\"https:\/\/www.mediaplateforme.com\/fr\/?s={search_term_string}\"},\"query-input\":\"required name=search_term_string\"}],\"inLanguage\":\"fr-FR\"},{\"@type\":\"Person\",\"@id\":\"https:\/\/www.mediaplateforme.com\/fr\/#\/schema\/person\/89833db382b5db2c76b094bc902aa12a\",\"name\":\"Mediaplateforme\",\"image\":{\"@type\":\"ImageObject\",\"inLanguage\":\"fr-FR\",\"@id\":\"https:\/\/www.mediaplateforme.com\/fr\/#\/schema\/person\/image\/\",\"url\":\"https:\/\/secure.gravatar.com\/avatar\/6c9c02e8928cc65d54bf75157f7b3a2d06d7ad0494ca0951f679552ff03b34c1?s=96&d=mm&r=g\",\"contentUrl\":\"https:\/\/secure.gravatar.com\/avatar\/6c9c02e8928cc65d54bf75157f7b3a2d06d7ad0494ca0951f679552ff03b34c1?s=96&d=mm&r=g\",\"caption\":\"Mediaplateforme\"},\"sameAs\":[\"https:\/\/www.mediaplateforme.com\"],\"url\":\"https:\/\/www.mediaplateforme.com\/fr\/author\/mohamedladib\/\"}]}<\/script>\n<!-- \/ Yoast SEO plugin. -->","yoast_head_json":{"title":"OPPO l\u2019UEFA 2025\u20132026 - MEDIA PLATEFORME | FR","description":"OPPO, marque technologique mondiale de premier plan, annonce la prolongation de son partenariat avec l\u2019UEFA Champions League 2025\u20132026","robots":{"index":"index","follow":"follow","max-snippet":"max-snippet:-1","max-image-preview":"max-image-preview:large","max-video-preview":"max-video-preview:-1"},"canonical":"https:\/\/www.mediaplateforme.com\/fr\/oppo-luefa-2025-2026\/","og_locale":"fr_FR","og_type":"article","og_title":"OPPO l\u2019UEFA 2025\u20132026 - MEDIA PLATEFORME | FR","og_description":"OPPO, marque technologique mondiale de premier plan, annonce la prolongation de son partenariat avec l\u2019UEFA Champions League 2025\u20132026","og_url":"https:\/\/www.mediaplateforme.com\/fr\/oppo-luefa-2025-2026\/","og_site_name":"MEDIA PLATEFORME | FR","article_published_time":"2025-10-01T10:24:26+00:00","article_modified_time":"2025-10-01T10:24:35+00:00","og_image":[{"width":2560,"height":1479,"url":"https:\/\/www.mediaplateforme.com\/fr\/wp-content\/uploads\/sites\/5\/2025\/10\/OPPO-lUEFA-2025\u20132026-scaled.webp","type":"image\/webp"}],"author":"Mediaplateforme","twitter_card":"summary_large_image","twitter_misc":{"\u00c9crit par":"Mediaplateforme","Dur\u00e9e de lecture estim\u00e9e":"3 minutes"},"schema":{"@context":"https:\/\/schema.org","@graph":[{"@type":"WebPage","@id":"https:\/\/www.mediaplateforme.com\/fr\/oppo-luefa-2025-2026\/","url":"https:\/\/www.mediaplateforme.com\/fr\/oppo-luefa-2025-2026\/","name":"OPPO l\u2019UEFA 2025\u20132026 - MEDIA PLATEFORME | FR","isPartOf":{"@id":"https:\/\/www.mediaplateforme.com\/fr\/#website"},"datePublished":"2025-10-01T10:24:26+00:00","dateModified":"2025-10-01T10:24:35+00:00","author":{"@id":"https:\/\/www.mediaplateforme.com\/fr\/#\/schema\/person\/89833db382b5db2c76b094bc902aa12a"},"description":"OPPO, marque technologique mondiale de premier plan, annonce la prolongation de son partenariat avec l\u2019UEFA Champions League 2025\u20132026","breadcrumb":{"@id":"https:\/\/www.mediaplateforme.com\/fr\/oppo-luefa-2025-2026\/#breadcrumb"},"inLanguage":"fr-FR","potentialAction":[{"@type":"ReadAction","target":["https:\/\/www.mediaplateforme.com\/fr\/oppo-luefa-2025-2026\/"]}]},{"@type":"BreadcrumbList","@id":"https:\/\/www.mediaplateforme.com\/fr\/oppo-luefa-2025-2026\/#breadcrumb","itemListElement":[{"@type":"ListItem","position":1,"name":"\u0627\u0644\u0631\u0626\u064a\u0633\u064a\u0629","item":"https:\/\/www.mediaplateforme.com\/fr\/"},{"@type":"ListItem","position":2,"name":"OPPO prolonge son partenariat avec l\u2019UEFA Champions League"}]},{"@type":"WebSite","@id":"https:\/\/www.mediaplateforme.com\/fr\/#website","url":"https:\/\/www.mediaplateforme.com\/fr\/","name":"MEDIA PLATEFORME | FR","description":"Mediaplateforme sp\u00e9cialis\u00e9 dans la communication institutions publiques et des entreprises","potentialAction":[{"@type":"SearchAction","target":{"@type":"EntryPoint","urlTemplate":"https:\/\/www.mediaplateforme.com\/fr\/?s={search_term_string}"},"query-input":"required name=search_term_string"}],"inLanguage":"fr-FR"},{"@type":"Person","@id":"https:\/\/www.mediaplateforme.com\/fr\/#\/schema\/person\/89833db382b5db2c76b094bc902aa12a","name":"Mediaplateforme","image":{"@type":"ImageObject","inLanguage":"fr-FR","@id":"https:\/\/www.mediaplateforme.com\/fr\/#\/schema\/person\/image\/","url":"https:\/\/secure.gravatar.com\/avatar\/6c9c02e8928cc65d54bf75157f7b3a2d06d7ad0494ca0951f679552ff03b34c1?s=96&d=mm&r=g","contentUrl":"https:\/\/secure.gravatar.com\/avatar\/6c9c02e8928cc65d54bf75157f7b3a2d06d7ad0494ca0951f679552ff03b34c1?s=96&d=mm&r=g","caption":"Mediaplateforme"},"sameAs":["https:\/\/www.mediaplateforme.com"],"url":"https:\/\/www.mediaplateforme.com\/fr\/author\/mohamedladib\/"}]}},"_links":{"self":[{"href":"https:\/\/www.mediaplateforme.com\/fr\/wp-json\/wp\/v2\/posts\/7511","targetHints":{"allow":["GET"]}}],"collection":[{"href":"https:\/\/www.mediaplateforme.com\/fr\/wp-json\/wp\/v2\/posts"}],"about":[{"href":"https:\/\/www.mediaplateforme.com\/fr\/wp-json\/wp\/v2\/types\/post"}],"author":[{"embeddable":true,"href":"https:\/\/www.mediaplateforme.com\/fr\/wp-json\/wp\/v2\/users\/1"}],"replies":[{"embeddable":true,"href":"https:\/\/www.mediaplateforme.com\/fr\/wp-json\/wp\/v2\/comments?post=7511"}],"version-history":[{"count":1,"href":"https:\/\/www.mediaplateforme.com\/fr\/wp-json\/wp\/v2\/posts\/7511\/revisions"}],"predecessor-version":[{"id":7513,"href":"https:\/\/www.mediaplateforme.com\/fr\/wp-json\/wp\/v2\/posts\/7511\/revisions\/7513"}],"wp:featuredmedia":[{"embeddable":true,"href":"https:\/\/www.mediaplateforme.com\/fr\/wp-json\/wp\/v2\/media\/7512"}],"wp:attachment":[{"href":"https:\/\/www.mediaplateforme.com\/fr\/wp-json\/wp\/v2\/media?parent=7511"}],"wp:term":[{"taxonomy":"category","embeddable":true,"href":"https:\/\/www.mediaplateforme.com\/fr\/wp-json\/wp\/v2\/categories?post=7511"},{"taxonomy":"post_tag","embeddable":true,"href":"https:\/\/www.mediaplateforme.com\/fr\/wp-json\/wp\/v2\/tags?post=7511"}],"curies":[{"name":"wp","href":"https:\/\/api.w.org\/{rel}","templated":true}]}}