{"id":7454,"date":"2025-09-08T15:35:45","date_gmt":"2025-09-08T14:35:45","guid":{"rendered":"https:\/\/www.mediaplateforme.com\/fr\/?p=7454"},"modified":"2025-09-08T15:35:54","modified_gmt":"2025-09-08T14:35:54","slug":"stellantis-iatf","status":"publish","type":"post","link":"https:\/\/www.mediaplateforme.com\/fr\/stellantis-iatf\/","title":{"rendered":"Renforcement de l&rsquo;\u00e9cosyst\u00e8me de la mobilit\u00e9 en Afrique : Stellantis au c\u0153ur des dialogues de l&rsquo;IATF 2025"},"content":{"rendered":"<p>Stellantis a particip\u00e9 \u00e0 l\u2019Intra-African Trade Fair (IATF), organis\u00e9e les 5 et 6 septembre 2025 \u00e0 Alger, pour partager sa vision d\u2019une mobilit\u00e9 durable et inclusive au service du d\u00e9veloppement industriel du continent africain.<\/p>\n<p>L\u2019\u00e9v\u00e9nement, qui r\u00e9unit chaque ann\u00e9e d\u00e9cideurs, industriels et acteurs \u00e9conomiques de toute l\u2019Afrique, a constitu\u00e9 une plateforme majeure de dialogue et de partenariat. Stellantis y a pr\u00e9sent\u00e9 ses ambitions en mati\u00e8re d\u2019innovation, de durabilit\u00e9 et d\u2019int\u00e9gration industrielle, confirmant son r\u00f4le moteur dans la transformation du paysage automobile africain et de la mobilit\u00e9 durable.<\/p>\n<blockquote><p>\u00ab <em>Notre participation \u00e0 l&rsquo;IATF refl\u00e8te notre profond engagement envers l&rsquo;avenir de l&rsquo;Afrique<\/em> \u00bb, a d\u00e9clar\u00e9 Samir Cherfan, Chief Operating Officer for Stellantis Middle East &amp; Africa. \u00ab <em>Nous croyons au potentiel du continent \u00e0 \u00eatre \u00e0 la pointe de l&rsquo;innovation, et nous sommes d\u00e9termin\u00e9s \u00e0 contribuer \u00e0 son d\u00e9veloppement industriel et \u00e9conomique par le biais de partenariats strat\u00e9giques, d&rsquo;investissements locaux et de solutions de mobilit\u00e9 innovantes qui r\u00e9pondent aux besoins r\u00e9els des citoyens africains.<\/em> \u00bb.<\/p><\/blockquote>\n<h4>l&rsquo;avenir industriel de l&rsquo;Afrique<\/h4>\n<p>Tout au long de l&rsquo;\u00e9v\u00e9nement, Stellantis a jou\u00e9 un r\u00f4le actif dans l&rsquo;\u00e9laboration des conversations cl\u00e9s autour de l&rsquo;avenir industriel de l&rsquo;Afrique. Dans ce cadre, l\u2019entreprise a mis en lumi\u00e8re le FIAT TRIS, son tout premier v\u00e9hicule \u00e9lectrique \u00e0 trois roues, d\u00e9velopp\u00e9 et produit au Maroc au sein de son complexe industriel \u00e0 K\u00e9nitra. Le TRIS, d\u00e9voil\u00e9 en juillet dernier au Maroc, est con\u00e7u pour r\u00e9pondre aux besoins de livraison du dernier kilom\u00e8tre et soutenir l&rsquo;autonomisation \u00e9conomique dans toute la r\u00e9gion.<\/p>\n<p>Au-del\u00e0 de l\u2019innovation produit, la participation de Stellantis \u00e0 l\u2019IATF a permis d\u2019engager un dialogue constructif avec les parties prenantes r\u00e9gionales autour de plusieurs priorit\u00e9s :<\/p>\n<ul>\n<li>Le d\u00e9veloppement de cha\u00eenes de valeur locales et r\u00e9gionales,<\/li>\n<li>L\u2019accompagnement de l\u2019industrialisation et de la mont\u00e9e en comp\u00e9tences,<\/li>\n<li>La promotion d\u2019une mobilit\u00e9 durable et inclusive,<\/li>\n<li>Et l\u2019int\u00e9gration des objectifs de la Zone de libre-\u00e9change continentale africaine (ZLECAf).<\/li>\n<\/ul>\n<p>&nbsp;<\/p>\n<p>Stellantis continue d&rsquo;\u00e9tendre sa pr\u00e9sence dans la r\u00e9gion Afrique et Moyen-Orient (MEA), en s&rsquo;alignant sur les objectifs de d\u00e9veloppement nationaux et les ambitions r\u00e9gionales. L&rsquo;entreprise reste concentr\u00e9e sur l&rsquo;autonomisation des communaut\u00e9s, le soutien aux \u00e9conomies locales et la fourniture de solutions de mobilit\u00e9 \u00e0 la fois durables et inclusives.<\/p>\n<p>&nbsp;<\/p>\n<h3>\u00c0 propos de Stellantis<\/h3>\n<p>Stellantis N.V. (NYSE\u00a0: STLA\u00a0\/ Euronext Milan\u00a0: STLAM\u00a0\/ Euronext Paris\u00a0: STLAP) est un constructeur automobile mondial de premier plan, qui s\u2019engage \u00e0 donner \u00e0 ses clients la libert\u00e9 de choisir leur mode de d\u00e9placement, en adoptant les derni\u00e8res technologies et en cr\u00e9ant de la valeur pour toutes ses parties prenantes. Son portefeuille unique de marques embl\u00e9matiques et innovantes comprend Abarth, Alfa Romeo, Chrysler, Citro\u00ebn, Dodge, DS Automobiles, FIAT, Jeep<sub>\u00ae<\/sub>, Lancia, Maserati, Opel, Peugeot, Ram, Vauxhall, Free2move et Leasys. Pour plus d\u2019informations, consultez le site www.stellantis.com.<\/p>\n","protected":false},"excerpt":{"rendered":"<p>Stellantis a particip\u00e9 \u00e0 l\u2019Intra-African Trade Fair (IATF), organis\u00e9e les 5 et 6 septembre 2025<\/p>\n","protected":false},"author":1,"featured_media":7455,"comment_status":"open","ping_status":"open","sticky":false,"template":"","format":"standard","meta":{"_acf_changed":false,"footnotes":""},"categories":[1644,3],"tags":[265],"class_list":["post-7454","post","type-post","status-publish","format-standard","has-post-thumbnail","hentry","category-industrie","category-nouvelles-selectionnees","tag-stellantis"],"acf":[],"yoast_head":"<!-- This site is optimized with the Yoast SEO plugin v22.0 - https:\/\/yoast.com\/wordpress\/plugins\/seo\/ -->\n<title>Stellantis IATF - MEDIA PLATEFORME | FR<\/title>\n<meta name=\"description\" content=\"Renforcement de l&#039;\u00e9cosyst\u00e8me de la mobilit\u00e9 en Afrique : Stellantis au c\u0153ur des dialogues de l&#039;IATF 2025\" \/>\n<meta name=\"robots\" content=\"index, follow, max-snippet:-1, max-image-preview:large, max-video-preview:-1\" \/>\n<link rel=\"canonical\" href=\"https:\/\/www.mediaplateforme.com\/fr\/stellantis-iatf\/\" \/>\n<meta property=\"og:locale\" content=\"fr_FR\" \/>\n<meta property=\"og:type\" content=\"article\" \/>\n<meta property=\"og:title\" content=\"Stellantis IATF - MEDIA PLATEFORME | FR\" \/>\n<meta property=\"og:description\" content=\"Renforcement de l&#039;\u00e9cosyst\u00e8me de la mobilit\u00e9 en Afrique : Stellantis au c\u0153ur des dialogues de l&#039;IATF 2025\" \/>\n<meta property=\"og:url\" content=\"https:\/\/www.mediaplateforme.com\/fr\/stellantis-iatf\/\" \/>\n<meta property=\"og:site_name\" content=\"MEDIA PLATEFORME | FR\" \/>\n<meta property=\"article:published_time\" content=\"2025-09-08T14:35:45+00:00\" \/>\n<meta property=\"article:modified_time\" content=\"2025-09-08T14:35:54+00:00\" \/>\n<meta property=\"og:image\" content=\"https:\/\/www.mediaplateforme.com\/fr\/wp-content\/uploads\/sites\/5\/2025\/09\/Stellantis-\u0641\u064a-IATF-2025.jpg\" \/>\n\t<meta property=\"og:image:width\" content=\"1000\" \/>\n\t<meta property=\"og:image:height\" content=\"750\" \/>\n\t<meta property=\"og:image:type\" content=\"image\/jpeg\" \/>\n<meta name=\"author\" content=\"Mediaplateforme\" \/>\n<meta name=\"twitter:card\" content=\"summary_large_image\" \/>\n<meta name=\"twitter:label1\" content=\"\u00c9crit par\" \/>\n\t<meta name=\"twitter:data1\" content=\"Mediaplateforme\" \/>\n\t<meta name=\"twitter:label2\" content=\"Dur\u00e9e de lecture estim\u00e9e\" \/>\n\t<meta name=\"twitter:data2\" content=\"3 minutes\" \/>\n<script type=\"application\/ld+json\" class=\"yoast-schema-graph\">{\"@context\":\"https:\/\/schema.org\",\"@graph\":[{\"@type\":\"WebPage\",\"@id\":\"https:\/\/www.mediaplateforme.com\/fr\/stellantis-iatf\/\",\"url\":\"https:\/\/www.mediaplateforme.com\/fr\/stellantis-iatf\/\",\"name\":\"Stellantis IATF - MEDIA PLATEFORME | FR\",\"isPartOf\":{\"@id\":\"https:\/\/www.mediaplateforme.com\/fr\/#website\"},\"datePublished\":\"2025-09-08T14:35:45+00:00\",\"dateModified\":\"2025-09-08T14:35:54+00:00\",\"author\":{\"@id\":\"https:\/\/www.mediaplateforme.com\/fr\/#\/schema\/person\/89833db382b5db2c76b094bc902aa12a\"},\"description\":\"Renforcement de l'\u00e9cosyst\u00e8me de la mobilit\u00e9 en Afrique : Stellantis au c\u0153ur des dialogues de l'IATF 2025\",\"breadcrumb\":{\"@id\":\"https:\/\/www.mediaplateforme.com\/fr\/stellantis-iatf\/#breadcrumb\"},\"inLanguage\":\"fr-FR\",\"potentialAction\":[{\"@type\":\"ReadAction\",\"target\":[\"https:\/\/www.mediaplateforme.com\/fr\/stellantis-iatf\/\"]}]},{\"@type\":\"BreadcrumbList\",\"@id\":\"https:\/\/www.mediaplateforme.com\/fr\/stellantis-iatf\/#breadcrumb\",\"itemListElement\":[{\"@type\":\"ListItem\",\"position\":1,\"name\":\"\u0627\u0644\u0631\u0626\u064a\u0633\u064a\u0629\",\"item\":\"https:\/\/www.mediaplateforme.com\/fr\/\"},{\"@type\":\"ListItem\",\"position\":2,\"name\":\"Renforcement de l&#8217;\u00e9cosyst\u00e8me de la mobilit\u00e9 en Afrique : Stellantis au c\u0153ur des dialogues de l&#8217;IATF 2025\"}]},{\"@type\":\"WebSite\",\"@id\":\"https:\/\/www.mediaplateforme.com\/fr\/#website\",\"url\":\"https:\/\/www.mediaplateforme.com\/fr\/\",\"name\":\"MEDIA PLATEFORME | FR\",\"description\":\"Mediaplateforme sp\u00e9cialis\u00e9 dans la communication institutions publiques et des entreprises\",\"potentialAction\":[{\"@type\":\"SearchAction\",\"target\":{\"@type\":\"EntryPoint\",\"urlTemplate\":\"https:\/\/www.mediaplateforme.com\/fr\/?s={search_term_string}\"},\"query-input\":\"required name=search_term_string\"}],\"inLanguage\":\"fr-FR\"},{\"@type\":\"Person\",\"@id\":\"https:\/\/www.mediaplateforme.com\/fr\/#\/schema\/person\/89833db382b5db2c76b094bc902aa12a\",\"name\":\"Mediaplateforme\",\"image\":{\"@type\":\"ImageObject\",\"inLanguage\":\"fr-FR\",\"@id\":\"https:\/\/www.mediaplateforme.com\/fr\/#\/schema\/person\/image\/\",\"url\":\"https:\/\/secure.gravatar.com\/avatar\/6c9c02e8928cc65d54bf75157f7b3a2d06d7ad0494ca0951f679552ff03b34c1?s=96&d=mm&r=g\",\"contentUrl\":\"https:\/\/secure.gravatar.com\/avatar\/6c9c02e8928cc65d54bf75157f7b3a2d06d7ad0494ca0951f679552ff03b34c1?s=96&d=mm&r=g\",\"caption\":\"Mediaplateforme\"},\"sameAs\":[\"https:\/\/www.mediaplateforme.com\"],\"url\":\"https:\/\/www.mediaplateforme.com\/fr\/author\/mohamedladib\/\"}]}<\/script>\n<!-- \/ Yoast SEO plugin. -->","yoast_head_json":{"title":"Stellantis IATF - MEDIA PLATEFORME | FR","description":"Renforcement de l'\u00e9cosyst\u00e8me de la mobilit\u00e9 en Afrique : Stellantis au c\u0153ur des dialogues de l'IATF 2025","robots":{"index":"index","follow":"follow","max-snippet":"max-snippet:-1","max-image-preview":"max-image-preview:large","max-video-preview":"max-video-preview:-1"},"canonical":"https:\/\/www.mediaplateforme.com\/fr\/stellantis-iatf\/","og_locale":"fr_FR","og_type":"article","og_title":"Stellantis IATF - MEDIA PLATEFORME | FR","og_description":"Renforcement de l'\u00e9cosyst\u00e8me de la mobilit\u00e9 en Afrique : Stellantis au c\u0153ur des dialogues de l'IATF 2025","og_url":"https:\/\/www.mediaplateforme.com\/fr\/stellantis-iatf\/","og_site_name":"MEDIA PLATEFORME | FR","article_published_time":"2025-09-08T14:35:45+00:00","article_modified_time":"2025-09-08T14:35:54+00:00","og_image":[{"width":1000,"height":750,"url":"https:\/\/www.mediaplateforme.com\/fr\/wp-content\/uploads\/sites\/5\/2025\/09\/Stellantis-\u0641\u064a-IATF-2025.jpg","type":"image\/jpeg"}],"author":"Mediaplateforme","twitter_card":"summary_large_image","twitter_misc":{"\u00c9crit par":"Mediaplateforme","Dur\u00e9e de lecture estim\u00e9e":"3 minutes"},"schema":{"@context":"https:\/\/schema.org","@graph":[{"@type":"WebPage","@id":"https:\/\/www.mediaplateforme.com\/fr\/stellantis-iatf\/","url":"https:\/\/www.mediaplateforme.com\/fr\/stellantis-iatf\/","name":"Stellantis IATF - MEDIA PLATEFORME | FR","isPartOf":{"@id":"https:\/\/www.mediaplateforme.com\/fr\/#website"},"datePublished":"2025-09-08T14:35:45+00:00","dateModified":"2025-09-08T14:35:54+00:00","author":{"@id":"https:\/\/www.mediaplateforme.com\/fr\/#\/schema\/person\/89833db382b5db2c76b094bc902aa12a"},"description":"Renforcement de l'\u00e9cosyst\u00e8me de la mobilit\u00e9 en Afrique : Stellantis au c\u0153ur des dialogues de l'IATF 2025","breadcrumb":{"@id":"https:\/\/www.mediaplateforme.com\/fr\/stellantis-iatf\/#breadcrumb"},"inLanguage":"fr-FR","potentialAction":[{"@type":"ReadAction","target":["https:\/\/www.mediaplateforme.com\/fr\/stellantis-iatf\/"]}]},{"@type":"BreadcrumbList","@id":"https:\/\/www.mediaplateforme.com\/fr\/stellantis-iatf\/#breadcrumb","itemListElement":[{"@type":"ListItem","position":1,"name":"\u0627\u0644\u0631\u0626\u064a\u0633\u064a\u0629","item":"https:\/\/www.mediaplateforme.com\/fr\/"},{"@type":"ListItem","position":2,"name":"Renforcement de l&#8217;\u00e9cosyst\u00e8me de la mobilit\u00e9 en Afrique : Stellantis au c\u0153ur des dialogues de l&#8217;IATF 2025"}]},{"@type":"WebSite","@id":"https:\/\/www.mediaplateforme.com\/fr\/#website","url":"https:\/\/www.mediaplateforme.com\/fr\/","name":"MEDIA PLATEFORME | FR","description":"Mediaplateforme sp\u00e9cialis\u00e9 dans la communication institutions publiques et des entreprises","potentialAction":[{"@type":"SearchAction","target":{"@type":"EntryPoint","urlTemplate":"https:\/\/www.mediaplateforme.com\/fr\/?s={search_term_string}"},"query-input":"required name=search_term_string"}],"inLanguage":"fr-FR"},{"@type":"Person","@id":"https:\/\/www.mediaplateforme.com\/fr\/#\/schema\/person\/89833db382b5db2c76b094bc902aa12a","name":"Mediaplateforme","image":{"@type":"ImageObject","inLanguage":"fr-FR","@id":"https:\/\/www.mediaplateforme.com\/fr\/#\/schema\/person\/image\/","url":"https:\/\/secure.gravatar.com\/avatar\/6c9c02e8928cc65d54bf75157f7b3a2d06d7ad0494ca0951f679552ff03b34c1?s=96&d=mm&r=g","contentUrl":"https:\/\/secure.gravatar.com\/avatar\/6c9c02e8928cc65d54bf75157f7b3a2d06d7ad0494ca0951f679552ff03b34c1?s=96&d=mm&r=g","caption":"Mediaplateforme"},"sameAs":["https:\/\/www.mediaplateforme.com"],"url":"https:\/\/www.mediaplateforme.com\/fr\/author\/mohamedladib\/"}]}},"_links":{"self":[{"href":"https:\/\/www.mediaplateforme.com\/fr\/wp-json\/wp\/v2\/posts\/7454","targetHints":{"allow":["GET"]}}],"collection":[{"href":"https:\/\/www.mediaplateforme.com\/fr\/wp-json\/wp\/v2\/posts"}],"about":[{"href":"https:\/\/www.mediaplateforme.com\/fr\/wp-json\/wp\/v2\/types\/post"}],"author":[{"embeddable":true,"href":"https:\/\/www.mediaplateforme.com\/fr\/wp-json\/wp\/v2\/users\/1"}],"replies":[{"embeddable":true,"href":"https:\/\/www.mediaplateforme.com\/fr\/wp-json\/wp\/v2\/comments?post=7454"}],"version-history":[{"count":1,"href":"https:\/\/www.mediaplateforme.com\/fr\/wp-json\/wp\/v2\/posts\/7454\/revisions"}],"predecessor-version":[{"id":7456,"href":"https:\/\/www.mediaplateforme.com\/fr\/wp-json\/wp\/v2\/posts\/7454\/revisions\/7456"}],"wp:featuredmedia":[{"embeddable":true,"href":"https:\/\/www.mediaplateforme.com\/fr\/wp-json\/wp\/v2\/media\/7455"}],"wp:attachment":[{"href":"https:\/\/www.mediaplateforme.com\/fr\/wp-json\/wp\/v2\/media?parent=7454"}],"wp:term":[{"taxonomy":"category","embeddable":true,"href":"https:\/\/www.mediaplateforme.com\/fr\/wp-json\/wp\/v2\/categories?post=7454"},{"taxonomy":"post_tag","embeddable":true,"href":"https:\/\/www.mediaplateforme.com\/fr\/wp-json\/wp\/v2\/tags?post=7454"}],"curies":[{"name":"wp","href":"https:\/\/api.w.org\/{rel}","templated":true}]}}