{"id":7438,"date":"2025-08-22T19:01:00","date_gmt":"2025-08-22T18:01:00","guid":{"rendered":"https:\/\/www.mediaplateforme.com\/fr\/?p=7438"},"modified":"2025-08-22T19:01:22","modified_gmt":"2025-08-22T18:01:22","slug":"maroc-telecom-festival-des-plages","status":"publish","type":"post","link":"https:\/\/www.mediaplateforme.com\/fr\/maroc-telecom-festival-des-plages\/","title":{"rendered":"Festival des Plages Maroc Telecom : Des soir\u00e9es exceptionnelles \u00e0 l\u2019occasion de la F\u00eate de la Jeunesse et de la R\u00e9volution du Roi et du Peuple"},"content":{"rendered":"<p><strong>La 21e \u00e9dition du Festival des Plages Maroc Telecom a offert des <a href=\"https:\/\/www.mediaplateforme.com\/fr\/festival-des-plages-maroc-telecom-21e-edition-2025\/\">soir\u00e9es exceptionnelles<\/a> \u00e0 l&rsquo;occasion de la F\u00eate de la Jeunesse et de la R\u00e9volution du Roi et du Peuple. Des artistes marocains et arabes, dont Daoudia, Salma Rachid, Stati et Ahmad Saad, ont enflamm\u00e9 les sc\u00e8nes de M&rsquo;diq, Al Hoceima, Nador, Sa\u00efdia et Martil les 20 et 21 ao\u00fbt.<\/strong><\/p>\n<p>Dans une ambiance vibrante et populaire, la 21<sup>e<\/sup> \u00e9dition du Festival des Plages Maroc Telecom a r\u00e9uni des foules enthousiastes sur les rivages du nord du Maroc. Du 20 au 21 ao\u00fbt, les villes de M&rsquo;diq, Al Hoceima, Nador, Sa\u00efdia et Martil se sont transform\u00e9es en sc\u00e8nes g\u00e9antes de f\u00eate, de musique et de fiert\u00e9 nationale, \u00e0 l\u2019occasion de la F\u00eate de la Jeunesse et de la R\u00e9volution du Roi et du Peuple.<\/p>\n<h2>Des artistes marocains au c\u0153ur de la programmation<\/h2>\n<p>Le festival a mis \u00e0 l\u2019honneur les grandes voix de la chanson marocaine, r\u00e9unissant un casting d\u2019exception qui a enflamm\u00e9 les sc\u00e8nes avec passion et \u00e9nergie. Parmi les artistes pr\u00e9sents :<\/p>\n<ul>\n<li><strong>Daoudia<\/strong> \u2013 ic\u00f4ne du cha\u00e2bi marocain.<\/li>\n<li><strong>Najat Atabou<\/strong> \u2013 voix embl\u00e9matique de la chanson populaire.<\/li>\n<li><strong>Salma Rachid<\/strong> \u2013 ambassadrice de la gnawa moderne.<\/li>\n<li><strong>Stati<\/strong> \u2013 artiste au style unique et au charisme in\u00e9gal\u00e9.<\/li>\n<li><strong>Saida Charaf<\/strong> \u2013 interpr\u00e8te aux racines profond\u00e9ment marocaines.<\/li>\n<li><strong>Ali Samid<\/strong> \u2013 repr\u00e9sentant de la nouvelle g\u00e9n\u00e9ration musicale.<\/li>\n<\/ul>\n<p>Pendant deux jours, les spectateurs ont vibr\u00e9 au rythme des plus grands succ\u00e8s nationaux, c\u00e9l\u00e9brant l\u2019unit\u00e9, la jeunesse et l\u2019h\u00e9ritage culturel marocain.<\/p>\n<h2>Ahmad Saad illumine la sc\u00e8ne de M&rsquo;diq<\/h2>\n<p>Comme chaque ann\u00e9e, le <strong>Festival des Plages Maroc Telecom<\/strong> a \u00e9largi son horizon artistique avec la participation d\u2019une star arabe de renom. Cette \u00e9dition a accueilli <strong>l\u2019artiste \u00e9gyptien Ahmad Saad<\/strong>, qui a \u00e9lectris\u00e9 la foule de <strong>M&rsquo;diq<\/strong> le <strong>20 ao\u00fbt<\/strong> avec ses tubes populaires et son \u00e9nergie communicative.<\/p>\n<h3>Un hommage appuy\u00e9 au Roi Mohammed VI<\/h3>\n<p>Lors d\u2019une d\u00e9claration aux m\u00e9dias, Ahmad Saad a exprim\u00e9 son profond respect \u00e0 <strong>Sa Majest\u00e9 le Roi Mohammed VI<\/strong>, saluant ses <em>\u00ab efforts constants en faveur de la culture et de la cr\u00e9ation artistique \u00bb<\/em>. Il a \u00e9galement adress\u00e9 ses v\u0153ux les plus sinc\u00e8res \u00e0 l\u2019occasion de Son anniversaire, priant pour que <em>\u00ab le Maroc demeure un pays de paix, de s\u00e9curit\u00e9 et de prosp\u00e9rit\u00e9 \u00bb<\/em>.<\/p>\n<h2>Une c\u00e9l\u00e9bration nationale sur fond de musique et d\u2019\u00e9motion<\/h2>\n<p>En co\u00efncidant avec deux dates embl\u00e9matiques du calendrier national \u2014 la <strong>F\u00eate de la Jeunesse<\/strong> (21 ao\u00fbt) et la <strong>R\u00e9volution du Roi et du Peuple<\/strong> (20 ao\u00fbt) \u2014, le festival a transcend\u00e9 le simple cadre artistique pour devenir un v\u00e9ritable symbole d\u2019unit\u00e9 et de fiert\u00e9 collective.<\/p>\n<h3>Une diffusion nationale sur cinq sites embl\u00e9matiques<\/h3>\n<p>Le choix des villes refl\u00e8te une volont\u00e9 d\u2019ancrage territorial et de proximit\u00e9 avec les citoyens :<\/p>\n<ul>\n<li><strong>M&rsquo;diq<\/strong> : ouverture festive avec Ahmad Saad.<\/li>\n<li><strong>Al Hoceima et Nador<\/strong> : ambiance cha\u00e2bi intense et participation massive.<\/li>\n<li><strong>Sa\u00efdia<\/strong> : public familial et jeunesse dynamique.<\/li>\n<li><strong>Martil<\/strong> : cl\u00f4ture en beaut\u00e9 avec un m\u00e9lange de tradition et de modernit\u00e9.<\/li>\n<\/ul>\n<h2>Maroc Telecom r\u00e9affirme son engagement culturel<\/h2>\n<p>Organis\u00e9 par Maroc Telecom (IAM), le Festival des Plages confirme son statut de rendez-vous estival incontournable au Maroc. Bien plus qu\u2019un \u00e9v\u00e9nement musical, il incarne un engagement soci\u00e9tal en faveur de la jeunesse, de la culture et de la coh\u00e9sion nationale.<\/p>\n<p>Cette \u00e9dition 2024 a prouv\u00e9 que, gr\u00e2ce \u00e0 une programmation de haut niveau et une diffusion nationale \u00e9largie, le festival parvient \u00e0 unir des g\u00e9n\u00e9rations enti\u00e8res autour d\u2019un h\u00e9ritage commun.<\/p>\n<h2>Questions fr\u00e9quentes sur le Festival des Plages Maroc Telecom<\/h2>\n<h3>Qui organise le Festival des Plages ?<\/h3>\n<p>Le Festival des Plages est organis\u00e9 chaque ann\u00e9e par <strong>Maroc Telecom (IAM)<\/strong>, en partenariat avec les autorit\u00e9s locales et des institutions culturelles.<\/p>\n<h3>O\u00f9 se d\u00e9roule le Festival des Plages ?<\/h3>\n<p>L\u2019\u00e9v\u00e9nement se tient simultan\u00e9ment dans cinq villes c\u00f4ti\u00e8res : <strong>M&rsquo;diq, Al Hoceima, Nador, Sa\u00efdia et Martil<\/strong>.<\/p>\n<h3>Quelles sont les dates cl\u00e9s de la 21<sup>e<\/sup> \u00e9dition ?<\/h3>\n<p>La 21<sup>e<\/sup> \u00e9dition a eu lieu les <strong>20 et 21 ao\u00fbt 2024<\/strong>, en marge de la F\u00eate de la Jeunesse et de la R\u00e9volution du Roi et du Peuple.<\/p>\n<h3>Quels artistes ont particip\u00e9 \u00e0 cette \u00e9dition ?<\/h3>\n<p>Parmi les participants : Daoudia, Najat Atabou, Salma Rachid, Stati, Saida Charaf, Ali Samid, et l\u2019artiste \u00e9gyptien Ahmad Saad.<\/p>\n<h3>Le Festival des Plages est-il gratuit ?<\/h3>\n<p>Oui, les soir\u00e9es du Festival des Plages sont <strong>gratuites et ouvertes au grand public<\/strong>, conform\u00e9ment \u00e0 sa vocation populaire et inclusive.<\/p>\n<h2>\u00a0 Un festival qui unit le Maroc<\/h2>\n<p>La 21<sup>e<\/sup> \u00e9dition du Festival des Plages Maroc Telecom a su marier avec brio art, \u00e9motion et patriotisme. En reliant les c\u0153urs par la musique et en c\u00e9l\u00e9brant les symboles nationaux, il reste bien plus qu\u2019un \u00e9v\u00e9nement estival : c\u2019est un moment de rassemblement, de fiert\u00e9 et d\u2019espoir pour les g\u00e9n\u00e9rations futures. Partagez avec nous votre souvenir marquant de cette \u00e9dition !<\/p>\n","protected":false},"excerpt":{"rendered":"<p>La 21e \u00e9dition du Festival des Plages Maroc Telecom a offert des soir\u00e9es exceptionnelles \u00e0<\/p>\n","protected":false},"author":1,"featured_media":7439,"comment_status":"open","ping_status":"open","sticky":false,"template":"","format":"standard","meta":{"_acf_changed":false,"footnotes":""},"categories":[3,1643],"tags":[3942,1112,3948,3943,3924,3940,3856,3939,3926,57,3944,3941,3947,2051,3945,3946],"class_list":["post-7438","post","type-post","status-publish","format-standard","has-post-thumbnail","hentry","category-nouvelles-selectionnees","category-tourisme","tag-ahmad-saad","tag-al-hoceima","tag-ali-samid","tag-daoudia","tag-festival-des-plages-maroc-telecom","tag-fete-de-la-jeunesse","tag-mdiq","tag-maroc-telecom-iam","tag-martil","tag-nador","tag-najat-atabou","tag-revolution-du-roi-et-du-peuple","tag-saida-charaf","tag-saidia","tag-salma-rachid","tag-stati"],"acf":[],"yoast_head":"<!-- This site is optimized with the Yoast SEO plugin v22.0 - https:\/\/yoast.com\/wordpress\/plugins\/seo\/ -->\n<title>21e \u00e9dition du Festival des Plages Maroc Telecom - MEDIA PLATEFORME | FR<\/title>\n<meta name=\"description\" content=\"D\u00e9couvrez la 21e \u00e9dition du Festival des Plages Maroc Telecom : des soir\u00e9es inoubliables \u00e0 M&#039;diq, Al Hoceima,....\" \/>\n<meta name=\"robots\" content=\"index, follow, max-snippet:-1, max-image-preview:large, max-video-preview:-1\" \/>\n<link rel=\"canonical\" href=\"https:\/\/www.mediaplateforme.com\/fr\/maroc-telecom-festival-des-plages\/\" \/>\n<meta property=\"og:locale\" content=\"fr_FR\" \/>\n<meta property=\"og:type\" content=\"article\" \/>\n<meta property=\"og:title\" content=\"21e \u00e9dition du Festival des Plages Maroc Telecom - MEDIA PLATEFORME | FR\" \/>\n<meta property=\"og:description\" content=\"D\u00e9couvrez la 21e \u00e9dition du Festival des Plages Maroc Telecom : des soir\u00e9es inoubliables \u00e0 M&#039;diq, Al Hoceima,....\" \/>\n<meta property=\"og:url\" content=\"https:\/\/www.mediaplateforme.com\/fr\/maroc-telecom-festival-des-plages\/\" \/>\n<meta property=\"og:site_name\" content=\"MEDIA PLATEFORME | FR\" \/>\n<meta property=\"article:published_time\" content=\"2025-08-22T18:01:00+00:00\" \/>\n<meta property=\"article:modified_time\" content=\"2025-08-22T18:01:22+00:00\" \/>\n<meta property=\"og:image\" content=\"https:\/\/www.mediaplateforme.com\/fr\/wp-content\/uploads\/sites\/5\/2025\/08\/WhatsApp-Image-2025-08-22-a-17.05.39_59e8bed7.jpg\" \/>\n\t<meta property=\"og:image:width\" content=\"1512\" \/>\n\t<meta property=\"og:image:height\" content=\"1006\" \/>\n\t<meta property=\"og:image:type\" content=\"image\/jpeg\" \/>\n<meta name=\"author\" content=\"Mediaplateforme\" \/>\n<meta name=\"twitter:card\" content=\"summary_large_image\" \/>\n<meta name=\"twitter:label1\" content=\"\u00c9crit par\" \/>\n\t<meta name=\"twitter:data1\" content=\"Mediaplateforme\" \/>\n\t<meta name=\"twitter:label2\" content=\"Dur\u00e9e de lecture estim\u00e9e\" \/>\n\t<meta name=\"twitter:data2\" content=\"5 minutes\" \/>\n<script type=\"application\/ld+json\" class=\"yoast-schema-graph\">{\"@context\":\"https:\/\/schema.org\",\"@graph\":[{\"@type\":\"WebPage\",\"@id\":\"https:\/\/www.mediaplateforme.com\/fr\/maroc-telecom-festival-des-plages\/\",\"url\":\"https:\/\/www.mediaplateforme.com\/fr\/maroc-telecom-festival-des-plages\/\",\"name\":\"21e \u00e9dition du Festival des Plages Maroc Telecom - MEDIA PLATEFORME | FR\",\"isPartOf\":{\"@id\":\"https:\/\/www.mediaplateforme.com\/fr\/#website\"},\"datePublished\":\"2025-08-22T18:01:00+00:00\",\"dateModified\":\"2025-08-22T18:01:22+00:00\",\"author\":{\"@id\":\"https:\/\/www.mediaplateforme.com\/fr\/#\/schema\/person\/89833db382b5db2c76b094bc902aa12a\"},\"description\":\"D\u00e9couvrez la 21e \u00e9dition du Festival des Plages Maroc Telecom : des soir\u00e9es inoubliables \u00e0 M'diq, Al Hoceima,....\",\"breadcrumb\":{\"@id\":\"https:\/\/www.mediaplateforme.com\/fr\/maroc-telecom-festival-des-plages\/#breadcrumb\"},\"inLanguage\":\"fr-FR\",\"potentialAction\":[{\"@type\":\"ReadAction\",\"target\":[\"https:\/\/www.mediaplateforme.com\/fr\/maroc-telecom-festival-des-plages\/\"]}]},{\"@type\":\"BreadcrumbList\",\"@id\":\"https:\/\/www.mediaplateforme.com\/fr\/maroc-telecom-festival-des-plages\/#breadcrumb\",\"itemListElement\":[{\"@type\":\"ListItem\",\"position\":1,\"name\":\"\u0627\u0644\u0631\u0626\u064a\u0633\u064a\u0629\",\"item\":\"https:\/\/www.mediaplateforme.com\/fr\/\"},{\"@type\":\"ListItem\",\"position\":2,\"name\":\"Festival des Plages Maroc Telecom : Des soir\u00e9es exceptionnelles \u00e0 l\u2019occasion de la F\u00eate de la Jeunesse et de la R\u00e9volution du Roi et du Peuple\"}]},{\"@type\":\"WebSite\",\"@id\":\"https:\/\/www.mediaplateforme.com\/fr\/#website\",\"url\":\"https:\/\/www.mediaplateforme.com\/fr\/\",\"name\":\"MEDIA PLATEFORME | FR\",\"description\":\"Mediaplateforme sp\u00e9cialis\u00e9 dans la communication institutions publiques et des entreprises\",\"potentialAction\":[{\"@type\":\"SearchAction\",\"target\":{\"@type\":\"EntryPoint\",\"urlTemplate\":\"https:\/\/www.mediaplateforme.com\/fr\/?s={search_term_string}\"},\"query-input\":\"required name=search_term_string\"}],\"inLanguage\":\"fr-FR\"},{\"@type\":\"Person\",\"@id\":\"https:\/\/www.mediaplateforme.com\/fr\/#\/schema\/person\/89833db382b5db2c76b094bc902aa12a\",\"name\":\"Mediaplateforme\",\"image\":{\"@type\":\"ImageObject\",\"inLanguage\":\"fr-FR\",\"@id\":\"https:\/\/www.mediaplateforme.com\/fr\/#\/schema\/person\/image\/\",\"url\":\"https:\/\/secure.gravatar.com\/avatar\/6c9c02e8928cc65d54bf75157f7b3a2d06d7ad0494ca0951f679552ff03b34c1?s=96&d=mm&r=g\",\"contentUrl\":\"https:\/\/secure.gravatar.com\/avatar\/6c9c02e8928cc65d54bf75157f7b3a2d06d7ad0494ca0951f679552ff03b34c1?s=96&d=mm&r=g\",\"caption\":\"Mediaplateforme\"},\"sameAs\":[\"https:\/\/www.mediaplateforme.com\"],\"url\":\"https:\/\/www.mediaplateforme.com\/fr\/author\/mohamedladib\/\"}]}<\/script>\n<!-- \/ Yoast SEO plugin. -->","yoast_head_json":{"title":"21e \u00e9dition du Festival des Plages Maroc Telecom - MEDIA PLATEFORME | FR","description":"D\u00e9couvrez la 21e \u00e9dition du Festival des Plages Maroc Telecom : des soir\u00e9es inoubliables \u00e0 M'diq, Al Hoceima,....","robots":{"index":"index","follow":"follow","max-snippet":"max-snippet:-1","max-image-preview":"max-image-preview:large","max-video-preview":"max-video-preview:-1"},"canonical":"https:\/\/www.mediaplateforme.com\/fr\/maroc-telecom-festival-des-plages\/","og_locale":"fr_FR","og_type":"article","og_title":"21e \u00e9dition du Festival des Plages Maroc Telecom - MEDIA PLATEFORME | FR","og_description":"D\u00e9couvrez la 21e \u00e9dition du Festival des Plages Maroc Telecom : des soir\u00e9es inoubliables \u00e0 M'diq, Al Hoceima,....","og_url":"https:\/\/www.mediaplateforme.com\/fr\/maroc-telecom-festival-des-plages\/","og_site_name":"MEDIA PLATEFORME | FR","article_published_time":"2025-08-22T18:01:00+00:00","article_modified_time":"2025-08-22T18:01:22+00:00","og_image":[{"width":1512,"height":1006,"url":"https:\/\/www.mediaplateforme.com\/fr\/wp-content\/uploads\/sites\/5\/2025\/08\/WhatsApp-Image-2025-08-22-a-17.05.39_59e8bed7.jpg","type":"image\/jpeg"}],"author":"Mediaplateforme","twitter_card":"summary_large_image","twitter_misc":{"\u00c9crit par":"Mediaplateforme","Dur\u00e9e de lecture estim\u00e9e":"5 minutes"},"schema":{"@context":"https:\/\/schema.org","@graph":[{"@type":"WebPage","@id":"https:\/\/www.mediaplateforme.com\/fr\/maroc-telecom-festival-des-plages\/","url":"https:\/\/www.mediaplateforme.com\/fr\/maroc-telecom-festival-des-plages\/","name":"21e \u00e9dition du Festival des Plages Maroc Telecom - MEDIA PLATEFORME | FR","isPartOf":{"@id":"https:\/\/www.mediaplateforme.com\/fr\/#website"},"datePublished":"2025-08-22T18:01:00+00:00","dateModified":"2025-08-22T18:01:22+00:00","author":{"@id":"https:\/\/www.mediaplateforme.com\/fr\/#\/schema\/person\/89833db382b5db2c76b094bc902aa12a"},"description":"D\u00e9couvrez la 21e \u00e9dition du Festival des Plages Maroc Telecom : des soir\u00e9es inoubliables \u00e0 M'diq, Al Hoceima,....","breadcrumb":{"@id":"https:\/\/www.mediaplateforme.com\/fr\/maroc-telecom-festival-des-plages\/#breadcrumb"},"inLanguage":"fr-FR","potentialAction":[{"@type":"ReadAction","target":["https:\/\/www.mediaplateforme.com\/fr\/maroc-telecom-festival-des-plages\/"]}]},{"@type":"BreadcrumbList","@id":"https:\/\/www.mediaplateforme.com\/fr\/maroc-telecom-festival-des-plages\/#breadcrumb","itemListElement":[{"@type":"ListItem","position":1,"name":"\u0627\u0644\u0631\u0626\u064a\u0633\u064a\u0629","item":"https:\/\/www.mediaplateforme.com\/fr\/"},{"@type":"ListItem","position":2,"name":"Festival des Plages Maroc Telecom : Des soir\u00e9es exceptionnelles \u00e0 l\u2019occasion de la F\u00eate de la Jeunesse et de la R\u00e9volution du Roi et du Peuple"}]},{"@type":"WebSite","@id":"https:\/\/www.mediaplateforme.com\/fr\/#website","url":"https:\/\/www.mediaplateforme.com\/fr\/","name":"MEDIA PLATEFORME | FR","description":"Mediaplateforme sp\u00e9cialis\u00e9 dans la communication institutions publiques et des entreprises","potentialAction":[{"@type":"SearchAction","target":{"@type":"EntryPoint","urlTemplate":"https:\/\/www.mediaplateforme.com\/fr\/?s={search_term_string}"},"query-input":"required name=search_term_string"}],"inLanguage":"fr-FR"},{"@type":"Person","@id":"https:\/\/www.mediaplateforme.com\/fr\/#\/schema\/person\/89833db382b5db2c76b094bc902aa12a","name":"Mediaplateforme","image":{"@type":"ImageObject","inLanguage":"fr-FR","@id":"https:\/\/www.mediaplateforme.com\/fr\/#\/schema\/person\/image\/","url":"https:\/\/secure.gravatar.com\/avatar\/6c9c02e8928cc65d54bf75157f7b3a2d06d7ad0494ca0951f679552ff03b34c1?s=96&d=mm&r=g","contentUrl":"https:\/\/secure.gravatar.com\/avatar\/6c9c02e8928cc65d54bf75157f7b3a2d06d7ad0494ca0951f679552ff03b34c1?s=96&d=mm&r=g","caption":"Mediaplateforme"},"sameAs":["https:\/\/www.mediaplateforme.com"],"url":"https:\/\/www.mediaplateforme.com\/fr\/author\/mohamedladib\/"}]}},"_links":{"self":[{"href":"https:\/\/www.mediaplateforme.com\/fr\/wp-json\/wp\/v2\/posts\/7438","targetHints":{"allow":["GET"]}}],"collection":[{"href":"https:\/\/www.mediaplateforme.com\/fr\/wp-json\/wp\/v2\/posts"}],"about":[{"href":"https:\/\/www.mediaplateforme.com\/fr\/wp-json\/wp\/v2\/types\/post"}],"author":[{"embeddable":true,"href":"https:\/\/www.mediaplateforme.com\/fr\/wp-json\/wp\/v2\/users\/1"}],"replies":[{"embeddable":true,"href":"https:\/\/www.mediaplateforme.com\/fr\/wp-json\/wp\/v2\/comments?post=7438"}],"version-history":[{"count":1,"href":"https:\/\/www.mediaplateforme.com\/fr\/wp-json\/wp\/v2\/posts\/7438\/revisions"}],"predecessor-version":[{"id":7440,"href":"https:\/\/www.mediaplateforme.com\/fr\/wp-json\/wp\/v2\/posts\/7438\/revisions\/7440"}],"wp:featuredmedia":[{"embeddable":true,"href":"https:\/\/www.mediaplateforme.com\/fr\/wp-json\/wp\/v2\/media\/7439"}],"wp:attachment":[{"href":"https:\/\/www.mediaplateforme.com\/fr\/wp-json\/wp\/v2\/media?parent=7438"}],"wp:term":[{"taxonomy":"category","embeddable":true,"href":"https:\/\/www.mediaplateforme.com\/fr\/wp-json\/wp\/v2\/categories?post=7438"},{"taxonomy":"post_tag","embeddable":true,"href":"https:\/\/www.mediaplateforme.com\/fr\/wp-json\/wp\/v2\/tags?post=7438"}],"curies":[{"name":"wp","href":"https:\/\/api.w.org\/{rel}","templated":true}]}}