{"id":7433,"date":"2025-08-18T21:46:47","date_gmt":"2025-08-18T20:46:47","guid":{"rendered":"https:\/\/www.mediaplateforme.com\/fr\/?p=7433"},"modified":"2025-08-18T21:49:03","modified_gmt":"2025-08-18T20:49:03","slug":"festival-des-plages-maroc-telecom-21e-edition-2025","status":"publish","type":"post","link":"https:\/\/www.mediaplateforme.com\/fr\/festival-des-plages-maroc-telecom-21e-edition-2025\/","title":{"rendered":"Festival des Plages Maroc Telecom \u2013 21e \u00e9dition : des soir\u00e9es grandioses \u00e0 Martil, Nador et Sa\u00efdia"},"content":{"rendered":"<p><!-- ========================================= WordPress One-Block (FR) \u2014 SEO + AEO \u2014 Festival des Plages Maroc Telecom (21e) ========================================== Keyword: Festival des Plages Maroc Telecom SEO Title (\u226460): Festival des Plages Maroc Telecom 2025 : 21e \u00e9dition en f\u00eate Slug: festival-des-plages-maroc-telecom-21e-edition-2025 Meta Description (\u2264160): La 21e \u00e9dition du Festival des Plages Maroc Telecom enflamme Martil, Nador et Sa\u00efdia avec des concerts grandioses et une organisation exemplaire jusqu\u2019au 21 ao\u00fbt. Featured Image: https:\/\/example.com\/images\/festival-plages-maroc-telecom-2025.jpg Canonical: https:\/\/your-site.com\/festival-des-plages-maroc-telecom-21e-edition-2025 --><\/p>\n<p><!-- (Optionnel : \u00e0 placer dans <head> via votre th\u00e8me\/SEO plugin)\n<meta name=\"description\" content=\"La 21e \u00e9dition du Festival des Plages Maroc Telecom enflamme Martil, Nador et Sa\u00efdia avec des concerts grandioses et une organisation exemplaire jusqu\u2019au 21 ao\u00fbt.\">\n<meta property=\"og:type\" content=\"article\">\n<meta property=\"og:title\" content=\"Festival des Plages Maroc Telecom 2025 : 21e \u00e9dition en f\u00eate\">\n<meta property=\"og:description\" content=\"Des soir\u00e9es m\u00e9morables \u00e0 Martil, Nador et Sa\u00efdia : public nombreux, programmation g\u00e9n\u00e9reuse et logistique fluide.\">\n<meta property=\"og:image\" content=\"https:\/\/example.com\/images\/festival-plages-maroc-telecom-2025.jpg\">\n<meta property=\"og:url\" content=\"https:\/\/your-site.com\/festival-des-plages-maroc-telecom-21e-edition-2025\">\n<meta name=\"twitter:card\" content=\"summary_large_image\">\n<meta name=\"twitter:title\" content=\"Festival des Plages Maroc Telecom 2025 : 21e \u00e9dition en f\u00eate\">\n<meta name=\"twitter:description\" content=\"Concerts gratuits, s\u00e9curit\u00e9 renforc\u00e9e et ambiance estivale jusqu\u2019au 21 ao\u00fbt dans 6 villes baln\u00e9aires.\">\n<meta name=\"twitter:image\" content=\"https:\/\/example.com\/images\/festival-plages-maroc-telecom-2025.jpg\">\n \t<link rel=\"canonical\" href=\"https:\/\/your-site.com\/festival-des-plages-maroc-telecom-21e-edition-2025\">\n--><\/p>\n<article class=\"entry-content\"><!-- Featured Snippet \/ Extrait optimis\u00e9 (\u226450 mots) --><\/p>\n<p class=\"snippet\" style=\"border: 1px solid #eee; padding: 12px; border-radius: 10px; margin: 0 0 16px; line-height: 1.8;\"><strong>La 21e \u00e9dition du Festival des Plages Maroc Telecom fait vibrer Martil, Nador et Sa\u00efdia depuis le 15 ao\u00fbt : concerts grandioses, affluence record et organisation exemplaire jusqu\u2019au 21 ao\u00fbt dans six villes baln\u00e9aires.<\/strong><\/p>\n<p>Le Festival des Plages Maroc Telecom poursuit sa <a href=\"https:\/\/www.mediaplateforme.com\/fr\/festival-plages-maroc-telecom-tournee-ete\/\">21e \u00e9dition<\/a> en beaut\u00e9 ! D\u00e8s l\u2019ouverture le 15 ao\u00fbt, les sc\u00e8nes de Martil, Nador et Sa\u00efdia ont rassembl\u00e9 des milliers de festivaliers dans une atmosph\u00e8re festive, chaleureuse et parfaitement organis\u00e9e, confirmant le rendez-vous estival le plus populaire du littoral.<\/p>\n<h2>Martil : modernit\u00e9 &amp; patrimoine sur une m\u00eame sc\u00e8ne<\/h2>\n<p>\u00c0 Martil, le public a chant\u00e9 et dans\u00e9 avec Rajaa &amp; Omar Belmir, Moughit et les l\u00e9gendaires Nass El Ghiwan. Une programmation qui marie la <em>pop<\/em> marocaine actuelle \u00e0 un patrimoine musical fondateur, pour des soir\u00e9es o\u00f9 modernit\u00e9 et h\u00e9ritage se r\u00e9pondent.<\/p>\n<h2>Sa\u00efdia : \u00e9nergie contagieuse et grandes voix<\/h2>\n<p>\u00c0 Sa\u00efdia, les estivants ont go\u00fbt\u00e9 \u00e0 l\u2019\u00e9nergie de Tarek 5 Stars, \u00e0 l\u2019intensit\u00e9 sc\u00e9nique de Fnaire et \u00e0 la voix singuli\u00e8re de Salim Cravata, offrant une soir\u00e9e rythm\u00e9e et riche en \u00e9motions.<\/p>\n<h2>Nador : une sc\u00e8ne interg\u00e9n\u00e9rationnelle<\/h2>\n<p>\u00c0 Nador, Farid Ghannam, Said Senhaji et Zakaria Ghafouli ont fait vibrer toutes les g\u00e9n\u00e9rations, transformant le front de mer en v\u00e9ritable <em>dancefloor<\/em> \u00e0 ciel ouvert.<\/p>\n<h2>Un succ\u00e8s populaire port\u00e9 par une organisation exemplaire<\/h2>\n<p>Affluences fortes chaque soir, s\u00e9curit\u00e9, fluidit\u00e9 des acc\u00e8s et confort des estivants : l\u2019\u00e9dition 2025 confirme le succ\u00e8s populaire du festival gr\u00e2ce \u00e0 une production rigoureuse et une gestion optimis\u00e9e des flux, permettant \u00e0 chacun de profiter pleinement de l\u2019exp\u00e9rience.<\/p>\n<h2>Cap sur la suite du programme<\/h2>\n<p>La 21e \u00e9dition se poursuit jusqu\u2019au 21 ao\u00fbt dans six villes baln\u00e9aires, promettant encore des moments de partage, de musique et de convivialit\u00e9 qui feront battre le c\u0153ur de l\u2019\u00e9t\u00e9 marocain.<\/p>\n<h3 data-start=\"2832\" data-end=\"2879\">\u00a0 FAQ \u2013 Festival des Plages Maroc Telecom<\/h3>\n<p data-start=\"2880\" data-end=\"2972\"><strong data-start=\"2880\" data-end=\"2943\">1. Quand se d\u00e9roule la 21e \u00e9dition du Festival des Plages ?<\/strong><br data-start=\"2943\" data-end=\"2946\" \/>\u00a0 Du 15 au 21 ao\u00fbt 2025.<\/p>\n<p data-start=\"2974\" data-end=\"3095\"><strong data-start=\"2974\" data-end=\"3022\">2. Quelles villes accueillent les concerts ?<\/strong><br data-start=\"3022\" data-end=\"3025\" \/>\u00a0 Martil, Nador, Sa\u00efdia, ainsi que trois autres stations baln\u00e9aires.<\/p>\n<p data-start=\"3097\" data-end=\"3196\"><strong data-start=\"3097\" data-end=\"3141\">3. L\u2019acc\u00e8s aux concerts est-il gratuit ?<\/strong><br data-start=\"3141\" data-end=\"3144\" \/>\u00a0 Oui, l\u2019\u00e9v\u00e9nement est ouvert \u00e0 tous gratuitement.<\/p>\n<p data-start=\"3198\" data-end=\"3351\"><strong data-start=\"3198\" data-end=\"3250\">4. Quels artistes se sont produits cette ann\u00e9e ?<\/strong><br data-start=\"3250\" data-end=\"3253\" \/>\u00a0Nass El Ghiwan, Fnaire, Rajaa &amp; Omar Belmir, Farid Ghannam, Zakaria Ghafouli et bien d\u2019autres.<\/p>\n<\/article>\n","protected":false},"excerpt":{"rendered":"<p>La 21e \u00e9dition du Festival des Plages Maroc Telecom fait vibrer Martil, Nador et Sa\u00efdia<\/p>\n","protected":false},"author":1,"featured_media":7434,"comment_status":"open","ping_status":"open","sticky":false,"template":"","format":"standard","meta":{"_acf_changed":false,"footnotes":""},"categories":[3,1643],"tags":[3935,3894,3817,3938,3924,3931,3933,3926,3936,57,3934,3932,3937,2051],"class_list":["post-7433","post","type-post","status-publish","format-standard","has-post-thumbnail","hentry","category-nouvelles-selectionnees","category-tourisme","tag-concerts-ete-maroc","tag-concerts-gratuits","tag-ete-2025","tag-evenements-culturels-maroc","tag-festival-des-plages-maroc-telecom","tag-festivals-maroc","tag-fnaire","tag-martil","tag-musique-au-maroc-2025","tag-nador","tag-nass-el-ghiwan","tag-rajaa-omar-belmir","tag-rajaa-et-omar-belmir","tag-saidia"],"acf":[],"yoast_head":"<!-- This site is optimized with the Yoast SEO plugin v22.0 - https:\/\/yoast.com\/wordpress\/plugins\/seo\/ -->\n<title>Festival des Plages Maroc Telecom 2025 : 21e \u00e9dition en f\u00eate - MEDIA PLATEFORME | FR<\/title>\n<meta name=\"description\" content=\"La 21e \u00e9dition du Festival des Plages Maroc Telecom enflamme Martil, Nador et Sa\u00efdia avec des concerts grandioses jusqu\u2019au 21 ao\u00fbt\" \/>\n<meta name=\"robots\" content=\"index, follow, max-snippet:-1, max-image-preview:large, max-video-preview:-1\" \/>\n<link rel=\"canonical\" href=\"https:\/\/www.mediaplateforme.com\/fr\/festival-des-plages-maroc-telecom-21e-edition-2025\/\" \/>\n<meta property=\"og:locale\" content=\"fr_FR\" \/>\n<meta property=\"og:type\" content=\"article\" \/>\n<meta property=\"og:title\" content=\"Festival des Plages Maroc Telecom 2025 : 21e \u00e9dition en f\u00eate - MEDIA PLATEFORME | FR\" \/>\n<meta property=\"og:description\" content=\"La 21e \u00e9dition du Festival des Plages Maroc Telecom enflamme Martil, Nador et Sa\u00efdia avec des concerts grandioses jusqu\u2019au 21 ao\u00fbt\" \/>\n<meta property=\"og:url\" content=\"https:\/\/www.mediaplateforme.com\/fr\/festival-des-plages-maroc-telecom-21e-edition-2025\/\" \/>\n<meta property=\"og:site_name\" content=\"MEDIA PLATEFORME | FR\" \/>\n<meta property=\"article:published_time\" content=\"2025-08-18T20:46:47+00:00\" \/>\n<meta property=\"article:modified_time\" content=\"2025-08-18T20:49:03+00:00\" \/>\n<meta property=\"og:image\" content=\"https:\/\/www.mediaplateforme.com\/fr\/wp-content\/uploads\/sites\/5\/2025\/08\/WhatsApp-Image-2025.jpg\" \/>\n\t<meta property=\"og:image:width\" content=\"1500\" \/>\n\t<meta property=\"og:image:height\" content=\"1000\" \/>\n\t<meta property=\"og:image:type\" content=\"image\/jpeg\" \/>\n<meta name=\"author\" content=\"Mediaplateforme\" \/>\n<meta name=\"twitter:card\" content=\"summary_large_image\" \/>\n<meta name=\"twitter:label1\" content=\"\u00c9crit par\" \/>\n\t<meta name=\"twitter:data1\" content=\"Mediaplateforme\" \/>\n\t<meta name=\"twitter:label2\" content=\"Dur\u00e9e de lecture estim\u00e9e\" \/>\n\t<meta name=\"twitter:data2\" content=\"3 minutes\" \/>\n<script type=\"application\/ld+json\" class=\"yoast-schema-graph\">{\"@context\":\"https:\/\/schema.org\",\"@graph\":[{\"@type\":\"WebPage\",\"@id\":\"https:\/\/www.mediaplateforme.com\/fr\/festival-des-plages-maroc-telecom-21e-edition-2025\/\",\"url\":\"https:\/\/www.mediaplateforme.com\/fr\/festival-des-plages-maroc-telecom-21e-edition-2025\/\",\"name\":\"Festival des Plages Maroc Telecom 2025 : 21e \u00e9dition en f\u00eate - MEDIA PLATEFORME | FR\",\"isPartOf\":{\"@id\":\"https:\/\/www.mediaplateforme.com\/fr\/#website\"},\"datePublished\":\"2025-08-18T20:46:47+00:00\",\"dateModified\":\"2025-08-18T20:49:03+00:00\",\"author\":{\"@id\":\"https:\/\/www.mediaplateforme.com\/fr\/#\/schema\/person\/89833db382b5db2c76b094bc902aa12a\"},\"description\":\"La 21e \u00e9dition du Festival des Plages Maroc Telecom enflamme Martil, Nador et Sa\u00efdia avec des concerts grandioses jusqu\u2019au 21 ao\u00fbt\",\"breadcrumb\":{\"@id\":\"https:\/\/www.mediaplateforme.com\/fr\/festival-des-plages-maroc-telecom-21e-edition-2025\/#breadcrumb\"},\"inLanguage\":\"fr-FR\",\"potentialAction\":[{\"@type\":\"ReadAction\",\"target\":[\"https:\/\/www.mediaplateforme.com\/fr\/festival-des-plages-maroc-telecom-21e-edition-2025\/\"]}]},{\"@type\":\"BreadcrumbList\",\"@id\":\"https:\/\/www.mediaplateforme.com\/fr\/festival-des-plages-maroc-telecom-21e-edition-2025\/#breadcrumb\",\"itemListElement\":[{\"@type\":\"ListItem\",\"position\":1,\"name\":\"\u0627\u0644\u0631\u0626\u064a\u0633\u064a\u0629\",\"item\":\"https:\/\/www.mediaplateforme.com\/fr\/\"},{\"@type\":\"ListItem\",\"position\":2,\"name\":\"Festival des Plages Maroc Telecom \u2013 21e \u00e9dition : des soir\u00e9es grandioses \u00e0 Martil, Nador et Sa\u00efdia\"}]},{\"@type\":\"WebSite\",\"@id\":\"https:\/\/www.mediaplateforme.com\/fr\/#website\",\"url\":\"https:\/\/www.mediaplateforme.com\/fr\/\",\"name\":\"MEDIA PLATEFORME | FR\",\"description\":\"Mediaplateforme sp\u00e9cialis\u00e9 dans la communication institutions publiques et des entreprises\",\"potentialAction\":[{\"@type\":\"SearchAction\",\"target\":{\"@type\":\"EntryPoint\",\"urlTemplate\":\"https:\/\/www.mediaplateforme.com\/fr\/?s={search_term_string}\"},\"query-input\":\"required name=search_term_string\"}],\"inLanguage\":\"fr-FR\"},{\"@type\":\"Person\",\"@id\":\"https:\/\/www.mediaplateforme.com\/fr\/#\/schema\/person\/89833db382b5db2c76b094bc902aa12a\",\"name\":\"Mediaplateforme\",\"image\":{\"@type\":\"ImageObject\",\"inLanguage\":\"fr-FR\",\"@id\":\"https:\/\/www.mediaplateforme.com\/fr\/#\/schema\/person\/image\/\",\"url\":\"https:\/\/secure.gravatar.com\/avatar\/6c9c02e8928cc65d54bf75157f7b3a2d06d7ad0494ca0951f679552ff03b34c1?s=96&d=mm&r=g\",\"contentUrl\":\"https:\/\/secure.gravatar.com\/avatar\/6c9c02e8928cc65d54bf75157f7b3a2d06d7ad0494ca0951f679552ff03b34c1?s=96&d=mm&r=g\",\"caption\":\"Mediaplateforme\"},\"sameAs\":[\"https:\/\/www.mediaplateforme.com\"],\"url\":\"https:\/\/www.mediaplateforme.com\/fr\/author\/mohamedladib\/\"}]}<\/script>\n<!-- \/ Yoast SEO plugin. -->","yoast_head_json":{"title":"Festival des Plages Maroc Telecom 2025 : 21e \u00e9dition en f\u00eate - MEDIA PLATEFORME | FR","description":"La 21e \u00e9dition du Festival des Plages Maroc Telecom enflamme Martil, Nador et Sa\u00efdia avec des concerts grandioses jusqu\u2019au 21 ao\u00fbt","robots":{"index":"index","follow":"follow","max-snippet":"max-snippet:-1","max-image-preview":"max-image-preview:large","max-video-preview":"max-video-preview:-1"},"canonical":"https:\/\/www.mediaplateforme.com\/fr\/festival-des-plages-maroc-telecom-21e-edition-2025\/","og_locale":"fr_FR","og_type":"article","og_title":"Festival des Plages Maroc Telecom 2025 : 21e \u00e9dition en f\u00eate - MEDIA PLATEFORME | FR","og_description":"La 21e \u00e9dition du Festival des Plages Maroc Telecom enflamme Martil, Nador et Sa\u00efdia avec des concerts grandioses jusqu\u2019au 21 ao\u00fbt","og_url":"https:\/\/www.mediaplateforme.com\/fr\/festival-des-plages-maroc-telecom-21e-edition-2025\/","og_site_name":"MEDIA PLATEFORME | FR","article_published_time":"2025-08-18T20:46:47+00:00","article_modified_time":"2025-08-18T20:49:03+00:00","og_image":[{"width":1500,"height":1000,"url":"https:\/\/www.mediaplateforme.com\/fr\/wp-content\/uploads\/sites\/5\/2025\/08\/WhatsApp-Image-2025.jpg","type":"image\/jpeg"}],"author":"Mediaplateforme","twitter_card":"summary_large_image","twitter_misc":{"\u00c9crit par":"Mediaplateforme","Dur\u00e9e de lecture estim\u00e9e":"3 minutes"},"schema":{"@context":"https:\/\/schema.org","@graph":[{"@type":"WebPage","@id":"https:\/\/www.mediaplateforme.com\/fr\/festival-des-plages-maroc-telecom-21e-edition-2025\/","url":"https:\/\/www.mediaplateforme.com\/fr\/festival-des-plages-maroc-telecom-21e-edition-2025\/","name":"Festival des Plages Maroc Telecom 2025 : 21e \u00e9dition en f\u00eate - MEDIA PLATEFORME | FR","isPartOf":{"@id":"https:\/\/www.mediaplateforme.com\/fr\/#website"},"datePublished":"2025-08-18T20:46:47+00:00","dateModified":"2025-08-18T20:49:03+00:00","author":{"@id":"https:\/\/www.mediaplateforme.com\/fr\/#\/schema\/person\/89833db382b5db2c76b094bc902aa12a"},"description":"La 21e \u00e9dition du Festival des Plages Maroc Telecom enflamme Martil, Nador et Sa\u00efdia avec des concerts grandioses jusqu\u2019au 21 ao\u00fbt","breadcrumb":{"@id":"https:\/\/www.mediaplateforme.com\/fr\/festival-des-plages-maroc-telecom-21e-edition-2025\/#breadcrumb"},"inLanguage":"fr-FR","potentialAction":[{"@type":"ReadAction","target":["https:\/\/www.mediaplateforme.com\/fr\/festival-des-plages-maroc-telecom-21e-edition-2025\/"]}]},{"@type":"BreadcrumbList","@id":"https:\/\/www.mediaplateforme.com\/fr\/festival-des-plages-maroc-telecom-21e-edition-2025\/#breadcrumb","itemListElement":[{"@type":"ListItem","position":1,"name":"\u0627\u0644\u0631\u0626\u064a\u0633\u064a\u0629","item":"https:\/\/www.mediaplateforme.com\/fr\/"},{"@type":"ListItem","position":2,"name":"Festival des Plages Maroc Telecom \u2013 21e \u00e9dition : des soir\u00e9es grandioses \u00e0 Martil, Nador et Sa\u00efdia"}]},{"@type":"WebSite","@id":"https:\/\/www.mediaplateforme.com\/fr\/#website","url":"https:\/\/www.mediaplateforme.com\/fr\/","name":"MEDIA PLATEFORME | FR","description":"Mediaplateforme sp\u00e9cialis\u00e9 dans la communication institutions publiques et des entreprises","potentialAction":[{"@type":"SearchAction","target":{"@type":"EntryPoint","urlTemplate":"https:\/\/www.mediaplateforme.com\/fr\/?s={search_term_string}"},"query-input":"required name=search_term_string"}],"inLanguage":"fr-FR"},{"@type":"Person","@id":"https:\/\/www.mediaplateforme.com\/fr\/#\/schema\/person\/89833db382b5db2c76b094bc902aa12a","name":"Mediaplateforme","image":{"@type":"ImageObject","inLanguage":"fr-FR","@id":"https:\/\/www.mediaplateforme.com\/fr\/#\/schema\/person\/image\/","url":"https:\/\/secure.gravatar.com\/avatar\/6c9c02e8928cc65d54bf75157f7b3a2d06d7ad0494ca0951f679552ff03b34c1?s=96&d=mm&r=g","contentUrl":"https:\/\/secure.gravatar.com\/avatar\/6c9c02e8928cc65d54bf75157f7b3a2d06d7ad0494ca0951f679552ff03b34c1?s=96&d=mm&r=g","caption":"Mediaplateforme"},"sameAs":["https:\/\/www.mediaplateforme.com"],"url":"https:\/\/www.mediaplateforme.com\/fr\/author\/mohamedladib\/"}]}},"_links":{"self":[{"href":"https:\/\/www.mediaplateforme.com\/fr\/wp-json\/wp\/v2\/posts\/7433","targetHints":{"allow":["GET"]}}],"collection":[{"href":"https:\/\/www.mediaplateforme.com\/fr\/wp-json\/wp\/v2\/posts"}],"about":[{"href":"https:\/\/www.mediaplateforme.com\/fr\/wp-json\/wp\/v2\/types\/post"}],"author":[{"embeddable":true,"href":"https:\/\/www.mediaplateforme.com\/fr\/wp-json\/wp\/v2\/users\/1"}],"replies":[{"embeddable":true,"href":"https:\/\/www.mediaplateforme.com\/fr\/wp-json\/wp\/v2\/comments?post=7433"}],"version-history":[{"count":3,"href":"https:\/\/www.mediaplateforme.com\/fr\/wp-json\/wp\/v2\/posts\/7433\/revisions"}],"predecessor-version":[{"id":7437,"href":"https:\/\/www.mediaplateforme.com\/fr\/wp-json\/wp\/v2\/posts\/7433\/revisions\/7437"}],"wp:featuredmedia":[{"embeddable":true,"href":"https:\/\/www.mediaplateforme.com\/fr\/wp-json\/wp\/v2\/media\/7434"}],"wp:attachment":[{"href":"https:\/\/www.mediaplateforme.com\/fr\/wp-json\/wp\/v2\/media?parent=7433"}],"wp:term":[{"taxonomy":"category","embeddable":true,"href":"https:\/\/www.mediaplateforme.com\/fr\/wp-json\/wp\/v2\/categories?post=7433"},{"taxonomy":"post_tag","embeddable":true,"href":"https:\/\/www.mediaplateforme.com\/fr\/wp-json\/wp\/v2\/tags?post=7433"}],"curies":[{"name":"wp","href":"https:\/\/api.w.org\/{rel}","templated":true}]}}