{"id":7422,"date":"2025-08-12T12:26:10","date_gmt":"2025-08-12T11:26:10","guid":{"rendered":"https:\/\/www.mediaplateforme.com\/fr\/?p=7422"},"modified":"2025-08-12T12:26:21","modified_gmt":"2025-08-12T11:26:21","slug":"festival-plages-maroc-telecom-tournee-ete","status":"publish","type":"post","link":"https:\/\/www.mediaplateforme.com\/fr\/festival-plages-maroc-telecom-tournee-ete\/","title":{"rendered":"Festival des Plages Maroc Telecom : records, ambiance familiale et nouvelles sc\u00e8nes \u00e0 Martil, Sa\u00efdia et Nador"},"content":{"rendered":"<p><!-- Focus Keyword: Festival des Plages Maroc Telecom SEO Title: Festival des Plages Maroc Telecom bat des records et arrive \u00e0 Martil, Sa\u00efdia et Nador Meta Description: Le Festival des Plages Maroc Telecom encha\u00eene les shows, bat un record d\u2019affluence et ouvre bient\u00f4t des sc\u00e8nes \u00e0 Martil, Sa\u00efdia et Nador. Programme et dates. URL Slug: festival-plages-maroc-telecom-tournee-ete Tags: Festival des Plages Maroc Telecom, concerts gratuits, \u00e9t\u00e9 Maroc, Martil, Sa\u00efdia, Nador, M\u2019diq, Al Hoceima, Tanger, musique marocaine --><\/p>\n<p><strong>\u00a0Le Festival des Plages Maroc Telecom poursuit sa tourn\u00e9e estivale et confirme son statut d\u2019incontournable des vacances. Ce week-end, les plages de M\u2019diq, Al Hoceima et Tanger ont vibr\u00e9 au rythme d\u2019artistes embl\u00e9matiques, offrant des soir\u00e9es gratuites et chaleureuses o\u00f9 familles, amis et vacanciers se sont retrouv\u00e9s.<\/strong><\/p>\n<h2>Un record d\u2019affluence et des soir\u00e9es inoubliables<\/h2>\n<p>Point d\u2019orgue du week-end : le concert de Daoudi, star du Cha\u00e2bi, qui a r\u00e9uni 250\u00a0000 festivaliers \u2014 un record pour cette \u00e9dition. Le public, toujours plus nombreux, a partag\u00e9 des moments m\u00e9morables avec Mocci, H-Kayn, Mehdi Fadili, Sa\u00efd Senhaji et bien d\u2019autres, dans une ambiance interg\u00e9n\u00e9rationnelle c\u00e9l\u00e9brant la richesse de la musique marocaine.<\/p>\n<h2>Cap sur Martil, Sa\u00efdia et Nador d\u00e8s le 15 ao\u00fbt<\/h2>\n<p>La <a href=\"https:\/\/www.mediaplateforme.com\/fr\/fete-du-trone-maroc-telecom\/\">tourn\u00e9e<\/a> se poursuit et promet de nouvelles nuits \u00e9toil\u00e9es, gratuites et ouvertes \u00e0 tous. \u00c0 partir du 15 ao\u00fbt, place aux sc\u00e8nes de Martil, Sa\u00efdia et Nador, pour prolonger la f\u00eate tout au long de l\u2019\u00e9t\u00e9.<\/p>\n<h3>Les prochaines dates \u00e0 retenir (jusqu\u2019au 19 ao\u00fbt)<\/h3>\n<ul>\n<li><strong>M\u2019diq<\/strong> \u2014 Abdelali Anouar (11\/08), Madd (12\/08), Walid Rahmani (13\/08), Salma Rachid (14\/08), L7OR (15\/08), Hatim Ammor (16\/08), Mehdi Fadili (17\/08), Ihab Amir (18\/08), Badr Ouabi (19\/08).<\/li>\n<li><strong>Al Hoceima<\/strong> \u2014 Stati (14\/08), Issam Kamal (15\/08), Cheba Maria (17\/08).<\/li>\n<li><strong>Tanger<\/strong> \u2014 Muslim (14\/08).<\/li>\n<\/ul>\n<h2>Un rendez-vous populaire, gratuit et f\u00e9d\u00e9rateur<\/h2>\n<p>Le Festival des Plages Maroc Telecom, c\u2019est la musique en acc\u00e8s libre, des shows festifs et l\u2019assurance de repartir avec des souvenirs plein la t\u00eate. Entre performances sc\u00e9niques, rencontres conviviales et atmosph\u00e8re baln\u00e9aire, l\u2019\u00e9v\u00e9nement dynamise les villes c\u00f4ti\u00e8res et r\u00e9unit toutes les g\u00e9n\u00e9rations.<\/p>\n","protected":false},"excerpt":{"rendered":"<p>\u00a0Le Festival des Plages Maroc Telecom poursuit sa tourn\u00e9e estivale et confirme son statut d\u2019incontournable<\/p>\n","protected":false},"author":1,"featured_media":7423,"comment_status":"open","ping_status":"open","sticky":false,"template":"","format":"standard","meta":{"_acf_changed":false,"footnotes":""},"categories":[3,1643],"tags":[1112,3894,3925,3924,3856,3926,3927,57,2051,1099],"class_list":["post-7422","post","type-post","status-publish","format-standard","has-post-thumbnail","hentry","category-nouvelles-selectionnees","category-tourisme","tag-al-hoceima","tag-concerts-gratuits","tag-ete-maroc","tag-festival-des-plages-maroc-telecom","tag-mdiq","tag-martil","tag-musique-marocaine","tag-nador","tag-saidia","tag-tanger"],"acf":[],"yoast_head":"<!-- This site is optimized with the Yoast SEO plugin v22.0 - https:\/\/yoast.com\/wordpress\/plugins\/seo\/ -->\n<title>Festival des Plages Maroc Telecom arrive \u00e0 Martil, Sa\u00efdia et Nador - MEDIA PLATEFORME | FR<\/title>\n<meta name=\"description\" content=\"Le Festival des Plages Maroc Telecom encha\u00eene les shows, bat un record d\u2019affluence et ouvre bient\u00f4t des sc\u00e8nes \u00e0 Martil, Sa\u00efdia et Nador.\" \/>\n<meta name=\"robots\" content=\"index, follow, max-snippet:-1, max-image-preview:large, max-video-preview:-1\" \/>\n<link rel=\"canonical\" href=\"https:\/\/www.mediaplateforme.com\/fr\/festival-plages-maroc-telecom-tournee-ete\/\" \/>\n<meta property=\"og:locale\" content=\"fr_FR\" \/>\n<meta property=\"og:type\" content=\"article\" \/>\n<meta property=\"og:title\" content=\"Festival des Plages Maroc Telecom arrive \u00e0 Martil, Sa\u00efdia et Nador - MEDIA PLATEFORME | FR\" \/>\n<meta property=\"og:description\" content=\"Le Festival des Plages Maroc Telecom encha\u00eene les shows, bat un record d\u2019affluence et ouvre bient\u00f4t des sc\u00e8nes \u00e0 Martil, Sa\u00efdia et Nador.\" \/>\n<meta property=\"og:url\" content=\"https:\/\/www.mediaplateforme.com\/fr\/festival-plages-maroc-telecom-tournee-ete\/\" \/>\n<meta property=\"og:site_name\" content=\"MEDIA PLATEFORME | FR\" \/>\n<meta property=\"article:published_time\" content=\"2025-08-12T11:26:10+00:00\" \/>\n<meta property=\"article:modified_time\" content=\"2025-08-12T11:26:21+00:00\" \/>\n<meta property=\"og:image\" content=\"https:\/\/www.mediaplateforme.com\/fr\/wp-content\/uploads\/sites\/5\/2025\/08\/WhatsApp-Image-2025-08-11-a-12.41.29_3c420085.jpg\" \/>\n\t<meta property=\"og:image:width\" content=\"1473\" \/>\n\t<meta property=\"og:image:height\" content=\"982\" \/>\n\t<meta property=\"og:image:type\" content=\"image\/jpeg\" \/>\n<meta name=\"author\" content=\"Mediaplateforme\" \/>\n<meta name=\"twitter:card\" content=\"summary_large_image\" \/>\n<meta name=\"twitter:label1\" content=\"\u00c9crit par\" \/>\n\t<meta name=\"twitter:data1\" content=\"Mediaplateforme\" \/>\n\t<meta name=\"twitter:label2\" content=\"Dur\u00e9e de lecture estim\u00e9e\" \/>\n\t<meta name=\"twitter:data2\" content=\"2 minutes\" \/>\n<script type=\"application\/ld+json\" class=\"yoast-schema-graph\">{\"@context\":\"https:\/\/schema.org\",\"@graph\":[{\"@type\":\"WebPage\",\"@id\":\"https:\/\/www.mediaplateforme.com\/fr\/festival-plages-maroc-telecom-tournee-ete\/\",\"url\":\"https:\/\/www.mediaplateforme.com\/fr\/festival-plages-maroc-telecom-tournee-ete\/\",\"name\":\"Festival des Plages Maroc Telecom arrive \u00e0 Martil, Sa\u00efdia et Nador - MEDIA PLATEFORME | FR\",\"isPartOf\":{\"@id\":\"https:\/\/www.mediaplateforme.com\/fr\/#website\"},\"datePublished\":\"2025-08-12T11:26:10+00:00\",\"dateModified\":\"2025-08-12T11:26:21+00:00\",\"author\":{\"@id\":\"https:\/\/www.mediaplateforme.com\/fr\/#\/schema\/person\/89833db382b5db2c76b094bc902aa12a\"},\"description\":\"Le Festival des Plages Maroc Telecom encha\u00eene les shows, bat un record d\u2019affluence et ouvre bient\u00f4t des sc\u00e8nes \u00e0 Martil, Sa\u00efdia et Nador.\",\"breadcrumb\":{\"@id\":\"https:\/\/www.mediaplateforme.com\/fr\/festival-plages-maroc-telecom-tournee-ete\/#breadcrumb\"},\"inLanguage\":\"fr-FR\",\"potentialAction\":[{\"@type\":\"ReadAction\",\"target\":[\"https:\/\/www.mediaplateforme.com\/fr\/festival-plages-maroc-telecom-tournee-ete\/\"]}]},{\"@type\":\"BreadcrumbList\",\"@id\":\"https:\/\/www.mediaplateforme.com\/fr\/festival-plages-maroc-telecom-tournee-ete\/#breadcrumb\",\"itemListElement\":[{\"@type\":\"ListItem\",\"position\":1,\"name\":\"\u0627\u0644\u0631\u0626\u064a\u0633\u064a\u0629\",\"item\":\"https:\/\/www.mediaplateforme.com\/fr\/\"},{\"@type\":\"ListItem\",\"position\":2,\"name\":\"Festival des Plages Maroc Telecom : records, ambiance familiale et nouvelles sc\u00e8nes \u00e0 Martil, Sa\u00efdia et Nador\"}]},{\"@type\":\"WebSite\",\"@id\":\"https:\/\/www.mediaplateforme.com\/fr\/#website\",\"url\":\"https:\/\/www.mediaplateforme.com\/fr\/\",\"name\":\"MEDIA PLATEFORME | FR\",\"description\":\"Mediaplateforme sp\u00e9cialis\u00e9 dans la communication institutions publiques et des entreprises\",\"potentialAction\":[{\"@type\":\"SearchAction\",\"target\":{\"@type\":\"EntryPoint\",\"urlTemplate\":\"https:\/\/www.mediaplateforme.com\/fr\/?s={search_term_string}\"},\"query-input\":\"required name=search_term_string\"}],\"inLanguage\":\"fr-FR\"},{\"@type\":\"Person\",\"@id\":\"https:\/\/www.mediaplateforme.com\/fr\/#\/schema\/person\/89833db382b5db2c76b094bc902aa12a\",\"name\":\"Mediaplateforme\",\"image\":{\"@type\":\"ImageObject\",\"inLanguage\":\"fr-FR\",\"@id\":\"https:\/\/www.mediaplateforme.com\/fr\/#\/schema\/person\/image\/\",\"url\":\"https:\/\/secure.gravatar.com\/avatar\/6c9c02e8928cc65d54bf75157f7b3a2d06d7ad0494ca0951f679552ff03b34c1?s=96&d=mm&r=g\",\"contentUrl\":\"https:\/\/secure.gravatar.com\/avatar\/6c9c02e8928cc65d54bf75157f7b3a2d06d7ad0494ca0951f679552ff03b34c1?s=96&d=mm&r=g\",\"caption\":\"Mediaplateforme\"},\"sameAs\":[\"https:\/\/www.mediaplateforme.com\"],\"url\":\"https:\/\/www.mediaplateforme.com\/fr\/author\/mohamedladib\/\"}]}<\/script>\n<!-- \/ Yoast SEO plugin. -->","yoast_head_json":{"title":"Festival des Plages Maroc Telecom arrive \u00e0 Martil, Sa\u00efdia et Nador - MEDIA PLATEFORME | FR","description":"Le Festival des Plages Maroc Telecom encha\u00eene les shows, bat un record d\u2019affluence et ouvre bient\u00f4t des sc\u00e8nes \u00e0 Martil, Sa\u00efdia et Nador.","robots":{"index":"index","follow":"follow","max-snippet":"max-snippet:-1","max-image-preview":"max-image-preview:large","max-video-preview":"max-video-preview:-1"},"canonical":"https:\/\/www.mediaplateforme.com\/fr\/festival-plages-maroc-telecom-tournee-ete\/","og_locale":"fr_FR","og_type":"article","og_title":"Festival des Plages Maroc Telecom arrive \u00e0 Martil, Sa\u00efdia et Nador - MEDIA PLATEFORME | FR","og_description":"Le Festival des Plages Maroc Telecom encha\u00eene les shows, bat un record d\u2019affluence et ouvre bient\u00f4t des sc\u00e8nes \u00e0 Martil, Sa\u00efdia et Nador.","og_url":"https:\/\/www.mediaplateforme.com\/fr\/festival-plages-maroc-telecom-tournee-ete\/","og_site_name":"MEDIA PLATEFORME | FR","article_published_time":"2025-08-12T11:26:10+00:00","article_modified_time":"2025-08-12T11:26:21+00:00","og_image":[{"width":1473,"height":982,"url":"https:\/\/www.mediaplateforme.com\/fr\/wp-content\/uploads\/sites\/5\/2025\/08\/WhatsApp-Image-2025-08-11-a-12.41.29_3c420085.jpg","type":"image\/jpeg"}],"author":"Mediaplateforme","twitter_card":"summary_large_image","twitter_misc":{"\u00c9crit par":"Mediaplateforme","Dur\u00e9e de lecture estim\u00e9e":"2 minutes"},"schema":{"@context":"https:\/\/schema.org","@graph":[{"@type":"WebPage","@id":"https:\/\/www.mediaplateforme.com\/fr\/festival-plages-maroc-telecom-tournee-ete\/","url":"https:\/\/www.mediaplateforme.com\/fr\/festival-plages-maroc-telecom-tournee-ete\/","name":"Festival des Plages Maroc Telecom arrive \u00e0 Martil, Sa\u00efdia et Nador - MEDIA PLATEFORME | FR","isPartOf":{"@id":"https:\/\/www.mediaplateforme.com\/fr\/#website"},"datePublished":"2025-08-12T11:26:10+00:00","dateModified":"2025-08-12T11:26:21+00:00","author":{"@id":"https:\/\/www.mediaplateforme.com\/fr\/#\/schema\/person\/89833db382b5db2c76b094bc902aa12a"},"description":"Le Festival des Plages Maroc Telecom encha\u00eene les shows, bat un record d\u2019affluence et ouvre bient\u00f4t des sc\u00e8nes \u00e0 Martil, Sa\u00efdia et Nador.","breadcrumb":{"@id":"https:\/\/www.mediaplateforme.com\/fr\/festival-plages-maroc-telecom-tournee-ete\/#breadcrumb"},"inLanguage":"fr-FR","potentialAction":[{"@type":"ReadAction","target":["https:\/\/www.mediaplateforme.com\/fr\/festival-plages-maroc-telecom-tournee-ete\/"]}]},{"@type":"BreadcrumbList","@id":"https:\/\/www.mediaplateforme.com\/fr\/festival-plages-maroc-telecom-tournee-ete\/#breadcrumb","itemListElement":[{"@type":"ListItem","position":1,"name":"\u0627\u0644\u0631\u0626\u064a\u0633\u064a\u0629","item":"https:\/\/www.mediaplateforme.com\/fr\/"},{"@type":"ListItem","position":2,"name":"Festival des Plages Maroc Telecom : records, ambiance familiale et nouvelles sc\u00e8nes \u00e0 Martil, Sa\u00efdia et Nador"}]},{"@type":"WebSite","@id":"https:\/\/www.mediaplateforme.com\/fr\/#website","url":"https:\/\/www.mediaplateforme.com\/fr\/","name":"MEDIA PLATEFORME | FR","description":"Mediaplateforme sp\u00e9cialis\u00e9 dans la communication institutions publiques et des entreprises","potentialAction":[{"@type":"SearchAction","target":{"@type":"EntryPoint","urlTemplate":"https:\/\/www.mediaplateforme.com\/fr\/?s={search_term_string}"},"query-input":"required name=search_term_string"}],"inLanguage":"fr-FR"},{"@type":"Person","@id":"https:\/\/www.mediaplateforme.com\/fr\/#\/schema\/person\/89833db382b5db2c76b094bc902aa12a","name":"Mediaplateforme","image":{"@type":"ImageObject","inLanguage":"fr-FR","@id":"https:\/\/www.mediaplateforme.com\/fr\/#\/schema\/person\/image\/","url":"https:\/\/secure.gravatar.com\/avatar\/6c9c02e8928cc65d54bf75157f7b3a2d06d7ad0494ca0951f679552ff03b34c1?s=96&d=mm&r=g","contentUrl":"https:\/\/secure.gravatar.com\/avatar\/6c9c02e8928cc65d54bf75157f7b3a2d06d7ad0494ca0951f679552ff03b34c1?s=96&d=mm&r=g","caption":"Mediaplateforme"},"sameAs":["https:\/\/www.mediaplateforme.com"],"url":"https:\/\/www.mediaplateforme.com\/fr\/author\/mohamedladib\/"}]}},"_links":{"self":[{"href":"https:\/\/www.mediaplateforme.com\/fr\/wp-json\/wp\/v2\/posts\/7422","targetHints":{"allow":["GET"]}}],"collection":[{"href":"https:\/\/www.mediaplateforme.com\/fr\/wp-json\/wp\/v2\/posts"}],"about":[{"href":"https:\/\/www.mediaplateforme.com\/fr\/wp-json\/wp\/v2\/types\/post"}],"author":[{"embeddable":true,"href":"https:\/\/www.mediaplateforme.com\/fr\/wp-json\/wp\/v2\/users\/1"}],"replies":[{"embeddable":true,"href":"https:\/\/www.mediaplateforme.com\/fr\/wp-json\/wp\/v2\/comments?post=7422"}],"version-history":[{"count":1,"href":"https:\/\/www.mediaplateforme.com\/fr\/wp-json\/wp\/v2\/posts\/7422\/revisions"}],"predecessor-version":[{"id":7424,"href":"https:\/\/www.mediaplateforme.com\/fr\/wp-json\/wp\/v2\/posts\/7422\/revisions\/7424"}],"wp:featuredmedia":[{"embeddable":true,"href":"https:\/\/www.mediaplateforme.com\/fr\/wp-json\/wp\/v2\/media\/7423"}],"wp:attachment":[{"href":"https:\/\/www.mediaplateforme.com\/fr\/wp-json\/wp\/v2\/media?parent=7422"}],"wp:term":[{"taxonomy":"category","embeddable":true,"href":"https:\/\/www.mediaplateforme.com\/fr\/wp-json\/wp\/v2\/categories?post=7422"},{"taxonomy":"post_tag","embeddable":true,"href":"https:\/\/www.mediaplateforme.com\/fr\/wp-json\/wp\/v2\/tags?post=7422"}],"curies":[{"name":"wp","href":"https:\/\/api.w.org\/{rel}","templated":true}]}}