{"id":7376,"date":"2025-07-17T14:54:22","date_gmt":"2025-07-17T13:54:22","guid":{"rendered":"https:\/\/www.mediaplateforme.com\/fr\/?p=7376"},"modified":"2025-07-17T14:56:05","modified_gmt":"2025-07-17T13:56:05","slug":"verdello-four-seasons-rabat","status":"publish","type":"post","link":"https:\/\/www.mediaplateforme.com\/fr\/verdello-four-seasons-rabat\/","title":{"rendered":"Verdello Four Seasons Rabat : une nouvelle carte estivale entre Italie et terroir marocain"},"content":{"rendered":"<p><strong>Et si l\u2019\u00e9t\u00e9 s\u2019invitait dans l\u2019assiette ?<\/strong><br \/>\nAu c\u0153ur du prestigieux Four Seasons <a href=\"https:\/\/www.mediaplateforme.com\/fr\/four-seasons-rabat-aid-al-adha\/\">Hotel Rabat \u00e0 Kasr Al Bahr<\/a>, le restaurant italien Verdello d\u00e9voile une nouvelle carte estivale sign\u00e9e par le Chef Ex\u00e9cutif Senior Sebastiano Spriveri. Une c\u00e9l\u00e9bration de la M\u00e9diterran\u00e9e, un hommage aux produits marocains, et une d\u00e9claration d\u2019amour \u00e0 la cuisine italienne.<\/p>\n<h2>\u00a0 Une signature culinaire entre authenticit\u00e9 et cr\u00e9ation<\/h2>\n<h3>Des produits nobles, une inspiration locale<\/h3>\n<p>Pens\u00e9 comme un v\u00e9ritable voyage sensoriel, le menu met \u00e0 l\u2019honneur des ingr\u00e9dients nobles et de saison :<\/p>\n<ul>\n<li><strong>Langouste d\u2019Agadir<\/strong>,<\/li>\n<li><strong>Truite de l\u2019Atlas<\/strong>,<\/li>\n<li>Et bien s\u00fbr, le <strong>Tiramisu maison<\/strong>, devenu signature du Chef.<\/li>\n<\/ul>\n<p>Chaque plat incarne une rencontre subtile entre Italie et Maroc, offrant une exp\u00e9rience gustative sinc\u00e8re, g\u00e9n\u00e9reuse et \u00e9l\u00e9gante.<\/p>\n<h3>Plats embl\u00e9matiques \u00e0 ne pas manquer<\/h3>\n<p>Parmi les cr\u00e9ations phares de la carte :<\/p>\n<ul>\n<li><strong>\u00a0Risotto Acquerello<\/strong> aux asperges, petits pois et olives noires<\/li>\n<li><strong>\u00a0Linguine Mancini<\/strong> \u00e0 la langouste d\u2019Agadir<\/li>\n<li><strong>\u00a0Filetto di Manzo Rossini<\/strong> au foie gras, \u00e9pinards et jus truff\u00e9<\/li>\n<li>\u00a0 Le mythique <strong>Tiramisu<\/strong>, hommage personnel du Chef \u00e0 ses origines siciliennes<\/li>\n<\/ul>\n<blockquote><p>\u00a0 \u00ab Chaque plat raconte une histoire. \u00c0 travers cette carte, je rends hommage \u00e0 mon h\u00e9ritage culinaire tout en sublimant les richesses du Maroc. \u00bb \u2013 Chef Sebastiano Spriveri<\/p><\/blockquote>\n<h2>\u00a0 Une atmosph\u00e8re raffin\u00e9e et familiale<\/h2>\n<h3>Un \u00e9crin de d\u00e9gustation<\/h3>\n<p>Verdello accueille ses convives dans une ambiance contemporaine et feutr\u00e9e, o\u00f9 le raffinement discret du cadre dialogue avec la profondeur des saveurs. Un lieu pens\u00e9 pour les amoureux de la gastronomie\u2026 mais pas seulement.<\/p>\n<h3>Une offre estivale pens\u00e9e pour les familles<\/h3>\n<p>Le Four Seasons Hotel Rabat propose \u00e9galement une exp\u00e9rience familiale compl\u00e8te :<\/p>\n<ul>\n<li>Jusqu\u2019\u00e0 <strong>50 % de r\u00e9duction<\/strong> sur la deuxi\u00e8me chambre<\/li>\n<li>Activit\u00e9s cr\u00e9atives pour enfants : calligraphie, ateliers culinaires<\/li>\n<li><strong>Brunchs dominicaux<\/strong>, balades \u00e0 v\u00e9lo, et couchers de soleil sur la Sunset Terrace<\/li>\n<\/ul>\n<h2>\u00a0 \u00a0 Question &amp; R\u00e9ponse<\/h2>\n<p><strong>Qu\u2019est-ce qui distingue la nouvelle carte du Verdello au Four Seasons Rabat ?<\/strong><br \/>\nUne cuisine italienne authentique revisit\u00e9e avec des produits marocains nobles, dans un cadre raffin\u00e9, familial et estival sign\u00e9 Chef Spriveri.<\/p>\n<h2>\u00a0 FAQ \u2013 Questions fr\u00e9quentes<\/h2>\n<h3>\u00a0 O\u00f9 se situe le restaurant Verdello ?<\/h3>\n<p>Au sein du Four Seasons Hotel Rabat \u00e0 Kasr Al Bahr, entre jardins andalous et rivage atlantique.<\/p>\n<h3>\u00a0 Qui est le Chef derri\u00e8re cette carte ?<\/h3>\n<p>Sebastiano Spriveri, Chef Ex\u00e9cutif Senior, reconnu pour sa cr\u00e9ativit\u00e9 et sa fid\u00e9lit\u00e9 \u00e0 l\u2019h\u00e9ritage italien.<\/p>\n<h3>\u00a0 Quels types de plats retrouve-t-on sur la nouvelle carte ?<\/h3>\n<p>Cuisine italienne contemporaine : risotto, p\u00e2tes fra\u00eeches, viandes nobles, desserts maison.<\/p>\n<h3>\u00a0 L\u2019\u00e9tablissement accueille-t-il les familles ?<\/h3>\n<p>Oui, avec des offres estivales d\u00e9di\u00e9es aux familles et des activit\u00e9s immersives pour petits et grands.<\/p>\n<h3>\u00a0 Comment r\u00e9server ?<\/h3>\n<p>Rendez-vous sur le site officiel du Four Seasons Rabat ou contactez directement le restaurant Verdello.<\/p>\n<p><strong>Cet \u00e9t\u00e9, la M\u00e9diterran\u00e9e se savoure \u00e0 Rabat.<\/strong><br \/>\nAvec sa nouvelle carte estivale, le Verdello du Four Seasons Hotel Rabat s\u2019affirme comme une destination culinaire incontournable, o\u00f9 le raffinement italien \u00e9pouse l\u2019\u00e2me marocaine.<\/p>\n<p><a href=\"http:\/\/www.fourseasons.com\/rabat\">Une invitation \u00e0 la d\u00e9couverte<\/a>, \u00e0 la gourmandise et au partage.<\/p>\n","protected":false},"excerpt":{"rendered":"<p>Et si l\u2019\u00e9t\u00e9 s\u2019invitait dans l\u2019assiette ? Au c\u0153ur du prestigieux Four Seasons Hotel Rabat<\/p>\n","protected":false},"author":1,"featured_media":7377,"comment_status":"open","ping_status":"open","sticky":false,"template":"","format":"standard","meta":{"_acf_changed":false,"footnotes":""},"categories":[3,1643],"tags":[3845,3802,3844,3843,3841,3839,3840,3842,3838],"class_list":["post-7376","post","type-post","status-publish","format-standard","has-post-thumbnail","hentry","category-nouvelles-selectionnees","category-tourisme","tag-brunch-en-famille-maroc","tag-cuisine-mediterraneenne","tag-ete-2025-rabat","tag-experiences-culinaires-maroc","tag-gastronomie-de-saison","tag-restaurant-italien-rabat","tag-sebastiano-spriveri","tag-tiramisu-maison","tag-verdello-four-seasons-rabat"],"acf":[],"yoast_head":"<!-- This site is optimized with the Yoast SEO plugin v22.0 - https:\/\/yoast.com\/wordpress\/plugins\/seo\/ -->\n<title>Verdello Four Seasons Rabat - MEDIA PLATEFORME | FR<\/title>\n<meta name=\"description\" content=\"Le restaurant Verdello du Four Seasons Rabat d\u00e9voile sa nouvelle carte d\u2019\u00e9t\u00e9 sign\u00e9e par le Chef Sebastiano Spriveri,.\" \/>\n<meta name=\"robots\" content=\"index, follow, max-snippet:-1, max-image-preview:large, max-video-preview:-1\" \/>\n<link rel=\"canonical\" href=\"https:\/\/www.mediaplateforme.com\/fr\/verdello-four-seasons-rabat\/\" \/>\n<meta property=\"og:locale\" content=\"fr_FR\" \/>\n<meta property=\"og:type\" content=\"article\" \/>\n<meta property=\"og:title\" content=\"Verdello Four Seasons Rabat - MEDIA PLATEFORME | FR\" \/>\n<meta property=\"og:description\" content=\"Le restaurant Verdello du Four Seasons Rabat d\u00e9voile sa nouvelle carte d\u2019\u00e9t\u00e9 sign\u00e9e par le Chef Sebastiano Spriveri,.\" \/>\n<meta property=\"og:url\" content=\"https:\/\/www.mediaplateforme.com\/fr\/verdello-four-seasons-rabat\/\" \/>\n<meta property=\"og:site_name\" content=\"MEDIA PLATEFORME | FR\" \/>\n<meta property=\"article:published_time\" content=\"2025-07-17T13:54:22+00:00\" \/>\n<meta property=\"article:modified_time\" content=\"2025-07-17T13:56:05+00:00\" \/>\n<meta property=\"og:image\" content=\"https:\/\/www.mediaplateforme.com\/fr\/wp-content\/uploads\/sites\/5\/2025\/07\/Verdello-Four-Seasons-Rabat.jpg\" \/>\n\t<meta property=\"og:image:width\" content=\"1000\" \/>\n\t<meta property=\"og:image:height\" content=\"751\" \/>\n\t<meta property=\"og:image:type\" content=\"image\/jpeg\" \/>\n<meta name=\"author\" content=\"Mediaplateforme\" \/>\n<meta name=\"twitter:card\" content=\"summary_large_image\" \/>\n<meta name=\"twitter:label1\" content=\"\u00c9crit par\" \/>\n\t<meta name=\"twitter:data1\" content=\"Mediaplateforme\" \/>\n\t<meta name=\"twitter:label2\" content=\"Dur\u00e9e de lecture estim\u00e9e\" \/>\n\t<meta name=\"twitter:data2\" content=\"3 minutes\" \/>\n<script type=\"application\/ld+json\" class=\"yoast-schema-graph\">{\"@context\":\"https:\/\/schema.org\",\"@graph\":[{\"@type\":\"WebPage\",\"@id\":\"https:\/\/www.mediaplateforme.com\/fr\/verdello-four-seasons-rabat\/\",\"url\":\"https:\/\/www.mediaplateforme.com\/fr\/verdello-four-seasons-rabat\/\",\"name\":\"Verdello Four Seasons Rabat - MEDIA PLATEFORME | FR\",\"isPartOf\":{\"@id\":\"https:\/\/www.mediaplateforme.com\/fr\/#website\"},\"datePublished\":\"2025-07-17T13:54:22+00:00\",\"dateModified\":\"2025-07-17T13:56:05+00:00\",\"author\":{\"@id\":\"https:\/\/www.mediaplateforme.com\/fr\/#\/schema\/person\/89833db382b5db2c76b094bc902aa12a\"},\"description\":\"Le restaurant Verdello du Four Seasons Rabat d\u00e9voile sa nouvelle carte d\u2019\u00e9t\u00e9 sign\u00e9e par le Chef Sebastiano Spriveri,.\",\"breadcrumb\":{\"@id\":\"https:\/\/www.mediaplateforme.com\/fr\/verdello-four-seasons-rabat\/#breadcrumb\"},\"inLanguage\":\"fr-FR\",\"potentialAction\":[{\"@type\":\"ReadAction\",\"target\":[\"https:\/\/www.mediaplateforme.com\/fr\/verdello-four-seasons-rabat\/\"]}]},{\"@type\":\"BreadcrumbList\",\"@id\":\"https:\/\/www.mediaplateforme.com\/fr\/verdello-four-seasons-rabat\/#breadcrumb\",\"itemListElement\":[{\"@type\":\"ListItem\",\"position\":1,\"name\":\"\u0627\u0644\u0631\u0626\u064a\u0633\u064a\u0629\",\"item\":\"https:\/\/www.mediaplateforme.com\/fr\/\"},{\"@type\":\"ListItem\",\"position\":2,\"name\":\"Verdello Four Seasons Rabat : une nouvelle carte estivale entre Italie et terroir marocain\"}]},{\"@type\":\"WebSite\",\"@id\":\"https:\/\/www.mediaplateforme.com\/fr\/#website\",\"url\":\"https:\/\/www.mediaplateforme.com\/fr\/\",\"name\":\"MEDIA PLATEFORME | FR\",\"description\":\"Mediaplateforme sp\u00e9cialis\u00e9 dans la communication institutions publiques et des entreprises\",\"potentialAction\":[{\"@type\":\"SearchAction\",\"target\":{\"@type\":\"EntryPoint\",\"urlTemplate\":\"https:\/\/www.mediaplateforme.com\/fr\/?s={search_term_string}\"},\"query-input\":\"required name=search_term_string\"}],\"inLanguage\":\"fr-FR\"},{\"@type\":\"Person\",\"@id\":\"https:\/\/www.mediaplateforme.com\/fr\/#\/schema\/person\/89833db382b5db2c76b094bc902aa12a\",\"name\":\"Mediaplateforme\",\"image\":{\"@type\":\"ImageObject\",\"inLanguage\":\"fr-FR\",\"@id\":\"https:\/\/www.mediaplateforme.com\/fr\/#\/schema\/person\/image\/\",\"url\":\"https:\/\/secure.gravatar.com\/avatar\/6c9c02e8928cc65d54bf75157f7b3a2d06d7ad0494ca0951f679552ff03b34c1?s=96&d=mm&r=g\",\"contentUrl\":\"https:\/\/secure.gravatar.com\/avatar\/6c9c02e8928cc65d54bf75157f7b3a2d06d7ad0494ca0951f679552ff03b34c1?s=96&d=mm&r=g\",\"caption\":\"Mediaplateforme\"},\"sameAs\":[\"https:\/\/www.mediaplateforme.com\"],\"url\":\"https:\/\/www.mediaplateforme.com\/fr\/author\/mohamedladib\/\"}]}<\/script>\n<!-- \/ Yoast SEO plugin. -->","yoast_head_json":{"title":"Verdello Four Seasons Rabat - MEDIA PLATEFORME | FR","description":"Le restaurant Verdello du Four Seasons Rabat d\u00e9voile sa nouvelle carte d\u2019\u00e9t\u00e9 sign\u00e9e par le Chef Sebastiano Spriveri,.","robots":{"index":"index","follow":"follow","max-snippet":"max-snippet:-1","max-image-preview":"max-image-preview:large","max-video-preview":"max-video-preview:-1"},"canonical":"https:\/\/www.mediaplateforme.com\/fr\/verdello-four-seasons-rabat\/","og_locale":"fr_FR","og_type":"article","og_title":"Verdello Four Seasons Rabat - MEDIA PLATEFORME | FR","og_description":"Le restaurant Verdello du Four Seasons Rabat d\u00e9voile sa nouvelle carte d\u2019\u00e9t\u00e9 sign\u00e9e par le Chef Sebastiano Spriveri,.","og_url":"https:\/\/www.mediaplateforme.com\/fr\/verdello-four-seasons-rabat\/","og_site_name":"MEDIA PLATEFORME | FR","article_published_time":"2025-07-17T13:54:22+00:00","article_modified_time":"2025-07-17T13:56:05+00:00","og_image":[{"width":1000,"height":751,"url":"https:\/\/www.mediaplateforme.com\/fr\/wp-content\/uploads\/sites\/5\/2025\/07\/Verdello-Four-Seasons-Rabat.jpg","type":"image\/jpeg"}],"author":"Mediaplateforme","twitter_card":"summary_large_image","twitter_misc":{"\u00c9crit par":"Mediaplateforme","Dur\u00e9e de lecture estim\u00e9e":"3 minutes"},"schema":{"@context":"https:\/\/schema.org","@graph":[{"@type":"WebPage","@id":"https:\/\/www.mediaplateforme.com\/fr\/verdello-four-seasons-rabat\/","url":"https:\/\/www.mediaplateforme.com\/fr\/verdello-four-seasons-rabat\/","name":"Verdello Four Seasons Rabat - MEDIA PLATEFORME | FR","isPartOf":{"@id":"https:\/\/www.mediaplateforme.com\/fr\/#website"},"datePublished":"2025-07-17T13:54:22+00:00","dateModified":"2025-07-17T13:56:05+00:00","author":{"@id":"https:\/\/www.mediaplateforme.com\/fr\/#\/schema\/person\/89833db382b5db2c76b094bc902aa12a"},"description":"Le restaurant Verdello du Four Seasons Rabat d\u00e9voile sa nouvelle carte d\u2019\u00e9t\u00e9 sign\u00e9e par le Chef Sebastiano Spriveri,.","breadcrumb":{"@id":"https:\/\/www.mediaplateforme.com\/fr\/verdello-four-seasons-rabat\/#breadcrumb"},"inLanguage":"fr-FR","potentialAction":[{"@type":"ReadAction","target":["https:\/\/www.mediaplateforme.com\/fr\/verdello-four-seasons-rabat\/"]}]},{"@type":"BreadcrumbList","@id":"https:\/\/www.mediaplateforme.com\/fr\/verdello-four-seasons-rabat\/#breadcrumb","itemListElement":[{"@type":"ListItem","position":1,"name":"\u0627\u0644\u0631\u0626\u064a\u0633\u064a\u0629","item":"https:\/\/www.mediaplateforme.com\/fr\/"},{"@type":"ListItem","position":2,"name":"Verdello Four Seasons Rabat : une nouvelle carte estivale entre Italie et terroir marocain"}]},{"@type":"WebSite","@id":"https:\/\/www.mediaplateforme.com\/fr\/#website","url":"https:\/\/www.mediaplateforme.com\/fr\/","name":"MEDIA PLATEFORME | FR","description":"Mediaplateforme sp\u00e9cialis\u00e9 dans la communication institutions publiques et des entreprises","potentialAction":[{"@type":"SearchAction","target":{"@type":"EntryPoint","urlTemplate":"https:\/\/www.mediaplateforme.com\/fr\/?s={search_term_string}"},"query-input":"required name=search_term_string"}],"inLanguage":"fr-FR"},{"@type":"Person","@id":"https:\/\/www.mediaplateforme.com\/fr\/#\/schema\/person\/89833db382b5db2c76b094bc902aa12a","name":"Mediaplateforme","image":{"@type":"ImageObject","inLanguage":"fr-FR","@id":"https:\/\/www.mediaplateforme.com\/fr\/#\/schema\/person\/image\/","url":"https:\/\/secure.gravatar.com\/avatar\/6c9c02e8928cc65d54bf75157f7b3a2d06d7ad0494ca0951f679552ff03b34c1?s=96&d=mm&r=g","contentUrl":"https:\/\/secure.gravatar.com\/avatar\/6c9c02e8928cc65d54bf75157f7b3a2d06d7ad0494ca0951f679552ff03b34c1?s=96&d=mm&r=g","caption":"Mediaplateforme"},"sameAs":["https:\/\/www.mediaplateforme.com"],"url":"https:\/\/www.mediaplateforme.com\/fr\/author\/mohamedladib\/"}]}},"_links":{"self":[{"href":"https:\/\/www.mediaplateforme.com\/fr\/wp-json\/wp\/v2\/posts\/7376","targetHints":{"allow":["GET"]}}],"collection":[{"href":"https:\/\/www.mediaplateforme.com\/fr\/wp-json\/wp\/v2\/posts"}],"about":[{"href":"https:\/\/www.mediaplateforme.com\/fr\/wp-json\/wp\/v2\/types\/post"}],"author":[{"embeddable":true,"href":"https:\/\/www.mediaplateforme.com\/fr\/wp-json\/wp\/v2\/users\/1"}],"replies":[{"embeddable":true,"href":"https:\/\/www.mediaplateforme.com\/fr\/wp-json\/wp\/v2\/comments?post=7376"}],"version-history":[{"count":3,"href":"https:\/\/www.mediaplateforme.com\/fr\/wp-json\/wp\/v2\/posts\/7376\/revisions"}],"predecessor-version":[{"id":7380,"href":"https:\/\/www.mediaplateforme.com\/fr\/wp-json\/wp\/v2\/posts\/7376\/revisions\/7380"}],"wp:featuredmedia":[{"embeddable":true,"href":"https:\/\/www.mediaplateforme.com\/fr\/wp-json\/wp\/v2\/media\/7377"}],"wp:attachment":[{"href":"https:\/\/www.mediaplateforme.com\/fr\/wp-json\/wp\/v2\/media?parent=7376"}],"wp:term":[{"taxonomy":"category","embeddable":true,"href":"https:\/\/www.mediaplateforme.com\/fr\/wp-json\/wp\/v2\/categories?post=7376"},{"taxonomy":"post_tag","embeddable":true,"href":"https:\/\/www.mediaplateforme.com\/fr\/wp-json\/wp\/v2\/tags?post=7376"}],"curies":[{"name":"wp","href":"https:\/\/api.w.org\/{rel}","templated":true}]}}