{"id":7306,"date":"2025-06-27T16:11:19","date_gmt":"2025-06-27T15:11:19","guid":{"rendered":"https:\/\/www.mediaplateforme.com\/fr\/?p=7306"},"modified":"2025-06-27T16:11:29","modified_gmt":"2025-06-27T15:11:29","slug":"caravane-de-la-fibre-optique-inwi","status":"publish","type":"post","link":"https:\/\/www.mediaplateforme.com\/fr\/caravane-de-la-fibre-optique-inwi\/","title":{"rendered":"Inwi lance \u00ab la Caravane de la Fibre Optique by inwi \u00bb"},"content":{"rendered":"<p>Inwi, <a href=\"https:\/\/www.mediaplateforme.com\/fr\/inwi-innov-connect\/\">op\u00e9rateur engag\u00e9 dans l\u2019innovation et la transformation digitale<\/a>, a donn\u00e9 le coup d\u2019envoi de sa \u00ab Caravane de la Fibre Optique by inwi \u00bb, une tourn\u00e9e ambitieuse qui traversera les grands p\u00f4les \u00e9conomiques du Royaume tout au long de 2025.<\/p>\n<p>L\u2019objectif est clair : mobiliser les acteurs de l&rsquo;immobilier autour de l&rsquo;importance strat\u00e9gique de l\u2019int\u00e9gration de la fibre optique d\u00e8s la conception des logements et infrastructures. Cette approche proactive vise \u00e0 faire de la connectivit\u00e9 un standard incontournable dans l\u2019habitat moderne.<\/p>\n<h3>\u00a0 Marrakech, premi\u00e8re escale d\u2019un projet structurant<\/h3>\n<p>Le 25 juin 2025, la ville de Marrakech a accueilli la premi\u00e8re \u00e9tape de cette caravane. La journ\u00e9e a \u00e9t\u00e9 rythm\u00e9e par un \u00e9v\u00e9nement plac\u00e9 sous le signe de l\u2019\u00e9change, avec notamment une table ronde d\u2019envergure sur le th\u00e8me :<\/p>\n<blockquote><p><strong>\u00ab G\u00e9n\u00e9ration FTTH dans les nouvelles constructions au Maroc : quels leviers d\u2019acc\u00e9l\u00e9ration ? \u00bb<\/strong><\/p><\/blockquote>\n<p>Promoteurs immobiliers, urbanistes, ing\u00e9nieurs et institutions y ont d\u00e9battu des bonnes pratiques \u00e0 adopter pour b\u00e2tir des villes connect\u00e9es, intelligentes et durables. L&rsquo;accent a \u00e9t\u00e9 mis sur l&rsquo;exp\u00e9rience utilisateur, les exigences technologiques croissantes des citoyens et l&rsquo;impact positif de la fibre sur la valeur ajout\u00e9e des projets.<\/p>\n<h3>\u00a0 Signature strat\u00e9gique avec le Groupe Addoha<\/h3>\n<p>En marge de cette premi\u00e8re \u00e9tape, Inwi a sign\u00e9 un partenariat structurant avec le Groupe Addoha, acteur de r\u00e9f\u00e9rence du secteur immobilier au Maroc. Cet accord pr\u00e9voit l\u2019int\u00e9gration syst\u00e9matique de la fibre optique dans les futurs projets du groupe d\u00e8s leur phase de conception.<\/p>\n<p>Ce partenariat symbolise une volont\u00e9 commune de r\u00e9pondre aux enjeux croissants de connectivit\u00e9 dans un contexte o\u00f9 le digital devient une composante essentielle du confort r\u00e9sidentiel.<\/p>\n<h3>\u00a0Un accompagnement sur mesure pour les professionnels<\/h3>\n<p>Au-del\u00e0 de la sensibilisation, la Caravane de la Fibre Optique vise \u00e0 offrir un accompagnement technique de qualit\u00e9 aux promoteurs :<\/p>\n<ul>\n<li>Appui \u00e0 l\u2019int\u00e9gration FTTH dans les plans d\u2019urbanisme.<\/li>\n<li>Suivi personnalis\u00e9 par les \u00e9quipes techniques de Inwi.<\/li>\n<li>Acc\u00e8s \u00e0 des solutions adapt\u00e9es \u00e0 chaque typologie de construction.<\/li>\n<\/ul>\n<p>Inwi se positionne ainsi comme partenaire strat\u00e9gique des professionnels du BTP, en leur offrant les outils pour anticiper les standards de demain.<\/p>\n<h3>\u00a0 Casablanca et Tanger : les prochaines \u00e9tapes<\/h3>\n<p>Apr\u00e8s Marrakech, la caravane se d\u00e9placera \u00e0 Casablanca puis \u00e0 Tanger, deux autres hubs majeurs de l\u2019immobilier et de l\u2019innovation au Maroc. Chaque \u00e9tape sera l\u2019occasion d\u2019organiser :<\/p>\n<ul>\n<li>Des <strong>ateliers th\u00e9matiques pratiques<\/strong>.<\/li>\n<li>Des <strong>retours d\u2019exp\u00e9rience<\/strong> avec des projets r\u00e9ussis.<\/li>\n<li>Des <strong>rencontres B2B<\/strong> pour favoriser la collaboration entre promoteurs et experts fibre.<\/li>\n<\/ul>\n<h3>\u00a0 Connectivit\u00e9 et comp\u00e9titivit\u00e9 : un duo gagnant<\/h3>\n<p>L\u2019int\u00e9gration de la <strong>fibre optique FTTH au Maroc<\/strong> dans l\u2019immobilier neuf n\u2019est plus un luxe, mais une <strong>exigence \u00e9conomique, sociale et technologique<\/strong>. Elle permet de :<\/p>\n<ul>\n<li>R\u00e9pondre aux besoins croissants des utilisateurs en tr\u00e8s haut d\u00e9bit.<\/li>\n<li>Valoriser les biens immobiliers dans un march\u00e9 de plus en plus concurrentiel.<\/li>\n<li>Participer \u00e0 l\u2019\u00e9dification de <strong>villes intelligentes durables<\/strong>.<\/li>\n<\/ul>\n<h3>\u00a0 Une vision tourn\u00e9e vers l\u2019avenir num\u00e9rique du Maroc<\/h3>\n<p>\u00c0 travers cette initiative, Inwi r\u00e9affirme son engagement pour la d\u00e9mocratisation de l\u2019internet tr\u00e8s haut d\u00e9bit, tout en consolidant son r\u00f4le de pilier de la transformation num\u00e9rique nationale.<\/p>\n<p>La Caravane de la Fibre Optique by Inwi incarne une vision r\u00e9solument tourn\u00e9e vers l\u2019avenir, o\u00f9 connectivit\u00e9, innovation et urbanisme convergent pour faire \u00e9merger un Maroc plus moderne, plus intelligent et plus \u00e9quitable.<\/p>\n","protected":false},"excerpt":{"rendered":"<p>Inwi, op\u00e9rateur engag\u00e9 dans l\u2019innovation et la transformation digitale, a donn\u00e9 le coup d\u2019envoi de<\/p>\n","protected":false},"author":1,"featured_media":7307,"comment_status":"open","ping_status":"open","sticky":false,"template":"","format":"standard","meta":{"_acf_changed":false,"footnotes":""},"categories":[5,3],"tags":[3691,951,3690,154],"class_list":["post-7306","post","type-post","status-publish","format-standard","has-post-thumbnail","hentry","category-tech","category-nouvelles-selectionnees","tag-caravane-de-la-fibre-optique","tag-fibre-optique","tag-ftth","tag-inwi"],"acf":[],"yoast_head":"<!-- This site is optimized with the Yoast SEO plugin v22.0 - https:\/\/yoast.com\/wordpress\/plugins\/seo\/ -->\n<title>Caravane Fibre Optique Inwi - MEDIA PLATEFORME | FR<\/title>\n<meta name=\"description\" content=\"Inwi lance une caravane nationale pour sensibiliser \u00e0 l&#039;int\u00e9gration de la fibre optique FTTH dans les constructions neuves au Maroc. .\" \/>\n<meta name=\"robots\" content=\"index, follow, max-snippet:-1, max-image-preview:large, max-video-preview:-1\" \/>\n<link rel=\"canonical\" href=\"https:\/\/www.mediaplateforme.com\/fr\/caravane-de-la-fibre-optique-inwi\/\" \/>\n<meta property=\"og:locale\" content=\"fr_FR\" \/>\n<meta property=\"og:type\" content=\"article\" \/>\n<meta property=\"og:title\" content=\"Caravane Fibre Optique Inwi - MEDIA PLATEFORME | FR\" \/>\n<meta property=\"og:description\" content=\"Inwi lance une caravane nationale pour sensibiliser \u00e0 l&#039;int\u00e9gration de la fibre optique FTTH dans les constructions neuves au Maroc. .\" \/>\n<meta property=\"og:url\" content=\"https:\/\/www.mediaplateforme.com\/fr\/caravane-de-la-fibre-optique-inwi\/\" \/>\n<meta property=\"og:site_name\" content=\"MEDIA PLATEFORME | FR\" \/>\n<meta property=\"article:published_time\" content=\"2025-06-27T15:11:19+00:00\" \/>\n<meta property=\"article:modified_time\" content=\"2025-06-27T15:11:29+00:00\" \/>\n<meta property=\"og:image\" content=\"https:\/\/www.mediaplateforme.com\/fr\/wp-content\/uploads\/sites\/5\/2025\/06\/1000071039-1.jpg\" \/>\n\t<meta property=\"og:image:width\" content=\"1200\" \/>\n\t<meta property=\"og:image:height\" content=\"800\" \/>\n\t<meta property=\"og:image:type\" content=\"image\/jpeg\" \/>\n<meta name=\"author\" content=\"Mediaplateforme\" \/>\n<meta name=\"twitter:card\" content=\"summary_large_image\" \/>\n<meta name=\"twitter:label1\" content=\"\u00c9crit par\" \/>\n\t<meta name=\"twitter:data1\" content=\"Mediaplateforme\" \/>\n\t<meta name=\"twitter:label2\" content=\"Dur\u00e9e de lecture estim\u00e9e\" \/>\n\t<meta name=\"twitter:data2\" content=\"3 minutes\" \/>\n<script type=\"application\/ld+json\" class=\"yoast-schema-graph\">{\"@context\":\"https:\/\/schema.org\",\"@graph\":[{\"@type\":\"WebPage\",\"@id\":\"https:\/\/www.mediaplateforme.com\/fr\/caravane-de-la-fibre-optique-inwi\/\",\"url\":\"https:\/\/www.mediaplateforme.com\/fr\/caravane-de-la-fibre-optique-inwi\/\",\"name\":\"Caravane Fibre Optique Inwi - MEDIA PLATEFORME | FR\",\"isPartOf\":{\"@id\":\"https:\/\/www.mediaplateforme.com\/fr\/#website\"},\"datePublished\":\"2025-06-27T15:11:19+00:00\",\"dateModified\":\"2025-06-27T15:11:29+00:00\",\"author\":{\"@id\":\"https:\/\/www.mediaplateforme.com\/fr\/#\/schema\/person\/89833db382b5db2c76b094bc902aa12a\"},\"description\":\"Inwi lance une caravane nationale pour sensibiliser \u00e0 l'int\u00e9gration de la fibre optique FTTH dans les constructions neuves au Maroc. .\",\"breadcrumb\":{\"@id\":\"https:\/\/www.mediaplateforme.com\/fr\/caravane-de-la-fibre-optique-inwi\/#breadcrumb\"},\"inLanguage\":\"fr-FR\",\"potentialAction\":[{\"@type\":\"ReadAction\",\"target\":[\"https:\/\/www.mediaplateforme.com\/fr\/caravane-de-la-fibre-optique-inwi\/\"]}]},{\"@type\":\"BreadcrumbList\",\"@id\":\"https:\/\/www.mediaplateforme.com\/fr\/caravane-de-la-fibre-optique-inwi\/#breadcrumb\",\"itemListElement\":[{\"@type\":\"ListItem\",\"position\":1,\"name\":\"\u0627\u0644\u0631\u0626\u064a\u0633\u064a\u0629\",\"item\":\"https:\/\/www.mediaplateforme.com\/fr\/\"},{\"@type\":\"ListItem\",\"position\":2,\"name\":\"Inwi lance \u00ab la Caravane de la Fibre Optique by inwi \u00bb\"}]},{\"@type\":\"WebSite\",\"@id\":\"https:\/\/www.mediaplateforme.com\/fr\/#website\",\"url\":\"https:\/\/www.mediaplateforme.com\/fr\/\",\"name\":\"MEDIA PLATEFORME | FR\",\"description\":\"Mediaplateforme sp\u00e9cialis\u00e9 dans la communication institutions publiques et des entreprises\",\"potentialAction\":[{\"@type\":\"SearchAction\",\"target\":{\"@type\":\"EntryPoint\",\"urlTemplate\":\"https:\/\/www.mediaplateforme.com\/fr\/?s={search_term_string}\"},\"query-input\":\"required name=search_term_string\"}],\"inLanguage\":\"fr-FR\"},{\"@type\":\"Person\",\"@id\":\"https:\/\/www.mediaplateforme.com\/fr\/#\/schema\/person\/89833db382b5db2c76b094bc902aa12a\",\"name\":\"Mediaplateforme\",\"image\":{\"@type\":\"ImageObject\",\"inLanguage\":\"fr-FR\",\"@id\":\"https:\/\/www.mediaplateforme.com\/fr\/#\/schema\/person\/image\/\",\"url\":\"https:\/\/secure.gravatar.com\/avatar\/6c9c02e8928cc65d54bf75157f7b3a2d06d7ad0494ca0951f679552ff03b34c1?s=96&d=mm&r=g\",\"contentUrl\":\"https:\/\/secure.gravatar.com\/avatar\/6c9c02e8928cc65d54bf75157f7b3a2d06d7ad0494ca0951f679552ff03b34c1?s=96&d=mm&r=g\",\"caption\":\"Mediaplateforme\"},\"sameAs\":[\"https:\/\/www.mediaplateforme.com\"],\"url\":\"https:\/\/www.mediaplateforme.com\/fr\/author\/mohamedladib\/\"}]}<\/script>\n<!-- \/ Yoast SEO plugin. -->","yoast_head_json":{"title":"Caravane Fibre Optique Inwi - MEDIA PLATEFORME | FR","description":"Inwi lance une caravane nationale pour sensibiliser \u00e0 l'int\u00e9gration de la fibre optique FTTH dans les constructions neuves au Maroc. .","robots":{"index":"index","follow":"follow","max-snippet":"max-snippet:-1","max-image-preview":"max-image-preview:large","max-video-preview":"max-video-preview:-1"},"canonical":"https:\/\/www.mediaplateforme.com\/fr\/caravane-de-la-fibre-optique-inwi\/","og_locale":"fr_FR","og_type":"article","og_title":"Caravane Fibre Optique Inwi - MEDIA PLATEFORME | FR","og_description":"Inwi lance une caravane nationale pour sensibiliser \u00e0 l'int\u00e9gration de la fibre optique FTTH dans les constructions neuves au Maroc. .","og_url":"https:\/\/www.mediaplateforme.com\/fr\/caravane-de-la-fibre-optique-inwi\/","og_site_name":"MEDIA PLATEFORME | FR","article_published_time":"2025-06-27T15:11:19+00:00","article_modified_time":"2025-06-27T15:11:29+00:00","og_image":[{"width":1200,"height":800,"url":"https:\/\/www.mediaplateforme.com\/fr\/wp-content\/uploads\/sites\/5\/2025\/06\/1000071039-1.jpg","type":"image\/jpeg"}],"author":"Mediaplateforme","twitter_card":"summary_large_image","twitter_misc":{"\u00c9crit par":"Mediaplateforme","Dur\u00e9e de lecture estim\u00e9e":"3 minutes"},"schema":{"@context":"https:\/\/schema.org","@graph":[{"@type":"WebPage","@id":"https:\/\/www.mediaplateforme.com\/fr\/caravane-de-la-fibre-optique-inwi\/","url":"https:\/\/www.mediaplateforme.com\/fr\/caravane-de-la-fibre-optique-inwi\/","name":"Caravane Fibre Optique Inwi - MEDIA PLATEFORME | FR","isPartOf":{"@id":"https:\/\/www.mediaplateforme.com\/fr\/#website"},"datePublished":"2025-06-27T15:11:19+00:00","dateModified":"2025-06-27T15:11:29+00:00","author":{"@id":"https:\/\/www.mediaplateforme.com\/fr\/#\/schema\/person\/89833db382b5db2c76b094bc902aa12a"},"description":"Inwi lance une caravane nationale pour sensibiliser \u00e0 l'int\u00e9gration de la fibre optique FTTH dans les constructions neuves au Maroc. .","breadcrumb":{"@id":"https:\/\/www.mediaplateforme.com\/fr\/caravane-de-la-fibre-optique-inwi\/#breadcrumb"},"inLanguage":"fr-FR","potentialAction":[{"@type":"ReadAction","target":["https:\/\/www.mediaplateforme.com\/fr\/caravane-de-la-fibre-optique-inwi\/"]}]},{"@type":"BreadcrumbList","@id":"https:\/\/www.mediaplateforme.com\/fr\/caravane-de-la-fibre-optique-inwi\/#breadcrumb","itemListElement":[{"@type":"ListItem","position":1,"name":"\u0627\u0644\u0631\u0626\u064a\u0633\u064a\u0629","item":"https:\/\/www.mediaplateforme.com\/fr\/"},{"@type":"ListItem","position":2,"name":"Inwi lance \u00ab la Caravane de la Fibre Optique by inwi \u00bb"}]},{"@type":"WebSite","@id":"https:\/\/www.mediaplateforme.com\/fr\/#website","url":"https:\/\/www.mediaplateforme.com\/fr\/","name":"MEDIA PLATEFORME | FR","description":"Mediaplateforme sp\u00e9cialis\u00e9 dans la communication institutions publiques et des entreprises","potentialAction":[{"@type":"SearchAction","target":{"@type":"EntryPoint","urlTemplate":"https:\/\/www.mediaplateforme.com\/fr\/?s={search_term_string}"},"query-input":"required name=search_term_string"}],"inLanguage":"fr-FR"},{"@type":"Person","@id":"https:\/\/www.mediaplateforme.com\/fr\/#\/schema\/person\/89833db382b5db2c76b094bc902aa12a","name":"Mediaplateforme","image":{"@type":"ImageObject","inLanguage":"fr-FR","@id":"https:\/\/www.mediaplateforme.com\/fr\/#\/schema\/person\/image\/","url":"https:\/\/secure.gravatar.com\/avatar\/6c9c02e8928cc65d54bf75157f7b3a2d06d7ad0494ca0951f679552ff03b34c1?s=96&d=mm&r=g","contentUrl":"https:\/\/secure.gravatar.com\/avatar\/6c9c02e8928cc65d54bf75157f7b3a2d06d7ad0494ca0951f679552ff03b34c1?s=96&d=mm&r=g","caption":"Mediaplateforme"},"sameAs":["https:\/\/www.mediaplateforme.com"],"url":"https:\/\/www.mediaplateforme.com\/fr\/author\/mohamedladib\/"}]}},"_links":{"self":[{"href":"https:\/\/www.mediaplateforme.com\/fr\/wp-json\/wp\/v2\/posts\/7306","targetHints":{"allow":["GET"]}}],"collection":[{"href":"https:\/\/www.mediaplateforme.com\/fr\/wp-json\/wp\/v2\/posts"}],"about":[{"href":"https:\/\/www.mediaplateforme.com\/fr\/wp-json\/wp\/v2\/types\/post"}],"author":[{"embeddable":true,"href":"https:\/\/www.mediaplateforme.com\/fr\/wp-json\/wp\/v2\/users\/1"}],"replies":[{"embeddable":true,"href":"https:\/\/www.mediaplateforme.com\/fr\/wp-json\/wp\/v2\/comments?post=7306"}],"version-history":[{"count":2,"href":"https:\/\/www.mediaplateforme.com\/fr\/wp-json\/wp\/v2\/posts\/7306\/revisions"}],"predecessor-version":[{"id":7309,"href":"https:\/\/www.mediaplateforme.com\/fr\/wp-json\/wp\/v2\/posts\/7306\/revisions\/7309"}],"wp:featuredmedia":[{"embeddable":true,"href":"https:\/\/www.mediaplateforme.com\/fr\/wp-json\/wp\/v2\/media\/7307"}],"wp:attachment":[{"href":"https:\/\/www.mediaplateforme.com\/fr\/wp-json\/wp\/v2\/media?parent=7306"}],"wp:term":[{"taxonomy":"category","embeddable":true,"href":"https:\/\/www.mediaplateforme.com\/fr\/wp-json\/wp\/v2\/categories?post=7306"},{"taxonomy":"post_tag","embeddable":true,"href":"https:\/\/www.mediaplateforme.com\/fr\/wp-json\/wp\/v2\/tags?post=7306"}],"curies":[{"name":"wp","href":"https:\/\/api.w.org\/{rel}","templated":true}]}}