{"id":7280,"date":"2025-06-20T14:03:19","date_gmt":"2025-06-20T13:03:19","guid":{"rendered":"https:\/\/www.mediaplateforme.com\/fr\/?p=7280"},"modified":"2025-06-20T14:03:29","modified_gmt":"2025-06-20T13:03:29","slug":"parc-eolien-a-laayoune","status":"publish","type":"post","link":"https:\/\/www.mediaplateforme.com\/fr\/parc-eolien-a-laayoune\/","title":{"rendered":"\u00c9nergies renouvelables : YNNA et AMEA Power lancent un ambitieux parc \u00e9olien \u00e0 La\u00e2youne"},"content":{"rendered":"<p>Dans un \u00e9lan strat\u00e9gique majeur en faveur de la transition \u00e9nerg\u00e9tique du Maroc, le groupe <a href=\"https:\/\/www.mediaplateforme.com\/fr\/groupe-ynna-au-siam\/\">YNNA<\/a>, acteur industriel et de services incontournable du paysage \u00e9conomique national, et AMEA Power, filiale du conglom\u00e9rat \u00e9mirati Al Nowais Investments, ont officialis\u00e9 la signature d\u2019un partenariat strat\u00e9gique pour le d\u00e9veloppement conjoint d\u2019un parc \u00e9olien de 100 m\u00e9gawatts dans la r\u00e9gion de La\u00e2youne.<\/p>\n<p>Cette coentreprise \u00e0 parts \u00e9gales (50\/50) traduit une volont\u00e9 commune des deux groupes de soutenir la d\u00e9carbonation de l\u2019\u00e9conomie marocaine, renforcer la souverainet\u00e9 \u00e9nerg\u00e9tique du Royaume et impulser un mod\u00e8le de d\u00e9veloppement durable \u00e0 fort impact local et national.<\/p>\n<h3>\u00a0 Un projet \u00e0 fort rendement \u00e9nerg\u00e9tique et environnemental<\/h3>\n<p>Ce futur parc \u00e9olien \u00e0 La\u00e2youne alimentera en \u00e9lectricit\u00e9 verte l\u2019ensemble des filiales du groupe YNNA, tout en contribuant \u00e0 r\u00e9duire significativement les \u00e9missions de CO\u2082, estim\u00e9es \u00e0 plus de 330 000 tonnes par an. En exploitant les ressources naturelles exceptionnelles de la r\u00e9gion saharienne, ce projet devient un levier concret vers un avenir \u00e9nerg\u00e9tique d\u00e9carbon\u00e9 et r\u00e9silient.<\/p>\n<p>Le d\u00e9but des travaux est pr\u00e9vu pour fin 2025, avec une entr\u00e9e en service op\u00e9rationnelle programm\u00e9e pour l\u2019ann\u00e9e 2027.<\/p>\n<h3>\u00a0 Une ambition industrielle et durable affirm\u00e9e<\/h3>\n<p>Madame Mama Tajmouati, Pr\u00e9sidente Directrice G\u00e9n\u00e9rale du groupe YNNA, a soulign\u00e9 la port\u00e9e transformationnelle de cette initiative :<\/p>\n<blockquote><p>\u00ab Ce partenariat avec AMEA Power marque un tournant d\u00e9cisif pour YNNA. Il incarne notre volont\u00e9 de b\u00e2tir un mod\u00e8le \u00e9nerg\u00e9tique comp\u00e9titif, souverain et bas carbone, au service de nos filiales mais aussi de la strat\u00e9gie du Maroc. C\u2019est bien plus qu\u2019un projet industriel : c\u2019est un engagement fort en faveur d\u2019un avenir durable, align\u00e9 avec les ambitions climatiques et \u00e9nerg\u00e9tiques du Royaume. \u00bb<\/p><\/blockquote>\n<h3>\u00a0 AMEA Power renforce sa pr\u00e9sence strat\u00e9gique au Maroc<\/h3>\n<p>Pour sa part, <strong>Hussain Al Nowais<\/strong>, Pr\u00e9sident d\u2019AMEA Power, a d\u00e9clar\u00e9 :<\/p>\n<blockquote><p>\u00ab Ce projet au Maroc, pays fr\u00e8re des \u00c9mirats Arabes Unis, s\u2019inscrit dans notre strat\u00e9gie d\u2019expansion durable. Il refl\u00e8te notre d\u00e9termination \u00e0 d\u00e9velopper des <strong>solutions \u00e9nerg\u00e9tiques accessibles, renouvelables et \u00e0 fort impact local<\/strong>. Le Maroc est un march\u00e9 cl\u00e9 pour AMEA Power, et nous entendons y investir davantage \u00e0 travers des projets structurants. \u00bb<\/p><\/blockquote>\n<h3>\u00a0 La\u00e2youne : p\u00f4le strat\u00e9gique pour les \u00e9nergies vertes<\/h3>\n<p>Gr\u00e2ce \u00e0 ses conditions climatiques favorables et son potentiel \u00e9olien reconnu, la r\u00e9gion de La\u00e2youne s\u2019impose progressivement comme une zone strat\u00e9gique pour les projets d\u2019\u00e9nergies renouvelables au Maroc. Ce projet permettra non seulement de r\u00e9duire la d\u00e9pendance aux \u00e9nergies fossiles, mais aussi de stimuler l\u2019\u00e9conomie r\u00e9gionale via la cr\u00e9ation d\u2019emplois directs et indirects et la mobilisation de comp\u00e9tences locales.<\/p>\n<h3>\u00a0 Une r\u00e9ponse concr\u00e8te \u00e0 la strat\u00e9gie nationale de transition \u00e9nerg\u00e9tique<\/h3>\n<p>Ce partenariat s\u2019inscrit dans la vision ambitieuse du Maroc de porter la part des \u00e9nergies renouvelables \u00e0 plus de 52 % du mix \u00e9lectrique d\u2019ici 2030. Il refl\u00e8te l\u2019efficacit\u00e9 de la coop\u00e9ration Sud-Sud entre le Maroc et les \u00c9mirats, tout en illustrant le r\u00f4le central du secteur priv\u00e9 dans la mise en \u0153uvre des engagements climatiques et \u00e9conomiques.<\/p>\n","protected":false},"excerpt":{"rendered":"<p>Dans un \u00e9lan strat\u00e9gique majeur en faveur de la transition \u00e9nerg\u00e9tique du Maroc, le groupe<\/p>\n","protected":false},"author":1,"featured_media":7281,"comment_status":"open","ping_status":"open","sticky":false,"template":"","format":"standard","meta":{"_acf_changed":false,"footnotes":""},"categories":[1644,3],"tags":[3664,3660,3516,3657,3662,3661,3654,3656,3658,3663,3659,3655],"class_list":["post-7280","post","type-post","status-publish","format-standard","has-post-thumbnail","hentry","category-industrie","category-nouvelles-selectionnees","tag-al-nowais-investments","tag-decarbonation-maroc","tag-developpement-durable-maroc","tag-energies-renouvelables-maroc","tag-hussain-al-nowais","tag-mama-tajmouati","tag-parc-eolien-a-laayoune","tag-partenariat-ynna-amea-power","tag-projet-eolien-100-mw","tag-souverainete-energetique","tag-strategie-bas-carbone","tag-transition-energetique-maroc"],"acf":[],"yoast_head":"<!-- This site is optimized with the Yoast SEO plugin v22.0 - https:\/\/yoast.com\/wordpress\/plugins\/seo\/ -->\n<title>parc \u00e9olien \u00e0 La\u00e2youne - MEDIA PLATEFORME | FR<\/title>\n<meta name=\"description\" content=\"YNNA et AMEA Power lancent un parc \u00e9olien de 100 MW \u00e0 La\u00e2youne. Un projet pour la transition \u00e9nerg\u00e9tique et la souverainet\u00e9 du Maroc.\" \/>\n<meta name=\"robots\" content=\"index, follow, max-snippet:-1, max-image-preview:large, max-video-preview:-1\" \/>\n<link rel=\"canonical\" href=\"https:\/\/www.mediaplateforme.com\/fr\/parc-eolien-a-laayoune\/\" \/>\n<meta property=\"og:locale\" content=\"fr_FR\" \/>\n<meta property=\"og:type\" content=\"article\" \/>\n<meta property=\"og:title\" content=\"parc \u00e9olien \u00e0 La\u00e2youne - MEDIA PLATEFORME | FR\" \/>\n<meta property=\"og:description\" content=\"YNNA et AMEA Power lancent un parc \u00e9olien de 100 MW \u00e0 La\u00e2youne. Un projet pour la transition \u00e9nerg\u00e9tique et la souverainet\u00e9 du Maroc.\" \/>\n<meta property=\"og:url\" content=\"https:\/\/www.mediaplateforme.com\/fr\/parc-eolien-a-laayoune\/\" \/>\n<meta property=\"og:site_name\" content=\"MEDIA PLATEFORME | FR\" \/>\n<meta property=\"article:published_time\" content=\"2025-06-20T13:03:19+00:00\" \/>\n<meta property=\"article:modified_time\" content=\"2025-06-20T13:03:29+00:00\" \/>\n<meta property=\"og:image\" content=\"https:\/\/www.mediaplateforme.com\/fr\/wp-content\/uploads\/sites\/5\/2025\/06\/Visuel-2.jpg\" \/>\n\t<meta property=\"og:image:width\" content=\"785\" \/>\n\t<meta property=\"og:image:height\" content=\"504\" \/>\n\t<meta property=\"og:image:type\" content=\"image\/jpeg\" \/>\n<meta name=\"author\" content=\"Mediaplateforme\" \/>\n<meta name=\"twitter:card\" content=\"summary_large_image\" \/>\n<meta name=\"twitter:label1\" content=\"\u00c9crit par\" \/>\n\t<meta name=\"twitter:data1\" content=\"Mediaplateforme\" \/>\n\t<meta name=\"twitter:label2\" content=\"Dur\u00e9e de lecture estim\u00e9e\" \/>\n\t<meta name=\"twitter:data2\" content=\"3 minutes\" \/>\n<script type=\"application\/ld+json\" class=\"yoast-schema-graph\">{\"@context\":\"https:\/\/schema.org\",\"@graph\":[{\"@type\":\"WebPage\",\"@id\":\"https:\/\/www.mediaplateforme.com\/fr\/parc-eolien-a-laayoune\/\",\"url\":\"https:\/\/www.mediaplateforme.com\/fr\/parc-eolien-a-laayoune\/\",\"name\":\"parc \u00e9olien \u00e0 La\u00e2youne - MEDIA PLATEFORME | FR\",\"isPartOf\":{\"@id\":\"https:\/\/www.mediaplateforme.com\/fr\/#website\"},\"datePublished\":\"2025-06-20T13:03:19+00:00\",\"dateModified\":\"2025-06-20T13:03:29+00:00\",\"author\":{\"@id\":\"https:\/\/www.mediaplateforme.com\/fr\/#\/schema\/person\/89833db382b5db2c76b094bc902aa12a\"},\"description\":\"YNNA et AMEA Power lancent un parc \u00e9olien de 100 MW \u00e0 La\u00e2youne. Un projet pour la transition \u00e9nerg\u00e9tique et la souverainet\u00e9 du Maroc.\",\"breadcrumb\":{\"@id\":\"https:\/\/www.mediaplateforme.com\/fr\/parc-eolien-a-laayoune\/#breadcrumb\"},\"inLanguage\":\"fr-FR\",\"potentialAction\":[{\"@type\":\"ReadAction\",\"target\":[\"https:\/\/www.mediaplateforme.com\/fr\/parc-eolien-a-laayoune\/\"]}]},{\"@type\":\"BreadcrumbList\",\"@id\":\"https:\/\/www.mediaplateforme.com\/fr\/parc-eolien-a-laayoune\/#breadcrumb\",\"itemListElement\":[{\"@type\":\"ListItem\",\"position\":1,\"name\":\"\u0627\u0644\u0631\u0626\u064a\u0633\u064a\u0629\",\"item\":\"https:\/\/www.mediaplateforme.com\/fr\/\"},{\"@type\":\"ListItem\",\"position\":2,\"name\":\"\u00c9nergies renouvelables : YNNA et AMEA Power lancent un ambitieux parc \u00e9olien \u00e0 La\u00e2youne\"}]},{\"@type\":\"WebSite\",\"@id\":\"https:\/\/www.mediaplateforme.com\/fr\/#website\",\"url\":\"https:\/\/www.mediaplateforme.com\/fr\/\",\"name\":\"MEDIA PLATEFORME | FR\",\"description\":\"Mediaplateforme sp\u00e9cialis\u00e9 dans la communication institutions publiques et des entreprises\",\"potentialAction\":[{\"@type\":\"SearchAction\",\"target\":{\"@type\":\"EntryPoint\",\"urlTemplate\":\"https:\/\/www.mediaplateforme.com\/fr\/?s={search_term_string}\"},\"query-input\":\"required name=search_term_string\"}],\"inLanguage\":\"fr-FR\"},{\"@type\":\"Person\",\"@id\":\"https:\/\/www.mediaplateforme.com\/fr\/#\/schema\/person\/89833db382b5db2c76b094bc902aa12a\",\"name\":\"Mediaplateforme\",\"image\":{\"@type\":\"ImageObject\",\"inLanguage\":\"fr-FR\",\"@id\":\"https:\/\/www.mediaplateforme.com\/fr\/#\/schema\/person\/image\/\",\"url\":\"https:\/\/secure.gravatar.com\/avatar\/6c9c02e8928cc65d54bf75157f7b3a2d06d7ad0494ca0951f679552ff03b34c1?s=96&d=mm&r=g\",\"contentUrl\":\"https:\/\/secure.gravatar.com\/avatar\/6c9c02e8928cc65d54bf75157f7b3a2d06d7ad0494ca0951f679552ff03b34c1?s=96&d=mm&r=g\",\"caption\":\"Mediaplateforme\"},\"sameAs\":[\"https:\/\/www.mediaplateforme.com\"],\"url\":\"https:\/\/www.mediaplateforme.com\/fr\/author\/mohamedladib\/\"}]}<\/script>\n<!-- \/ Yoast SEO plugin. -->","yoast_head_json":{"title":"parc \u00e9olien \u00e0 La\u00e2youne - MEDIA PLATEFORME | FR","description":"YNNA et AMEA Power lancent un parc \u00e9olien de 100 MW \u00e0 La\u00e2youne. Un projet pour la transition \u00e9nerg\u00e9tique et la souverainet\u00e9 du Maroc.","robots":{"index":"index","follow":"follow","max-snippet":"max-snippet:-1","max-image-preview":"max-image-preview:large","max-video-preview":"max-video-preview:-1"},"canonical":"https:\/\/www.mediaplateforme.com\/fr\/parc-eolien-a-laayoune\/","og_locale":"fr_FR","og_type":"article","og_title":"parc \u00e9olien \u00e0 La\u00e2youne - MEDIA PLATEFORME | FR","og_description":"YNNA et AMEA Power lancent un parc \u00e9olien de 100 MW \u00e0 La\u00e2youne. Un projet pour la transition \u00e9nerg\u00e9tique et la souverainet\u00e9 du Maroc.","og_url":"https:\/\/www.mediaplateforme.com\/fr\/parc-eolien-a-laayoune\/","og_site_name":"MEDIA PLATEFORME | FR","article_published_time":"2025-06-20T13:03:19+00:00","article_modified_time":"2025-06-20T13:03:29+00:00","og_image":[{"width":785,"height":504,"url":"https:\/\/www.mediaplateforme.com\/fr\/wp-content\/uploads\/sites\/5\/2025\/06\/Visuel-2.jpg","type":"image\/jpeg"}],"author":"Mediaplateforme","twitter_card":"summary_large_image","twitter_misc":{"\u00c9crit par":"Mediaplateforme","Dur\u00e9e de lecture estim\u00e9e":"3 minutes"},"schema":{"@context":"https:\/\/schema.org","@graph":[{"@type":"WebPage","@id":"https:\/\/www.mediaplateforme.com\/fr\/parc-eolien-a-laayoune\/","url":"https:\/\/www.mediaplateforme.com\/fr\/parc-eolien-a-laayoune\/","name":"parc \u00e9olien \u00e0 La\u00e2youne - MEDIA PLATEFORME | FR","isPartOf":{"@id":"https:\/\/www.mediaplateforme.com\/fr\/#website"},"datePublished":"2025-06-20T13:03:19+00:00","dateModified":"2025-06-20T13:03:29+00:00","author":{"@id":"https:\/\/www.mediaplateforme.com\/fr\/#\/schema\/person\/89833db382b5db2c76b094bc902aa12a"},"description":"YNNA et AMEA Power lancent un parc \u00e9olien de 100 MW \u00e0 La\u00e2youne. Un projet pour la transition \u00e9nerg\u00e9tique et la souverainet\u00e9 du Maroc.","breadcrumb":{"@id":"https:\/\/www.mediaplateforme.com\/fr\/parc-eolien-a-laayoune\/#breadcrumb"},"inLanguage":"fr-FR","potentialAction":[{"@type":"ReadAction","target":["https:\/\/www.mediaplateforme.com\/fr\/parc-eolien-a-laayoune\/"]}]},{"@type":"BreadcrumbList","@id":"https:\/\/www.mediaplateforme.com\/fr\/parc-eolien-a-laayoune\/#breadcrumb","itemListElement":[{"@type":"ListItem","position":1,"name":"\u0627\u0644\u0631\u0626\u064a\u0633\u064a\u0629","item":"https:\/\/www.mediaplateforme.com\/fr\/"},{"@type":"ListItem","position":2,"name":"\u00c9nergies renouvelables : YNNA et AMEA Power lancent un ambitieux parc \u00e9olien \u00e0 La\u00e2youne"}]},{"@type":"WebSite","@id":"https:\/\/www.mediaplateforme.com\/fr\/#website","url":"https:\/\/www.mediaplateforme.com\/fr\/","name":"MEDIA PLATEFORME | FR","description":"Mediaplateforme sp\u00e9cialis\u00e9 dans la communication institutions publiques et des entreprises","potentialAction":[{"@type":"SearchAction","target":{"@type":"EntryPoint","urlTemplate":"https:\/\/www.mediaplateforme.com\/fr\/?s={search_term_string}"},"query-input":"required name=search_term_string"}],"inLanguage":"fr-FR"},{"@type":"Person","@id":"https:\/\/www.mediaplateforme.com\/fr\/#\/schema\/person\/89833db382b5db2c76b094bc902aa12a","name":"Mediaplateforme","image":{"@type":"ImageObject","inLanguage":"fr-FR","@id":"https:\/\/www.mediaplateforme.com\/fr\/#\/schema\/person\/image\/","url":"https:\/\/secure.gravatar.com\/avatar\/6c9c02e8928cc65d54bf75157f7b3a2d06d7ad0494ca0951f679552ff03b34c1?s=96&d=mm&r=g","contentUrl":"https:\/\/secure.gravatar.com\/avatar\/6c9c02e8928cc65d54bf75157f7b3a2d06d7ad0494ca0951f679552ff03b34c1?s=96&d=mm&r=g","caption":"Mediaplateforme"},"sameAs":["https:\/\/www.mediaplateforme.com"],"url":"https:\/\/www.mediaplateforme.com\/fr\/author\/mohamedladib\/"}]}},"_links":{"self":[{"href":"https:\/\/www.mediaplateforme.com\/fr\/wp-json\/wp\/v2\/posts\/7280","targetHints":{"allow":["GET"]}}],"collection":[{"href":"https:\/\/www.mediaplateforme.com\/fr\/wp-json\/wp\/v2\/posts"}],"about":[{"href":"https:\/\/www.mediaplateforme.com\/fr\/wp-json\/wp\/v2\/types\/post"}],"author":[{"embeddable":true,"href":"https:\/\/www.mediaplateforme.com\/fr\/wp-json\/wp\/v2\/users\/1"}],"replies":[{"embeddable":true,"href":"https:\/\/www.mediaplateforme.com\/fr\/wp-json\/wp\/v2\/comments?post=7280"}],"version-history":[{"count":3,"href":"https:\/\/www.mediaplateforme.com\/fr\/wp-json\/wp\/v2\/posts\/7280\/revisions"}],"predecessor-version":[{"id":7284,"href":"https:\/\/www.mediaplateforme.com\/fr\/wp-json\/wp\/v2\/posts\/7280\/revisions\/7284"}],"wp:featuredmedia":[{"embeddable":true,"href":"https:\/\/www.mediaplateforme.com\/fr\/wp-json\/wp\/v2\/media\/7281"}],"wp:attachment":[{"href":"https:\/\/www.mediaplateforme.com\/fr\/wp-json\/wp\/v2\/media?parent=7280"}],"wp:term":[{"taxonomy":"category","embeddable":true,"href":"https:\/\/www.mediaplateforme.com\/fr\/wp-json\/wp\/v2\/categories?post=7280"},{"taxonomy":"post_tag","embeddable":true,"href":"https:\/\/www.mediaplateforme.com\/fr\/wp-json\/wp\/v2\/tags?post=7280"}],"curies":[{"name":"wp","href":"https:\/\/api.w.org\/{rel}","templated":true}]}}