{"id":7276,"date":"2025-06-19T18:28:45","date_gmt":"2025-06-19T17:28:45","guid":{"rendered":"https:\/\/www.mediaplateforme.com\/fr\/?p=7276"},"modified":"2025-06-19T19:04:17","modified_gmt":"2025-06-19T18:04:17","slug":"gouvernance-de-maroc-telecom","status":"publish","type":"post","link":"https:\/\/www.mediaplateforme.com\/fr\/gouvernance-de-maroc-telecom\/","title":{"rendered":"Maroc Telecom adopte un nouveau mod\u00e8le de gouvernance pour renforcer son efficacit\u00e9 strat\u00e9gique"},"content":{"rendered":"<p>&nbsp;<\/p>\n<p>Un tournant structurel majeur s\u2019op\u00e8re au sein du g\u00e9ant des t\u00e9l\u00e9communications marocain. Le Conseil d\u2019Administration de Maroc Telecom a officiellement ent\u00e9rin\u00e9, lors de sa r\u00e9union du 19 juin 2025, un changement fondamental de sa gouvernance. En effet, le Groupe a act\u00e9 la transition d\u2019un mod\u00e8le dualiste (Conseil de Surveillance \/ Directoire) vers un mod\u00e8le de gouvernance unifi\u00e9e, centr\u00e9 sur un Conseil d\u2019Administration, conform\u00e9ment aux dispositions l\u00e9gales en vigueur au Maroc.<\/p>\n<p>Cette \u00e9volution organisationnelle, d\u00e9cid\u00e9e lors de l\u2019Assembl\u00e9e G\u00e9n\u00e9rale Extraordinaire tenue la veille, le 18 juin, s\u2019inscrit dans une dynamique de transformation acc\u00e9l\u00e9r\u00e9e que conna\u00eet l\u2019entreprise. Elle vise \u00e0 am\u00e9liorer l\u2019agilit\u00e9 d\u00e9cisionnelle, renforcer la coh\u00e9rence strat\u00e9gique et assurer une gouvernance int\u00e9gr\u00e9e, en phase avec les standards de performance et de transparence attendus des grandes entreprises cot\u00e9es.<\/p>\n<h3>Continuit\u00e9 strat\u00e9gique avec une nouvelle structure<\/h3>\n<p>Le nouveau Conseil d\u2019Administration est compos\u00e9 des anciens membres du Conseil de Surveillance, ce qui garantit une transition fluide et sans rupture dans la supervision des orientations strat\u00e9giques du Groupe. Cette continuit\u00e9 t\u00e9moigne de la volont\u00e9 de Maroc Telecom d\u2019allier stabilit\u00e9 et r\u00e9forme, en valorisant l\u2019exp\u00e9rience acquise tout en consolidant son architecture d\u00e9cisionnelle.<\/p>\n<p>Au c\u0153ur de cette transformation, Monsieur <a href=\"https:\/\/www.mediaplateforme.com\/fr\/benchaaboun-ahizoune-maroc-telecom\/\">Mohamed Bencha\u00e2boun<\/a> a \u00e9t\u00e9 confirm\u00e9 Directeur G\u00e9n\u00e9ral du Groupe Maroc Telecom. Ce dernier exer\u00e7ait jusqu\u2019alors la fonction de Pr\u00e9sident du Directoire. Cette reconduction \u00e0 la t\u00eate op\u00e9rationnelle du Groupe incarne un choix strat\u00e9gique fort, alliant expertise institutionnelle et capacit\u00e9 \u00e0 piloter le changement.<\/p>\n<h3>Vers une gouvernance plus r\u00e9active et cr\u00e9atrice de valeur<\/h3>\n<p>Avec ce nouveau mode de gouvernance, Maroc Telecom ambitionne de gagner en r\u00e9activit\u00e9 face aux d\u00e9fis du march\u00e9 des t\u00e9l\u00e9communications, marqu\u00e9 par une forte comp\u00e9titivit\u00e9, des \u00e9volutions technologiques rapides et des attentes soci\u00e9tales croissantes en mati\u00e8re d\u2019inclusion num\u00e9rique et de responsabilit\u00e9 sociale.<\/p>\n<p>L&rsquo;entreprise affirme ainsi son engagement envers une gouvernance exemplaire, ax\u00e9e sur la performance durable, l\u2019innovation continue et la cr\u00e9ation de valeur pour toutes ses parties prenantes : actionnaires, clients, collaborateurs et partenaires institutionnels.<\/p>\n<h3>Une strat\u00e9gie align\u00e9e avec les priorit\u00e9s nationales<\/h3>\n<p>Ce changement intervient dans un contexte \u00e9conomique o\u00f9 le Maroc renforce sa souverainet\u00e9 num\u00e9rique et cherche \u00e0 positionner ses champions industriels comme catalyseurs de croissance inclusive. Maroc Telecom, en tant qu\u2019acteur strat\u00e9gique du num\u00e9rique national et r\u00e9gional, adapte sa structure pour mieux accompagner les politiques publiques, notamment en mati\u00e8re de connectivit\u00e9, de transformation digitale et de d\u00e9veloppement des infrastructures intelligentes.<\/p>\n<p>La r\u00e9forme de la <strong>gouvernance de Maroc Telecom<\/strong> ne constitue pas simplement une \u00e9volution institutionnelle, mais bien une d\u00e9cision strat\u00e9gique ambitieuse. En adoptant une gouvernance unifi\u00e9e, le Groupe fait le choix de la modernit\u00e9, de la clart\u00e9 des responsabilit\u00e9s et d\u2019une gestion plus coh\u00e9rente dans un environnement en mutation rapide. Avec Mohamed Bencha\u00e2boun \u00e0 sa t\u00eate, l\u2019op\u00e9rateur t\u00e9l\u00e9com se dote des moyens humains et organisationnels pour relever les d\u00e9fis futurs et consolider son r\u00f4le de leader dans l\u2019\u00e9cosyst\u00e8me num\u00e9rique national et africain.<\/p>\n","protected":false},"excerpt":{"rendered":"<p>&nbsp; Un tournant structurel majeur s\u2019op\u00e8re au sein du g\u00e9ant des t\u00e9l\u00e9communications marocain. Le Conseil<\/p>\n","protected":false},"author":1,"featured_media":7117,"comment_status":"open","ping_status":"open","sticky":false,"template":"","format":"standard","meta":{"_acf_changed":false,"footnotes":""},"categories":[5,3],"tags":[1698,3651,3646,3652,3650,2931,3649,3647,3648,268],"class_list":["post-7276","post","type-post","status-publish","format-standard","has-post-thumbnail","hentry","category-tech","category-nouvelles-selectionnees","tag-conseil-dadministration","tag-gouvernance-dentreprise","tag-gouvernance-maroc-telecom","tag-marche-telecoms-marocain","tag-modele-unifie","tag-mohamed-benchaaboun","tag-reforme-entreprises","tag-strategie-maroc-telecom","tag-telecoms-maroc","tag-transformation-numerique"],"acf":[],"yoast_head":"<!-- This site is optimized with the Yoast SEO plugin v22.0 - https:\/\/yoast.com\/wordpress\/plugins\/seo\/ -->\n<title>gouvernance de Maroc Telecom - MEDIA PLATEFORME | FR<\/title>\n<meta name=\"description\" content=\"Maroc Telecom adopte une gouvernance unifi\u00e9e avec Mohamed Bencha\u00e2boun confirm\u00e9 \u00e0 la direction. pour une performance accrue\" \/>\n<meta name=\"robots\" content=\"index, follow, max-snippet:-1, max-image-preview:large, max-video-preview:-1\" \/>\n<link rel=\"canonical\" href=\"https:\/\/www.mediaplateforme.com\/fr\/gouvernance-de-maroc-telecom\/\" \/>\n<meta property=\"og:locale\" content=\"fr_FR\" \/>\n<meta property=\"og:type\" content=\"article\" \/>\n<meta property=\"og:title\" content=\"gouvernance de Maroc Telecom - MEDIA PLATEFORME | FR\" \/>\n<meta property=\"og:description\" content=\"Maroc Telecom adopte une gouvernance unifi\u00e9e avec Mohamed Bencha\u00e2boun confirm\u00e9 \u00e0 la direction. pour une performance accrue\" \/>\n<meta property=\"og:url\" content=\"https:\/\/www.mediaplateforme.com\/fr\/gouvernance-de-maroc-telecom\/\" \/>\n<meta property=\"og:site_name\" content=\"MEDIA PLATEFORME | FR\" \/>\n<meta property=\"article:published_time\" content=\"2025-06-19T17:28:45+00:00\" \/>\n<meta property=\"article:modified_time\" content=\"2025-06-19T18:04:17+00:00\" \/>\n<meta property=\"og:image\" content=\"https:\/\/www.mediaplateforme.com\/fr\/wp-content\/uploads\/sites\/5\/2025\/04\/Offres-fibre-optique-inwi-2025-3.jpg\" \/>\n\t<meta property=\"og:image:width\" content=\"1280\" \/>\n\t<meta property=\"og:image:height\" content=\"720\" \/>\n\t<meta property=\"og:image:type\" content=\"image\/jpeg\" \/>\n<meta name=\"author\" content=\"Mediaplateforme\" \/>\n<meta name=\"twitter:card\" content=\"summary_large_image\" \/>\n<meta name=\"twitter:label1\" content=\"\u00c9crit par\" \/>\n\t<meta name=\"twitter:data1\" content=\"Mediaplateforme\" \/>\n\t<meta name=\"twitter:label2\" content=\"Dur\u00e9e de lecture estim\u00e9e\" \/>\n\t<meta name=\"twitter:data2\" content=\"3 minutes\" \/>\n<script type=\"application\/ld+json\" class=\"yoast-schema-graph\">{\"@context\":\"https:\/\/schema.org\",\"@graph\":[{\"@type\":\"WebPage\",\"@id\":\"https:\/\/www.mediaplateforme.com\/fr\/gouvernance-de-maroc-telecom\/\",\"url\":\"https:\/\/www.mediaplateforme.com\/fr\/gouvernance-de-maroc-telecom\/\",\"name\":\"gouvernance de Maroc Telecom - MEDIA PLATEFORME | FR\",\"isPartOf\":{\"@id\":\"https:\/\/www.mediaplateforme.com\/fr\/#website\"},\"datePublished\":\"2025-06-19T17:28:45+00:00\",\"dateModified\":\"2025-06-19T18:04:17+00:00\",\"author\":{\"@id\":\"https:\/\/www.mediaplateforme.com\/fr\/#\/schema\/person\/89833db382b5db2c76b094bc902aa12a\"},\"description\":\"Maroc Telecom adopte une gouvernance unifi\u00e9e avec Mohamed Bencha\u00e2boun confirm\u00e9 \u00e0 la direction. pour une performance accrue\",\"breadcrumb\":{\"@id\":\"https:\/\/www.mediaplateforme.com\/fr\/gouvernance-de-maroc-telecom\/#breadcrumb\"},\"inLanguage\":\"fr-FR\",\"potentialAction\":[{\"@type\":\"ReadAction\",\"target\":[\"https:\/\/www.mediaplateforme.com\/fr\/gouvernance-de-maroc-telecom\/\"]}]},{\"@type\":\"BreadcrumbList\",\"@id\":\"https:\/\/www.mediaplateforme.com\/fr\/gouvernance-de-maroc-telecom\/#breadcrumb\",\"itemListElement\":[{\"@type\":\"ListItem\",\"position\":1,\"name\":\"\u0627\u0644\u0631\u0626\u064a\u0633\u064a\u0629\",\"item\":\"https:\/\/www.mediaplateforme.com\/fr\/\"},{\"@type\":\"ListItem\",\"position\":2,\"name\":\"Maroc Telecom adopte un nouveau mod\u00e8le de gouvernance pour renforcer son efficacit\u00e9 strat\u00e9gique\"}]},{\"@type\":\"WebSite\",\"@id\":\"https:\/\/www.mediaplateforme.com\/fr\/#website\",\"url\":\"https:\/\/www.mediaplateforme.com\/fr\/\",\"name\":\"MEDIA PLATEFORME | FR\",\"description\":\"Mediaplateforme sp\u00e9cialis\u00e9 dans la communication institutions publiques et des entreprises\",\"potentialAction\":[{\"@type\":\"SearchAction\",\"target\":{\"@type\":\"EntryPoint\",\"urlTemplate\":\"https:\/\/www.mediaplateforme.com\/fr\/?s={search_term_string}\"},\"query-input\":\"required name=search_term_string\"}],\"inLanguage\":\"fr-FR\"},{\"@type\":\"Person\",\"@id\":\"https:\/\/www.mediaplateforme.com\/fr\/#\/schema\/person\/89833db382b5db2c76b094bc902aa12a\",\"name\":\"Mediaplateforme\",\"image\":{\"@type\":\"ImageObject\",\"inLanguage\":\"fr-FR\",\"@id\":\"https:\/\/www.mediaplateforme.com\/fr\/#\/schema\/person\/image\/\",\"url\":\"https:\/\/secure.gravatar.com\/avatar\/6c9c02e8928cc65d54bf75157f7b3a2d06d7ad0494ca0951f679552ff03b34c1?s=96&d=mm&r=g\",\"contentUrl\":\"https:\/\/secure.gravatar.com\/avatar\/6c9c02e8928cc65d54bf75157f7b3a2d06d7ad0494ca0951f679552ff03b34c1?s=96&d=mm&r=g\",\"caption\":\"Mediaplateforme\"},\"sameAs\":[\"https:\/\/www.mediaplateforme.com\"],\"url\":\"https:\/\/www.mediaplateforme.com\/fr\/author\/mohamedladib\/\"}]}<\/script>\n<!-- \/ Yoast SEO plugin. -->","yoast_head_json":{"title":"gouvernance de Maroc Telecom - MEDIA PLATEFORME | FR","description":"Maroc Telecom adopte une gouvernance unifi\u00e9e avec Mohamed Bencha\u00e2boun confirm\u00e9 \u00e0 la direction. pour une performance accrue","robots":{"index":"index","follow":"follow","max-snippet":"max-snippet:-1","max-image-preview":"max-image-preview:large","max-video-preview":"max-video-preview:-1"},"canonical":"https:\/\/www.mediaplateforme.com\/fr\/gouvernance-de-maroc-telecom\/","og_locale":"fr_FR","og_type":"article","og_title":"gouvernance de Maroc Telecom - MEDIA PLATEFORME | FR","og_description":"Maroc Telecom adopte une gouvernance unifi\u00e9e avec Mohamed Bencha\u00e2boun confirm\u00e9 \u00e0 la direction. pour une performance accrue","og_url":"https:\/\/www.mediaplateforme.com\/fr\/gouvernance-de-maroc-telecom\/","og_site_name":"MEDIA PLATEFORME | FR","article_published_time":"2025-06-19T17:28:45+00:00","article_modified_time":"2025-06-19T18:04:17+00:00","og_image":[{"width":1280,"height":720,"url":"https:\/\/www.mediaplateforme.com\/fr\/wp-content\/uploads\/sites\/5\/2025\/04\/Offres-fibre-optique-inwi-2025-3.jpg","type":"image\/jpeg"}],"author":"Mediaplateforme","twitter_card":"summary_large_image","twitter_misc":{"\u00c9crit par":"Mediaplateforme","Dur\u00e9e de lecture estim\u00e9e":"3 minutes"},"schema":{"@context":"https:\/\/schema.org","@graph":[{"@type":"WebPage","@id":"https:\/\/www.mediaplateforme.com\/fr\/gouvernance-de-maroc-telecom\/","url":"https:\/\/www.mediaplateforme.com\/fr\/gouvernance-de-maroc-telecom\/","name":"gouvernance de Maroc Telecom - MEDIA PLATEFORME | FR","isPartOf":{"@id":"https:\/\/www.mediaplateforme.com\/fr\/#website"},"datePublished":"2025-06-19T17:28:45+00:00","dateModified":"2025-06-19T18:04:17+00:00","author":{"@id":"https:\/\/www.mediaplateforme.com\/fr\/#\/schema\/person\/89833db382b5db2c76b094bc902aa12a"},"description":"Maroc Telecom adopte une gouvernance unifi\u00e9e avec Mohamed Bencha\u00e2boun confirm\u00e9 \u00e0 la direction. pour une performance accrue","breadcrumb":{"@id":"https:\/\/www.mediaplateforme.com\/fr\/gouvernance-de-maroc-telecom\/#breadcrumb"},"inLanguage":"fr-FR","potentialAction":[{"@type":"ReadAction","target":["https:\/\/www.mediaplateforme.com\/fr\/gouvernance-de-maroc-telecom\/"]}]},{"@type":"BreadcrumbList","@id":"https:\/\/www.mediaplateforme.com\/fr\/gouvernance-de-maroc-telecom\/#breadcrumb","itemListElement":[{"@type":"ListItem","position":1,"name":"\u0627\u0644\u0631\u0626\u064a\u0633\u064a\u0629","item":"https:\/\/www.mediaplateforme.com\/fr\/"},{"@type":"ListItem","position":2,"name":"Maroc Telecom adopte un nouveau mod\u00e8le de gouvernance pour renforcer son efficacit\u00e9 strat\u00e9gique"}]},{"@type":"WebSite","@id":"https:\/\/www.mediaplateforme.com\/fr\/#website","url":"https:\/\/www.mediaplateforme.com\/fr\/","name":"MEDIA PLATEFORME | FR","description":"Mediaplateforme sp\u00e9cialis\u00e9 dans la communication institutions publiques et des entreprises","potentialAction":[{"@type":"SearchAction","target":{"@type":"EntryPoint","urlTemplate":"https:\/\/www.mediaplateforme.com\/fr\/?s={search_term_string}"},"query-input":"required name=search_term_string"}],"inLanguage":"fr-FR"},{"@type":"Person","@id":"https:\/\/www.mediaplateforme.com\/fr\/#\/schema\/person\/89833db382b5db2c76b094bc902aa12a","name":"Mediaplateforme","image":{"@type":"ImageObject","inLanguage":"fr-FR","@id":"https:\/\/www.mediaplateforme.com\/fr\/#\/schema\/person\/image\/","url":"https:\/\/secure.gravatar.com\/avatar\/6c9c02e8928cc65d54bf75157f7b3a2d06d7ad0494ca0951f679552ff03b34c1?s=96&d=mm&r=g","contentUrl":"https:\/\/secure.gravatar.com\/avatar\/6c9c02e8928cc65d54bf75157f7b3a2d06d7ad0494ca0951f679552ff03b34c1?s=96&d=mm&r=g","caption":"Mediaplateforme"},"sameAs":["https:\/\/www.mediaplateforme.com"],"url":"https:\/\/www.mediaplateforme.com\/fr\/author\/mohamedladib\/"}]}},"_links":{"self":[{"href":"https:\/\/www.mediaplateforme.com\/fr\/wp-json\/wp\/v2\/posts\/7276","targetHints":{"allow":["GET"]}}],"collection":[{"href":"https:\/\/www.mediaplateforme.com\/fr\/wp-json\/wp\/v2\/posts"}],"about":[{"href":"https:\/\/www.mediaplateforme.com\/fr\/wp-json\/wp\/v2\/types\/post"}],"author":[{"embeddable":true,"href":"https:\/\/www.mediaplateforme.com\/fr\/wp-json\/wp\/v2\/users\/1"}],"replies":[{"embeddable":true,"href":"https:\/\/www.mediaplateforme.com\/fr\/wp-json\/wp\/v2\/comments?post=7276"}],"version-history":[{"count":1,"href":"https:\/\/www.mediaplateforme.com\/fr\/wp-json\/wp\/v2\/posts\/7276\/revisions"}],"predecessor-version":[{"id":7277,"href":"https:\/\/www.mediaplateforme.com\/fr\/wp-json\/wp\/v2\/posts\/7276\/revisions\/7277"}],"wp:featuredmedia":[{"embeddable":true,"href":"https:\/\/www.mediaplateforme.com\/fr\/wp-json\/wp\/v2\/media\/7117"}],"wp:attachment":[{"href":"https:\/\/www.mediaplateforme.com\/fr\/wp-json\/wp\/v2\/media?parent=7276"}],"wp:term":[{"taxonomy":"category","embeddable":true,"href":"https:\/\/www.mediaplateforme.com\/fr\/wp-json\/wp\/v2\/categories?post=7276"},{"taxonomy":"post_tag","embeddable":true,"href":"https:\/\/www.mediaplateforme.com\/fr\/wp-json\/wp\/v2\/tags?post=7276"}],"curies":[{"name":"wp","href":"https:\/\/api.w.org\/{rel}","templated":true}]}}