{"id":7266,"date":"2025-06-18T11:04:32","date_gmt":"2025-06-18T10:04:32","guid":{"rendered":"https:\/\/www.mediaplateforme.com\/fr\/?p=7266"},"modified":"2025-06-18T11:04:42","modified_gmt":"2025-06-18T10:04:42","slug":"partenariat-boeing-maroc-acme","status":"publish","type":"post","link":"https:\/\/www.mediaplateforme.com\/fr\/partenariat-boeing-maroc-acme\/","title":{"rendered":"\u00a0Boeing et l\u2019UM6P unissent leurs forces pour booster l\u2019innovation industrielle au Maroc"},"content":{"rendered":"<p data-start=\"747\" data-end=\"1209\"><span class=\"_fadeIn_m1hgl_8\">Le <\/span><span class=\"_fadeIn_m1hgl_8\">g\u00e9ant <\/span><span class=\"_fadeIn_m1hgl_8\">de <\/span><span class=\"_fadeIn_m1hgl_8\">l\u2019a\u00e9ronautique <\/span><span class=\"_fadeIn_m1hgl_8\">am\u00e9ricain <\/span><span class=\"_fadeIn_m1hgl_8\">Boeing [<\/span><a href=\"https:\/\/www.mediaplateforme.com\/fr\/boeing-casablanca-aeronautique-737-max\/\"><span class=\"_fadeIn_m1hgl_8\">NYSE : <\/span><\/a><span class=\"_fadeIn_m1hgl_8\">BA]<\/span> <span class=\"_fadeIn_m1hgl_8\">renforce <\/span><span class=\"_fadeIn_m1hgl_8\">sa <\/span><span class=\"_fadeIn_m1hgl_8\">pr\u00e9sence <\/span><span class=\"_fadeIn_m1hgl_8\">au <\/span><span class=\"_fadeIn_m1hgl_8\">Maroc <\/span><span class=\"_fadeIn_m1hgl_8\">en <\/span><span class=\"_fadeIn_m1hgl_8\">concluant <\/span><span class=\"_fadeIn_m1hgl_8\">un <\/span><span class=\"_fadeIn_m1hgl_8\">partenariat <\/span><span class=\"_fadeIn_m1hgl_8\">strat\u00e9gique <\/span><span class=\"_fadeIn_m1hgl_8\">avec <\/span><span class=\"_fadeIn_m1hgl_8\">l\u2019Africa <\/span><span class=\"_fadeIn_m1hgl_8\">Center <\/span><span class=\"_fadeIn_m1hgl_8\">of <\/span><span class=\"_fadeIn_m1hgl_8\">Manufacturing <\/span><span class=\"_fadeIn_m1hgl_8\">Excellence (<\/span><span class=\"_fadeIn_m1hgl_8\">ACME)<\/span><span class=\"_fadeIn_m1hgl_8\">, <\/span><span class=\"_fadeIn_m1hgl_8\">centre <\/span><span class=\"_fadeIn_m1hgl_8\">de <\/span><span class=\"_fadeIn_m1hgl_8\">recherche <\/span><span class=\"_fadeIn_m1hgl_8\">appliqu\u00e9e <\/span><span class=\"_fadeIn_m1hgl_8\">rattach\u00e9 <\/span><span class=\"_fadeIn_m1hgl_8\">\u00e0 <\/span><span class=\"_fadeIn_m1hgl_8\">l\u2019Universit\u00e9 <\/span><span class=\"_fadeIn_m1hgl_8\">Mohammed <\/span><span class=\"_fadeIn_m1hgl_8\">VI <\/span><span class=\"_fadeIn_m1hgl_8\">Polytechnique (<\/span><span class=\"_fadeIn_m1hgl_8\">UM6P). <\/span><span class=\"_fadeIn_m1hgl_8\">Ce <\/span><span class=\"_fadeIn_m1hgl_8\">rapprochement <\/span><span class=\"_fadeIn_m1hgl_8\">vise <\/span><span class=\"_fadeIn_m1hgl_8\">\u00e0 <\/span><span class=\"_fadeIn_m1hgl_8\">promouvoir <\/span><span class=\"_fadeIn_m1hgl_8\">l\u2019innovation <\/span><span class=\"_fadeIn_m1hgl_8\">industrielle, <\/span><span class=\"_fadeIn_m1hgl_8\">\u00e0 <\/span><span class=\"_fadeIn_m1hgl_8\">d\u00e9velopper <\/span><span class=\"_fadeIn_m1hgl_8\">des <\/span><span class=\"_fadeIn_m1hgl_8\">technologies <\/span><span class=\"_fadeIn_m1hgl_8\">de <\/span><span class=\"_fadeIn_m1hgl_8\">production <\/span><span class=\"_fadeIn_m1hgl_8\">avanc\u00e9es <\/span><span class=\"_fadeIn_m1hgl_8\">et <\/span><span class=\"_fadeIn_m1hgl_8\">\u00e0 <\/span><span class=\"_fadeIn_m1hgl_8\">former <\/span><span class=\"_fadeIn_m1hgl_8\">une <\/span><span class=\"_fadeIn_m1hgl_8\">main-<\/span><span class=\"_fadeIn_m1hgl_8\">d\u2019\u0153uvre <\/span><span class=\"_fadeIn_m1hgl_8\">hautement <\/span><span class=\"_fadeIn_m1hgl_8\">qualifi\u00e9e <\/span><span class=\"_fadeIn_m1hgl_8\">au <\/span><span class=\"_fadeIn_m1hgl_8\">sein <\/span><span class=\"_fadeIn_m1hgl_8\">du <\/span><span class=\"_fadeIn_m1hgl_8\">royaume.<\/span><\/p>\n<h3 data-start=\"1216\" data-end=\"1269\"><span class=\"_fadeIn_m1hgl_8\">\u00a0 \u00a0<\/span><strong data-start=\"1223\" data-end=\"1269\"><span class=\"_fadeIn_m1hgl_8\">Un <\/span><span class=\"_fadeIn_m1hgl_8\">partenariat <\/span><span class=\"_fadeIn_m1hgl_8\">technologique <\/span><span class=\"_fadeIn_m1hgl_8\">\u00e0 <\/span><span class=\"_fadeIn_m1hgl_8\">fort <\/span><span class=\"_fadeIn_m1hgl_8\">impact<\/span><\/strong><\/h3>\n<p data-start=\"1271\" data-end=\"1613\"><span class=\"_fadeIn_m1hgl_8\">\u00ab <\/span><span class=\"_fadeIn_m1hgl_8\">Nous <\/span><span class=\"_fadeIn_m1hgl_8\">sommes <\/span><span class=\"_fadeIn_m1hgl_8\">heureux <\/span><span class=\"_fadeIn_m1hgl_8\">de <\/span><span class=\"_fadeIn_m1hgl_8\">formaliser <\/span><span class=\"_fadeIn_m1hgl_8\">notre <\/span><span class=\"_fadeIn_m1hgl_8\">collaboration <\/span><span class=\"_fadeIn_m1hgl_8\">avec <\/span><span class=\"_fadeIn_m1hgl_8\">ACME, <\/span><span class=\"_fadeIn_m1hgl_8\">qui <\/span><span class=\"_fadeIn_m1hgl_8\">repr\u00e9sente <\/span><span class=\"_fadeIn_m1hgl_8\">une <\/span><span class=\"_fadeIn_m1hgl_8\">avanc\u00e9e <\/span><span class=\"_fadeIn_m1hgl_8\">significative <\/span><span class=\"_fadeIn_m1hgl_8\">dans <\/span><span class=\"_fadeIn_m1hgl_8\">nos <\/span><span class=\"_fadeIn_m1hgl_8\">efforts <\/span><span class=\"_fadeIn_m1hgl_8\">visant <\/span><span class=\"_fadeIn_m1hgl_8\">\u00e0 <\/span><span class=\"_fadeIn_m1hgl_8\">soutenir <\/span><span class=\"_fadeIn_m1hgl_8\">la <\/span><span class=\"_fadeIn_m1hgl_8\">croissance <\/span><span class=\"_fadeIn_m1hgl_8\">de <\/span><span class=\"_fadeIn_m1hgl_8\">l\u2019industrie <\/span><span class=\"_fadeIn_m1hgl_8\">a\u00e9ronautique <\/span><span class=\"_fadeIn_m1hgl_8\">au <\/span><span class=\"_fadeIn_m1hgl_8\">Maroc \u00bb, <\/span><span class=\"_fadeIn_m1hgl_8\">a <\/span><span class=\"_fadeIn_m1hgl_8\">soulign\u00e9 <\/span><span class=\"_fadeIn_m1hgl_8\">Vince <\/span><span class=\"_fadeIn_m1hgl_8\">Logsdon<\/span><span class=\"_fadeIn_m1hgl_8\">, <\/span><span class=\"_fadeIn_m1hgl_8\">vice-<\/span><span class=\"_fadeIn_m1hgl_8\">pr\u00e9sident <\/span><span class=\"_fadeIn_m1hgl_8\">du <\/span><span class=\"_fadeIn_m1hgl_8\">d\u00e9veloppement <\/span><span class=\"_fadeIn_m1hgl_8\">commercial <\/span><span class=\"_fadeIn_m1hgl_8\">international <\/span><span class=\"_fadeIn_m1hgl_8\">chez <\/span><span class=\"_fadeIn_m1hgl_8\">Boeing <\/span><span class=\"_fadeIn_m1hgl_8\">Defense, <\/span><span class=\"_fadeIn_m1hgl_8\">Space &amp; <\/span><span class=\"_fadeIn_m1hgl_8\">Security <\/span><span class=\"_fadeIn_m1hgl_8\">and <\/span><span class=\"_fadeIn_m1hgl_8\">Global <\/span><span class=\"_fadeIn_m1hgl_8\">Services.<\/span><\/p>\n<p data-start=\"1615\" data-end=\"1847\"><span class=\"_fadeIn_m1hgl_8\">Ce <\/span><span class=\"_fadeIn_m1hgl_8\">partenariat <\/span><span class=\"_fadeIn_m1hgl_8\">Boeing <\/span><span class=\"_fadeIn_m1hgl_8\">Maroc <\/span><span class=\"_fadeIn_m1hgl_8\">ACME<\/span> <span class=\"_fadeIn_m1hgl_8\">ouvre <\/span><span class=\"_fadeIn_m1hgl_8\">la <\/span><span class=\"_fadeIn_m1hgl_8\">voie <\/span><span class=\"_fadeIn_m1hgl_8\">\u00e0 <\/span><span class=\"_fadeIn_m1hgl_8\">une <\/span><span class=\"_fadeIn_m1hgl_8\">coop\u00e9ration <\/span><span class=\"_fadeIn_m1hgl_8\">approfondie <\/span><span class=\"_fadeIn_m1hgl_8\">en <\/span><span class=\"_fadeIn_m1hgl_8\">mati\u00e8re <\/span><span class=\"_fadeIn_m1hgl_8\">de <\/span><span class=\"_fadeIn_m1hgl_8\">recherche <\/span><span class=\"_fadeIn_m1hgl_8\">appliqu\u00e9e, <\/span><span class=\"_fadeIn_m1hgl_8\">transfert <\/span><span class=\"_fadeIn_m1hgl_8\">de <\/span><span class=\"_fadeIn_m1hgl_8\">technologie, <\/span><span class=\"_fadeIn_m1hgl_8\">co-<\/span><span class=\"_fadeIn_m1hgl_8\">d\u00e9veloppement <\/span><span class=\"_fadeIn_m1hgl_8\">de <\/span><span class=\"_fadeIn_m1hgl_8\">solutions <\/span><span class=\"_fadeIn_m1hgl_8\">industrielles<\/span> <span class=\"_fadeIn_m1hgl_8\">et <\/span><span class=\"_fadeIn_m1hgl_8\">renforcement <\/span><span class=\"_fadeIn_m1hgl_8\">des <\/span><span class=\"_fadeIn_m1hgl_8\">capacit\u00e9s <\/span><span class=\"_fadeIn_m1hgl_8\">locales<\/span><span class=\"_fadeIn_m1hgl_8\">.<\/span><\/p>\n<h3 data-start=\"1854\" data-end=\"1913\"><span class=\"_fadeIn_m1hgl_8\">\u00a0 <\/span><strong data-start=\"1861\" data-end=\"1913\"><span class=\"_fadeIn_m1hgl_8\">Une <\/span><span class=\"_fadeIn_m1hgl_8\">vision <\/span><span class=\"_fadeIn_m1hgl_8\">partag\u00e9e <\/span><span class=\"_fadeIn_m1hgl_8\">entre <\/span><span class=\"_fadeIn_m1hgl_8\">industrie <\/span><span class=\"_fadeIn_m1hgl_8\">et <\/span><span class=\"_fadeIn_m1hgl_8\">formation<\/span><\/strong><\/h3>\n<p data-start=\"1915\" data-end=\"2297\"><span class=\"_fadeIn_m1hgl_8\">Pour <\/span><span class=\"_fadeIn_m1hgl_8\">Hicham <\/span><span class=\"_fadeIn_m1hgl_8\">El <\/span><span class=\"_fadeIn_m1hgl_8\">Habti<\/span><span class=\"_fadeIn_m1hgl_8\">, <\/span><span class=\"_fadeIn_m1hgl_8\">pr\u00e9sident <\/span><span class=\"_fadeIn_m1hgl_8\">de <\/span><span class=\"_fadeIn_m1hgl_8\">l\u2019UM6P, <\/span><span class=\"_fadeIn_m1hgl_8\">cette <\/span><span class=\"_fadeIn_m1hgl_8\">alliance <\/span><span class=\"_fadeIn_m1hgl_8\">symbolise \u00ab <\/span><span class=\"_fadeIn_m1hgl_8\">une <\/span><span class=\"_fadeIn_m1hgl_8\">vision <\/span><span class=\"_fadeIn_m1hgl_8\">commune <\/span><span class=\"_fadeIn_m1hgl_8\">autour <\/span><span class=\"_fadeIn_m1hgl_8\">de <\/span><span class=\"_fadeIn_m1hgl_8\">l\u2019innovation <\/span><span class=\"_fadeIn_m1hgl_8\">et <\/span><span class=\"_fadeIn_m1hgl_8\">de <\/span><span class=\"_fadeIn_m1hgl_8\">l\u2019excellence <\/span><span class=\"_fadeIn_m1hgl_8\">productive \u00bb. <\/span><span class=\"_fadeIn_m1hgl_8\">L\u2019objectif : <\/span><span class=\"_fadeIn_m1hgl_8\">construire <\/span><span class=\"_fadeIn_m1hgl_8\">une <\/span><span class=\"_fadeIn_m1hgl_8\">plateforme <\/span><span class=\"_fadeIn_m1hgl_8\">pionni\u00e8re <\/span><span class=\"_fadeIn_m1hgl_8\">qui <\/span><span class=\"_fadeIn_m1hgl_8\">relie <\/span><span class=\"_fadeIn_m1hgl_8\">les <\/span><span class=\"_fadeIn_m1hgl_8\">mondes <\/span><span class=\"_fadeIn_m1hgl_8\">acad\u00e9mique <\/span><span class=\"_fadeIn_m1hgl_8\">et <\/span><span class=\"_fadeIn_m1hgl_8\">industriel<\/span><span class=\"_fadeIn_m1hgl_8\">, <\/span><span class=\"_fadeIn_m1hgl_8\">tout <\/span><span class=\"_fadeIn_m1hgl_8\">en <\/span><span class=\"_fadeIn_m1hgl_8\">valorisant <\/span><span class=\"_fadeIn_m1hgl_8\">les <\/span><span class=\"_fadeIn_m1hgl_8\">talents <\/span><span class=\"_fadeIn_m1hgl_8\">africains<\/span> <span class=\"_fadeIn_m1hgl_8\">et <\/span><span class=\"_fadeIn_m1hgl_8\">en <\/span><span class=\"_fadeIn_m1hgl_8\">contribuant <\/span><span class=\"_fadeIn_m1hgl_8\">\u00e0 <\/span><span class=\"_fadeIn_m1hgl_8\">l\u2019int\u00e9gration <\/span><span class=\"_fadeIn_m1hgl_8\">du <\/span><span class=\"_fadeIn_m1hgl_8\">continent <\/span><span class=\"_fadeIn_m1hgl_8\">dans <\/span><span class=\"_fadeIn_m1hgl_8\">les <\/span><span class=\"_fadeIn_m1hgl_8\">cha\u00eenes <\/span><span class=\"_fadeIn_m1hgl_8\">de <\/span><span class=\"_fadeIn_m1hgl_8\">valeur <\/span><span class=\"_fadeIn_m1hgl_8\">mondiales<\/span><span class=\"_fadeIn_m1hgl_8\">.<\/span><\/p>\n<h3 data-start=\"2304\" data-end=\"2345\"><span class=\"_fadeIn_m1hgl_8\">\u00a0 <\/span><strong data-start=\"2311\" data-end=\"2345\"><span class=\"_fadeIn_m1hgl_8\">Un <\/span><span class=\"_fadeIn_m1hgl_8\">engagement <\/span><span class=\"_fadeIn_m1hgl_8\">durable <\/span><span class=\"_fadeIn_m1hgl_8\">au <\/span><span class=\"_fadeIn_m1hgl_8\">Maroc<\/span><\/strong><\/h3>\n<p data-start=\"2347\" data-end=\"2660\"><span class=\"_fadeIn_m1hgl_8\">Le <\/span><span class=\"_fadeIn_m1hgl_8\">partenariat <\/span><span class=\"_fadeIn_m1hgl_8\">s\u2019inscrit <\/span><span class=\"_fadeIn_m1hgl_8\">dans <\/span><span class=\"_fadeIn_m1hgl_8\">une <\/span><span class=\"_fadeIn_m1hgl_8\">relation <\/span><span class=\"_fadeIn_m1hgl_8\">de <\/span><span class=\"_fadeIn_m1hgl_8\">longue <\/span><span class=\"_fadeIn_m1hgl_8\">date <\/span><span class=\"_fadeIn_m1hgl_8\">entre <\/span><span class=\"_fadeIn_m1hgl_8\">Boeing <\/span><span class=\"_fadeIn_m1hgl_8\">et <\/span><span class=\"_fadeIn_m1hgl_8\">le <\/span><span class=\"_fadeIn_m1hgl_8\">Maroc<\/span><span class=\"_fadeIn_m1hgl_8\">, <\/span><span class=\"_fadeIn_m1hgl_8\">entam\u00e9e <\/span><span class=\"_fadeIn_m1hgl_8\">il <\/span><span class=\"_fadeIn_m1hgl_8\">y <\/span><span class=\"_fadeIn_m1hgl_8\">a <\/span><span class=\"_fadeIn_m1hgl_8\">plus <\/span><span class=\"_fadeIn_m1hgl_8\">de <\/span><span class=\"_fadeIn_m1hgl_8\">70 <\/span><span class=\"_fadeIn_m1hgl_8\">ans. <\/span><span class=\"_fadeIn_m1hgl_8\">Le <\/span><span class=\"_fadeIn_m1hgl_8\">constructeur <\/span><span class=\"_fadeIn_m1hgl_8\">am\u00e9ricain <\/span><span class=\"_fadeIn_m1hgl_8\">a <\/span><span class=\"_fadeIn_m1hgl_8\">investi <\/span><span class=\"_fadeIn_m1hgl_8\">dans <\/span><span class=\"_fadeIn_m1hgl_8\">la <\/span><span class=\"_fadeIn_m1hgl_8\">formation <\/span><span class=\"_fadeIn_m1hgl_8\">des <\/span><span class=\"_fadeIn_m1hgl_8\">jeunes<\/span><span class=\"_fadeIn_m1hgl_8\">, <\/span><span class=\"_fadeIn_m1hgl_8\">en <\/span><span class=\"_fadeIn_m1hgl_8\">collaboration <\/span><span class=\"_fadeIn_m1hgl_8\">avec <\/span><span class=\"_fadeIn_m1hgl_8\">des <\/span><span class=\"_fadeIn_m1hgl_8\">organisations <\/span><span class=\"_fadeIn_m1hgl_8\">telles <\/span><span class=\"_fadeIn_m1hgl_8\">que <\/span><span class=\"_fadeIn_m1hgl_8\">Education <\/span><span class=\"_fadeIn_m1hgl_8\">For <\/span><span class=\"_fadeIn_m1hgl_8\">Employment-<\/span><span class=\"_fadeIn_m1hgl_8\">Maroc<\/span><span class=\"_fadeIn_m1hgl_8\">, <\/span><span class=\"_fadeIn_m1hgl_8\">INJAZ <\/span><span class=\"_fadeIn_m1hgl_8\">Al-<\/span><span class=\"_fadeIn_m1hgl_8\">Maghrib<\/span> <span class=\"_fadeIn_m1hgl_8\">et <\/span><span class=\"_fadeIn_m1hgl_8\">Amideast<\/span><span class=\"_fadeIn_m1hgl_8\">.<\/span><\/p>\n<p data-start=\"2662\" data-end=\"2867\"><span class=\"_fadeIn_m1hgl_8\">En <\/span><span class=\"_fadeIn_m1hgl_8\">parall\u00e8le, <\/span><span class=\"_fadeIn_m1hgl_8\">Boeing <\/span><span class=\"_fadeIn_m1hgl_8\">soutient <\/span><span class=\"_fadeIn_m1hgl_8\">des <\/span><span class=\"_fadeIn_m1hgl_8\">initiatives <\/span><span class=\"_fadeIn_m1hgl_8\">sociales <\/span><span class=\"_fadeIn_m1hgl_8\">ciblant <\/span><span class=\"_fadeIn_m1hgl_8\">les <\/span><span class=\"_fadeIn_m1hgl_8\">populations <\/span><span class=\"_fadeIn_m1hgl_8\">vuln\u00e9rables, <\/span><span class=\"_fadeIn_m1hgl_8\">\u00e0 <\/span><span class=\"_fadeIn_m1hgl_8\">l\u2019image <\/span><span class=\"_fadeIn_m1hgl_8\">de <\/span><span class=\"_fadeIn_m1hgl_8\">son <\/span><span class=\"_fadeIn_m1hgl_8\">appui <\/span><span class=\"_fadeIn_m1hgl_8\">\u00e0 <\/span><span class=\"_fadeIn_m1hgl_8\">AMSAT<\/span><span class=\"_fadeIn_m1hgl_8\">, <\/span><span class=\"_fadeIn_m1hgl_8\">une <\/span><span class=\"_fadeIn_m1hgl_8\">ONG <\/span><span class=\"_fadeIn_m1hgl_8\">\u0153uvrant <\/span><span class=\"_fadeIn_m1hgl_8\">pour <\/span><span class=\"_fadeIn_m1hgl_8\">l\u2019inclusion <\/span><span class=\"_fadeIn_m1hgl_8\">des <\/span><span class=\"_fadeIn_m1hgl_8\">personnes <\/span><span class=\"_fadeIn_m1hgl_8\">atteintes <\/span><span class=\"_fadeIn_m1hgl_8\">du <\/span><span class=\"_fadeIn_m1hgl_8\">syndrome <\/span><span class=\"_fadeIn_m1hgl_8\">de <\/span><span class=\"_fadeIn_m1hgl_8\">Down.<\/span><\/p>\n<h3 data-start=\"2874\" data-end=\"2916\"><span class=\"_fadeIn_m1hgl_8\">\u00a0 <\/span><strong data-start=\"2881\" data-end=\"2916\"><span class=\"_fadeIn_m1hgl_8\">Vers <\/span><span class=\"_fadeIn_m1hgl_8\">un <\/span><span class=\"_fadeIn_m1hgl_8\">hub <\/span><span class=\"_fadeIn_m1hgl_8\">industriel <\/span><span class=\"_fadeIn_m1hgl_8\">africain<\/span><\/strong><\/h3>\n<p data-start=\"2918\" data-end=\"3224\"><span class=\"_fadeIn_m1hgl_8\">En <\/span><span class=\"_fadeIn_m1hgl_8\">conjuguant <\/span><span class=\"_fadeIn_m1hgl_8\">innovation <\/span><span class=\"_fadeIn_m1hgl_8\">technologique, <\/span><span class=\"_fadeIn_m1hgl_8\">excellence <\/span><span class=\"_fadeIn_m1hgl_8\">acad\u00e9mique <\/span><span class=\"_fadeIn_m1hgl_8\">et <\/span><span class=\"_fadeIn_m1hgl_8\">ancrage <\/span><span class=\"_fadeIn_m1hgl_8\">social<\/span><span class=\"_fadeIn_m1hgl_8\">, <\/span><span class=\"_fadeIn_m1hgl_8\">ce <\/span><span class=\"_fadeIn_m1hgl_8\">partenariat <\/span><span class=\"_fadeIn_m1hgl_8\">entre <\/span><span class=\"_fadeIn_m1hgl_8\">Boeing <\/span><span class=\"_fadeIn_m1hgl_8\">et <\/span><span class=\"_fadeIn_m1hgl_8\">l\u2019UM6P <\/span><span class=\"_fadeIn_m1hgl_8\">via <\/span><span class=\"_fadeIn_m1hgl_8\">l\u2019ACME<\/span> <span class=\"_fadeIn_m1hgl_8\">pourrait <\/span><span class=\"_fadeIn_m1hgl_8\">bien <\/span><span class=\"_fadeIn_m1hgl_8\">faire <\/span><span class=\"_fadeIn_m1hgl_8\">du <\/span><span class=\"_fadeIn_m1hgl_8\">Maroc <\/span><span class=\"_fadeIn_m1hgl_8\">un <\/span><span class=\"_fadeIn_m1hgl_8\">hub <\/span><span class=\"_fadeIn_m1hgl_8\">industriel <\/span><span class=\"_fadeIn_m1hgl_8\">africain<\/span> <span class=\"_fadeIn_m1hgl_8\">en <\/span><span class=\"_fadeIn_m1hgl_8\">mati\u00e8re <\/span><span class=\"_fadeIn_m1hgl_8\">d\u2019a\u00e9ronautique <\/span><span class=\"_fadeIn_m1hgl_8\">avanc\u00e9e, <\/span><span class=\"_fadeIn_m1hgl_8\">tout <\/span><span class=\"_fadeIn_m1hgl_8\">en <\/span><span class=\"_fadeIn_m1hgl_8\">acc\u00e9l\u00e9rant <\/span><span class=\"_fadeIn_m1hgl_8\">l\u2019int\u00e9gration <\/span><span class=\"_fadeIn_m1hgl_8\">r\u00e9gionale <\/span><span class=\"_fadeIn_m1hgl_8\">dans <\/span><span class=\"_fadeIn_m1hgl_8\">les <\/span><span class=\"_fadeIn_m1hgl_8\">industries <\/span><span class=\"_fadeIn_m1hgl_8\">de <\/span><span class=\"_fadeIn_m1hgl_8\">demain.<\/span><\/p>\n","protected":false},"excerpt":{"rendered":"<p>Le g\u00e9ant de l\u2019a\u00e9ronautique am\u00e9ricain Boeing [NYSE : BA] renforce sa pr\u00e9sence au Maroc en<\/p>\n","protected":false},"author":1,"featured_media":7267,"comment_status":"open","ping_status":"open","sticky":false,"template":"","format":"standard","meta":{"_acf_changed":false,"footnotes":""},"categories":[1644,3],"tags":[2322,3637,3549,763,3636,3635,2450,3634,1890],"class_list":["post-7266","post","type-post","status-publish","format-standard","has-post-thumbnail","hentry","category-industrie","category-nouvelles-selectionnees","tag-acme","tag-boeing-africa","tag-cooperation-internationale","tag-developpement-durable","tag-formation-au-maroc","tag-industrie-aeronautique","tag-innovation-industrielle","tag-partenariat-boeing-maroc","tag-um6p"],"acf":[],"yoast_head":"<!-- This site is optimized with the Yoast SEO plugin v22.0 - https:\/\/yoast.com\/wordpress\/plugins\/seo\/ -->\n<title>partenariat Boeing Maroc ACME - MEDIA PLATEFORME | FR<\/title>\n<meta name=\"description\" content=\"Boeing s\u2019allie \u00e0 l\u2019UM6P via l\u2019ACME pour renforcer l\u2019innovation industrielle et les comp\u00e9tences a\u00e9ronautiques au Maroc.\" \/>\n<meta name=\"robots\" content=\"index, follow, max-snippet:-1, max-image-preview:large, max-video-preview:-1\" \/>\n<link rel=\"canonical\" href=\"https:\/\/www.mediaplateforme.com\/fr\/partenariat-boeing-maroc-acme\/\" \/>\n<meta property=\"og:locale\" content=\"fr_FR\" \/>\n<meta property=\"og:type\" content=\"article\" \/>\n<meta property=\"og:title\" content=\"partenariat Boeing Maroc ACME - MEDIA PLATEFORME | FR\" \/>\n<meta property=\"og:description\" content=\"Boeing s\u2019allie \u00e0 l\u2019UM6P via l\u2019ACME pour renforcer l\u2019innovation industrielle et les comp\u00e9tences a\u00e9ronautiques au Maroc.\" \/>\n<meta property=\"og:url\" content=\"https:\/\/www.mediaplateforme.com\/fr\/partenariat-boeing-maroc-acme\/\" \/>\n<meta property=\"og:site_name\" content=\"MEDIA PLATEFORME | FR\" \/>\n<meta property=\"article:published_time\" content=\"2025-06-18T10:04:32+00:00\" \/>\n<meta property=\"article:modified_time\" content=\"2025-06-18T10:04:42+00:00\" \/>\n<meta property=\"og:image\" content=\"https:\/\/www.mediaplateforme.com\/fr\/wp-content\/uploads\/sites\/5\/2025\/06\/partenariat-Boeing-Maroc-ACME.jpg\" \/>\n\t<meta property=\"og:image:width\" content=\"1200\" \/>\n\t<meta property=\"og:image:height\" content=\"783\" \/>\n\t<meta property=\"og:image:type\" content=\"image\/jpeg\" \/>\n<meta name=\"author\" content=\"Mediaplateforme\" \/>\n<meta name=\"twitter:card\" content=\"summary_large_image\" \/>\n<meta name=\"twitter:label1\" content=\"\u00c9crit par\" \/>\n\t<meta name=\"twitter:data1\" content=\"Mediaplateforme\" \/>\n\t<meta name=\"twitter:label2\" content=\"Dur\u00e9e de lecture estim\u00e9e\" \/>\n\t<meta name=\"twitter:data2\" content=\"2 minutes\" \/>\n<script type=\"application\/ld+json\" class=\"yoast-schema-graph\">{\"@context\":\"https:\/\/schema.org\",\"@graph\":[{\"@type\":\"WebPage\",\"@id\":\"https:\/\/www.mediaplateforme.com\/fr\/partenariat-boeing-maroc-acme\/\",\"url\":\"https:\/\/www.mediaplateforme.com\/fr\/partenariat-boeing-maroc-acme\/\",\"name\":\"partenariat Boeing Maroc ACME - MEDIA PLATEFORME | FR\",\"isPartOf\":{\"@id\":\"https:\/\/www.mediaplateforme.com\/fr\/#website\"},\"datePublished\":\"2025-06-18T10:04:32+00:00\",\"dateModified\":\"2025-06-18T10:04:42+00:00\",\"author\":{\"@id\":\"https:\/\/www.mediaplateforme.com\/fr\/#\/schema\/person\/89833db382b5db2c76b094bc902aa12a\"},\"description\":\"Boeing s\u2019allie \u00e0 l\u2019UM6P via l\u2019ACME pour renforcer l\u2019innovation industrielle et les comp\u00e9tences a\u00e9ronautiques au Maroc.\",\"breadcrumb\":{\"@id\":\"https:\/\/www.mediaplateforme.com\/fr\/partenariat-boeing-maroc-acme\/#breadcrumb\"},\"inLanguage\":\"fr-FR\",\"potentialAction\":[{\"@type\":\"ReadAction\",\"target\":[\"https:\/\/www.mediaplateforme.com\/fr\/partenariat-boeing-maroc-acme\/\"]}]},{\"@type\":\"BreadcrumbList\",\"@id\":\"https:\/\/www.mediaplateforme.com\/fr\/partenariat-boeing-maroc-acme\/#breadcrumb\",\"itemListElement\":[{\"@type\":\"ListItem\",\"position\":1,\"name\":\"\u0627\u0644\u0631\u0626\u064a\u0633\u064a\u0629\",\"item\":\"https:\/\/www.mediaplateforme.com\/fr\/\"},{\"@type\":\"ListItem\",\"position\":2,\"name\":\"\u00a0Boeing et l\u2019UM6P unissent leurs forces pour booster l\u2019innovation industrielle au Maroc\"}]},{\"@type\":\"WebSite\",\"@id\":\"https:\/\/www.mediaplateforme.com\/fr\/#website\",\"url\":\"https:\/\/www.mediaplateforme.com\/fr\/\",\"name\":\"MEDIA PLATEFORME | FR\",\"description\":\"Mediaplateforme sp\u00e9cialis\u00e9 dans la communication institutions publiques et des entreprises\",\"potentialAction\":[{\"@type\":\"SearchAction\",\"target\":{\"@type\":\"EntryPoint\",\"urlTemplate\":\"https:\/\/www.mediaplateforme.com\/fr\/?s={search_term_string}\"},\"query-input\":\"required name=search_term_string\"}],\"inLanguage\":\"fr-FR\"},{\"@type\":\"Person\",\"@id\":\"https:\/\/www.mediaplateforme.com\/fr\/#\/schema\/person\/89833db382b5db2c76b094bc902aa12a\",\"name\":\"Mediaplateforme\",\"image\":{\"@type\":\"ImageObject\",\"inLanguage\":\"fr-FR\",\"@id\":\"https:\/\/www.mediaplateforme.com\/fr\/#\/schema\/person\/image\/\",\"url\":\"https:\/\/secure.gravatar.com\/avatar\/6c9c02e8928cc65d54bf75157f7b3a2d06d7ad0494ca0951f679552ff03b34c1?s=96&d=mm&r=g\",\"contentUrl\":\"https:\/\/secure.gravatar.com\/avatar\/6c9c02e8928cc65d54bf75157f7b3a2d06d7ad0494ca0951f679552ff03b34c1?s=96&d=mm&r=g\",\"caption\":\"Mediaplateforme\"},\"sameAs\":[\"https:\/\/www.mediaplateforme.com\"],\"url\":\"https:\/\/www.mediaplateforme.com\/fr\/author\/mohamedladib\/\"}]}<\/script>\n<!-- \/ Yoast SEO plugin. -->","yoast_head_json":{"title":"partenariat Boeing Maroc ACME - MEDIA PLATEFORME | FR","description":"Boeing s\u2019allie \u00e0 l\u2019UM6P via l\u2019ACME pour renforcer l\u2019innovation industrielle et les comp\u00e9tences a\u00e9ronautiques au Maroc.","robots":{"index":"index","follow":"follow","max-snippet":"max-snippet:-1","max-image-preview":"max-image-preview:large","max-video-preview":"max-video-preview:-1"},"canonical":"https:\/\/www.mediaplateforme.com\/fr\/partenariat-boeing-maroc-acme\/","og_locale":"fr_FR","og_type":"article","og_title":"partenariat Boeing Maroc ACME - MEDIA PLATEFORME | FR","og_description":"Boeing s\u2019allie \u00e0 l\u2019UM6P via l\u2019ACME pour renforcer l\u2019innovation industrielle et les comp\u00e9tences a\u00e9ronautiques au Maroc.","og_url":"https:\/\/www.mediaplateforme.com\/fr\/partenariat-boeing-maroc-acme\/","og_site_name":"MEDIA PLATEFORME | FR","article_published_time":"2025-06-18T10:04:32+00:00","article_modified_time":"2025-06-18T10:04:42+00:00","og_image":[{"width":1200,"height":783,"url":"https:\/\/www.mediaplateforme.com\/fr\/wp-content\/uploads\/sites\/5\/2025\/06\/partenariat-Boeing-Maroc-ACME.jpg","type":"image\/jpeg"}],"author":"Mediaplateforme","twitter_card":"summary_large_image","twitter_misc":{"\u00c9crit par":"Mediaplateforme","Dur\u00e9e de lecture estim\u00e9e":"2 minutes"},"schema":{"@context":"https:\/\/schema.org","@graph":[{"@type":"WebPage","@id":"https:\/\/www.mediaplateforme.com\/fr\/partenariat-boeing-maroc-acme\/","url":"https:\/\/www.mediaplateforme.com\/fr\/partenariat-boeing-maroc-acme\/","name":"partenariat Boeing Maroc ACME - MEDIA PLATEFORME | FR","isPartOf":{"@id":"https:\/\/www.mediaplateforme.com\/fr\/#website"},"datePublished":"2025-06-18T10:04:32+00:00","dateModified":"2025-06-18T10:04:42+00:00","author":{"@id":"https:\/\/www.mediaplateforme.com\/fr\/#\/schema\/person\/89833db382b5db2c76b094bc902aa12a"},"description":"Boeing s\u2019allie \u00e0 l\u2019UM6P via l\u2019ACME pour renforcer l\u2019innovation industrielle et les comp\u00e9tences a\u00e9ronautiques au Maroc.","breadcrumb":{"@id":"https:\/\/www.mediaplateforme.com\/fr\/partenariat-boeing-maroc-acme\/#breadcrumb"},"inLanguage":"fr-FR","potentialAction":[{"@type":"ReadAction","target":["https:\/\/www.mediaplateforme.com\/fr\/partenariat-boeing-maroc-acme\/"]}]},{"@type":"BreadcrumbList","@id":"https:\/\/www.mediaplateforme.com\/fr\/partenariat-boeing-maroc-acme\/#breadcrumb","itemListElement":[{"@type":"ListItem","position":1,"name":"\u0627\u0644\u0631\u0626\u064a\u0633\u064a\u0629","item":"https:\/\/www.mediaplateforme.com\/fr\/"},{"@type":"ListItem","position":2,"name":"\u00a0Boeing et l\u2019UM6P unissent leurs forces pour booster l\u2019innovation industrielle au Maroc"}]},{"@type":"WebSite","@id":"https:\/\/www.mediaplateforme.com\/fr\/#website","url":"https:\/\/www.mediaplateforme.com\/fr\/","name":"MEDIA PLATEFORME | FR","description":"Mediaplateforme sp\u00e9cialis\u00e9 dans la communication institutions publiques et des entreprises","potentialAction":[{"@type":"SearchAction","target":{"@type":"EntryPoint","urlTemplate":"https:\/\/www.mediaplateforme.com\/fr\/?s={search_term_string}"},"query-input":"required name=search_term_string"}],"inLanguage":"fr-FR"},{"@type":"Person","@id":"https:\/\/www.mediaplateforme.com\/fr\/#\/schema\/person\/89833db382b5db2c76b094bc902aa12a","name":"Mediaplateforme","image":{"@type":"ImageObject","inLanguage":"fr-FR","@id":"https:\/\/www.mediaplateforme.com\/fr\/#\/schema\/person\/image\/","url":"https:\/\/secure.gravatar.com\/avatar\/6c9c02e8928cc65d54bf75157f7b3a2d06d7ad0494ca0951f679552ff03b34c1?s=96&d=mm&r=g","contentUrl":"https:\/\/secure.gravatar.com\/avatar\/6c9c02e8928cc65d54bf75157f7b3a2d06d7ad0494ca0951f679552ff03b34c1?s=96&d=mm&r=g","caption":"Mediaplateforme"},"sameAs":["https:\/\/www.mediaplateforme.com"],"url":"https:\/\/www.mediaplateforme.com\/fr\/author\/mohamedladib\/"}]}},"_links":{"self":[{"href":"https:\/\/www.mediaplateforme.com\/fr\/wp-json\/wp\/v2\/posts\/7266","targetHints":{"allow":["GET"]}}],"collection":[{"href":"https:\/\/www.mediaplateforme.com\/fr\/wp-json\/wp\/v2\/posts"}],"about":[{"href":"https:\/\/www.mediaplateforme.com\/fr\/wp-json\/wp\/v2\/types\/post"}],"author":[{"embeddable":true,"href":"https:\/\/www.mediaplateforme.com\/fr\/wp-json\/wp\/v2\/users\/1"}],"replies":[{"embeddable":true,"href":"https:\/\/www.mediaplateforme.com\/fr\/wp-json\/wp\/v2\/comments?post=7266"}],"version-history":[{"count":1,"href":"https:\/\/www.mediaplateforme.com\/fr\/wp-json\/wp\/v2\/posts\/7266\/revisions"}],"predecessor-version":[{"id":7268,"href":"https:\/\/www.mediaplateforme.com\/fr\/wp-json\/wp\/v2\/posts\/7266\/revisions\/7268"}],"wp:featuredmedia":[{"embeddable":true,"href":"https:\/\/www.mediaplateforme.com\/fr\/wp-json\/wp\/v2\/media\/7267"}],"wp:attachment":[{"href":"https:\/\/www.mediaplateforme.com\/fr\/wp-json\/wp\/v2\/media?parent=7266"}],"wp:term":[{"taxonomy":"category","embeddable":true,"href":"https:\/\/www.mediaplateforme.com\/fr\/wp-json\/wp\/v2\/categories?post=7266"},{"taxonomy":"post_tag","embeddable":true,"href":"https:\/\/www.mediaplateforme.com\/fr\/wp-json\/wp\/v2\/tags?post=7266"}],"curies":[{"name":"wp","href":"https:\/\/api.w.org\/{rel}","templated":true}]}}