{"id":7251,"date":"2025-06-12T13:48:03","date_gmt":"2025-06-12T12:48:03","guid":{"rendered":"https:\/\/www.mediaplateforme.com\/fr\/?p=7251"},"modified":"2025-06-12T13:48:34","modified_gmt":"2025-06-12T12:48:34","slug":"oppo-et-volkswagen-partenariat-5g","status":"publish","type":"post","link":"https:\/\/www.mediaplateforme.com\/fr\/oppo-et-volkswagen-partenariat-5g\/","title":{"rendered":"OPPO et Volkswagen : un partenariat strat\u00e9gique autour de la technologie 5G"},"content":{"rendered":"<p>OPPO, <a href=\"https:\/\/www.mediaplateforme.com\/fr\/oppo-a5-pro-maroc\/\">acteur majeur mondial dans les technologies intelligentes<\/a>, vient d\u2019annoncer la <a href=\"https:\/\/www.oppo.com\/en\/newsroom\/ip\/oppo-licenses-cellular-standard-essential-patents-to-volkswagen-group-for-connected-vehicles\/\">signature d\u2019un accord mondial<\/a> de licence de brevets avec Volkswagen Aktiengesellschaft. Cet accord permet au constructeur automobile allemand d\u2019acc\u00e9der \u00e0 un portefeuille de brevets essentiels d\u00e9velopp\u00e9s par OPPO, couvrant notamment les normes cellulaires et les technologies de communication avanc\u00e9es comme la 5G.<\/p>\n<p>Ce partenariat marque une \u00e9tape d\u00e9cisive dans l\u2019int\u00e9gration des technologies mobiles avanc\u00e9es au sein du secteur automobile, en particulier pour les v\u00e9hicules connect\u00e9s et autonomes.<\/p>\n<h3>Un partenariat innovant entre deux g\u00e9ants mondiaux<\/h3>\n<p>Dans un communiqu\u00e9 officiel, <strong>Vincent Lin, Directeur des licences de propri\u00e9t\u00e9 intellectuelle chez OPPO<\/strong>, a soulign\u00e9 l\u2019importance de cette collaboration :<\/p>\n<blockquote><p><strong>\u00ab\u00a0Nous sommes heureux d\u2019initier cette collaboration avec Volkswagen gr\u00e2ce \u00e0 cet accord de licence de brevets. Nous tenons \u00e0 remercier l\u2019\u00e9quipe de propri\u00e9t\u00e9 intellectuelle de Volkswagen pour son engagement et sa vision qui ont permis de concr\u00e9tiser ce partenariat. Cet accord refl\u00e8te non seulement la position d\u2019OPPO en tant que leader dans l\u2019innovation des technologies cellulaires, mais aussi notre volont\u00e9 de contribuer \u00e0 un \u00e9cosyst\u00e8me de propri\u00e9t\u00e9 intellectuelle solide, p\u00e9renne et favorable \u00e0 l\u2019innovation.\u00a0\u00bb<\/strong><\/p><\/blockquote>\n<p>Pour sa part, <strong>Robin Cefai, Chief IP Licensing Officer chez Volkswagen<\/strong>, a qualifi\u00e9 cette alliance de mod\u00e8le de coop\u00e9ration moderne :<\/p>\n<blockquote><p><strong>\u00ab\u00a0Ce partenariat avec OPPO repr\u00e9sente un exemple concret de collaboration constructive, \u00e9quilibr\u00e9e et ax\u00e9e sur les enjeux commerciaux dans le domaine des licences de brevets essentiels aux normes. Il traduit l\u2019engagement de Volkswagen \u00e0 valoriser la propri\u00e9t\u00e9 intellectuelle et \u00e0 privil\u00e9gier des solutions durables, b\u00e9n\u00e9fiques pour toutes les parties prenantes.\u00a0\u00bb<\/strong><\/p><\/blockquote>\n<h3>Une premi\u00e8re mondiale : OPPO \u00e9tend ses brevets \u00e0 l\u2019industrie automobile<\/h3>\n<p>C\u2019est la toute premi\u00e8re fois qu\u2019OPPO conclut un accord direct avec un fabricant de v\u00e9hicules connect\u00e9s. Cette \u00e9volution marque un tournant important dans l\u2019adoption des technologies cellulaires avanc\u00e9es au-del\u00e0 du secteur traditionnel des smartphones.<\/p>\n<p>L\u2019acc\u00e8s aux brevets 5G d\u2019OPPO offre \u00e0 Volkswagen une opportunit\u00e9 unique d&rsquo;am\u00e9liorer les performances des syst\u00e8mes embarqu\u00e9s dans ses v\u00e9hicules, notamment en mati\u00e8re de connectivit\u00e9, de s\u00e9curit\u00e9, et d\u2019exp\u00e9rience utilisateur globale.<\/p>\n<h3>OPPO : leader incontest\u00e9 dans les brevets cellulaires<\/h3>\n<p>OPPO est aujourd\u2019hui l\u2019un des leaders mondiaux en mati\u00e8re de propri\u00e9t\u00e9 intellectuelle dans les technologies cellulaires. Selon un rapport publi\u00e9 en janvier 2025 par la plateforme d\u2019analyse LexisNexis\u00ae IPlytics, OPPO se classe au <strong>8\u1d49 rang mondial<\/strong> en termes de solidit\u00e9 du portefeuille de brevets 5G.<\/p>\n<ul>\n<li><strong>Plus de 113 000 demandes de brevets d\u00e9pos\u00e9es<\/strong><\/li>\n<li><strong>Plus de 62 000 brevets octroy\u00e9s dans plus de 40 pays<\/strong><\/li>\n<\/ul>\n<p>L\u2019entreprise poursuit activement ses investissements dans les domaines cl\u00e9s suivants :<\/p>\n<ul>\n<li>Technologies cellulaires (<strong>5G\/6G<\/strong>)<\/li>\n<li><strong>Intelligence artificielle<\/strong><\/li>\n<li>Technologies de recharge rapide<\/li>\n<li>Informatique visuelle (<strong>imagerie et vid\u00e9o<\/strong>)<\/li>\n<\/ul>\n<p>Gr\u00e2ce \u00e0 ces efforts constants, OPPO s\u2019affirme comme un acteur central dans le d\u00e9veloppement technologique mondial.<\/p>\n<h3>Quel impact pour les v\u00e9hicules connect\u00e9s ?<\/h3>\n<p>En int\u00e9grant les brevets 5G d\u2019OPPO, Volkswagen vise \u00e0 am\u00e9liorer plusieurs aspects technologiques dans ses v\u00e9hicules futurs, \u0645\u0646\u0647\u0627:<\/p>\n<ul>\n<li>Connexion ultra-rapide et stable entre les v\u00e9hicules et les infrastructures.<\/li>\n<li>Am\u00e9lioration des fonctionnalit\u00e9s d&rsquo;assistance \u00e0 la conduite (<em>ADAS<\/em>).<\/li>\n<li>Mise \u00e0 jour \u00e0 distance en temps r\u00e9el des logiciels embarqu\u00e9s.<\/li>\n<li>Exp\u00e9rience utilisateur plus fluide via les syst\u00e8mes multim\u00e9dias et d&rsquo;assistance vocale.<\/li>\n<\/ul>\n<h3>Pourquoi ce partenariat est-il significatif pour le futur de l\u2019automobile ?<\/h3>\n<p>Le secteur automobile vit une transformation num\u00e9rique profonde, o\u00f9 la connectivit\u00e9 joue un r\u00f4le central. Gr\u00e2ce \u00e0 cette alliance avec OPPO, Volkswagen renforce sa capacit\u00e9 \u00e0 proposer des v\u00e9hicules non seulement performants, mais aussi intelligents, s\u00e9curis\u00e9s et interconnect\u00e9s.<\/p>\n<p>Ce partenariat illustre \u00e9galement l\u2019\u00e9volution des industries high-tech et leur ouverture croissante vers des applications intersectorielles, allant de l\u2019\u00e9lectronique grand public \u00e0 l\u2019automobile, en passant par l\u2019intelligence artificielle et l\u2019Internet des objets (IoT).<\/p>\n<h3>La 5G : pilier du futur transport intelligent<\/h3>\n<p>Les technologies cellulaires telles que la 5G sont d\u00e9sormais indispensables pour garantir la performance des syst\u00e8mes de transport intelligents. Elles permettent notamment :<\/p>\n<ul>\n<li>La communication V2X (v\u00e9hicule vers tout), essentielle \u00e0 la conduite autonome.<\/li>\n<li>Le traitement en temps r\u00e9el des donn\u00e9es provenant des capteurs et des cam\u00e9ras.<\/li>\n<li>Des services num\u00e9riques personnalis\u00e9s pour les passagers.<\/li>\n<li>Une maintenance pr\u00e9dictive facilit\u00e9e par l\u2019analyse de donn\u00e9es en cloud.<\/li>\n<\/ul>\n<h3>\u00a0Un pas vers une mobilit\u00e9 connect\u00e9e et intelligente<\/h3>\n<p>L\u2019accord entre <strong>OPPO et Volkswagen<\/strong> n\u2019est pas simplement commercial ; il incarne une nouvelle \u00e8re de collaboration entre les g\u00e9ants de la technologie et de l\u2019automobile.<\/p>\n<p>Il t\u00e9moigne d\u2019une tendance plus large : l\u2019int\u00e9gration des innovations issues du monde num\u00e9rique dans des secteurs traditionnels, avec pour objectif commun : <strong>rendre la mobilit\u00e9 plus s\u00fbre, plus efficace et plus humaine<\/strong>.<\/p>\n<p>Avec cette alliance, un nouveau chapitre s\u2019ouvre dans l\u2019histoire de l\u2019innovation industrielle\u2026 et peut-\u00eatre m\u00eame dans celle de la conduite du futur !<\/p>\n<p>OPPO et Volkswagen partenariat 5G<\/p>\n<p>OPPO et Volkswagen partenariat 5G<\/p>\n","protected":false},"excerpt":{"rendered":"<p>OPPO, acteur majeur mondial dans les technologies intelligentes, vient d\u2019annoncer la signature d\u2019un accord mondial<\/p>\n","protected":false},"author":1,"featured_media":7252,"comment_status":"open","ping_status":"open","sticky":false,"template":"","format":"standard","meta":{"_acf_changed":false,"footnotes":""},"categories":[5,3],"tags":[3615,3616,644,3614],"class_list":["post-7251","post","type-post","status-publish","format-standard","has-post-thumbnail","hentry","category-tech","category-nouvelles-selectionnees","tag-automobile-connectee","tag-brevets-5g-doppo","tag-oppo","tag-volkswagen"],"acf":[],"yoast_head":"<!-- This site is optimized with the Yoast SEO plugin v22.0 - https:\/\/yoast.com\/wordpress\/plugins\/seo\/ -->\n<title>OPPO et Volkswagen partenariat 5G - MEDIA PLATEFORME | FR<\/title>\n<meta name=\"description\" content=\"D\u00e9couvrez le partenariat historique entre OPPO et Volkswagen autour des brevets 5G, et son impact sur l&#039;avenir de l&#039;automobile connect\u00e9e.\" \/>\n<meta name=\"robots\" content=\"index, follow, max-snippet:-1, max-image-preview:large, max-video-preview:-1\" \/>\n<link rel=\"canonical\" href=\"https:\/\/www.mediaplateforme.com\/fr\/oppo-et-volkswagen-partenariat-5g\/\" \/>\n<meta property=\"og:locale\" content=\"fr_FR\" \/>\n<meta property=\"og:type\" content=\"article\" \/>\n<meta property=\"og:title\" content=\"OPPO et Volkswagen partenariat 5G - MEDIA PLATEFORME | FR\" \/>\n<meta property=\"og:description\" content=\"D\u00e9couvrez le partenariat historique entre OPPO et Volkswagen autour des brevets 5G, et son impact sur l&#039;avenir de l&#039;automobile connect\u00e9e.\" \/>\n<meta property=\"og:url\" content=\"https:\/\/www.mediaplateforme.com\/fr\/oppo-et-volkswagen-partenariat-5g\/\" \/>\n<meta property=\"og:site_name\" content=\"MEDIA PLATEFORME | FR\" \/>\n<meta property=\"article:published_time\" content=\"2025-06-12T12:48:03+00:00\" \/>\n<meta property=\"article:modified_time\" content=\"2025-06-12T12:48:34+00:00\" \/>\n<meta property=\"og:image\" content=\"https:\/\/www.mediaplateforme.com\/fr\/wp-content\/uploads\/sites\/5\/2025\/06\/oppo-vw-black-header-1.png\" \/>\n\t<meta property=\"og:image:width\" content=\"2400\" \/>\n\t<meta property=\"og:image:height\" content=\"1600\" \/>\n\t<meta property=\"og:image:type\" content=\"image\/png\" \/>\n<meta name=\"author\" content=\"Mediaplateforme\" \/>\n<meta name=\"twitter:card\" content=\"summary_large_image\" \/>\n<meta name=\"twitter:label1\" content=\"\u00c9crit par\" \/>\n\t<meta name=\"twitter:data1\" content=\"Mediaplateforme\" \/>\n\t<meta name=\"twitter:label2\" content=\"Dur\u00e9e de lecture estim\u00e9e\" \/>\n\t<meta name=\"twitter:data2\" content=\"4 minutes\" \/>\n<script type=\"application\/ld+json\" class=\"yoast-schema-graph\">{\"@context\":\"https:\/\/schema.org\",\"@graph\":[{\"@type\":\"WebPage\",\"@id\":\"https:\/\/www.mediaplateforme.com\/fr\/oppo-et-volkswagen-partenariat-5g\/\",\"url\":\"https:\/\/www.mediaplateforme.com\/fr\/oppo-et-volkswagen-partenariat-5g\/\",\"name\":\"OPPO et Volkswagen partenariat 5G - MEDIA PLATEFORME | FR\",\"isPartOf\":{\"@id\":\"https:\/\/www.mediaplateforme.com\/fr\/#website\"},\"datePublished\":\"2025-06-12T12:48:03+00:00\",\"dateModified\":\"2025-06-12T12:48:34+00:00\",\"author\":{\"@id\":\"https:\/\/www.mediaplateforme.com\/fr\/#\/schema\/person\/89833db382b5db2c76b094bc902aa12a\"},\"description\":\"D\u00e9couvrez le partenariat historique entre OPPO et Volkswagen autour des brevets 5G, et son impact sur l'avenir de l'automobile connect\u00e9e.\",\"breadcrumb\":{\"@id\":\"https:\/\/www.mediaplateforme.com\/fr\/oppo-et-volkswagen-partenariat-5g\/#breadcrumb\"},\"inLanguage\":\"fr-FR\",\"potentialAction\":[{\"@type\":\"ReadAction\",\"target\":[\"https:\/\/www.mediaplateforme.com\/fr\/oppo-et-volkswagen-partenariat-5g\/\"]}]},{\"@type\":\"BreadcrumbList\",\"@id\":\"https:\/\/www.mediaplateforme.com\/fr\/oppo-et-volkswagen-partenariat-5g\/#breadcrumb\",\"itemListElement\":[{\"@type\":\"ListItem\",\"position\":1,\"name\":\"\u0627\u0644\u0631\u0626\u064a\u0633\u064a\u0629\",\"item\":\"https:\/\/www.mediaplateforme.com\/fr\/\"},{\"@type\":\"ListItem\",\"position\":2,\"name\":\"OPPO et Volkswagen : un partenariat strat\u00e9gique autour de la technologie 5G\"}]},{\"@type\":\"WebSite\",\"@id\":\"https:\/\/www.mediaplateforme.com\/fr\/#website\",\"url\":\"https:\/\/www.mediaplateforme.com\/fr\/\",\"name\":\"MEDIA PLATEFORME | FR\",\"description\":\"Mediaplateforme sp\u00e9cialis\u00e9 dans la communication institutions publiques et des entreprises\",\"potentialAction\":[{\"@type\":\"SearchAction\",\"target\":{\"@type\":\"EntryPoint\",\"urlTemplate\":\"https:\/\/www.mediaplateforme.com\/fr\/?s={search_term_string}\"},\"query-input\":\"required name=search_term_string\"}],\"inLanguage\":\"fr-FR\"},{\"@type\":\"Person\",\"@id\":\"https:\/\/www.mediaplateforme.com\/fr\/#\/schema\/person\/89833db382b5db2c76b094bc902aa12a\",\"name\":\"Mediaplateforme\",\"image\":{\"@type\":\"ImageObject\",\"inLanguage\":\"fr-FR\",\"@id\":\"https:\/\/www.mediaplateforme.com\/fr\/#\/schema\/person\/image\/\",\"url\":\"https:\/\/secure.gravatar.com\/avatar\/6c9c02e8928cc65d54bf75157f7b3a2d06d7ad0494ca0951f679552ff03b34c1?s=96&d=mm&r=g\",\"contentUrl\":\"https:\/\/secure.gravatar.com\/avatar\/6c9c02e8928cc65d54bf75157f7b3a2d06d7ad0494ca0951f679552ff03b34c1?s=96&d=mm&r=g\",\"caption\":\"Mediaplateforme\"},\"sameAs\":[\"https:\/\/www.mediaplateforme.com\"],\"url\":\"https:\/\/www.mediaplateforme.com\/fr\/author\/mohamedladib\/\"}]}<\/script>\n<!-- \/ Yoast SEO plugin. -->","yoast_head_json":{"title":"OPPO et Volkswagen partenariat 5G - MEDIA PLATEFORME | FR","description":"D\u00e9couvrez le partenariat historique entre OPPO et Volkswagen autour des brevets 5G, et son impact sur l'avenir de l'automobile connect\u00e9e.","robots":{"index":"index","follow":"follow","max-snippet":"max-snippet:-1","max-image-preview":"max-image-preview:large","max-video-preview":"max-video-preview:-1"},"canonical":"https:\/\/www.mediaplateforme.com\/fr\/oppo-et-volkswagen-partenariat-5g\/","og_locale":"fr_FR","og_type":"article","og_title":"OPPO et Volkswagen partenariat 5G - MEDIA PLATEFORME | FR","og_description":"D\u00e9couvrez le partenariat historique entre OPPO et Volkswagen autour des brevets 5G, et son impact sur l'avenir de l'automobile connect\u00e9e.","og_url":"https:\/\/www.mediaplateforme.com\/fr\/oppo-et-volkswagen-partenariat-5g\/","og_site_name":"MEDIA PLATEFORME | FR","article_published_time":"2025-06-12T12:48:03+00:00","article_modified_time":"2025-06-12T12:48:34+00:00","og_image":[{"width":2400,"height":1600,"url":"https:\/\/www.mediaplateforme.com\/fr\/wp-content\/uploads\/sites\/5\/2025\/06\/oppo-vw-black-header-1.png","type":"image\/png"}],"author":"Mediaplateforme","twitter_card":"summary_large_image","twitter_misc":{"\u00c9crit par":"Mediaplateforme","Dur\u00e9e de lecture estim\u00e9e":"4 minutes"},"schema":{"@context":"https:\/\/schema.org","@graph":[{"@type":"WebPage","@id":"https:\/\/www.mediaplateforme.com\/fr\/oppo-et-volkswagen-partenariat-5g\/","url":"https:\/\/www.mediaplateforme.com\/fr\/oppo-et-volkswagen-partenariat-5g\/","name":"OPPO et Volkswagen partenariat 5G - MEDIA PLATEFORME | FR","isPartOf":{"@id":"https:\/\/www.mediaplateforme.com\/fr\/#website"},"datePublished":"2025-06-12T12:48:03+00:00","dateModified":"2025-06-12T12:48:34+00:00","author":{"@id":"https:\/\/www.mediaplateforme.com\/fr\/#\/schema\/person\/89833db382b5db2c76b094bc902aa12a"},"description":"D\u00e9couvrez le partenariat historique entre OPPO et Volkswagen autour des brevets 5G, et son impact sur l'avenir de l'automobile connect\u00e9e.","breadcrumb":{"@id":"https:\/\/www.mediaplateforme.com\/fr\/oppo-et-volkswagen-partenariat-5g\/#breadcrumb"},"inLanguage":"fr-FR","potentialAction":[{"@type":"ReadAction","target":["https:\/\/www.mediaplateforme.com\/fr\/oppo-et-volkswagen-partenariat-5g\/"]}]},{"@type":"BreadcrumbList","@id":"https:\/\/www.mediaplateforme.com\/fr\/oppo-et-volkswagen-partenariat-5g\/#breadcrumb","itemListElement":[{"@type":"ListItem","position":1,"name":"\u0627\u0644\u0631\u0626\u064a\u0633\u064a\u0629","item":"https:\/\/www.mediaplateforme.com\/fr\/"},{"@type":"ListItem","position":2,"name":"OPPO et Volkswagen : un partenariat strat\u00e9gique autour de la technologie 5G"}]},{"@type":"WebSite","@id":"https:\/\/www.mediaplateforme.com\/fr\/#website","url":"https:\/\/www.mediaplateforme.com\/fr\/","name":"MEDIA PLATEFORME | FR","description":"Mediaplateforme sp\u00e9cialis\u00e9 dans la communication institutions publiques et des entreprises","potentialAction":[{"@type":"SearchAction","target":{"@type":"EntryPoint","urlTemplate":"https:\/\/www.mediaplateforme.com\/fr\/?s={search_term_string}"},"query-input":"required name=search_term_string"}],"inLanguage":"fr-FR"},{"@type":"Person","@id":"https:\/\/www.mediaplateforme.com\/fr\/#\/schema\/person\/89833db382b5db2c76b094bc902aa12a","name":"Mediaplateforme","image":{"@type":"ImageObject","inLanguage":"fr-FR","@id":"https:\/\/www.mediaplateforme.com\/fr\/#\/schema\/person\/image\/","url":"https:\/\/secure.gravatar.com\/avatar\/6c9c02e8928cc65d54bf75157f7b3a2d06d7ad0494ca0951f679552ff03b34c1?s=96&d=mm&r=g","contentUrl":"https:\/\/secure.gravatar.com\/avatar\/6c9c02e8928cc65d54bf75157f7b3a2d06d7ad0494ca0951f679552ff03b34c1?s=96&d=mm&r=g","caption":"Mediaplateforme"},"sameAs":["https:\/\/www.mediaplateforme.com"],"url":"https:\/\/www.mediaplateforme.com\/fr\/author\/mohamedladib\/"}]}},"_links":{"self":[{"href":"https:\/\/www.mediaplateforme.com\/fr\/wp-json\/wp\/v2\/posts\/7251","targetHints":{"allow":["GET"]}}],"collection":[{"href":"https:\/\/www.mediaplateforme.com\/fr\/wp-json\/wp\/v2\/posts"}],"about":[{"href":"https:\/\/www.mediaplateforme.com\/fr\/wp-json\/wp\/v2\/types\/post"}],"author":[{"embeddable":true,"href":"https:\/\/www.mediaplateforme.com\/fr\/wp-json\/wp\/v2\/users\/1"}],"replies":[{"embeddable":true,"href":"https:\/\/www.mediaplateforme.com\/fr\/wp-json\/wp\/v2\/comments?post=7251"}],"version-history":[{"count":1,"href":"https:\/\/www.mediaplateforme.com\/fr\/wp-json\/wp\/v2\/posts\/7251\/revisions"}],"predecessor-version":[{"id":7253,"href":"https:\/\/www.mediaplateforme.com\/fr\/wp-json\/wp\/v2\/posts\/7251\/revisions\/7253"}],"wp:featuredmedia":[{"embeddable":true,"href":"https:\/\/www.mediaplateforme.com\/fr\/wp-json\/wp\/v2\/media\/7252"}],"wp:attachment":[{"href":"https:\/\/www.mediaplateforme.com\/fr\/wp-json\/wp\/v2\/media?parent=7251"}],"wp:term":[{"taxonomy":"category","embeddable":true,"href":"https:\/\/www.mediaplateforme.com\/fr\/wp-json\/wp\/v2\/categories?post=7251"},{"taxonomy":"post_tag","embeddable":true,"href":"https:\/\/www.mediaplateforme.com\/fr\/wp-json\/wp\/v2\/tags?post=7251"}],"curies":[{"name":"wp","href":"https:\/\/api.w.org\/{rel}","templated":true}]}}