{"id":7204,"date":"2025-05-21T21:10:11","date_gmt":"2025-05-21T20:10:11","guid":{"rendered":"https:\/\/www.mediaplateforme.com\/fr\/?p=7204"},"modified":"2025-05-21T21:11:11","modified_gmt":"2025-05-21T20:11:11","slug":"fromageries-bel-maroc-label-rse-cgem","status":"publish","type":"post","link":"https:\/\/www.mediaplateforme.com\/fr\/fromageries-bel-maroc-label-rse-cgem\/","title":{"rendered":"Fromageries Bel Maroc labellis\u00e9e RSE par la CGEM : un mod\u00e8le d&rsquo;engagement durable au service du Maroc"},"content":{"rendered":"<p>Fromageries Bel Maroc a \u00e9t\u00e9 officiellement distingu\u00e9e par l\u2019obtention du label RSE (Responsabilit\u00e9 Soci\u00e9tale des Entreprises) d\u00e9cern\u00e9 par la Conf\u00e9d\u00e9ration G\u00e9n\u00e9rale des Entreprises du Maroc (<a href=\"https:\/\/www.mediaplateforme.com\/fr\/tibu-africa-et-fromageries-bel-maroc-renforcent-leur-engagement-en-faveur-des-jeunes-en-situation-de-neet\/\">CGEM<\/a>). Ce label prestigieux vient couronner des ann\u00e9es d\u2019initiatives concr\u00e8tes et structur\u00e9es en faveur d\u2019un d\u00e9veloppement durable, \u00e0 travers une strat\u00e9gie socialement responsable, environnementalement consciente et \u00e9conomiquement inclusive.<\/p>\n<p>Suite \u00e0 un audit rigoureux couvrant l\u2019ensemble des pratiques sociales, soci\u00e9tales et environnementales de l\u2019entreprise, cette labellisation repr\u00e9sente un jalon majeur pour un acteur agroalimentaire enracin\u00e9 dans le tissu \u00e9conomique marocain depuis plus de 40 ans.<\/p>\n<h3>Une strat\u00e9gie RSE int\u00e9gr\u00e9e, fond\u00e9e sur des r\u00e9sultats mesurables<\/h3>\n<p>Dans le sillage des engagements globaux du Groupe Bel, devenu entreprise \u00e0 mission en 2024, Fromageries Bel Maroc articule sa d\u00e9marche RSE autour de quatre axes prioritaires :<\/p>\n<ul>\n<li><strong>R\u00e9duction de l\u2019empreinte environnementale<\/strong><\/li>\n<li><strong>Soutien aux communaut\u00e9s locales<\/strong><\/li>\n<li><strong>Qualit\u00e9 et s\u00e9curit\u00e9 des produits<\/strong><\/li>\n<li><strong>Responsabilit\u00e9 tout au long de la cha\u00eene de valeur<\/strong><\/li>\n<\/ul>\n<p>Parmi les projets phares :<\/p>\n<ul>\n<li><strong>La chaudi\u00e8re biomasse<\/strong> sur le site industriel, qui permet une r\u00e9duction massive des \u00e9missions de CO\u2082, illustrant la volont\u00e9 de verdir la production.<\/li>\n<li><strong>La Vache qui rit\u00ae For Good<\/strong>, une initiative produit-partage qui permet de convertir une partie des ventes en dons alimentaires pour les populations vuln\u00e9rables.<\/li>\n<li><strong>Le programme Tafawouk<\/strong>, prolongement du dispositif social Inaya, destin\u00e9 \u00e0 favoriser la r\u00e9ussite scolaire des enfants des d\u00e9taillants partenaires.<\/li>\n<\/ul>\n<p>Autant d\u2019actions concr\u00e8tes qui traduisent l\u2019engagement profond de l\u2019entreprise pour une \u00e9conomie inclusive et une alimentation responsable au Maroc.<\/p>\n<h3>Une empreinte forte au Maroc et des standards internationaux<\/h3>\n<p>Fortement ancr\u00e9e dans le tissu \u00e9conomique marocain, Fromageries Bel Maroc s\u2019appuie sur un r\u00e9seau de partenaires, des \u00e9quipes engag\u00e9es et un outil industriel aux standards internationaux. L\u2019entreprise est certifi\u00e9e selon les normes :<\/p>\n<ul>\n<li><strong>ISO 22000<\/strong> (s\u00e9curit\u00e9 alimentaire)<\/li>\n<li><strong>ISO 45001<\/strong> (sant\u00e9 et s\u00e9curit\u00e9 au travail)<\/li>\n<li><strong>FSSC 22000<\/strong> (syst\u00e8mes de management de la s\u00e9curit\u00e9 des denr\u00e9es alimentaires)<\/li>\n<li><strong>ISO 50001<\/strong> (management de l\u2019\u00e9nergie)<\/li>\n<\/ul>\n<blockquote><p>Ces certifications attestent du s\u00e9rieux et de la rigueur avec lesquels l\u2019entreprise m\u00e8ne ses op\u00e9rations quotidiennes.<\/p><\/blockquote>\n<h3>Une vision partag\u00e9e avec les ambitions du Royaume<\/h3>\n<p>Avec ce label RSE, Fromageries Bel Maroc r\u00e9affirme sa volont\u00e9 d&rsquo;aligner ses engagements avec les priorit\u00e9s nationales du Maroc en mati\u00e8re de souverainet\u00e9 alimentaire, de durabilit\u00e9 environnementale et de progr\u00e8s social. Elle entend ainsi continuer \u00e0 jouer un r\u00f4le moteur dans la transformation du secteur agroalimentaire, tout en soutenant les dynamiques locales \u00e0 travers des actions \u00e0 fort impact soci\u00e9tal.<\/p>\n","protected":false},"excerpt":{"rendered":"<p>Fromageries Bel Maroc a \u00e9t\u00e9 officiellement distingu\u00e9e par l\u2019obtention du label RSE (Responsabilit\u00e9 Soci\u00e9tale des<\/p>\n","protected":false},"author":1,"featured_media":7205,"comment_status":"open","ping_status":"open","sticky":false,"template":"","format":"standard","meta":{"_acf_changed":false,"footnotes":""},"categories":[1644,3],"tags":[3570,3571,3575,340,3572,763,2354,3574,612,3569,3016,3576,3573],"class_list":["post-7204","post","type-post","status-publish","format-standard","has-post-thumbnail","hentry","category-industrie","category-nouvelles-selectionnees","tag-agroalimentaire-maroc","tag-alimentation-responsable","tag-bel-groupe","tag-cgem","tag-chaudiere-biomasse","tag-developpement-durable","tag-fromageries-bel-maroc","tag-inaya","tag-la-vache-qui-rit","tag-label-rse","tag-responsabilite-societale","tag-strategie-rse","tag-tafawouk"],"acf":[],"yoast_head":"<!-- This site is optimized with the Yoast SEO plugin v22.0 - https:\/\/yoast.com\/wordpress\/plugins\/seo\/ -->\n<title>Fromageries Bel Maroc label RSE CGEM - MEDIA PLATEFORME | FR<\/title>\n<meta name=\"description\" content=\"Fromageries Bel Maroc obtient le label RSE de la CGEM, confirmant son engagement concret pour un mod\u00e8le agroalimentaire durable,\" \/>\n<meta name=\"robots\" content=\"index, follow, max-snippet:-1, max-image-preview:large, max-video-preview:-1\" \/>\n<link rel=\"canonical\" href=\"https:\/\/www.mediaplateforme.com\/fr\/fromageries-bel-maroc-label-rse-cgem\/\" \/>\n<meta property=\"og:locale\" content=\"fr_FR\" \/>\n<meta property=\"og:type\" content=\"article\" \/>\n<meta property=\"og:title\" content=\"Fromageries Bel Maroc label RSE CGEM - MEDIA PLATEFORME | FR\" \/>\n<meta property=\"og:description\" content=\"Fromageries Bel Maroc obtient le label RSE de la CGEM, confirmant son engagement concret pour un mod\u00e8le agroalimentaire durable,\" \/>\n<meta property=\"og:url\" content=\"https:\/\/www.mediaplateforme.com\/fr\/fromageries-bel-maroc-label-rse-cgem\/\" \/>\n<meta property=\"og:site_name\" content=\"MEDIA PLATEFORME | FR\" \/>\n<meta property=\"article:published_time\" content=\"2025-05-21T20:10:11+00:00\" \/>\n<meta property=\"article:modified_time\" content=\"2025-05-21T20:11:11+00:00\" \/>\n<meta property=\"og:image\" content=\"https:\/\/www.mediaplateforme.com\/fr\/wp-content\/uploads\/sites\/5\/2025\/05\/\u0645\u062c\u0627\u0628\u0646-\u0628\u0644-\u0627\u0644\u0645\u063a\u0631\u0628-\u0627\u0644\u0645\u0633\u0624\u0648\u0644\u064a\u0629-\u0627\u0644\u0627\u062c\u062a\u0645\u0627\u0639\u064a\u0629.jpg\" \/>\n\t<meta property=\"og:image:width\" content=\"1200\" \/>\n\t<meta property=\"og:image:height\" content=\"800\" \/>\n\t<meta property=\"og:image:type\" content=\"image\/jpeg\" \/>\n<meta name=\"author\" content=\"Mediaplateforme\" \/>\n<meta name=\"twitter:card\" content=\"summary_large_image\" \/>\n<meta name=\"twitter:label1\" content=\"\u00c9crit par\" \/>\n\t<meta name=\"twitter:data1\" content=\"Mediaplateforme\" \/>\n\t<meta name=\"twitter:label2\" content=\"Dur\u00e9e de lecture estim\u00e9e\" \/>\n\t<meta name=\"twitter:data2\" content=\"3 minutes\" \/>\n<script type=\"application\/ld+json\" class=\"yoast-schema-graph\">{\"@context\":\"https:\/\/schema.org\",\"@graph\":[{\"@type\":\"WebPage\",\"@id\":\"https:\/\/www.mediaplateforme.com\/fr\/fromageries-bel-maroc-label-rse-cgem\/\",\"url\":\"https:\/\/www.mediaplateforme.com\/fr\/fromageries-bel-maroc-label-rse-cgem\/\",\"name\":\"Fromageries Bel Maroc label RSE CGEM - MEDIA PLATEFORME | FR\",\"isPartOf\":{\"@id\":\"https:\/\/www.mediaplateforme.com\/fr\/#website\"},\"datePublished\":\"2025-05-21T20:10:11+00:00\",\"dateModified\":\"2025-05-21T20:11:11+00:00\",\"author\":{\"@id\":\"https:\/\/www.mediaplateforme.com\/fr\/#\/schema\/person\/89833db382b5db2c76b094bc902aa12a\"},\"description\":\"Fromageries Bel Maroc obtient le label RSE de la CGEM, confirmant son engagement concret pour un mod\u00e8le agroalimentaire durable,\",\"breadcrumb\":{\"@id\":\"https:\/\/www.mediaplateforme.com\/fr\/fromageries-bel-maroc-label-rse-cgem\/#breadcrumb\"},\"inLanguage\":\"fr-FR\",\"potentialAction\":[{\"@type\":\"ReadAction\",\"target\":[\"https:\/\/www.mediaplateforme.com\/fr\/fromageries-bel-maroc-label-rse-cgem\/\"]}]},{\"@type\":\"BreadcrumbList\",\"@id\":\"https:\/\/www.mediaplateforme.com\/fr\/fromageries-bel-maroc-label-rse-cgem\/#breadcrumb\",\"itemListElement\":[{\"@type\":\"ListItem\",\"position\":1,\"name\":\"\u0627\u0644\u0631\u0626\u064a\u0633\u064a\u0629\",\"item\":\"https:\/\/www.mediaplateforme.com\/fr\/\"},{\"@type\":\"ListItem\",\"position\":2,\"name\":\"Fromageries Bel Maroc labellis\u00e9e RSE par la CGEM : un mod\u00e8le d&#8217;engagement durable au service du Maroc\"}]},{\"@type\":\"WebSite\",\"@id\":\"https:\/\/www.mediaplateforme.com\/fr\/#website\",\"url\":\"https:\/\/www.mediaplateforme.com\/fr\/\",\"name\":\"MEDIA PLATEFORME | FR\",\"description\":\"Mediaplateforme sp\u00e9cialis\u00e9 dans la communication institutions publiques et des entreprises\",\"potentialAction\":[{\"@type\":\"SearchAction\",\"target\":{\"@type\":\"EntryPoint\",\"urlTemplate\":\"https:\/\/www.mediaplateforme.com\/fr\/?s={search_term_string}\"},\"query-input\":\"required name=search_term_string\"}],\"inLanguage\":\"fr-FR\"},{\"@type\":\"Person\",\"@id\":\"https:\/\/www.mediaplateforme.com\/fr\/#\/schema\/person\/89833db382b5db2c76b094bc902aa12a\",\"name\":\"Mediaplateforme\",\"image\":{\"@type\":\"ImageObject\",\"inLanguage\":\"fr-FR\",\"@id\":\"https:\/\/www.mediaplateforme.com\/fr\/#\/schema\/person\/image\/\",\"url\":\"https:\/\/secure.gravatar.com\/avatar\/6c9c02e8928cc65d54bf75157f7b3a2d06d7ad0494ca0951f679552ff03b34c1?s=96&d=mm&r=g\",\"contentUrl\":\"https:\/\/secure.gravatar.com\/avatar\/6c9c02e8928cc65d54bf75157f7b3a2d06d7ad0494ca0951f679552ff03b34c1?s=96&d=mm&r=g\",\"caption\":\"Mediaplateforme\"},\"sameAs\":[\"https:\/\/www.mediaplateforme.com\"],\"url\":\"https:\/\/www.mediaplateforme.com\/fr\/author\/mohamedladib\/\"}]}<\/script>\n<!-- \/ Yoast SEO plugin. -->","yoast_head_json":{"title":"Fromageries Bel Maroc label RSE CGEM - MEDIA PLATEFORME | FR","description":"Fromageries Bel Maroc obtient le label RSE de la CGEM, confirmant son engagement concret pour un mod\u00e8le agroalimentaire durable,","robots":{"index":"index","follow":"follow","max-snippet":"max-snippet:-1","max-image-preview":"max-image-preview:large","max-video-preview":"max-video-preview:-1"},"canonical":"https:\/\/www.mediaplateforme.com\/fr\/fromageries-bel-maroc-label-rse-cgem\/","og_locale":"fr_FR","og_type":"article","og_title":"Fromageries Bel Maroc label RSE CGEM - MEDIA PLATEFORME | FR","og_description":"Fromageries Bel Maroc obtient le label RSE de la CGEM, confirmant son engagement concret pour un mod\u00e8le agroalimentaire durable,","og_url":"https:\/\/www.mediaplateforme.com\/fr\/fromageries-bel-maroc-label-rse-cgem\/","og_site_name":"MEDIA PLATEFORME | FR","article_published_time":"2025-05-21T20:10:11+00:00","article_modified_time":"2025-05-21T20:11:11+00:00","og_image":[{"width":1200,"height":800,"url":"https:\/\/www.mediaplateforme.com\/fr\/wp-content\/uploads\/sites\/5\/2025\/05\/\u0645\u062c\u0627\u0628\u0646-\u0628\u0644-\u0627\u0644\u0645\u063a\u0631\u0628-\u0627\u0644\u0645\u0633\u0624\u0648\u0644\u064a\u0629-\u0627\u0644\u0627\u062c\u062a\u0645\u0627\u0639\u064a\u0629.jpg","type":"image\/jpeg"}],"author":"Mediaplateforme","twitter_card":"summary_large_image","twitter_misc":{"\u00c9crit par":"Mediaplateforme","Dur\u00e9e de lecture estim\u00e9e":"3 minutes"},"schema":{"@context":"https:\/\/schema.org","@graph":[{"@type":"WebPage","@id":"https:\/\/www.mediaplateforme.com\/fr\/fromageries-bel-maroc-label-rse-cgem\/","url":"https:\/\/www.mediaplateforme.com\/fr\/fromageries-bel-maroc-label-rse-cgem\/","name":"Fromageries Bel Maroc label RSE CGEM - MEDIA PLATEFORME | FR","isPartOf":{"@id":"https:\/\/www.mediaplateforme.com\/fr\/#website"},"datePublished":"2025-05-21T20:10:11+00:00","dateModified":"2025-05-21T20:11:11+00:00","author":{"@id":"https:\/\/www.mediaplateforme.com\/fr\/#\/schema\/person\/89833db382b5db2c76b094bc902aa12a"},"description":"Fromageries Bel Maroc obtient le label RSE de la CGEM, confirmant son engagement concret pour un mod\u00e8le agroalimentaire durable,","breadcrumb":{"@id":"https:\/\/www.mediaplateforme.com\/fr\/fromageries-bel-maroc-label-rse-cgem\/#breadcrumb"},"inLanguage":"fr-FR","potentialAction":[{"@type":"ReadAction","target":["https:\/\/www.mediaplateforme.com\/fr\/fromageries-bel-maroc-label-rse-cgem\/"]}]},{"@type":"BreadcrumbList","@id":"https:\/\/www.mediaplateforme.com\/fr\/fromageries-bel-maroc-label-rse-cgem\/#breadcrumb","itemListElement":[{"@type":"ListItem","position":1,"name":"\u0627\u0644\u0631\u0626\u064a\u0633\u064a\u0629","item":"https:\/\/www.mediaplateforme.com\/fr\/"},{"@type":"ListItem","position":2,"name":"Fromageries Bel Maroc labellis\u00e9e RSE par la CGEM : un mod\u00e8le d&#8217;engagement durable au service du Maroc"}]},{"@type":"WebSite","@id":"https:\/\/www.mediaplateforme.com\/fr\/#website","url":"https:\/\/www.mediaplateforme.com\/fr\/","name":"MEDIA PLATEFORME | FR","description":"Mediaplateforme sp\u00e9cialis\u00e9 dans la communication institutions publiques et des entreprises","potentialAction":[{"@type":"SearchAction","target":{"@type":"EntryPoint","urlTemplate":"https:\/\/www.mediaplateforme.com\/fr\/?s={search_term_string}"},"query-input":"required name=search_term_string"}],"inLanguage":"fr-FR"},{"@type":"Person","@id":"https:\/\/www.mediaplateforme.com\/fr\/#\/schema\/person\/89833db382b5db2c76b094bc902aa12a","name":"Mediaplateforme","image":{"@type":"ImageObject","inLanguage":"fr-FR","@id":"https:\/\/www.mediaplateforme.com\/fr\/#\/schema\/person\/image\/","url":"https:\/\/secure.gravatar.com\/avatar\/6c9c02e8928cc65d54bf75157f7b3a2d06d7ad0494ca0951f679552ff03b34c1?s=96&d=mm&r=g","contentUrl":"https:\/\/secure.gravatar.com\/avatar\/6c9c02e8928cc65d54bf75157f7b3a2d06d7ad0494ca0951f679552ff03b34c1?s=96&d=mm&r=g","caption":"Mediaplateforme"},"sameAs":["https:\/\/www.mediaplateforme.com"],"url":"https:\/\/www.mediaplateforme.com\/fr\/author\/mohamedladib\/"}]}},"_links":{"self":[{"href":"https:\/\/www.mediaplateforme.com\/fr\/wp-json\/wp\/v2\/posts\/7204","targetHints":{"allow":["GET"]}}],"collection":[{"href":"https:\/\/www.mediaplateforme.com\/fr\/wp-json\/wp\/v2\/posts"}],"about":[{"href":"https:\/\/www.mediaplateforme.com\/fr\/wp-json\/wp\/v2\/types\/post"}],"author":[{"embeddable":true,"href":"https:\/\/www.mediaplateforme.com\/fr\/wp-json\/wp\/v2\/users\/1"}],"replies":[{"embeddable":true,"href":"https:\/\/www.mediaplateforme.com\/fr\/wp-json\/wp\/v2\/comments?post=7204"}],"version-history":[{"count":1,"href":"https:\/\/www.mediaplateforme.com\/fr\/wp-json\/wp\/v2\/posts\/7204\/revisions"}],"predecessor-version":[{"id":7206,"href":"https:\/\/www.mediaplateforme.com\/fr\/wp-json\/wp\/v2\/posts\/7204\/revisions\/7206"}],"wp:featuredmedia":[{"embeddable":true,"href":"https:\/\/www.mediaplateforme.com\/fr\/wp-json\/wp\/v2\/media\/7205"}],"wp:attachment":[{"href":"https:\/\/www.mediaplateforme.com\/fr\/wp-json\/wp\/v2\/media?parent=7204"}],"wp:term":[{"taxonomy":"category","embeddable":true,"href":"https:\/\/www.mediaplateforme.com\/fr\/wp-json\/wp\/v2\/categories?post=7204"},{"taxonomy":"post_tag","embeddable":true,"href":"https:\/\/www.mediaplateforme.com\/fr\/wp-json\/wp\/v2\/tags?post=7204"}],"curies":[{"name":"wp","href":"https:\/\/api.w.org\/{rel}","templated":true}]}}