{"id":719,"date":"2022-08-01T16:33:25","date_gmt":"2022-08-01T15:33:25","guid":{"rendered":"https:\/\/www.mediaplateforme.com\/fr\/?p=719"},"modified":"2022-08-01T16:34:44","modified_gmt":"2022-08-01T15:34:44","slug":"forsa-le-programme-finance-ses-premiers-projets","status":"publish","type":"post","link":"https:\/\/www.mediaplateforme.com\/fr\/forsa-le-programme-finance-ses-premiers-projets\/","title":{"rendered":"FORSA, le programme finance ses premiers projets"},"content":{"rendered":"<p>Depuis plusieurs semaines, le programme forsa affiche une acc\u00e9l\u00e9ration de l\u2019ensemble de ses \u00e9tapes de s\u00e9lection et d\u2019accompagnement qui a permis la tenue comme annonc\u00e9 des premi\u00e8res commissions de financement fin juillet.<\/p>\n<p>A cet effet, plusieurs r\u00e9gions ont tenu leurs premi\u00e8res commissions de financement ayant pu identifier les premiers porteurs de projets financ\u00e9s ainsi que les montants du pr\u00eat d\u2019honneur accord\u00e9s.<\/p>\n<p>Cette semaine connaitra la g\u00e9n\u00e9ralisation des commissions de financement \u00e0 toutes les R\u00e9gions et l\u2019acc\u00e9l\u00e9ration graduelle du rythme d\u2019octroi des financements aux porteurs de projets ayant compl\u00e9t\u00e9 leur formation e-learning et leur accompagnement par des incubateurs.<\/p>\n<p>Rappelons que l\u2019objectif du programme, dans le cadre de cette premi\u00e8re \u00e9dition est de financer, au minimum 10 000 projets en 2022. L\u2019analyse des premi\u00e8res demandes de financement a montr\u00e9 des besoins en montants diff\u00e9renci\u00e9s selon les projets, ce qui permettra, \u00e9ventuellement, de d\u00e9passer l\u2019objectif des 10 000 projets si l\u2019enveloppe budg\u00e9taire d\u00e9di\u00e9e au programme le permet.<\/p>\n<p>Aussi, dans une optique d\u2019int\u00e9grer un grand nombre de projets dans le programme, les dossiers incomplets ont vu leur d\u00e9lai de compl\u00e9tude prolong\u00e9 au 1er Ao\u00fbt 2022. Pass\u00e9 ce d\u00e9lai, et en cas de non-r\u00e9ponse, les candidatures incompl\u00e8tes seront consid\u00e9r\u00e9es abandonn\u00e9es.<\/p>\n<p>&nbsp;<\/p>\n","protected":false},"excerpt":{"rendered":"<p>Depuis plusieurs semaines, le programme forsa affiche une acc\u00e9l\u00e9ration de l\u2019ensemble de ses \u00e9tapes de<\/p>\n","protected":false},"author":1,"featured_media":720,"comment_status":"open","ping_status":"open","sticky":false,"template":"","format":"standard","meta":{"_acf_changed":false,"footnotes":""},"categories":[4,3],"tags":[283],"class_list":["post-719","post","type-post","status-publish","format-standard","has-post-thumbnail","hentry","category-economie","category-nouvelles-selectionnees","tag-forsa"],"acf":[],"yoast_head":"<!-- This site is optimized with the Yoast SEO plugin v22.0 - https:\/\/yoast.com\/wordpress\/plugins\/seo\/ -->\n<title>FORSA, le programme finance ses premiers projets - MEDIA PLATEFORME | FR<\/title>\n<meta name=\"description\" content=\"Depuis plusieurs semaines, le programme forsa affiche une acc\u00e9l\u00e9ration de l\u2019ensemble de ses \u00e9tapes de s\u00e9lection et d\u2019accompagnement\" \/>\n<meta name=\"robots\" content=\"index, follow, max-snippet:-1, max-image-preview:large, max-video-preview:-1\" \/>\n<link rel=\"canonical\" href=\"https:\/\/www.mediaplateforme.com\/fr\/forsa-le-programme-finance-ses-premiers-projets\/\" \/>\n<meta property=\"og:locale\" content=\"fr_FR\" \/>\n<meta property=\"og:type\" content=\"article\" \/>\n<meta property=\"og:title\" content=\"FORSA, le programme finance ses premiers projets - MEDIA PLATEFORME | FR\" \/>\n<meta property=\"og:description\" content=\"Depuis plusieurs semaines, le programme forsa affiche une acc\u00e9l\u00e9ration de l\u2019ensemble de ses \u00e9tapes de s\u00e9lection et d\u2019accompagnement\" \/>\n<meta property=\"og:url\" content=\"https:\/\/www.mediaplateforme.com\/fr\/forsa-le-programme-finance-ses-premiers-projets\/\" \/>\n<meta property=\"og:site_name\" content=\"MEDIA PLATEFORME | FR\" \/>\n<meta property=\"article:published_time\" content=\"2022-08-01T15:33:25+00:00\" \/>\n<meta property=\"article:modified_time\" content=\"2022-08-01T15:34:44+00:00\" \/>\n<meta property=\"og:image\" content=\"https:\/\/www.mediaplateforme.com\/fr\/wp-content\/uploads\/sites\/5\/2022\/08\/Screenshot_20220801-163043_Chrome.jpg\" \/>\n\t<meta property=\"og:image:width\" content=\"688\" \/>\n\t<meta property=\"og:image:height\" content=\"447\" \/>\n\t<meta property=\"og:image:type\" content=\"image\/jpeg\" \/>\n<meta name=\"author\" content=\"Mediaplateforme\" \/>\n<meta name=\"twitter:card\" content=\"summary_large_image\" \/>\n<meta name=\"twitter:label1\" content=\"\u00c9crit par\" \/>\n\t<meta name=\"twitter:data1\" content=\"Mediaplateforme\" \/>\n\t<meta name=\"twitter:label2\" content=\"Dur\u00e9e de lecture estim\u00e9e\" \/>\n\t<meta name=\"twitter:data2\" content=\"1 minute\" \/>\n<script type=\"application\/ld+json\" class=\"yoast-schema-graph\">{\"@context\":\"https:\/\/schema.org\",\"@graph\":[{\"@type\":\"WebPage\",\"@id\":\"https:\/\/www.mediaplateforme.com\/fr\/forsa-le-programme-finance-ses-premiers-projets\/\",\"url\":\"https:\/\/www.mediaplateforme.com\/fr\/forsa-le-programme-finance-ses-premiers-projets\/\",\"name\":\"FORSA, le programme finance ses premiers projets - MEDIA PLATEFORME | FR\",\"isPartOf\":{\"@id\":\"https:\/\/www.mediaplateforme.com\/fr\/#website\"},\"datePublished\":\"2022-08-01T15:33:25+00:00\",\"dateModified\":\"2022-08-01T15:34:44+00:00\",\"author\":{\"@id\":\"https:\/\/www.mediaplateforme.com\/fr\/#\/schema\/person\/89833db382b5db2c76b094bc902aa12a\"},\"description\":\"Depuis plusieurs semaines, le programme forsa affiche une acc\u00e9l\u00e9ration de l\u2019ensemble de ses \u00e9tapes de s\u00e9lection et d\u2019accompagnement\",\"breadcrumb\":{\"@id\":\"https:\/\/www.mediaplateforme.com\/fr\/forsa-le-programme-finance-ses-premiers-projets\/#breadcrumb\"},\"inLanguage\":\"fr-FR\",\"potentialAction\":[{\"@type\":\"ReadAction\",\"target\":[\"https:\/\/www.mediaplateforme.com\/fr\/forsa-le-programme-finance-ses-premiers-projets\/\"]}]},{\"@type\":\"BreadcrumbList\",\"@id\":\"https:\/\/www.mediaplateforme.com\/fr\/forsa-le-programme-finance-ses-premiers-projets\/#breadcrumb\",\"itemListElement\":[{\"@type\":\"ListItem\",\"position\":1,\"name\":\"\u0627\u0644\u0631\u0626\u064a\u0633\u064a\u0629\",\"item\":\"https:\/\/www.mediaplateforme.com\/fr\/\"},{\"@type\":\"ListItem\",\"position\":2,\"name\":\"FORSA, le programme finance ses premiers projets\"}]},{\"@type\":\"WebSite\",\"@id\":\"https:\/\/www.mediaplateforme.com\/fr\/#website\",\"url\":\"https:\/\/www.mediaplateforme.com\/fr\/\",\"name\":\"MEDIA PLATEFORME | FR\",\"description\":\"Mediaplateforme sp\u00e9cialis\u00e9 dans la communication institutions publiques et des entreprises\",\"potentialAction\":[{\"@type\":\"SearchAction\",\"target\":{\"@type\":\"EntryPoint\",\"urlTemplate\":\"https:\/\/www.mediaplateforme.com\/fr\/?s={search_term_string}\"},\"query-input\":\"required name=search_term_string\"}],\"inLanguage\":\"fr-FR\"},{\"@type\":\"Person\",\"@id\":\"https:\/\/www.mediaplateforme.com\/fr\/#\/schema\/person\/89833db382b5db2c76b094bc902aa12a\",\"name\":\"Mediaplateforme\",\"image\":{\"@type\":\"ImageObject\",\"inLanguage\":\"fr-FR\",\"@id\":\"https:\/\/www.mediaplateforme.com\/fr\/#\/schema\/person\/image\/\",\"url\":\"https:\/\/secure.gravatar.com\/avatar\/6c9c02e8928cc65d54bf75157f7b3a2d06d7ad0494ca0951f679552ff03b34c1?s=96&d=mm&r=g\",\"contentUrl\":\"https:\/\/secure.gravatar.com\/avatar\/6c9c02e8928cc65d54bf75157f7b3a2d06d7ad0494ca0951f679552ff03b34c1?s=96&d=mm&r=g\",\"caption\":\"Mediaplateforme\"},\"sameAs\":[\"https:\/\/www.mediaplateforme.com\"],\"url\":\"https:\/\/www.mediaplateforme.com\/fr\/author\/mohamedladib\/\"}]}<\/script>\n<!-- \/ Yoast SEO plugin. -->","yoast_head_json":{"title":"FORSA, le programme finance ses premiers projets - MEDIA PLATEFORME | FR","description":"Depuis plusieurs semaines, le programme forsa affiche une acc\u00e9l\u00e9ration de l\u2019ensemble de ses \u00e9tapes de s\u00e9lection et d\u2019accompagnement","robots":{"index":"index","follow":"follow","max-snippet":"max-snippet:-1","max-image-preview":"max-image-preview:large","max-video-preview":"max-video-preview:-1"},"canonical":"https:\/\/www.mediaplateforme.com\/fr\/forsa-le-programme-finance-ses-premiers-projets\/","og_locale":"fr_FR","og_type":"article","og_title":"FORSA, le programme finance ses premiers projets - MEDIA PLATEFORME | FR","og_description":"Depuis plusieurs semaines, le programme forsa affiche une acc\u00e9l\u00e9ration de l\u2019ensemble de ses \u00e9tapes de s\u00e9lection et d\u2019accompagnement","og_url":"https:\/\/www.mediaplateforme.com\/fr\/forsa-le-programme-finance-ses-premiers-projets\/","og_site_name":"MEDIA PLATEFORME | FR","article_published_time":"2022-08-01T15:33:25+00:00","article_modified_time":"2022-08-01T15:34:44+00:00","og_image":[{"width":688,"height":447,"url":"https:\/\/www.mediaplateforme.com\/fr\/wp-content\/uploads\/sites\/5\/2022\/08\/Screenshot_20220801-163043_Chrome.jpg","type":"image\/jpeg"}],"author":"Mediaplateforme","twitter_card":"summary_large_image","twitter_misc":{"\u00c9crit par":"Mediaplateforme","Dur\u00e9e de lecture estim\u00e9e":"1 minute"},"schema":{"@context":"https:\/\/schema.org","@graph":[{"@type":"WebPage","@id":"https:\/\/www.mediaplateforme.com\/fr\/forsa-le-programme-finance-ses-premiers-projets\/","url":"https:\/\/www.mediaplateforme.com\/fr\/forsa-le-programme-finance-ses-premiers-projets\/","name":"FORSA, le programme finance ses premiers projets - MEDIA PLATEFORME | FR","isPartOf":{"@id":"https:\/\/www.mediaplateforme.com\/fr\/#website"},"datePublished":"2022-08-01T15:33:25+00:00","dateModified":"2022-08-01T15:34:44+00:00","author":{"@id":"https:\/\/www.mediaplateforme.com\/fr\/#\/schema\/person\/89833db382b5db2c76b094bc902aa12a"},"description":"Depuis plusieurs semaines, le programme forsa affiche une acc\u00e9l\u00e9ration de l\u2019ensemble de ses \u00e9tapes de s\u00e9lection et d\u2019accompagnement","breadcrumb":{"@id":"https:\/\/www.mediaplateforme.com\/fr\/forsa-le-programme-finance-ses-premiers-projets\/#breadcrumb"},"inLanguage":"fr-FR","potentialAction":[{"@type":"ReadAction","target":["https:\/\/www.mediaplateforme.com\/fr\/forsa-le-programme-finance-ses-premiers-projets\/"]}]},{"@type":"BreadcrumbList","@id":"https:\/\/www.mediaplateforme.com\/fr\/forsa-le-programme-finance-ses-premiers-projets\/#breadcrumb","itemListElement":[{"@type":"ListItem","position":1,"name":"\u0627\u0644\u0631\u0626\u064a\u0633\u064a\u0629","item":"https:\/\/www.mediaplateforme.com\/fr\/"},{"@type":"ListItem","position":2,"name":"FORSA, le programme finance ses premiers projets"}]},{"@type":"WebSite","@id":"https:\/\/www.mediaplateforme.com\/fr\/#website","url":"https:\/\/www.mediaplateforme.com\/fr\/","name":"MEDIA PLATEFORME | FR","description":"Mediaplateforme sp\u00e9cialis\u00e9 dans la communication institutions publiques et des entreprises","potentialAction":[{"@type":"SearchAction","target":{"@type":"EntryPoint","urlTemplate":"https:\/\/www.mediaplateforme.com\/fr\/?s={search_term_string}"},"query-input":"required name=search_term_string"}],"inLanguage":"fr-FR"},{"@type":"Person","@id":"https:\/\/www.mediaplateforme.com\/fr\/#\/schema\/person\/89833db382b5db2c76b094bc902aa12a","name":"Mediaplateforme","image":{"@type":"ImageObject","inLanguage":"fr-FR","@id":"https:\/\/www.mediaplateforme.com\/fr\/#\/schema\/person\/image\/","url":"https:\/\/secure.gravatar.com\/avatar\/6c9c02e8928cc65d54bf75157f7b3a2d06d7ad0494ca0951f679552ff03b34c1?s=96&d=mm&r=g","contentUrl":"https:\/\/secure.gravatar.com\/avatar\/6c9c02e8928cc65d54bf75157f7b3a2d06d7ad0494ca0951f679552ff03b34c1?s=96&d=mm&r=g","caption":"Mediaplateforme"},"sameAs":["https:\/\/www.mediaplateforme.com"],"url":"https:\/\/www.mediaplateforme.com\/fr\/author\/mohamedladib\/"}]}},"_links":{"self":[{"href":"https:\/\/www.mediaplateforme.com\/fr\/wp-json\/wp\/v2\/posts\/719","targetHints":{"allow":["GET"]}}],"collection":[{"href":"https:\/\/www.mediaplateforme.com\/fr\/wp-json\/wp\/v2\/posts"}],"about":[{"href":"https:\/\/www.mediaplateforme.com\/fr\/wp-json\/wp\/v2\/types\/post"}],"author":[{"embeddable":true,"href":"https:\/\/www.mediaplateforme.com\/fr\/wp-json\/wp\/v2\/users\/1"}],"replies":[{"embeddable":true,"href":"https:\/\/www.mediaplateforme.com\/fr\/wp-json\/wp\/v2\/comments?post=719"}],"version-history":[{"count":3,"href":"https:\/\/www.mediaplateforme.com\/fr\/wp-json\/wp\/v2\/posts\/719\/revisions"}],"predecessor-version":[{"id":723,"href":"https:\/\/www.mediaplateforme.com\/fr\/wp-json\/wp\/v2\/posts\/719\/revisions\/723"}],"wp:featuredmedia":[{"embeddable":true,"href":"https:\/\/www.mediaplateforme.com\/fr\/wp-json\/wp\/v2\/media\/720"}],"wp:attachment":[{"href":"https:\/\/www.mediaplateforme.com\/fr\/wp-json\/wp\/v2\/media?parent=719"}],"wp:term":[{"taxonomy":"category","embeddable":true,"href":"https:\/\/www.mediaplateforme.com\/fr\/wp-json\/wp\/v2\/categories?post=719"},{"taxonomy":"post_tag","embeddable":true,"href":"https:\/\/www.mediaplateforme.com\/fr\/wp-json\/wp\/v2\/tags?post=719"}],"curies":[{"name":"wp","href":"https:\/\/api.w.org\/{rel}","templated":true}]}}