{"id":7179,"date":"2025-05-15T15:39:15","date_gmt":"2025-05-15T14:39:15","guid":{"rendered":"https:\/\/www.mediaplateforme.com\/fr\/?p=7179"},"modified":"2025-05-15T15:39:51","modified_gmt":"2025-05-15T14:39:51","slug":"transition-ecologique-golf-maroc","status":"publish","type":"post","link":"https:\/\/www.mediaplateforme.com\/fr\/transition-ecologique-golf-maroc\/","title":{"rendered":"Le golf marocain s&rsquo;engage pleinement dans la transition \u00e9cologique : un s\u00e9minaire national plac\u00e9 sous le haut patronage de SAR le Prince Moulay Rachid"},"content":{"rendered":"<p>Sous la pr\u00e9sidence effective de Son Altesse Royale le Prince Moulay Rachid, la <a href=\"https:\/\/www.mediaplateforme.com\/fr\/le-golf-marocain-saffirme-dans-lelite-golfique-mondiale\/\">F\u00e9d\u00e9ration Royale Marocaine<\/a> de Golf (FRMG) a tenu, le samedi 10 mai 2025 \u00e0 l\u2019Institut National du Cheval \u00e0 Rabat, un s\u00e9minaire de haut niveau d\u00e9di\u00e9 \u00e0 la transition \u00e9cologique dans les golf marocains. Cette initiative s\u2019inscrit dans la continuit\u00e9 du programme Golf Go Green, lanc\u00e9 en 2021 pour accompagner les clubs vers une gestion plus responsable de leurs ressources et espaces.<\/p>\n<h3>Un \u00e9cosyst\u00e8me en mouvement<\/h3>\n<p>Ce rendez-vous a r\u00e9uni un large \u00e9ventail d\u2019acteurs : experts environnementaux, repr\u00e9sentants des institutions publiques, greenkeepers, dirigeants de clubs, h\u00f4teliers et membres de la soci\u00e9t\u00e9 civile. Tous ont partag\u00e9 une m\u00eame conviction : le golf marocain peut devenir un laboratoire exemplaire de transition environnementale, alliant performance sportive et responsabilit\u00e9 \u00e9cologique.<\/p>\n<p>Les discussions ont mis en lumi\u00e8re des pratiques novatrices, des retours d&rsquo;exp\u00e9rience inspirants, et surtout une volont\u00e9 commune d&rsquo;agir rapidement et efficacement.<\/p>\n<h3>Des th\u00e8mes cl\u00e9s au c\u0153ur des d\u00e9bats<\/h3>\n<p>Quatre axes ont structur\u00e9 les \u00e9changes :<\/p>\n<ul>\n<li><strong>Gestion intelligente de l\u2019eau<\/strong><\/li>\n<li><strong>Pr\u00e9servation et int\u00e9gration de la biodiversit\u00e9<\/strong><\/li>\n<li><strong>Innovation agronomique et entretien des sols<\/strong><\/li>\n<li><strong>Labellisation environnementale des parcours<\/strong><\/li>\n<\/ul>\n<p>Ces sujets ont \u00e9t\u00e9 d\u00e9velopp\u00e9s par des experts internationaux reconnus, tels que Daniel Lightfoot (R&amp;A), R\u00e9my Dorbeau (AGREF), Professeur Gilles B\u0153uf, ainsi que des professionnels de terrain marocains comme Hajar Benlouali, Assiya Mabrour, ou Simon Rees.<\/p>\n<h3>Une charte fondatrice pour ancrer l\u2019engagement<\/h3>\n<p>Point d\u2019orgue de cette journ\u00e9e : la pr\u00e9sentation officielle de la Charte de la gestion environnementale des espaces golfiques. \u00c9labor\u00e9e de mani\u00e8re collaborative, cette charte constitue d\u00e9sormais le cadre de r\u00e9f\u00e9rence pour l\u2019action \u00e9cologique dans les golfs marocains. Elle invite chaque club \u00e0 s\u2019y inscrire en respectant ses sp\u00e9cificit\u00e9s locales, tout en partageant une ambition commune d\u2019excellence durable.<\/p>\n<h3>Un cap clair pour l\u2019avenir<\/h3>\n<p>La FRMG a salu\u00e9 l\u2019engagement des participants et r\u00e9it\u00e9r\u00e9 son soutien actif aux clubs qui souhaitent s\u2019engager dans la transition. Elle s\u2019affirme comme un acteur structurant de cette dynamique verte, mobilisant expertise, accompagnement personnalis\u00e9 et dialogue continu pour faire du golf marocain un mod\u00e8le de durabilit\u00e9 sur le plan international.<\/p>\n<p>transition \u00e9cologique golf Maroc<\/p>\n<p>transition \u00e9cologique golf Maroc<\/p>\n","protected":false},"excerpt":{"rendered":"<p>Sous la pr\u00e9sidence effective de Son Altesse Royale le Prince Moulay Rachid, la F\u00e9d\u00e9ration Royale<\/p>\n","protected":false},"author":1,"featured_media":7181,"comment_status":"open","ping_status":"open","sticky":false,"template":"","format":"standard","meta":{"_acf_changed":false,"footnotes":""},"categories":[3,796],"tags":[3519,3520,3516,1159,3518,3517,3515,3521,3514],"class_list":["post-7179","post","type-post","status-publish","format-standard","has-post-thumbnail","hentry","category-nouvelles-selectionnees","category-sport-business","tag-biodiversite-parcours-golf","tag-charte-ecologique-frmg","tag-developpement-durable-maroc","tag-federation-royale-marocaine-de-golf","tag-gestion-de-leau-golf","tag-golf-et-environnement","tag-golf-go-green","tag-sport-durable-maroc","tag-transition-ecologique-golf-maroc"],"acf":[],"yoast_head":"<!-- This site is optimized with the Yoast SEO plugin v22.0 - https:\/\/yoast.com\/wordpress\/plugins\/seo\/ -->\n<title>transition \u00e9cologique golf Maroc - MEDIA PLATEFORME | FR<\/title>\n<meta name=\"description\" content=\"La FRMG organise un s\u00e9minaire national \u00e0 Rabat pour acc\u00e9l\u00e9rer la transition \u00e9cologique des parcours de golf, avec des acteurs engag\u00e9s.\" \/>\n<meta name=\"robots\" content=\"index, follow, max-snippet:-1, max-image-preview:large, max-video-preview:-1\" \/>\n<link rel=\"canonical\" href=\"https:\/\/www.mediaplateforme.com\/fr\/transition-ecologique-golf-maroc\/\" \/>\n<meta property=\"og:locale\" content=\"fr_FR\" \/>\n<meta property=\"og:type\" content=\"article\" \/>\n<meta property=\"og:title\" content=\"transition \u00e9cologique golf Maroc - MEDIA PLATEFORME | FR\" \/>\n<meta property=\"og:description\" content=\"La FRMG organise un s\u00e9minaire national \u00e0 Rabat pour acc\u00e9l\u00e9rer la transition \u00e9cologique des parcours de golf, avec des acteurs engag\u00e9s.\" \/>\n<meta property=\"og:url\" content=\"https:\/\/www.mediaplateforme.com\/fr\/transition-ecologique-golf-maroc\/\" \/>\n<meta property=\"og:site_name\" content=\"MEDIA PLATEFORME | FR\" \/>\n<meta property=\"article:published_time\" content=\"2025-05-15T14:39:15+00:00\" \/>\n<meta property=\"article:modified_time\" content=\"2025-05-15T14:39:51+00:00\" \/>\n<meta property=\"og:image\" content=\"https:\/\/www.mediaplateforme.com\/fr\/wp-content\/uploads\/sites\/5\/2025\/05\/transition-ecologique-golf-Maroc.jpg\" \/>\n\t<meta property=\"og:image:width\" content=\"1000\" \/>\n\t<meta property=\"og:image:height\" content=\"666\" \/>\n\t<meta property=\"og:image:type\" content=\"image\/jpeg\" \/>\n<meta name=\"author\" content=\"Mediaplateforme\" \/>\n<meta name=\"twitter:card\" content=\"summary_large_image\" \/>\n<meta name=\"twitter:label1\" content=\"\u00c9crit par\" \/>\n\t<meta name=\"twitter:data1\" content=\"Mediaplateforme\" \/>\n\t<meta name=\"twitter:label2\" content=\"Dur\u00e9e de lecture estim\u00e9e\" \/>\n\t<meta name=\"twitter:data2\" content=\"2 minutes\" \/>\n<script type=\"application\/ld+json\" class=\"yoast-schema-graph\">{\"@context\":\"https:\/\/schema.org\",\"@graph\":[{\"@type\":\"WebPage\",\"@id\":\"https:\/\/www.mediaplateforme.com\/fr\/transition-ecologique-golf-maroc\/\",\"url\":\"https:\/\/www.mediaplateforme.com\/fr\/transition-ecologique-golf-maroc\/\",\"name\":\"transition \u00e9cologique golf Maroc - MEDIA PLATEFORME | FR\",\"isPartOf\":{\"@id\":\"https:\/\/www.mediaplateforme.com\/fr\/#website\"},\"datePublished\":\"2025-05-15T14:39:15+00:00\",\"dateModified\":\"2025-05-15T14:39:51+00:00\",\"author\":{\"@id\":\"https:\/\/www.mediaplateforme.com\/fr\/#\/schema\/person\/89833db382b5db2c76b094bc902aa12a\"},\"description\":\"La FRMG organise un s\u00e9minaire national \u00e0 Rabat pour acc\u00e9l\u00e9rer la transition \u00e9cologique des parcours de golf, avec des acteurs engag\u00e9s.\",\"breadcrumb\":{\"@id\":\"https:\/\/www.mediaplateforme.com\/fr\/transition-ecologique-golf-maroc\/#breadcrumb\"},\"inLanguage\":\"fr-FR\",\"potentialAction\":[{\"@type\":\"ReadAction\",\"target\":[\"https:\/\/www.mediaplateforme.com\/fr\/transition-ecologique-golf-maroc\/\"]}]},{\"@type\":\"BreadcrumbList\",\"@id\":\"https:\/\/www.mediaplateforme.com\/fr\/transition-ecologique-golf-maroc\/#breadcrumb\",\"itemListElement\":[{\"@type\":\"ListItem\",\"position\":1,\"name\":\"\u0627\u0644\u0631\u0626\u064a\u0633\u064a\u0629\",\"item\":\"https:\/\/www.mediaplateforme.com\/fr\/\"},{\"@type\":\"ListItem\",\"position\":2,\"name\":\"Le golf marocain s&#8217;engage pleinement dans la transition \u00e9cologique : un s\u00e9minaire national plac\u00e9 sous le haut patronage de SAR le Prince Moulay Rachid\"}]},{\"@type\":\"WebSite\",\"@id\":\"https:\/\/www.mediaplateforme.com\/fr\/#website\",\"url\":\"https:\/\/www.mediaplateforme.com\/fr\/\",\"name\":\"MEDIA PLATEFORME | FR\",\"description\":\"Mediaplateforme sp\u00e9cialis\u00e9 dans la communication institutions publiques et des entreprises\",\"potentialAction\":[{\"@type\":\"SearchAction\",\"target\":{\"@type\":\"EntryPoint\",\"urlTemplate\":\"https:\/\/www.mediaplateforme.com\/fr\/?s={search_term_string}\"},\"query-input\":\"required name=search_term_string\"}],\"inLanguage\":\"fr-FR\"},{\"@type\":\"Person\",\"@id\":\"https:\/\/www.mediaplateforme.com\/fr\/#\/schema\/person\/89833db382b5db2c76b094bc902aa12a\",\"name\":\"Mediaplateforme\",\"image\":{\"@type\":\"ImageObject\",\"inLanguage\":\"fr-FR\",\"@id\":\"https:\/\/www.mediaplateforme.com\/fr\/#\/schema\/person\/image\/\",\"url\":\"https:\/\/secure.gravatar.com\/avatar\/6c9c02e8928cc65d54bf75157f7b3a2d06d7ad0494ca0951f679552ff03b34c1?s=96&d=mm&r=g\",\"contentUrl\":\"https:\/\/secure.gravatar.com\/avatar\/6c9c02e8928cc65d54bf75157f7b3a2d06d7ad0494ca0951f679552ff03b34c1?s=96&d=mm&r=g\",\"caption\":\"Mediaplateforme\"},\"sameAs\":[\"https:\/\/www.mediaplateforme.com\"],\"url\":\"https:\/\/www.mediaplateforme.com\/fr\/author\/mohamedladib\/\"}]}<\/script>\n<!-- \/ Yoast SEO plugin. -->","yoast_head_json":{"title":"transition \u00e9cologique golf Maroc - MEDIA PLATEFORME | FR","description":"La FRMG organise un s\u00e9minaire national \u00e0 Rabat pour acc\u00e9l\u00e9rer la transition \u00e9cologique des parcours de golf, avec des acteurs engag\u00e9s.","robots":{"index":"index","follow":"follow","max-snippet":"max-snippet:-1","max-image-preview":"max-image-preview:large","max-video-preview":"max-video-preview:-1"},"canonical":"https:\/\/www.mediaplateforme.com\/fr\/transition-ecologique-golf-maroc\/","og_locale":"fr_FR","og_type":"article","og_title":"transition \u00e9cologique golf Maroc - MEDIA PLATEFORME | FR","og_description":"La FRMG organise un s\u00e9minaire national \u00e0 Rabat pour acc\u00e9l\u00e9rer la transition \u00e9cologique des parcours de golf, avec des acteurs engag\u00e9s.","og_url":"https:\/\/www.mediaplateforme.com\/fr\/transition-ecologique-golf-maroc\/","og_site_name":"MEDIA PLATEFORME | FR","article_published_time":"2025-05-15T14:39:15+00:00","article_modified_time":"2025-05-15T14:39:51+00:00","og_image":[{"width":1000,"height":666,"url":"https:\/\/www.mediaplateforme.com\/fr\/wp-content\/uploads\/sites\/5\/2025\/05\/transition-ecologique-golf-Maroc.jpg","type":"image\/jpeg"}],"author":"Mediaplateforme","twitter_card":"summary_large_image","twitter_misc":{"\u00c9crit par":"Mediaplateforme","Dur\u00e9e de lecture estim\u00e9e":"2 minutes"},"schema":{"@context":"https:\/\/schema.org","@graph":[{"@type":"WebPage","@id":"https:\/\/www.mediaplateforme.com\/fr\/transition-ecologique-golf-maroc\/","url":"https:\/\/www.mediaplateforme.com\/fr\/transition-ecologique-golf-maroc\/","name":"transition \u00e9cologique golf Maroc - MEDIA PLATEFORME | FR","isPartOf":{"@id":"https:\/\/www.mediaplateforme.com\/fr\/#website"},"datePublished":"2025-05-15T14:39:15+00:00","dateModified":"2025-05-15T14:39:51+00:00","author":{"@id":"https:\/\/www.mediaplateforme.com\/fr\/#\/schema\/person\/89833db382b5db2c76b094bc902aa12a"},"description":"La FRMG organise un s\u00e9minaire national \u00e0 Rabat pour acc\u00e9l\u00e9rer la transition \u00e9cologique des parcours de golf, avec des acteurs engag\u00e9s.","breadcrumb":{"@id":"https:\/\/www.mediaplateforme.com\/fr\/transition-ecologique-golf-maroc\/#breadcrumb"},"inLanguage":"fr-FR","potentialAction":[{"@type":"ReadAction","target":["https:\/\/www.mediaplateforme.com\/fr\/transition-ecologique-golf-maroc\/"]}]},{"@type":"BreadcrumbList","@id":"https:\/\/www.mediaplateforme.com\/fr\/transition-ecologique-golf-maroc\/#breadcrumb","itemListElement":[{"@type":"ListItem","position":1,"name":"\u0627\u0644\u0631\u0626\u064a\u0633\u064a\u0629","item":"https:\/\/www.mediaplateforme.com\/fr\/"},{"@type":"ListItem","position":2,"name":"Le golf marocain s&#8217;engage pleinement dans la transition \u00e9cologique : un s\u00e9minaire national plac\u00e9 sous le haut patronage de SAR le Prince Moulay Rachid"}]},{"@type":"WebSite","@id":"https:\/\/www.mediaplateforme.com\/fr\/#website","url":"https:\/\/www.mediaplateforme.com\/fr\/","name":"MEDIA PLATEFORME | FR","description":"Mediaplateforme sp\u00e9cialis\u00e9 dans la communication institutions publiques et des entreprises","potentialAction":[{"@type":"SearchAction","target":{"@type":"EntryPoint","urlTemplate":"https:\/\/www.mediaplateforme.com\/fr\/?s={search_term_string}"},"query-input":"required name=search_term_string"}],"inLanguage":"fr-FR"},{"@type":"Person","@id":"https:\/\/www.mediaplateforme.com\/fr\/#\/schema\/person\/89833db382b5db2c76b094bc902aa12a","name":"Mediaplateforme","image":{"@type":"ImageObject","inLanguage":"fr-FR","@id":"https:\/\/www.mediaplateforme.com\/fr\/#\/schema\/person\/image\/","url":"https:\/\/secure.gravatar.com\/avatar\/6c9c02e8928cc65d54bf75157f7b3a2d06d7ad0494ca0951f679552ff03b34c1?s=96&d=mm&r=g","contentUrl":"https:\/\/secure.gravatar.com\/avatar\/6c9c02e8928cc65d54bf75157f7b3a2d06d7ad0494ca0951f679552ff03b34c1?s=96&d=mm&r=g","caption":"Mediaplateforme"},"sameAs":["https:\/\/www.mediaplateforme.com"],"url":"https:\/\/www.mediaplateforme.com\/fr\/author\/mohamedladib\/"}]}},"_links":{"self":[{"href":"https:\/\/www.mediaplateforme.com\/fr\/wp-json\/wp\/v2\/posts\/7179","targetHints":{"allow":["GET"]}}],"collection":[{"href":"https:\/\/www.mediaplateforme.com\/fr\/wp-json\/wp\/v2\/posts"}],"about":[{"href":"https:\/\/www.mediaplateforme.com\/fr\/wp-json\/wp\/v2\/types\/post"}],"author":[{"embeddable":true,"href":"https:\/\/www.mediaplateforme.com\/fr\/wp-json\/wp\/v2\/users\/1"}],"replies":[{"embeddable":true,"href":"https:\/\/www.mediaplateforme.com\/fr\/wp-json\/wp\/v2\/comments?post=7179"}],"version-history":[{"count":2,"href":"https:\/\/www.mediaplateforme.com\/fr\/wp-json\/wp\/v2\/posts\/7179\/revisions"}],"predecessor-version":[{"id":7183,"href":"https:\/\/www.mediaplateforme.com\/fr\/wp-json\/wp\/v2\/posts\/7179\/revisions\/7183"}],"wp:featuredmedia":[{"embeddable":true,"href":"https:\/\/www.mediaplateforme.com\/fr\/wp-json\/wp\/v2\/media\/7181"}],"wp:attachment":[{"href":"https:\/\/www.mediaplateforme.com\/fr\/wp-json\/wp\/v2\/media?parent=7179"}],"wp:term":[{"taxonomy":"category","embeddable":true,"href":"https:\/\/www.mediaplateforme.com\/fr\/wp-json\/wp\/v2\/categories?post=7179"},{"taxonomy":"post_tag","embeddable":true,"href":"https:\/\/www.mediaplateforme.com\/fr\/wp-json\/wp\/v2\/tags?post=7179"}],"curies":[{"name":"wp","href":"https:\/\/api.w.org\/{rel}","templated":true}]}}