{"id":7172,"date":"2025-05-14T18:42:26","date_gmt":"2025-05-14T17:42:26","guid":{"rendered":"https:\/\/www.mediaplateforme.com\/fr\/?p=7172"},"modified":"2025-05-15T16:34:18","modified_gmt":"2025-05-15T15:34:18","slug":"acquisition-de-teka-par-midea","status":"publish","type":"post","link":"https:\/\/www.mediaplateforme.com\/fr\/acquisition-de-teka-par-midea\/","title":{"rendered":"\u00a0 Midea et Teka : une alliance strat\u00e9gique qui redessine l\u2019avenir des solutions domestiques mondiales"},"content":{"rendered":"<p>En finalisant l\u2019acquisition du Groupe Teka (hors Teka Rus LLC), le g\u00e9ant technologique chinois Midea Group confirme son positionnement offensif sur la sc\u00e8ne internationale. Annonc\u00e9e en juin 2024, cette alliance strat\u00e9gique donne naissance \u00e0 un nouveau p\u00f4le de comp\u00e9titivit\u00e9 mondiale dans le secteur des \u00e9quipements <a href=\"https:\/\/www.mediaplateforme.com\/fr\/les-appareils-electromenagers-lg-presentent-lefficacite-energetique-la-plus-elevee-pour-une-vie-durable-a-lifa-2023\/\">\u00e9lectrom\u00e9nagers<\/a> et des solutions domestiques.<\/p>\n<h3>Deux ADN compl\u00e9mentaires : innovation et h\u00e9ritage<\/h3>\n<p>Ce rapprochement entre l\u2019expertise industrielle et technologique de Midea et le savoir-faire centenaire du Groupe Teka, implant\u00e9 solidement en Europe, Asie et Am\u00e9rique latine, cr\u00e9e une synergie puissante. L\u2019enjeu est clair : \u00e9largir les gammes de produits, p\u00e9n\u00e9trer de nouveaux march\u00e9s, et offrir aux consommateurs des exp\u00e9riences toujours plus intelligentes, efficaces et adapt\u00e9es.<\/p>\n<h3>Une ambition : transformer l\u2019exp\u00e9rience client \u00e0 l\u2019\u00e9chelle mondiale<\/h3>\n<p>Port\u00e9e par une vision commune de l\u2019innovation, cette int\u00e9gration ouvre la voie \u00e0 un d\u00e9ploiement acc\u00e9l\u00e9r\u00e9 de solutions intelligentes, associant la recherche avanc\u00e9e de Midea \u00e0 la connaissance fine du consommateur europ\u00e9en d\u00e9tenue par Teka.<br \/>\nLes marques embl\u00e9matiques Teka, K\u00fcppersbusch et Intra continueront d\u2019exister tout en b\u00e9n\u00e9ficiant de la force op\u00e9rationnelle et des capacit\u00e9s R&amp;D de Midea.<\/p>\n<h3>Un tournant strat\u00e9gique salu\u00e9 par les dirigeants<\/h3>\n<p>Pour Jian Fu, Pr\u00e9sident de Midea International Business, cette acquisition est une \u00e9tape majeure :<\/p>\n<blockquote><p>\u00ab C\u2019est la rencontre de deux univers d\u2019excellence : celui de la performance industrielle et celui de l\u2019identit\u00e9 forte d\u2019une marque europ\u00e9enne. \u00bb<\/p><\/blockquote>\n<p>Du c\u00f4t\u00e9 de Mauro Correia, PDG de Teka, l\u2019enthousiasme est partag\u00e9 :<\/p>\n<blockquote><p>\u00ab Nous franchissons un cap historique. Gr\u00e2ce \u00e0 Midea, nous renfor\u00e7ons nos moyens, notre agilit\u00e9 industrielle et notre capacit\u00e9 d\u2019innovation, au service de nos clients et de notre croissance internationale. \u00bb<\/p><\/blockquote>\n<h3>Une pr\u00e9sence consolid\u00e9e dans un march\u00e9 mondial en mutation<\/h3>\n<p>En s\u2019adossant \u00e0 un groupe pr\u00e9sent dans plus de 190 pays, exploitant 44 sites de production et 38 centres d\u2019innovation, Teka b\u00e9n\u00e9ficie d\u00e9sormais d\u2019une plateforme de d\u00e9veloppement hors normes.<br \/>\nAvec plus de 90 000 brevets d\u00e9pos\u00e9s et un chiffre d\u2019affaires d\u00e9passant 53 milliards d\u2019euros, Midea entend imposer un nouveau standard dans l\u2019univers des appareils intelligents, entre durabilit\u00e9, efficacit\u00e9 \u00e9nerg\u00e9tique et design centr\u00e9 utilisateur.<\/p>\n<h3>Un futur prometteur pour les marques et les talents<\/h3>\n<p>Les 3 000 collaborateurs de Teka, r\u00e9partis sur 10 sites industriels \u00e0 travers le monde, rejoignent une structure qui leur offre de nouvelles perspectives de croissance, de formation et d\u2019impact. Cette fusion devrait \u00e9galement renforcer la stabilit\u00e9 financi\u00e8re du groupe europ\u00e9en et soutenir une dynamique commerciale agile et tourn\u00e9e vers l\u2019avenir.<\/p>\n<h3>Une vision partag\u00e9e pour des foyers connect\u00e9s, durables et inspirants<\/h3>\n<p>L\u2019int\u00e9gration de Teka au sein du Groupe Midea ne se limite pas \u00e0 une simple op\u00e9ration capitalistique. Elle s\u2019inscrit dans une volont\u00e9 claire de r\u00e9inventer la maison de demain en combinant l\u2019ancrage culturel europ\u00e9en \u00e0 la puissance d\u2019innovation asiatique.<\/p>\n<p>Un nouvel acteur global est n\u00e9, pr\u00eat \u00e0 transformer les habitudes de vie, \u00e0 mieux servir les attentes des consommateurs et \u00e0 porter l\u2019\u00e9lectrom\u00e9nager intelligent vers de nouveaux sommets.<\/p>\n<p>acquisition de Teka par Midea<\/p>\n","protected":false},"excerpt":{"rendered":"<p>En finalisant l\u2019acquisition du Groupe Teka (hors Teka Rus LLC), le g\u00e9ant technologique chinois Midea<\/p>\n","protected":false},"author":1,"featured_media":7173,"comment_status":"open","ping_status":"open","sticky":false,"template":"","format":"standard","meta":{"_acf_changed":false,"footnotes":""},"categories":[5,3],"tags":[3492,3500,3493,3494,3495,3498,3496,3501,3499,3497],"class_list":["post-7172","post","type-post","status-publish","format-standard","has-post-thumbnail","hentry","category-tech","category-nouvelles-selectionnees","tag-acquisition-de-teka-par-midea","tag-appareils-connectes","tag-electromenager-intelligent","tag-fusion-industrielle","tag-innovation-domestique","tag-marche-mondial-de-lelectromenager","tag-midea-group","tag-strategie-dexpansion-midea","tag-synergie-industrielle","tag-teka-group"],"acf":[],"yoast_head":"<!-- This site is optimized with the Yoast SEO plugin v22.0 - https:\/\/yoast.com\/wordpress\/plugins\/seo\/ -->\n<title>acquisition de Teka par Midea - MEDIA PLATEFORME | FR<\/title>\n<meta name=\"description\" content=\"L\u2019acquisition de Teka par Midea ouvre une nouvelle \u00e8re pour l\u2019\u00e9lectrom\u00e9nager intelligent mondial, en unissant puissance chinoise et europ\u00e9en\" \/>\n<meta name=\"robots\" content=\"index, follow, max-snippet:-1, max-image-preview:large, max-video-preview:-1\" \/>\n<link rel=\"canonical\" href=\"https:\/\/www.mediaplateforme.com\/fr\/acquisition-de-teka-par-midea\/\" \/>\n<meta property=\"og:locale\" content=\"fr_FR\" \/>\n<meta property=\"og:type\" content=\"article\" \/>\n<meta property=\"og:title\" content=\"acquisition de Teka par Midea - MEDIA PLATEFORME | FR\" \/>\n<meta property=\"og:description\" content=\"L\u2019acquisition de Teka par Midea ouvre une nouvelle \u00e8re pour l\u2019\u00e9lectrom\u00e9nager intelligent mondial, en unissant puissance chinoise et europ\u00e9en\" \/>\n<meta property=\"og:url\" content=\"https:\/\/www.mediaplateforme.com\/fr\/acquisition-de-teka-par-midea\/\" \/>\n<meta property=\"og:site_name\" content=\"MEDIA PLATEFORME | FR\" \/>\n<meta property=\"article:published_time\" content=\"2025-05-14T17:42:26+00:00\" \/>\n<meta property=\"article:modified_time\" content=\"2025-05-15T15:34:18+00:00\" \/>\n<meta property=\"og:image\" content=\"https:\/\/www.mediaplateforme.com\/fr\/wp-content\/uploads\/sites\/5\/2025\/05\/Photo-Teka-PR.jpg\" \/>\n\t<meta property=\"og:image:width\" content=\"1000\" \/>\n\t<meta property=\"og:image:height\" content=\"666\" \/>\n\t<meta property=\"og:image:type\" content=\"image\/jpeg\" \/>\n<meta name=\"author\" content=\"Mediaplateforme\" \/>\n<meta name=\"twitter:card\" content=\"summary_large_image\" \/>\n<meta name=\"twitter:label1\" content=\"\u00c9crit par\" \/>\n\t<meta name=\"twitter:data1\" content=\"Mediaplateforme\" \/>\n\t<meta name=\"twitter:label2\" content=\"Dur\u00e9e de lecture estim\u00e9e\" \/>\n\t<meta name=\"twitter:data2\" content=\"3 minutes\" \/>\n<script type=\"application\/ld+json\" class=\"yoast-schema-graph\">{\"@context\":\"https:\/\/schema.org\",\"@graph\":[{\"@type\":\"WebPage\",\"@id\":\"https:\/\/www.mediaplateforme.com\/fr\/acquisition-de-teka-par-midea\/\",\"url\":\"https:\/\/www.mediaplateforme.com\/fr\/acquisition-de-teka-par-midea\/\",\"name\":\"acquisition de Teka par Midea - MEDIA PLATEFORME | FR\",\"isPartOf\":{\"@id\":\"https:\/\/www.mediaplateforme.com\/fr\/#website\"},\"datePublished\":\"2025-05-14T17:42:26+00:00\",\"dateModified\":\"2025-05-15T15:34:18+00:00\",\"author\":{\"@id\":\"https:\/\/www.mediaplateforme.com\/fr\/#\/schema\/person\/89833db382b5db2c76b094bc902aa12a\"},\"description\":\"L\u2019acquisition de Teka par Midea ouvre une nouvelle \u00e8re pour l\u2019\u00e9lectrom\u00e9nager intelligent mondial, en unissant puissance chinoise et europ\u00e9en\",\"breadcrumb\":{\"@id\":\"https:\/\/www.mediaplateforme.com\/fr\/acquisition-de-teka-par-midea\/#breadcrumb\"},\"inLanguage\":\"fr-FR\",\"potentialAction\":[{\"@type\":\"ReadAction\",\"target\":[\"https:\/\/www.mediaplateforme.com\/fr\/acquisition-de-teka-par-midea\/\"]}]},{\"@type\":\"BreadcrumbList\",\"@id\":\"https:\/\/www.mediaplateforme.com\/fr\/acquisition-de-teka-par-midea\/#breadcrumb\",\"itemListElement\":[{\"@type\":\"ListItem\",\"position\":1,\"name\":\"\u0627\u0644\u0631\u0626\u064a\u0633\u064a\u0629\",\"item\":\"https:\/\/www.mediaplateforme.com\/fr\/\"},{\"@type\":\"ListItem\",\"position\":2,\"name\":\"\u00a0 Midea et Teka : une alliance strat\u00e9gique qui redessine l\u2019avenir des solutions domestiques mondiales\"}]},{\"@type\":\"WebSite\",\"@id\":\"https:\/\/www.mediaplateforme.com\/fr\/#website\",\"url\":\"https:\/\/www.mediaplateforme.com\/fr\/\",\"name\":\"MEDIA PLATEFORME | FR\",\"description\":\"Mediaplateforme sp\u00e9cialis\u00e9 dans la communication institutions publiques et des entreprises\",\"potentialAction\":[{\"@type\":\"SearchAction\",\"target\":{\"@type\":\"EntryPoint\",\"urlTemplate\":\"https:\/\/www.mediaplateforme.com\/fr\/?s={search_term_string}\"},\"query-input\":\"required name=search_term_string\"}],\"inLanguage\":\"fr-FR\"},{\"@type\":\"Person\",\"@id\":\"https:\/\/www.mediaplateforme.com\/fr\/#\/schema\/person\/89833db382b5db2c76b094bc902aa12a\",\"name\":\"Mediaplateforme\",\"image\":{\"@type\":\"ImageObject\",\"inLanguage\":\"fr-FR\",\"@id\":\"https:\/\/www.mediaplateforme.com\/fr\/#\/schema\/person\/image\/\",\"url\":\"https:\/\/secure.gravatar.com\/avatar\/6c9c02e8928cc65d54bf75157f7b3a2d06d7ad0494ca0951f679552ff03b34c1?s=96&d=mm&r=g\",\"contentUrl\":\"https:\/\/secure.gravatar.com\/avatar\/6c9c02e8928cc65d54bf75157f7b3a2d06d7ad0494ca0951f679552ff03b34c1?s=96&d=mm&r=g\",\"caption\":\"Mediaplateforme\"},\"sameAs\":[\"https:\/\/www.mediaplateforme.com\"],\"url\":\"https:\/\/www.mediaplateforme.com\/fr\/author\/mohamedladib\/\"}]}<\/script>\n<!-- \/ Yoast SEO plugin. -->","yoast_head_json":{"title":"acquisition de Teka par Midea - MEDIA PLATEFORME | FR","description":"L\u2019acquisition de Teka par Midea ouvre une nouvelle \u00e8re pour l\u2019\u00e9lectrom\u00e9nager intelligent mondial, en unissant puissance chinoise et europ\u00e9en","robots":{"index":"index","follow":"follow","max-snippet":"max-snippet:-1","max-image-preview":"max-image-preview:large","max-video-preview":"max-video-preview:-1"},"canonical":"https:\/\/www.mediaplateforme.com\/fr\/acquisition-de-teka-par-midea\/","og_locale":"fr_FR","og_type":"article","og_title":"acquisition de Teka par Midea - MEDIA PLATEFORME | FR","og_description":"L\u2019acquisition de Teka par Midea ouvre une nouvelle \u00e8re pour l\u2019\u00e9lectrom\u00e9nager intelligent mondial, en unissant puissance chinoise et europ\u00e9en","og_url":"https:\/\/www.mediaplateforme.com\/fr\/acquisition-de-teka-par-midea\/","og_site_name":"MEDIA PLATEFORME | FR","article_published_time":"2025-05-14T17:42:26+00:00","article_modified_time":"2025-05-15T15:34:18+00:00","og_image":[{"width":1000,"height":666,"url":"https:\/\/www.mediaplateforme.com\/fr\/wp-content\/uploads\/sites\/5\/2025\/05\/Photo-Teka-PR.jpg","type":"image\/jpeg"}],"author":"Mediaplateforme","twitter_card":"summary_large_image","twitter_misc":{"\u00c9crit par":"Mediaplateforme","Dur\u00e9e de lecture estim\u00e9e":"3 minutes"},"schema":{"@context":"https:\/\/schema.org","@graph":[{"@type":"WebPage","@id":"https:\/\/www.mediaplateforme.com\/fr\/acquisition-de-teka-par-midea\/","url":"https:\/\/www.mediaplateforme.com\/fr\/acquisition-de-teka-par-midea\/","name":"acquisition de Teka par Midea - MEDIA PLATEFORME | FR","isPartOf":{"@id":"https:\/\/www.mediaplateforme.com\/fr\/#website"},"datePublished":"2025-05-14T17:42:26+00:00","dateModified":"2025-05-15T15:34:18+00:00","author":{"@id":"https:\/\/www.mediaplateforme.com\/fr\/#\/schema\/person\/89833db382b5db2c76b094bc902aa12a"},"description":"L\u2019acquisition de Teka par Midea ouvre une nouvelle \u00e8re pour l\u2019\u00e9lectrom\u00e9nager intelligent mondial, en unissant puissance chinoise et europ\u00e9en","breadcrumb":{"@id":"https:\/\/www.mediaplateforme.com\/fr\/acquisition-de-teka-par-midea\/#breadcrumb"},"inLanguage":"fr-FR","potentialAction":[{"@type":"ReadAction","target":["https:\/\/www.mediaplateforme.com\/fr\/acquisition-de-teka-par-midea\/"]}]},{"@type":"BreadcrumbList","@id":"https:\/\/www.mediaplateforme.com\/fr\/acquisition-de-teka-par-midea\/#breadcrumb","itemListElement":[{"@type":"ListItem","position":1,"name":"\u0627\u0644\u0631\u0626\u064a\u0633\u064a\u0629","item":"https:\/\/www.mediaplateforme.com\/fr\/"},{"@type":"ListItem","position":2,"name":"\u00a0 Midea et Teka : une alliance strat\u00e9gique qui redessine l\u2019avenir des solutions domestiques mondiales"}]},{"@type":"WebSite","@id":"https:\/\/www.mediaplateforme.com\/fr\/#website","url":"https:\/\/www.mediaplateforme.com\/fr\/","name":"MEDIA PLATEFORME | FR","description":"Mediaplateforme sp\u00e9cialis\u00e9 dans la communication institutions publiques et des entreprises","potentialAction":[{"@type":"SearchAction","target":{"@type":"EntryPoint","urlTemplate":"https:\/\/www.mediaplateforme.com\/fr\/?s={search_term_string}"},"query-input":"required name=search_term_string"}],"inLanguage":"fr-FR"},{"@type":"Person","@id":"https:\/\/www.mediaplateforme.com\/fr\/#\/schema\/person\/89833db382b5db2c76b094bc902aa12a","name":"Mediaplateforme","image":{"@type":"ImageObject","inLanguage":"fr-FR","@id":"https:\/\/www.mediaplateforme.com\/fr\/#\/schema\/person\/image\/","url":"https:\/\/secure.gravatar.com\/avatar\/6c9c02e8928cc65d54bf75157f7b3a2d06d7ad0494ca0951f679552ff03b34c1?s=96&d=mm&r=g","contentUrl":"https:\/\/secure.gravatar.com\/avatar\/6c9c02e8928cc65d54bf75157f7b3a2d06d7ad0494ca0951f679552ff03b34c1?s=96&d=mm&r=g","caption":"Mediaplateforme"},"sameAs":["https:\/\/www.mediaplateforme.com"],"url":"https:\/\/www.mediaplateforme.com\/fr\/author\/mohamedladib\/"}]}},"_links":{"self":[{"href":"https:\/\/www.mediaplateforme.com\/fr\/wp-json\/wp\/v2\/posts\/7172","targetHints":{"allow":["GET"]}}],"collection":[{"href":"https:\/\/www.mediaplateforme.com\/fr\/wp-json\/wp\/v2\/posts"}],"about":[{"href":"https:\/\/www.mediaplateforme.com\/fr\/wp-json\/wp\/v2\/types\/post"}],"author":[{"embeddable":true,"href":"https:\/\/www.mediaplateforme.com\/fr\/wp-json\/wp\/v2\/users\/1"}],"replies":[{"embeddable":true,"href":"https:\/\/www.mediaplateforme.com\/fr\/wp-json\/wp\/v2\/comments?post=7172"}],"version-history":[{"count":3,"href":"https:\/\/www.mediaplateforme.com\/fr\/wp-json\/wp\/v2\/posts\/7172\/revisions"}],"predecessor-version":[{"id":7188,"href":"https:\/\/www.mediaplateforme.com\/fr\/wp-json\/wp\/v2\/posts\/7172\/revisions\/7188"}],"wp:featuredmedia":[{"embeddable":true,"href":"https:\/\/www.mediaplateforme.com\/fr\/wp-json\/wp\/v2\/media\/7173"}],"wp:attachment":[{"href":"https:\/\/www.mediaplateforme.com\/fr\/wp-json\/wp\/v2\/media?parent=7172"}],"wp:term":[{"taxonomy":"category","embeddable":true,"href":"https:\/\/www.mediaplateforme.com\/fr\/wp-json\/wp\/v2\/categories?post=7172"},{"taxonomy":"post_tag","embeddable":true,"href":"https:\/\/www.mediaplateforme.com\/fr\/wp-json\/wp\/v2\/tags?post=7172"}],"curies":[{"name":"wp","href":"https:\/\/api.w.org\/{rel}","templated":true}]}}