{"id":7162,"date":"2025-05-10T14:54:54","date_gmt":"2025-05-10T13:54:54","guid":{"rendered":"https:\/\/www.mediaplateforme.com\/fr\/?p=7162"},"modified":"2025-05-10T14:55:26","modified_gmt":"2025-05-10T13:55:26","slug":"caftan-week-2025","status":"publish","type":"post","link":"https:\/\/www.mediaplateforme.com\/fr\/caftan-week-2025\/","title":{"rendered":"\u00a0 La mode marocaine contemporaine en dialogue : H\u00e9ritage, cr\u00e9ation et transmission \u00e0 la Caftan Week 2025"},"content":{"rendered":"<p>Au croisement de l\u2019artisanat, de l\u2019esth\u00e9tique et de la transmission, la Caftan Week 2025 a offert un moment d\u2019exception \u00e0 travers une masterclass intitul\u00e9e \u00ab H\u00e9ritage &amp; Cr\u00e9ation : Les nouvelles voies de la mode marocaine \u00bb. Une rencontre aussi intime qu\u2019inspirante, r\u00e9unissant Sara Chraibi, Sa\u00efd Mahrouf et Yasmine Erguibi, trois figures qui redessinent les contours d\u2019une mode marocaine contemporaine, \u00e0 la fois ancr\u00e9e et audacieusement en mouvement.<\/p>\n<h3>Un dialogue \u00e0 voix multiples, entre sinc\u00e9rit\u00e9 et vision<\/h3>\n<p>Mod\u00e9r\u00e9e par Douja Belkhayat, la session a pris la forme d\u2019un \u00e9change libre, sans filtre, o\u00f9 chaque cr\u00e9ateur a livr\u00e9 son parcours personnel, ses convictions artistiques et son rapport au patrimoine. Ces interventions ont fait \u00e9merger des r\u00e9cits profond\u00e9ment humains, o\u00f9 la couture devient langage, et o\u00f9 le geste artisanal s\u2019\u00e9l\u00e8ve en acte de cr\u00e9ation.<\/p>\n<p>Entre jeunes stylistes, \u00e9tudiants en design, professionnels du secteur et passionn\u00e9s, la conversation s\u2019est rapidement ouverte, devenant un v\u00e9ritable laboratoire d\u2019id\u00e9es sur les d\u00e9fis actuels : comment innover sans renier ? Transmettre sans figer ? Moderniser sans effacer ?<\/p>\n<h3>Le v\u00eatement comme langage : mati\u00e8re, territoire et sens<\/h3>\n<p>Les \u00e9changes ont mis en lumi\u00e8re la complexit\u00e9 d\u2019une mode qui refuse l\u2019uniformisation mondiale, mais qui cherche, \u00e0 travers ses tissus, ses coupes et ses symboles, \u00e0 dialoguer avec le monde. Il ne s\u2019agit plus simplement de pr\u00e9server un caftan dans son cadre traditionnel, mais bien de le r\u00e9activer, en osant le geste contemporain : d\u00e9tourner un code, fusionner les influences, hybrider les mati\u00e8res.<\/p>\n<p>Chacun des intervenants a abord\u00e9 cette tension cr\u00e9ative avec sensibilit\u00e9. L\u00e0 o\u00f9 Sara Chraibi parle d\u2019\u00ab architecture du corps \u00bb, Sa\u00efd Mahrouf \u00e9voque la fluidit\u00e9 des formes, tandis que Yasmine Erguibi insiste sur la r\u00e9appropriation durable du patrimoine textile.<\/p>\n<h3>Une transmission vivante, pens\u00e9e en mouvement<\/h3>\n<p>La force de cette masterclass r\u00e9side dans sa port\u00e9e interg\u00e9n\u00e9rationnelle. Elle ne s\u2019est pas limit\u00e9e \u00e0 un simple expos\u00e9 acad\u00e9mique, mais a permis un v\u00e9ritable passage de relais entre des cr\u00e9ateurs \u00e9tablis et une jeune g\u00e9n\u00e9ration avide de sens et de rep\u00e8res.<\/p>\n<p>Plus encore, elle a pos\u00e9 un cadre \u00e9thique \u00e0 la cr\u00e9ation, questionnant les mod\u00e8les \u00e9conomiques de la mode, la juste valorisation de l\u2019artisan, et l\u2019imp\u00e9ratif \u00e9cologique dans les processus de production. Une mani\u00e8re d\u2019affirmer que la mode marocaine contemporaine n\u2019est pas un effet de style, mais une vision du monde, profond\u00e9ment enracin\u00e9e et tourn\u00e9e vers demain.<\/p>\n<h3>\u00a0Une culture de la cr\u00e9ation partag\u00e9e<\/h3>\n<p>En organisant cette rencontre d\u2019envergure, la Caftan Week 2025 d\u00e9montre qu\u2019elle est bien plus qu\u2019un podium : elle est un espace de pens\u00e9e, de d\u00e9bat, de co-construction. L\u00e0 o\u00f9 l\u2019on ne transmet pas seulement un art vestimentaire, mais une philosophie, un regard renouvel\u00e9 sur ce que signifie \u00eatre marocain, cr\u00e9ateur, et universel \u00e0 la fois.<\/p>\n<blockquote><p>La mode marocaine contemporaine, \u00e0 travers ces voix fortes, s\u2019\u00e9crit dans la pluralit\u00e9, le respect du geste et l\u2019audace du renouvellement.<\/p><\/blockquote>\n","protected":false},"excerpt":{"rendered":"<p>Au croisement de l\u2019artisanat, de l\u2019esth\u00e9tique et de la transmission, la Caftan Week 2025 a<\/p>\n","protected":false},"author":1,"featured_media":7163,"comment_status":"open","ping_status":"open","sticky":false,"template":"","format":"standard","meta":{"_acf_changed":false,"footnotes":""},"categories":[7,3],"tags":[2962,3470,3474,3469,3472,3471,3475,3473],"class_list":["post-7162","post","type-post","status-publish","format-standard","has-post-thumbnail","hentry","category-articles","category-nouvelles-selectionnees","tag-artisanat-marocain","tag-caftan-week-2025","tag-heritage-textile","tag-mode-marocaine-contemporaine","tag-said-mahrouf","tag-sara-chraibi","tag-transmission-culturelle","tag-yasmine-erguibi"],"acf":[],"yoast_head":"<!-- This site is optimized with the Yoast SEO plugin v22.0 - https:\/\/yoast.com\/wordpress\/plugins\/seo\/ -->\n<title>Caftan Week 2025 - MEDIA PLATEFORME | FR<\/title>\n<meta name=\"description\" content=\"Une masterclass in\u00e9dite \u00e0 la Caftan Week 2025 r\u00e9v\u00e8le les nouveaux langages de la mode marocaine entre patrimoine et innovation\" \/>\n<meta name=\"robots\" content=\"index, follow, max-snippet:-1, max-image-preview:large, max-video-preview:-1\" \/>\n<link rel=\"canonical\" href=\"https:\/\/www.mediaplateforme.com\/fr\/caftan-week-2025\/\" \/>\n<meta property=\"og:locale\" content=\"fr_FR\" \/>\n<meta property=\"og:type\" content=\"article\" \/>\n<meta property=\"og:title\" content=\"Caftan Week 2025 - MEDIA PLATEFORME | FR\" \/>\n<meta property=\"og:description\" content=\"Une masterclass in\u00e9dite \u00e0 la Caftan Week 2025 r\u00e9v\u00e8le les nouveaux langages de la mode marocaine entre patrimoine et innovation\" \/>\n<meta property=\"og:url\" content=\"https:\/\/www.mediaplateforme.com\/fr\/caftan-week-2025\/\" \/>\n<meta property=\"og:site_name\" content=\"MEDIA PLATEFORME | FR\" \/>\n<meta property=\"article:published_time\" content=\"2025-05-10T13:54:54+00:00\" \/>\n<meta property=\"article:modified_time\" content=\"2025-05-10T13:55:26+00:00\" \/>\n<meta property=\"og:image\" content=\"https:\/\/www.mediaplateforme.com\/fr\/wp-content\/uploads\/sites\/5\/2025\/05\/Caftan-Week-2025.jpg\" \/>\n\t<meta property=\"og:image:width\" content=\"1000\" \/>\n\t<meta property=\"og:image:height\" content=\"667\" \/>\n\t<meta property=\"og:image:type\" content=\"image\/jpeg\" \/>\n<meta name=\"author\" content=\"Mediaplateforme\" \/>\n<meta name=\"twitter:card\" content=\"summary_large_image\" \/>\n<meta name=\"twitter:label1\" content=\"\u00c9crit par\" \/>\n\t<meta name=\"twitter:data1\" content=\"Mediaplateforme\" \/>\n\t<meta name=\"twitter:label2\" content=\"Dur\u00e9e de lecture estim\u00e9e\" \/>\n\t<meta name=\"twitter:data2\" content=\"3 minutes\" \/>\n<script type=\"application\/ld+json\" class=\"yoast-schema-graph\">{\"@context\":\"https:\/\/schema.org\",\"@graph\":[{\"@type\":\"WebPage\",\"@id\":\"https:\/\/www.mediaplateforme.com\/fr\/caftan-week-2025\/\",\"url\":\"https:\/\/www.mediaplateforme.com\/fr\/caftan-week-2025\/\",\"name\":\"Caftan Week 2025 - MEDIA PLATEFORME | FR\",\"isPartOf\":{\"@id\":\"https:\/\/www.mediaplateforme.com\/fr\/#website\"},\"datePublished\":\"2025-05-10T13:54:54+00:00\",\"dateModified\":\"2025-05-10T13:55:26+00:00\",\"author\":{\"@id\":\"https:\/\/www.mediaplateforme.com\/fr\/#\/schema\/person\/89833db382b5db2c76b094bc902aa12a\"},\"description\":\"Une masterclass in\u00e9dite \u00e0 la Caftan Week 2025 r\u00e9v\u00e8le les nouveaux langages de la mode marocaine entre patrimoine et innovation\",\"breadcrumb\":{\"@id\":\"https:\/\/www.mediaplateforme.com\/fr\/caftan-week-2025\/#breadcrumb\"},\"inLanguage\":\"fr-FR\",\"potentialAction\":[{\"@type\":\"ReadAction\",\"target\":[\"https:\/\/www.mediaplateforme.com\/fr\/caftan-week-2025\/\"]}]},{\"@type\":\"BreadcrumbList\",\"@id\":\"https:\/\/www.mediaplateforme.com\/fr\/caftan-week-2025\/#breadcrumb\",\"itemListElement\":[{\"@type\":\"ListItem\",\"position\":1,\"name\":\"\u0627\u0644\u0631\u0626\u064a\u0633\u064a\u0629\",\"item\":\"https:\/\/www.mediaplateforme.com\/fr\/\"},{\"@type\":\"ListItem\",\"position\":2,\"name\":\"\u00a0 La mode marocaine contemporaine en dialogue : H\u00e9ritage, cr\u00e9ation et transmission \u00e0 la Caftan Week 2025\"}]},{\"@type\":\"WebSite\",\"@id\":\"https:\/\/www.mediaplateforme.com\/fr\/#website\",\"url\":\"https:\/\/www.mediaplateforme.com\/fr\/\",\"name\":\"MEDIA PLATEFORME | FR\",\"description\":\"Mediaplateforme sp\u00e9cialis\u00e9 dans la communication institutions publiques et des entreprises\",\"potentialAction\":[{\"@type\":\"SearchAction\",\"target\":{\"@type\":\"EntryPoint\",\"urlTemplate\":\"https:\/\/www.mediaplateforme.com\/fr\/?s={search_term_string}\"},\"query-input\":\"required name=search_term_string\"}],\"inLanguage\":\"fr-FR\"},{\"@type\":\"Person\",\"@id\":\"https:\/\/www.mediaplateforme.com\/fr\/#\/schema\/person\/89833db382b5db2c76b094bc902aa12a\",\"name\":\"Mediaplateforme\",\"image\":{\"@type\":\"ImageObject\",\"inLanguage\":\"fr-FR\",\"@id\":\"https:\/\/www.mediaplateforme.com\/fr\/#\/schema\/person\/image\/\",\"url\":\"https:\/\/secure.gravatar.com\/avatar\/6c9c02e8928cc65d54bf75157f7b3a2d06d7ad0494ca0951f679552ff03b34c1?s=96&d=mm&r=g\",\"contentUrl\":\"https:\/\/secure.gravatar.com\/avatar\/6c9c02e8928cc65d54bf75157f7b3a2d06d7ad0494ca0951f679552ff03b34c1?s=96&d=mm&r=g\",\"caption\":\"Mediaplateforme\"},\"sameAs\":[\"https:\/\/www.mediaplateforme.com\"],\"url\":\"https:\/\/www.mediaplateforme.com\/fr\/author\/mohamedladib\/\"}]}<\/script>\n<!-- \/ Yoast SEO plugin. -->","yoast_head_json":{"title":"Caftan Week 2025 - MEDIA PLATEFORME | FR","description":"Une masterclass in\u00e9dite \u00e0 la Caftan Week 2025 r\u00e9v\u00e8le les nouveaux langages de la mode marocaine entre patrimoine et innovation","robots":{"index":"index","follow":"follow","max-snippet":"max-snippet:-1","max-image-preview":"max-image-preview:large","max-video-preview":"max-video-preview:-1"},"canonical":"https:\/\/www.mediaplateforme.com\/fr\/caftan-week-2025\/","og_locale":"fr_FR","og_type":"article","og_title":"Caftan Week 2025 - MEDIA PLATEFORME | FR","og_description":"Une masterclass in\u00e9dite \u00e0 la Caftan Week 2025 r\u00e9v\u00e8le les nouveaux langages de la mode marocaine entre patrimoine et innovation","og_url":"https:\/\/www.mediaplateforme.com\/fr\/caftan-week-2025\/","og_site_name":"MEDIA PLATEFORME | FR","article_published_time":"2025-05-10T13:54:54+00:00","article_modified_time":"2025-05-10T13:55:26+00:00","og_image":[{"width":1000,"height":667,"url":"https:\/\/www.mediaplateforme.com\/fr\/wp-content\/uploads\/sites\/5\/2025\/05\/Caftan-Week-2025.jpg","type":"image\/jpeg"}],"author":"Mediaplateforme","twitter_card":"summary_large_image","twitter_misc":{"\u00c9crit par":"Mediaplateforme","Dur\u00e9e de lecture estim\u00e9e":"3 minutes"},"schema":{"@context":"https:\/\/schema.org","@graph":[{"@type":"WebPage","@id":"https:\/\/www.mediaplateforme.com\/fr\/caftan-week-2025\/","url":"https:\/\/www.mediaplateforme.com\/fr\/caftan-week-2025\/","name":"Caftan Week 2025 - MEDIA PLATEFORME | FR","isPartOf":{"@id":"https:\/\/www.mediaplateforme.com\/fr\/#website"},"datePublished":"2025-05-10T13:54:54+00:00","dateModified":"2025-05-10T13:55:26+00:00","author":{"@id":"https:\/\/www.mediaplateforme.com\/fr\/#\/schema\/person\/89833db382b5db2c76b094bc902aa12a"},"description":"Une masterclass in\u00e9dite \u00e0 la Caftan Week 2025 r\u00e9v\u00e8le les nouveaux langages de la mode marocaine entre patrimoine et innovation","breadcrumb":{"@id":"https:\/\/www.mediaplateforme.com\/fr\/caftan-week-2025\/#breadcrumb"},"inLanguage":"fr-FR","potentialAction":[{"@type":"ReadAction","target":["https:\/\/www.mediaplateforme.com\/fr\/caftan-week-2025\/"]}]},{"@type":"BreadcrumbList","@id":"https:\/\/www.mediaplateforme.com\/fr\/caftan-week-2025\/#breadcrumb","itemListElement":[{"@type":"ListItem","position":1,"name":"\u0627\u0644\u0631\u0626\u064a\u0633\u064a\u0629","item":"https:\/\/www.mediaplateforme.com\/fr\/"},{"@type":"ListItem","position":2,"name":"\u00a0 La mode marocaine contemporaine en dialogue : H\u00e9ritage, cr\u00e9ation et transmission \u00e0 la Caftan Week 2025"}]},{"@type":"WebSite","@id":"https:\/\/www.mediaplateforme.com\/fr\/#website","url":"https:\/\/www.mediaplateforme.com\/fr\/","name":"MEDIA PLATEFORME | FR","description":"Mediaplateforme sp\u00e9cialis\u00e9 dans la communication institutions publiques et des entreprises","potentialAction":[{"@type":"SearchAction","target":{"@type":"EntryPoint","urlTemplate":"https:\/\/www.mediaplateforme.com\/fr\/?s={search_term_string}"},"query-input":"required name=search_term_string"}],"inLanguage":"fr-FR"},{"@type":"Person","@id":"https:\/\/www.mediaplateforme.com\/fr\/#\/schema\/person\/89833db382b5db2c76b094bc902aa12a","name":"Mediaplateforme","image":{"@type":"ImageObject","inLanguage":"fr-FR","@id":"https:\/\/www.mediaplateforme.com\/fr\/#\/schema\/person\/image\/","url":"https:\/\/secure.gravatar.com\/avatar\/6c9c02e8928cc65d54bf75157f7b3a2d06d7ad0494ca0951f679552ff03b34c1?s=96&d=mm&r=g","contentUrl":"https:\/\/secure.gravatar.com\/avatar\/6c9c02e8928cc65d54bf75157f7b3a2d06d7ad0494ca0951f679552ff03b34c1?s=96&d=mm&r=g","caption":"Mediaplateforme"},"sameAs":["https:\/\/www.mediaplateforme.com"],"url":"https:\/\/www.mediaplateforme.com\/fr\/author\/mohamedladib\/"}]}},"_links":{"self":[{"href":"https:\/\/www.mediaplateforme.com\/fr\/wp-json\/wp\/v2\/posts\/7162","targetHints":{"allow":["GET"]}}],"collection":[{"href":"https:\/\/www.mediaplateforme.com\/fr\/wp-json\/wp\/v2\/posts"}],"about":[{"href":"https:\/\/www.mediaplateforme.com\/fr\/wp-json\/wp\/v2\/types\/post"}],"author":[{"embeddable":true,"href":"https:\/\/www.mediaplateforme.com\/fr\/wp-json\/wp\/v2\/users\/1"}],"replies":[{"embeddable":true,"href":"https:\/\/www.mediaplateforme.com\/fr\/wp-json\/wp\/v2\/comments?post=7162"}],"version-history":[{"count":1,"href":"https:\/\/www.mediaplateforme.com\/fr\/wp-json\/wp\/v2\/posts\/7162\/revisions"}],"predecessor-version":[{"id":7164,"href":"https:\/\/www.mediaplateforme.com\/fr\/wp-json\/wp\/v2\/posts\/7162\/revisions\/7164"}],"wp:featuredmedia":[{"embeddable":true,"href":"https:\/\/www.mediaplateforme.com\/fr\/wp-json\/wp\/v2\/media\/7163"}],"wp:attachment":[{"href":"https:\/\/www.mediaplateforme.com\/fr\/wp-json\/wp\/v2\/media?parent=7162"}],"wp:term":[{"taxonomy":"category","embeddable":true,"href":"https:\/\/www.mediaplateforme.com\/fr\/wp-json\/wp\/v2\/categories?post=7162"},{"taxonomy":"post_tag","embeddable":true,"href":"https:\/\/www.mediaplateforme.com\/fr\/wp-json\/wp\/v2\/tags?post=7162"}],"curies":[{"name":"wp","href":"https:\/\/api.w.org\/{rel}","templated":true}]}}