{"id":716,"date":"2022-08-01T16:23:26","date_gmt":"2022-08-01T15:23:26","guid":{"rendered":"https:\/\/www.mediaplateforme.com\/fr\/?p=716"},"modified":"2022-08-01T16:23:26","modified_gmt":"2022-08-01T15:23:26","slug":"alsa-recoit-une-delegation-de-la-societe-de-transport-public-de-la-mauritanie","status":"publish","type":"post","link":"https:\/\/www.mediaplateforme.com\/fr\/alsa-recoit-une-delegation-de-la-societe-de-transport-public-de-la-mauritanie\/","title":{"rendered":"Alsa re\u00e7oit une d\u00e9l\u00e9gation de la Soci\u00e9t\u00e9 de Transport Public de la Mauritanie"},"content":{"rendered":"<p>Alsa a re\u00e7u, du 13 au 15 juillet courant, une d\u00e9l\u00e9gation de la Soci\u00e9t\u00e9 de Transport Public de la Mauritanie. La Soci\u00e9t\u00e9 de Transport Public de la Mauritanie est une entreprise publique dont la mission est d\u2019assurer le transport urbain sur l\u2019ensemble du territoire Mauritanien.<\/p>\n<p>Pr\u00e9sid\u00e9e par la directrice g\u00e9n\u00e9rale Mariem Mint El Mouvid et compos\u00e9e d\u2019autres dirigeants de l\u2019entreprise, la d\u00e9l\u00e9gation a \u00e9t\u00e9 re\u00e7ue par <a href=\"https:\/\/www.mediaplateforme.com\/fr\/casabus-opere-par-alsa-lance-une-nouvelle-ligne\/\">Alberto<\/a>\u00a0Perez, Directeur G\u00e9n\u00e9ral de ALSA Maroc et PDG de Alsa Al Baida. Les dirigeants de la Soci\u00e9t\u00e9 de Transport Public de la Mauritanie ont pu d\u00e9couvrir Alsa, ses infrastructures et son fonctionnement, ainsi que le r\u00e9seau de transport urbain par bus de la ville de Casablanca. C\u2019\u00e9tait \u00e9galement l\u2019occasion de rencontrer les responsables de Alsa, dont Mehdi Safouane, Directeur G\u00e9n\u00e9ral de ALSA Al Baida, lors de sessions d\u2019\u00e9change et de partage d\u2019exp\u00e9rience et de bonnes pratiques, avec un focus sur les volets Op\u00e9rations, Syst\u00e8me d\u2019Information, S\u00e9curit\u00e9, Maintenance et Marketing.<\/p>\n<p>Cette visite confirme la position de Alsa en tant qu\u2019op\u00e9rateur r\u00e9f\u00e9rence du transport, au Maroc et \u00e0 l\u2019international, et mat\u00e9rialise la volont\u00e9 de l\u2019entreprise de jouer un r\u00f4le important dans le d\u00e9veloppement de la mobilit\u00e9 au noiveau r\u00e9gional.<\/p>\n<p>Rappelons que Alsa est pr\u00e9sente au Maroc depuis 1999. L\u2019entreprise op\u00e8re aujourd\u2019hui dans six des plus grandes villes du royaume et dispose d\u2019une flotte totale de 1745 bus, constituant un r\u00e9seau de transport complet et efficace. Le groupe se d\u00e9finit surtout par cinq grandes valeurs qui tournent autour de l\u2019excellence, la s\u00e9curit\u00e9, les clients, les personnes et la communaut\u00e9.<\/p>\n<p>&nbsp;<\/p>\n<p>&nbsp;<\/p>\n<p>&nbsp;<\/p>\n<p>&nbsp;<\/p>\n<p>&nbsp;<\/p>\n","protected":false},"excerpt":{"rendered":"<p>Alsa a re\u00e7u, du 13 au 15 juillet courant, une d\u00e9l\u00e9gation de la Soci\u00e9t\u00e9 de<\/p>\n","protected":false},"author":1,"featured_media":717,"comment_status":"open","ping_status":"open","sticky":false,"template":"","format":"standard","meta":{"_acf_changed":false,"footnotes":""},"categories":[4,3],"tags":[15],"class_list":["post-716","post","type-post","status-publish","format-standard","has-post-thumbnail","hentry","category-economie","category-nouvelles-selectionnees","tag-alsa"],"acf":[],"yoast_head":"<!-- This site is optimized with the Yoast SEO plugin v22.0 - https:\/\/yoast.com\/wordpress\/plugins\/seo\/ -->\n<title>Alsa re\u00e7oit une d\u00e9l\u00e9gation de la Soci\u00e9t\u00e9 de Transport Public de la Mauritanie - MEDIA PLATEFORME | FR<\/title>\n<meta name=\"description\" content=\"Alsa a re\u00e7u, du 13 au 15 juillet courant, une d\u00e9l\u00e9gation de la Soci\u00e9t\u00e9 de Transport Public de la Mauritanie.\" \/>\n<meta name=\"robots\" content=\"index, follow, max-snippet:-1, max-image-preview:large, max-video-preview:-1\" \/>\n<link rel=\"canonical\" href=\"https:\/\/www.mediaplateforme.com\/fr\/alsa-recoit-une-delegation-de-la-societe-de-transport-public-de-la-mauritanie\/\" \/>\n<meta property=\"og:locale\" content=\"fr_FR\" \/>\n<meta property=\"og:type\" content=\"article\" \/>\n<meta property=\"og:title\" content=\"Alsa re\u00e7oit une d\u00e9l\u00e9gation de la Soci\u00e9t\u00e9 de Transport Public de la Mauritanie - MEDIA PLATEFORME | FR\" \/>\n<meta property=\"og:description\" content=\"Alsa a re\u00e7u, du 13 au 15 juillet courant, une d\u00e9l\u00e9gation de la Soci\u00e9t\u00e9 de Transport Public de la Mauritanie.\" \/>\n<meta property=\"og:url\" content=\"https:\/\/www.mediaplateforme.com\/fr\/alsa-recoit-une-delegation-de-la-societe-de-transport-public-de-la-mauritanie\/\" \/>\n<meta property=\"og:site_name\" content=\"MEDIA PLATEFORME | FR\" \/>\n<meta property=\"article:published_time\" content=\"2022-08-01T15:23:26+00:00\" \/>\n<meta property=\"og:image\" content=\"https:\/\/www.mediaplateforme.com\/fr\/wp-content\/uploads\/sites\/5\/2022\/08\/Screenshot_20220801-161946_Gmail.jpg\" \/>\n\t<meta property=\"og:image:width\" content=\"719\" \/>\n\t<meta property=\"og:image:height\" content=\"537\" \/>\n\t<meta property=\"og:image:type\" content=\"image\/jpeg\" \/>\n<meta name=\"author\" content=\"Mediaplateforme\" \/>\n<meta name=\"twitter:card\" content=\"summary_large_image\" \/>\n<meta name=\"twitter:label1\" content=\"\u00c9crit par\" \/>\n\t<meta name=\"twitter:data1\" content=\"Mediaplateforme\" \/>\n\t<meta name=\"twitter:label2\" content=\"Dur\u00e9e de lecture estim\u00e9e\" \/>\n\t<meta name=\"twitter:data2\" content=\"2 minutes\" \/>\n<script type=\"application\/ld+json\" class=\"yoast-schema-graph\">{\"@context\":\"https:\/\/schema.org\",\"@graph\":[{\"@type\":\"WebPage\",\"@id\":\"https:\/\/www.mediaplateforme.com\/fr\/alsa-recoit-une-delegation-de-la-societe-de-transport-public-de-la-mauritanie\/\",\"url\":\"https:\/\/www.mediaplateforme.com\/fr\/alsa-recoit-une-delegation-de-la-societe-de-transport-public-de-la-mauritanie\/\",\"name\":\"Alsa re\u00e7oit une d\u00e9l\u00e9gation de la Soci\u00e9t\u00e9 de Transport Public de la Mauritanie - MEDIA PLATEFORME | FR\",\"isPartOf\":{\"@id\":\"https:\/\/www.mediaplateforme.com\/fr\/#website\"},\"datePublished\":\"2022-08-01T15:23:26+00:00\",\"dateModified\":\"2022-08-01T15:23:26+00:00\",\"author\":{\"@id\":\"https:\/\/www.mediaplateforme.com\/fr\/#\/schema\/person\/89833db382b5db2c76b094bc902aa12a\"},\"description\":\"Alsa a re\u00e7u, du 13 au 15 juillet courant, une d\u00e9l\u00e9gation de la Soci\u00e9t\u00e9 de Transport Public de la Mauritanie.\",\"breadcrumb\":{\"@id\":\"https:\/\/www.mediaplateforme.com\/fr\/alsa-recoit-une-delegation-de-la-societe-de-transport-public-de-la-mauritanie\/#breadcrumb\"},\"inLanguage\":\"fr-FR\",\"potentialAction\":[{\"@type\":\"ReadAction\",\"target\":[\"https:\/\/www.mediaplateforme.com\/fr\/alsa-recoit-une-delegation-de-la-societe-de-transport-public-de-la-mauritanie\/\"]}]},{\"@type\":\"BreadcrumbList\",\"@id\":\"https:\/\/www.mediaplateforme.com\/fr\/alsa-recoit-une-delegation-de-la-societe-de-transport-public-de-la-mauritanie\/#breadcrumb\",\"itemListElement\":[{\"@type\":\"ListItem\",\"position\":1,\"name\":\"\u0627\u0644\u0631\u0626\u064a\u0633\u064a\u0629\",\"item\":\"https:\/\/www.mediaplateforme.com\/fr\/\"},{\"@type\":\"ListItem\",\"position\":2,\"name\":\"Alsa re\u00e7oit une d\u00e9l\u00e9gation de la Soci\u00e9t\u00e9 de Transport Public de la Mauritanie\"}]},{\"@type\":\"WebSite\",\"@id\":\"https:\/\/www.mediaplateforme.com\/fr\/#website\",\"url\":\"https:\/\/www.mediaplateforme.com\/fr\/\",\"name\":\"MEDIA PLATEFORME | FR\",\"description\":\"Mediaplateforme sp\u00e9cialis\u00e9 dans la communication institutions publiques et des entreprises\",\"potentialAction\":[{\"@type\":\"SearchAction\",\"target\":{\"@type\":\"EntryPoint\",\"urlTemplate\":\"https:\/\/www.mediaplateforme.com\/fr\/?s={search_term_string}\"},\"query-input\":\"required name=search_term_string\"}],\"inLanguage\":\"fr-FR\"},{\"@type\":\"Person\",\"@id\":\"https:\/\/www.mediaplateforme.com\/fr\/#\/schema\/person\/89833db382b5db2c76b094bc902aa12a\",\"name\":\"Mediaplateforme\",\"image\":{\"@type\":\"ImageObject\",\"inLanguage\":\"fr-FR\",\"@id\":\"https:\/\/www.mediaplateforme.com\/fr\/#\/schema\/person\/image\/\",\"url\":\"https:\/\/secure.gravatar.com\/avatar\/6c9c02e8928cc65d54bf75157f7b3a2d06d7ad0494ca0951f679552ff03b34c1?s=96&d=mm&r=g\",\"contentUrl\":\"https:\/\/secure.gravatar.com\/avatar\/6c9c02e8928cc65d54bf75157f7b3a2d06d7ad0494ca0951f679552ff03b34c1?s=96&d=mm&r=g\",\"caption\":\"Mediaplateforme\"},\"sameAs\":[\"https:\/\/www.mediaplateforme.com\"],\"url\":\"https:\/\/www.mediaplateforme.com\/fr\/author\/mohamedladib\/\"}]}<\/script>\n<!-- \/ Yoast SEO plugin. -->","yoast_head_json":{"title":"Alsa re\u00e7oit une d\u00e9l\u00e9gation de la Soci\u00e9t\u00e9 de Transport Public de la Mauritanie - MEDIA PLATEFORME | FR","description":"Alsa a re\u00e7u, du 13 au 15 juillet courant, une d\u00e9l\u00e9gation de la Soci\u00e9t\u00e9 de Transport Public de la Mauritanie.","robots":{"index":"index","follow":"follow","max-snippet":"max-snippet:-1","max-image-preview":"max-image-preview:large","max-video-preview":"max-video-preview:-1"},"canonical":"https:\/\/www.mediaplateforme.com\/fr\/alsa-recoit-une-delegation-de-la-societe-de-transport-public-de-la-mauritanie\/","og_locale":"fr_FR","og_type":"article","og_title":"Alsa re\u00e7oit une d\u00e9l\u00e9gation de la Soci\u00e9t\u00e9 de Transport Public de la Mauritanie - MEDIA PLATEFORME | FR","og_description":"Alsa a re\u00e7u, du 13 au 15 juillet courant, une d\u00e9l\u00e9gation de la Soci\u00e9t\u00e9 de Transport Public de la Mauritanie.","og_url":"https:\/\/www.mediaplateforme.com\/fr\/alsa-recoit-une-delegation-de-la-societe-de-transport-public-de-la-mauritanie\/","og_site_name":"MEDIA PLATEFORME | FR","article_published_time":"2022-08-01T15:23:26+00:00","og_image":[{"width":719,"height":537,"url":"https:\/\/www.mediaplateforme.com\/fr\/wp-content\/uploads\/sites\/5\/2022\/08\/Screenshot_20220801-161946_Gmail.jpg","type":"image\/jpeg"}],"author":"Mediaplateforme","twitter_card":"summary_large_image","twitter_misc":{"\u00c9crit par":"Mediaplateforme","Dur\u00e9e de lecture estim\u00e9e":"2 minutes"},"schema":{"@context":"https:\/\/schema.org","@graph":[{"@type":"WebPage","@id":"https:\/\/www.mediaplateforme.com\/fr\/alsa-recoit-une-delegation-de-la-societe-de-transport-public-de-la-mauritanie\/","url":"https:\/\/www.mediaplateforme.com\/fr\/alsa-recoit-une-delegation-de-la-societe-de-transport-public-de-la-mauritanie\/","name":"Alsa re\u00e7oit une d\u00e9l\u00e9gation de la Soci\u00e9t\u00e9 de Transport Public de la Mauritanie - MEDIA PLATEFORME | FR","isPartOf":{"@id":"https:\/\/www.mediaplateforme.com\/fr\/#website"},"datePublished":"2022-08-01T15:23:26+00:00","dateModified":"2022-08-01T15:23:26+00:00","author":{"@id":"https:\/\/www.mediaplateforme.com\/fr\/#\/schema\/person\/89833db382b5db2c76b094bc902aa12a"},"description":"Alsa a re\u00e7u, du 13 au 15 juillet courant, une d\u00e9l\u00e9gation de la Soci\u00e9t\u00e9 de Transport Public de la Mauritanie.","breadcrumb":{"@id":"https:\/\/www.mediaplateforme.com\/fr\/alsa-recoit-une-delegation-de-la-societe-de-transport-public-de-la-mauritanie\/#breadcrumb"},"inLanguage":"fr-FR","potentialAction":[{"@type":"ReadAction","target":["https:\/\/www.mediaplateforme.com\/fr\/alsa-recoit-une-delegation-de-la-societe-de-transport-public-de-la-mauritanie\/"]}]},{"@type":"BreadcrumbList","@id":"https:\/\/www.mediaplateforme.com\/fr\/alsa-recoit-une-delegation-de-la-societe-de-transport-public-de-la-mauritanie\/#breadcrumb","itemListElement":[{"@type":"ListItem","position":1,"name":"\u0627\u0644\u0631\u0626\u064a\u0633\u064a\u0629","item":"https:\/\/www.mediaplateforme.com\/fr\/"},{"@type":"ListItem","position":2,"name":"Alsa re\u00e7oit une d\u00e9l\u00e9gation de la Soci\u00e9t\u00e9 de Transport Public de la Mauritanie"}]},{"@type":"WebSite","@id":"https:\/\/www.mediaplateforme.com\/fr\/#website","url":"https:\/\/www.mediaplateforme.com\/fr\/","name":"MEDIA PLATEFORME | FR","description":"Mediaplateforme sp\u00e9cialis\u00e9 dans la communication institutions publiques et des entreprises","potentialAction":[{"@type":"SearchAction","target":{"@type":"EntryPoint","urlTemplate":"https:\/\/www.mediaplateforme.com\/fr\/?s={search_term_string}"},"query-input":"required name=search_term_string"}],"inLanguage":"fr-FR"},{"@type":"Person","@id":"https:\/\/www.mediaplateforme.com\/fr\/#\/schema\/person\/89833db382b5db2c76b094bc902aa12a","name":"Mediaplateforme","image":{"@type":"ImageObject","inLanguage":"fr-FR","@id":"https:\/\/www.mediaplateforme.com\/fr\/#\/schema\/person\/image\/","url":"https:\/\/secure.gravatar.com\/avatar\/6c9c02e8928cc65d54bf75157f7b3a2d06d7ad0494ca0951f679552ff03b34c1?s=96&d=mm&r=g","contentUrl":"https:\/\/secure.gravatar.com\/avatar\/6c9c02e8928cc65d54bf75157f7b3a2d06d7ad0494ca0951f679552ff03b34c1?s=96&d=mm&r=g","caption":"Mediaplateforme"},"sameAs":["https:\/\/www.mediaplateforme.com"],"url":"https:\/\/www.mediaplateforme.com\/fr\/author\/mohamedladib\/"}]}},"_links":{"self":[{"href":"https:\/\/www.mediaplateforme.com\/fr\/wp-json\/wp\/v2\/posts\/716","targetHints":{"allow":["GET"]}}],"collection":[{"href":"https:\/\/www.mediaplateforme.com\/fr\/wp-json\/wp\/v2\/posts"}],"about":[{"href":"https:\/\/www.mediaplateforme.com\/fr\/wp-json\/wp\/v2\/types\/post"}],"author":[{"embeddable":true,"href":"https:\/\/www.mediaplateforme.com\/fr\/wp-json\/wp\/v2\/users\/1"}],"replies":[{"embeddable":true,"href":"https:\/\/www.mediaplateforme.com\/fr\/wp-json\/wp\/v2\/comments?post=716"}],"version-history":[{"count":1,"href":"https:\/\/www.mediaplateforme.com\/fr\/wp-json\/wp\/v2\/posts\/716\/revisions"}],"predecessor-version":[{"id":718,"href":"https:\/\/www.mediaplateforme.com\/fr\/wp-json\/wp\/v2\/posts\/716\/revisions\/718"}],"wp:featuredmedia":[{"embeddable":true,"href":"https:\/\/www.mediaplateforme.com\/fr\/wp-json\/wp\/v2\/media\/717"}],"wp:attachment":[{"href":"https:\/\/www.mediaplateforme.com\/fr\/wp-json\/wp\/v2\/media?parent=716"}],"wp:term":[{"taxonomy":"category","embeddable":true,"href":"https:\/\/www.mediaplateforme.com\/fr\/wp-json\/wp\/v2\/categories?post=716"},{"taxonomy":"post_tag","embeddable":true,"href":"https:\/\/www.mediaplateforme.com\/fr\/wp-json\/wp\/v2\/tags?post=716"}],"curies":[{"name":"wp","href":"https:\/\/api.w.org\/{rel}","templated":true}]}}