{"id":713,"date":"2022-08-01T16:09:53","date_gmt":"2022-08-01T15:09:53","guid":{"rendered":"https:\/\/www.mediaplateforme.com\/fr\/?p=713"},"modified":"2022-08-01T16:09:53","modified_gmt":"2022-08-01T15:09:53","slug":"my-inwi-fait-peau-neuve-et-delivre-une-nouvelle-experience-digitale-aux-utilisateurs","status":"publish","type":"post","link":"https:\/\/www.mediaplateforme.com\/fr\/my-inwi-fait-peau-neuve-et-delivre-une-nouvelle-experience-digitale-aux-utilisateurs\/","title":{"rendered":"My inwi fait peau neuve et d\u00e9livre une nouvelle exp\u00e9rience digitale aux utilisateurs"},"content":{"rendered":"<h5>A travers cette nouvelle application, l\u2019op\u00e9rateur global permet \u00e0 l\u2019ensemble de ses abonn\u00e9s d\u2019acc\u00e9der, en quelques clics seulement, \u00e0 toute une palette de nouvelles fonctionnalit\u00e9s composant l\u2019univers inwi.<\/h5>\n<p>La nouvelle version de \u00ab My inwi \u00bb propose des parcours optimis\u00e9s et plus simples pour tous les clients <a href=\"https:\/\/www.mediaplateforme.com\/fr\/inwi-lance-son-operation-estivale-2022-dans-plusieurs-villes-du-royaume\/\">inwi<\/a>. Centr\u00e9e sur les besoins clients, cette version am\u00e9lior\u00e9e dispose d\u2019un design plus modernis\u00e9 et apporte une exp\u00e9rience utilisateur encore plus transparente, plus intuitive et plus conviviale.<\/p>\n<p>Les clients inwi peuvent ainsi acc\u00e9der depuis chez eux, et en toute s\u00e9curit\u00e9, \u00e0 de nouveaux services et encore plus de fonctionnalit\u00e9s, 7j\/7 et 24H\/24 sans aucune connexion n\u00e9cessaire.<\/p>\n<p>La nouvelle application est accessible selon trois modes d\u2019acc\u00e8s : connexion avec compte, connexion sans compte et mode visiteur. Elle permet aussi une consultation de solde encore plus d\u00e9taill\u00e9e tout en mettant \u00e0 la disposition des clients inwi un panier de recharges\/pass diversifi\u00e9 et un panier de factures qui permet au client de payer ses factures et celles de ses proches.<\/p>\n<p>Cette nouvelle version de \u00ab My inwi \u00bb permet en outre de changer instantan\u00e9ment d\u2019offre et de migrer tr\u00e8s facilement du pr\u00e9pay\u00e9 vers le post-pay\u00e9. Elle permet aussi de connecter les utilisateurs au club inwi pour profiter tous les Mercredi de cadeaux encore plus g\u00e9n\u00e9reux.<\/p>\n<p>Pour accompagner le lancement de la nouvelle application \u00ab My inwi \u00bb, inwi offre aux utilisateurs plusieurs cadeaux attractifs. Il suffit d\u2019installer l\u2019application My inwi ou de la mettre \u00e0 jour puis tourner la roue de la fortune qui s\u2019affiche pour tenter de gagner chaque jour un cadeau exceptionnel. Les gagnants peuvent ainsi remporter plusieurs lots comme des Pass de recharge, des smartphones, des smart TV ou encore des voyages en Turquie.<\/p>\n<p>Le d\u00e9veloppement de la nouvelle application \u00ab My inwi \u00bb est guid\u00e9 par la promesse de l\u2019op\u00e9rateur global de rendre l\u2019univers inwi \u00e0 port\u00e9e de main et proposer la meilleure exp\u00e9rience possible en termes de services, de s\u00e9curit\u00e9 et de confort.<\/p>\n<p>\u00abMy inwi\u00bb est la mat\u00e9rialisation de l\u2019effort continu de l\u2019op\u00e9rateur global inwi pour am\u00e9liorer continuellement l\u2019exp\u00e9rience de ses clients. C\u2019est une application \u00e9volutive qui continuera \u00e0 s\u2019enrichir des diff\u00e9rents retours des clients et utilisateurs afin de leur proposer la meilleure exp\u00e9rience en terme de services et de confort.<\/p>\n","protected":false},"excerpt":{"rendered":"<p>A travers cette nouvelle application, l\u2019op\u00e9rateur global permet \u00e0 l\u2019ensemble de ses abonn\u00e9s d\u2019acc\u00e9der, en<\/p>\n","protected":false},"author":1,"featured_media":714,"comment_status":"open","ping_status":"open","sticky":false,"template":"","format":"standard","meta":{"_acf_changed":false,"footnotes":""},"categories":[5,3],"tags":[154,282],"class_list":["post-713","post","type-post","status-publish","format-standard","has-post-thumbnail","hentry","category-tech","category-nouvelles-selectionnees","tag-inwi","tag-my-inwi"],"acf":[],"yoast_head":"<!-- This site is optimized with the Yoast SEO plugin v22.0 - https:\/\/yoast.com\/wordpress\/plugins\/seo\/ -->\n<title>My inwi fait peau neuve et d\u00e9livre une nouvelle exp\u00e9rience digitale aux utilisateurs - MEDIA PLATEFORME | FR<\/title>\n<meta name=\"description\" content=\"La nouvelle version de \u00ab My inwi \u00bb propose des parcours optimis\u00e9s et plus simples pour tous les clients inwi.\" \/>\n<meta name=\"robots\" content=\"index, follow, max-snippet:-1, max-image-preview:large, max-video-preview:-1\" \/>\n<link rel=\"canonical\" href=\"https:\/\/www.mediaplateforme.com\/fr\/my-inwi-fait-peau-neuve-et-delivre-une-nouvelle-experience-digitale-aux-utilisateurs\/\" \/>\n<meta property=\"og:locale\" content=\"fr_FR\" \/>\n<meta property=\"og:type\" content=\"article\" \/>\n<meta property=\"og:title\" content=\"My inwi fait peau neuve et d\u00e9livre une nouvelle exp\u00e9rience digitale aux utilisateurs - MEDIA PLATEFORME | FR\" \/>\n<meta property=\"og:description\" content=\"La nouvelle version de \u00ab My inwi \u00bb propose des parcours optimis\u00e9s et plus simples pour tous les clients inwi.\" \/>\n<meta property=\"og:url\" content=\"https:\/\/www.mediaplateforme.com\/fr\/my-inwi-fait-peau-neuve-et-delivre-une-nouvelle-experience-digitale-aux-utilisateurs\/\" \/>\n<meta property=\"og:site_name\" content=\"MEDIA PLATEFORME | FR\" \/>\n<meta property=\"article:published_time\" content=\"2022-08-01T15:09:53+00:00\" \/>\n<meta property=\"og:image\" content=\"https:\/\/www.mediaplateforme.com\/fr\/wp-content\/uploads\/sites\/5\/2022\/08\/Screenshot_20220801-160547_Gmail.jpg\" \/>\n\t<meta property=\"og:image:width\" content=\"719\" \/>\n\t<meta property=\"og:image:height\" content=\"517\" \/>\n\t<meta property=\"og:image:type\" content=\"image\/jpeg\" \/>\n<meta name=\"author\" content=\"Mediaplateforme\" \/>\n<meta name=\"twitter:card\" content=\"summary_large_image\" \/>\n<meta name=\"twitter:label1\" content=\"\u00c9crit par\" \/>\n\t<meta name=\"twitter:data1\" content=\"Mediaplateforme\" \/>\n\t<meta name=\"twitter:label2\" content=\"Dur\u00e9e de lecture estim\u00e9e\" \/>\n\t<meta name=\"twitter:data2\" content=\"2 minutes\" \/>\n<script type=\"application\/ld+json\" class=\"yoast-schema-graph\">{\"@context\":\"https:\/\/schema.org\",\"@graph\":[{\"@type\":\"WebPage\",\"@id\":\"https:\/\/www.mediaplateforme.com\/fr\/my-inwi-fait-peau-neuve-et-delivre-une-nouvelle-experience-digitale-aux-utilisateurs\/\",\"url\":\"https:\/\/www.mediaplateforme.com\/fr\/my-inwi-fait-peau-neuve-et-delivre-une-nouvelle-experience-digitale-aux-utilisateurs\/\",\"name\":\"My inwi fait peau neuve et d\u00e9livre une nouvelle exp\u00e9rience digitale aux utilisateurs - MEDIA PLATEFORME | FR\",\"isPartOf\":{\"@id\":\"https:\/\/www.mediaplateforme.com\/fr\/#website\"},\"datePublished\":\"2022-08-01T15:09:53+00:00\",\"dateModified\":\"2022-08-01T15:09:53+00:00\",\"author\":{\"@id\":\"https:\/\/www.mediaplateforme.com\/fr\/#\/schema\/person\/89833db382b5db2c76b094bc902aa12a\"},\"description\":\"La nouvelle version de \u00ab My inwi \u00bb propose des parcours optimis\u00e9s et plus simples pour tous les clients inwi.\",\"breadcrumb\":{\"@id\":\"https:\/\/www.mediaplateforme.com\/fr\/my-inwi-fait-peau-neuve-et-delivre-une-nouvelle-experience-digitale-aux-utilisateurs\/#breadcrumb\"},\"inLanguage\":\"fr-FR\",\"potentialAction\":[{\"@type\":\"ReadAction\",\"target\":[\"https:\/\/www.mediaplateforme.com\/fr\/my-inwi-fait-peau-neuve-et-delivre-une-nouvelle-experience-digitale-aux-utilisateurs\/\"]}]},{\"@type\":\"BreadcrumbList\",\"@id\":\"https:\/\/www.mediaplateforme.com\/fr\/my-inwi-fait-peau-neuve-et-delivre-une-nouvelle-experience-digitale-aux-utilisateurs\/#breadcrumb\",\"itemListElement\":[{\"@type\":\"ListItem\",\"position\":1,\"name\":\"\u0627\u0644\u0631\u0626\u064a\u0633\u064a\u0629\",\"item\":\"https:\/\/www.mediaplateforme.com\/fr\/\"},{\"@type\":\"ListItem\",\"position\":2,\"name\":\"My inwi fait peau neuve et d\u00e9livre une nouvelle exp\u00e9rience digitale aux utilisateurs\"}]},{\"@type\":\"WebSite\",\"@id\":\"https:\/\/www.mediaplateforme.com\/fr\/#website\",\"url\":\"https:\/\/www.mediaplateforme.com\/fr\/\",\"name\":\"MEDIA PLATEFORME | FR\",\"description\":\"Mediaplateforme sp\u00e9cialis\u00e9 dans la communication institutions publiques et des entreprises\",\"potentialAction\":[{\"@type\":\"SearchAction\",\"target\":{\"@type\":\"EntryPoint\",\"urlTemplate\":\"https:\/\/www.mediaplateforme.com\/fr\/?s={search_term_string}\"},\"query-input\":\"required name=search_term_string\"}],\"inLanguage\":\"fr-FR\"},{\"@type\":\"Person\",\"@id\":\"https:\/\/www.mediaplateforme.com\/fr\/#\/schema\/person\/89833db382b5db2c76b094bc902aa12a\",\"name\":\"Mediaplateforme\",\"image\":{\"@type\":\"ImageObject\",\"inLanguage\":\"fr-FR\",\"@id\":\"https:\/\/www.mediaplateforme.com\/fr\/#\/schema\/person\/image\/\",\"url\":\"https:\/\/secure.gravatar.com\/avatar\/6c9c02e8928cc65d54bf75157f7b3a2d06d7ad0494ca0951f679552ff03b34c1?s=96&d=mm&r=g\",\"contentUrl\":\"https:\/\/secure.gravatar.com\/avatar\/6c9c02e8928cc65d54bf75157f7b3a2d06d7ad0494ca0951f679552ff03b34c1?s=96&d=mm&r=g\",\"caption\":\"Mediaplateforme\"},\"sameAs\":[\"https:\/\/www.mediaplateforme.com\"],\"url\":\"https:\/\/www.mediaplateforme.com\/fr\/author\/mohamedladib\/\"}]}<\/script>\n<!-- \/ Yoast SEO plugin. -->","yoast_head_json":{"title":"My inwi fait peau neuve et d\u00e9livre une nouvelle exp\u00e9rience digitale aux utilisateurs - MEDIA PLATEFORME | FR","description":"La nouvelle version de \u00ab My inwi \u00bb propose des parcours optimis\u00e9s et plus simples pour tous les clients inwi.","robots":{"index":"index","follow":"follow","max-snippet":"max-snippet:-1","max-image-preview":"max-image-preview:large","max-video-preview":"max-video-preview:-1"},"canonical":"https:\/\/www.mediaplateforme.com\/fr\/my-inwi-fait-peau-neuve-et-delivre-une-nouvelle-experience-digitale-aux-utilisateurs\/","og_locale":"fr_FR","og_type":"article","og_title":"My inwi fait peau neuve et d\u00e9livre une nouvelle exp\u00e9rience digitale aux utilisateurs - MEDIA PLATEFORME | FR","og_description":"La nouvelle version de \u00ab My inwi \u00bb propose des parcours optimis\u00e9s et plus simples pour tous les clients inwi.","og_url":"https:\/\/www.mediaplateforme.com\/fr\/my-inwi-fait-peau-neuve-et-delivre-une-nouvelle-experience-digitale-aux-utilisateurs\/","og_site_name":"MEDIA PLATEFORME | FR","article_published_time":"2022-08-01T15:09:53+00:00","og_image":[{"width":719,"height":517,"url":"https:\/\/www.mediaplateforme.com\/fr\/wp-content\/uploads\/sites\/5\/2022\/08\/Screenshot_20220801-160547_Gmail.jpg","type":"image\/jpeg"}],"author":"Mediaplateforme","twitter_card":"summary_large_image","twitter_misc":{"\u00c9crit par":"Mediaplateforme","Dur\u00e9e de lecture estim\u00e9e":"2 minutes"},"schema":{"@context":"https:\/\/schema.org","@graph":[{"@type":"WebPage","@id":"https:\/\/www.mediaplateforme.com\/fr\/my-inwi-fait-peau-neuve-et-delivre-une-nouvelle-experience-digitale-aux-utilisateurs\/","url":"https:\/\/www.mediaplateforme.com\/fr\/my-inwi-fait-peau-neuve-et-delivre-une-nouvelle-experience-digitale-aux-utilisateurs\/","name":"My inwi fait peau neuve et d\u00e9livre une nouvelle exp\u00e9rience digitale aux utilisateurs - MEDIA PLATEFORME | FR","isPartOf":{"@id":"https:\/\/www.mediaplateforme.com\/fr\/#website"},"datePublished":"2022-08-01T15:09:53+00:00","dateModified":"2022-08-01T15:09:53+00:00","author":{"@id":"https:\/\/www.mediaplateforme.com\/fr\/#\/schema\/person\/89833db382b5db2c76b094bc902aa12a"},"description":"La nouvelle version de \u00ab My inwi \u00bb propose des parcours optimis\u00e9s et plus simples pour tous les clients inwi.","breadcrumb":{"@id":"https:\/\/www.mediaplateforme.com\/fr\/my-inwi-fait-peau-neuve-et-delivre-une-nouvelle-experience-digitale-aux-utilisateurs\/#breadcrumb"},"inLanguage":"fr-FR","potentialAction":[{"@type":"ReadAction","target":["https:\/\/www.mediaplateforme.com\/fr\/my-inwi-fait-peau-neuve-et-delivre-une-nouvelle-experience-digitale-aux-utilisateurs\/"]}]},{"@type":"BreadcrumbList","@id":"https:\/\/www.mediaplateforme.com\/fr\/my-inwi-fait-peau-neuve-et-delivre-une-nouvelle-experience-digitale-aux-utilisateurs\/#breadcrumb","itemListElement":[{"@type":"ListItem","position":1,"name":"\u0627\u0644\u0631\u0626\u064a\u0633\u064a\u0629","item":"https:\/\/www.mediaplateforme.com\/fr\/"},{"@type":"ListItem","position":2,"name":"My inwi fait peau neuve et d\u00e9livre une nouvelle exp\u00e9rience digitale aux utilisateurs"}]},{"@type":"WebSite","@id":"https:\/\/www.mediaplateforme.com\/fr\/#website","url":"https:\/\/www.mediaplateforme.com\/fr\/","name":"MEDIA PLATEFORME | FR","description":"Mediaplateforme sp\u00e9cialis\u00e9 dans la communication institutions publiques et des entreprises","potentialAction":[{"@type":"SearchAction","target":{"@type":"EntryPoint","urlTemplate":"https:\/\/www.mediaplateforme.com\/fr\/?s={search_term_string}"},"query-input":"required name=search_term_string"}],"inLanguage":"fr-FR"},{"@type":"Person","@id":"https:\/\/www.mediaplateforme.com\/fr\/#\/schema\/person\/89833db382b5db2c76b094bc902aa12a","name":"Mediaplateforme","image":{"@type":"ImageObject","inLanguage":"fr-FR","@id":"https:\/\/www.mediaplateforme.com\/fr\/#\/schema\/person\/image\/","url":"https:\/\/secure.gravatar.com\/avatar\/6c9c02e8928cc65d54bf75157f7b3a2d06d7ad0494ca0951f679552ff03b34c1?s=96&d=mm&r=g","contentUrl":"https:\/\/secure.gravatar.com\/avatar\/6c9c02e8928cc65d54bf75157f7b3a2d06d7ad0494ca0951f679552ff03b34c1?s=96&d=mm&r=g","caption":"Mediaplateforme"},"sameAs":["https:\/\/www.mediaplateforme.com"],"url":"https:\/\/www.mediaplateforme.com\/fr\/author\/mohamedladib\/"}]}},"_links":{"self":[{"href":"https:\/\/www.mediaplateforme.com\/fr\/wp-json\/wp\/v2\/posts\/713","targetHints":{"allow":["GET"]}}],"collection":[{"href":"https:\/\/www.mediaplateforme.com\/fr\/wp-json\/wp\/v2\/posts"}],"about":[{"href":"https:\/\/www.mediaplateforme.com\/fr\/wp-json\/wp\/v2\/types\/post"}],"author":[{"embeddable":true,"href":"https:\/\/www.mediaplateforme.com\/fr\/wp-json\/wp\/v2\/users\/1"}],"replies":[{"embeddable":true,"href":"https:\/\/www.mediaplateforme.com\/fr\/wp-json\/wp\/v2\/comments?post=713"}],"version-history":[{"count":1,"href":"https:\/\/www.mediaplateforme.com\/fr\/wp-json\/wp\/v2\/posts\/713\/revisions"}],"predecessor-version":[{"id":715,"href":"https:\/\/www.mediaplateforme.com\/fr\/wp-json\/wp\/v2\/posts\/713\/revisions\/715"}],"wp:featuredmedia":[{"embeddable":true,"href":"https:\/\/www.mediaplateforme.com\/fr\/wp-json\/wp\/v2\/media\/714"}],"wp:attachment":[{"href":"https:\/\/www.mediaplateforme.com\/fr\/wp-json\/wp\/v2\/media?parent=713"}],"wp:term":[{"taxonomy":"category","embeddable":true,"href":"https:\/\/www.mediaplateforme.com\/fr\/wp-json\/wp\/v2\/categories?post=713"},{"taxonomy":"post_tag","embeddable":true,"href":"https:\/\/www.mediaplateforme.com\/fr\/wp-json\/wp\/v2\/tags?post=713"}],"curies":[{"name":"wp","href":"https:\/\/api.w.org\/{rel}","templated":true}]}}