{"id":7129,"date":"2025-04-29T15:42:13","date_gmt":"2025-04-29T14:42:13","guid":{"rendered":"https:\/\/www.mediaplateforme.com\/fr\/?p=7129"},"modified":"2025-04-29T15:42:21","modified_gmt":"2025-04-29T14:42:21","slug":"medz-developpement-agro-industriel","status":"publish","type":"post","link":"https:\/\/www.mediaplateforme.com\/fr\/medz-developpement-agro-industriel\/","title":{"rendered":"MEDZ affirme son r\u00f4le dans le d\u00e9veloppement agro-industriel au SIAM 2025"},"content":{"rendered":"<p>En participant en tant que sponsor officiel \u00e0 la 17\u1d49 \u00e9dition du Salon International de l\u2019Agriculture au Maroc (<a href=\"https:\/\/www.mediaplateforme.com\/fr\/maroc-telecom-au-siam-2025\/\">SIAM<\/a>), MEDZ, filiale de CDG D\u00e9veloppement, confirme son engagement envers le d\u00e9veloppement durable des territoires. Cette initiative illustre la place centrale de MEDZ d\u00e9veloppement agro-industriel dans l\u2019accompagnement des strat\u00e9gies sectorielles nationales, en particulier la strat\u00e9gie \u00ab\u00a0G\u00e9n\u00e9ration Green\u00a0\u00bb.<\/p>\n<h3>Les agropoles : piliers du d\u00e9veloppement durable<\/h3>\n<p>MEDZ a structur\u00e9 quatre agropoles d\u2019envergure \u00e0 Mekn\u00e8s (Agropolis), Berkane (Agropole de Berkane), Agadir (Agropole Souss Massa) et Larache (Agropole du Loukkos). Ces projets, r\u00e9alis\u00e9s selon les standards internationaux, visent \u00e0 renforcer et \u00e0 p\u00e9renniser les cha\u00eenes de valeur agroalimentaires sur l&rsquo;ensemble des territoires concern\u00e9s.<\/p>\n<h3>Des r\u00e9sultats \u00e9conomiques significatifs<\/h3>\n<p>Aujourd\u2019hui, ces agropoles affichent des performances remarquables avec l\u2019implantation de plus de 300 unit\u00e9s industrielles nationales et internationales. Ces projets, \u00e0 forte valeur ajout\u00e9e, couvrent un large \u00e9ventail de secteurs li\u00e9s \u00e0 l\u2019agroalimentaire, g\u00e9n\u00e9rant plus de 27 700 emplois et mobilisant plus de 5,6 milliards de dirhams d\u2019investissements.<\/p>\n<h3>Pr\u00e9sence strat\u00e9gique de MEDZ au SIAM<\/h3>\n<p>Sur un stand de 225 m\u00b2 situ\u00e9 au P\u00f4le Institutionnel, MEDZ a accueilli investisseurs et partenaires afin de leur pr\u00e9senter son offre d\u2019agropoles. Lors d\u2019une table ronde organis\u00e9e par la CFCIM, l\u2019entreprise a mis en lumi\u00e8re les atouts majeurs de ses plateformes : proximit\u00e9 des bassins de production, bonne connectivit\u00e9, disponibilit\u00e9 d&rsquo;une main-d&rsquo;\u0153uvre qualifi\u00e9e, incitations \u00e0 l&rsquo;investissement et services d\u2019accompagnement sur mesure.<\/p>\n<h3>MEDZ d\u00e9veloppement agro-industriel : une dynamique continue<\/h3>\n<p>Dans le cadre de son engagement pour soutenir le MEDZ d\u00e9veloppement agro-industriel, la soci\u00e9t\u00e9 poursuit l&rsquo;am\u00e9nagement de nouvelles phases :<\/p>\n<ul>\n<li>La 2\u1d49 tranche de l\u2019Agropole de Berkane (20 ha) en cours d\u2019ex\u00e9cution.<\/li>\n<li>La 2\u1d49 tranche de l\u2019Agropole du Loukkos (50 ha), dont le lancement est pr\u00e9vu cette ann\u00e9e.<\/li>\n<li>L\u2019extension de l\u2019Agropolis de Mekn\u00e8s, incluant une Zone d\u2019Acc\u00e9l\u00e9ration Industrielle multisectorielle, est \u00e9galement en pr\u00e9paration.<\/li>\n<\/ul>\n<h4>\u00a0 Questions fr\u00e9quentes<\/h4>\n<p><strong>1. Quel est l\u2019objectif des agropoles d\u00e9velopp\u00e9s par MEDZ ?<\/strong><br \/>\nStructurer durablement les cha\u00eenes de valeur agroalimentaires et soutenir la dynamique territoriale.<\/p>\n<p><strong>2. Combien d&#8217;emplois ont \u00e9t\u00e9 cr\u00e9\u00e9s gr\u00e2ce \u00e0 ces projets ?<\/strong><br \/>\nPlus de 27 700 emplois ont \u00e9t\u00e9 g\u00e9n\u00e9r\u00e9s dans divers secteurs li\u00e9s \u00e0 l&rsquo;agroalimentaire.<\/p>\n<p><strong>3. Quels sont les principaux avantages des agropoles de MEDZ ?<\/strong><br \/>\nEmplacement strat\u00e9gique, connectivit\u00e9 optimale, ressources humaines qualifi\u00e9es et incitations \u00e0 l\u2019investissement.<\/p>\n<p><strong>4. Quels projets futurs MEDZ pr\u00e9voit-elle ?<\/strong><br \/>\nD\u00e9veloppement de nouvelles phases d\u2019agropoles et cr\u00e9ation de zones industrielles innovantes pour divers secteurs.<\/p>\n<blockquote><p>\u00a0\u00c0 travers sa participation active au SIAM 2025 et ses projets structurants, MEDZ confirme son r\u00f4le moteur dans le renforcement du tissu \u00e9conomique national. La dynamique de MEDZ d\u00e9veloppement agro-industriel illustre une strat\u00e9gie volontariste visant \u00e0 favoriser l\u2019\u00e9mergence de territoires comp\u00e9titifs, innovants et r\u00e9silients.<\/p><\/blockquote>\n","protected":false},"excerpt":{"rendered":"<p>En participant en tant que sponsor officiel \u00e0 la 17\u1d49 \u00e9dition du Salon International de<\/p>\n","protected":false},"author":1,"featured_media":7131,"comment_status":"open","ping_status":"open","sticky":false,"template":"","format":"standard","meta":{"_acf_changed":false,"footnotes":""},"categories":[2,3],"tags":[3388,3387,3389,3391,3390,3386,3261],"class_list":["post-7129","post","type-post","status-publish","format-standard","has-post-thumbnail","hentry","category-nouvelles","category-nouvelles-selectionnees","tag-agropoles-maroc","tag-developpement-agro-industriel","tag-generation-green","tag-industrie-agroalimentaire","tag-investissements-agricoles","tag-medz","tag-siam-2025"],"acf":[],"yoast_head":"<!-- This site is optimized with the Yoast SEO plugin v22.0 - https:\/\/yoast.com\/wordpress\/plugins\/seo\/ -->\n<title>MEDZ d\u00e9veloppement agro-industriel - MEDIA PLATEFORME | FR<\/title>\n<meta name=\"description\" content=\"MEDZ confirme son r\u00f4le au d\u00e9veloppement agro-industriel \u00e0 travers sa participation au SIAM 2025 et l\u2019am\u00e9nagement de plateformes innovantes\" \/>\n<meta name=\"robots\" content=\"index, follow, max-snippet:-1, max-image-preview:large, max-video-preview:-1\" \/>\n<link rel=\"canonical\" href=\"https:\/\/www.mediaplateforme.com\/fr\/medz-developpement-agro-industriel\/\" \/>\n<meta property=\"og:locale\" content=\"fr_FR\" \/>\n<meta property=\"og:type\" content=\"article\" \/>\n<meta property=\"og:title\" content=\"MEDZ d\u00e9veloppement agro-industriel - MEDIA PLATEFORME | FR\" \/>\n<meta property=\"og:description\" content=\"MEDZ confirme son r\u00f4le au d\u00e9veloppement agro-industriel \u00e0 travers sa participation au SIAM 2025 et l\u2019am\u00e9nagement de plateformes innovantes\" \/>\n<meta property=\"og:url\" content=\"https:\/\/www.mediaplateforme.com\/fr\/medz-developpement-agro-industriel\/\" \/>\n<meta property=\"og:site_name\" content=\"MEDIA PLATEFORME | FR\" \/>\n<meta property=\"article:published_time\" content=\"2025-04-29T14:42:13+00:00\" \/>\n<meta property=\"article:modified_time\" content=\"2025-04-29T14:42:21+00:00\" \/>\n<meta property=\"og:image\" content=\"https:\/\/www.mediaplateforme.com\/fr\/wp-content\/uploads\/sites\/5\/2025\/04\/20250421_091627.jpg\" \/>\n\t<meta property=\"og:image:width\" content=\"1000\" \/>\n\t<meta property=\"og:image:height\" content=\"750\" \/>\n\t<meta property=\"og:image:type\" content=\"image\/jpeg\" \/>\n<meta name=\"author\" content=\"Mediaplateforme\" \/>\n<meta name=\"twitter:card\" content=\"summary_large_image\" \/>\n<meta name=\"twitter:label1\" content=\"\u00c9crit par\" \/>\n\t<meta name=\"twitter:data1\" content=\"Mediaplateforme\" \/>\n\t<meta name=\"twitter:label2\" content=\"Dur\u00e9e de lecture estim\u00e9e\" \/>\n\t<meta name=\"twitter:data2\" content=\"3 minutes\" \/>\n<script type=\"application\/ld+json\" class=\"yoast-schema-graph\">{\"@context\":\"https:\/\/schema.org\",\"@graph\":[{\"@type\":\"WebPage\",\"@id\":\"https:\/\/www.mediaplateforme.com\/fr\/medz-developpement-agro-industriel\/\",\"url\":\"https:\/\/www.mediaplateforme.com\/fr\/medz-developpement-agro-industriel\/\",\"name\":\"MEDZ d\u00e9veloppement agro-industriel - MEDIA PLATEFORME | FR\",\"isPartOf\":{\"@id\":\"https:\/\/www.mediaplateforme.com\/fr\/#website\"},\"datePublished\":\"2025-04-29T14:42:13+00:00\",\"dateModified\":\"2025-04-29T14:42:21+00:00\",\"author\":{\"@id\":\"https:\/\/www.mediaplateforme.com\/fr\/#\/schema\/person\/89833db382b5db2c76b094bc902aa12a\"},\"description\":\"MEDZ confirme son r\u00f4le au d\u00e9veloppement agro-industriel \u00e0 travers sa participation au SIAM 2025 et l\u2019am\u00e9nagement de plateformes innovantes\",\"breadcrumb\":{\"@id\":\"https:\/\/www.mediaplateforme.com\/fr\/medz-developpement-agro-industriel\/#breadcrumb\"},\"inLanguage\":\"fr-FR\",\"potentialAction\":[{\"@type\":\"ReadAction\",\"target\":[\"https:\/\/www.mediaplateforme.com\/fr\/medz-developpement-agro-industriel\/\"]}]},{\"@type\":\"BreadcrumbList\",\"@id\":\"https:\/\/www.mediaplateforme.com\/fr\/medz-developpement-agro-industriel\/#breadcrumb\",\"itemListElement\":[{\"@type\":\"ListItem\",\"position\":1,\"name\":\"\u0627\u0644\u0631\u0626\u064a\u0633\u064a\u0629\",\"item\":\"https:\/\/www.mediaplateforme.com\/fr\/\"},{\"@type\":\"ListItem\",\"position\":2,\"name\":\"MEDZ affirme son r\u00f4le dans le d\u00e9veloppement agro-industriel au SIAM 2025\"}]},{\"@type\":\"WebSite\",\"@id\":\"https:\/\/www.mediaplateforme.com\/fr\/#website\",\"url\":\"https:\/\/www.mediaplateforme.com\/fr\/\",\"name\":\"MEDIA PLATEFORME | FR\",\"description\":\"Mediaplateforme sp\u00e9cialis\u00e9 dans la communication institutions publiques et des entreprises\",\"potentialAction\":[{\"@type\":\"SearchAction\",\"target\":{\"@type\":\"EntryPoint\",\"urlTemplate\":\"https:\/\/www.mediaplateforme.com\/fr\/?s={search_term_string}\"},\"query-input\":\"required name=search_term_string\"}],\"inLanguage\":\"fr-FR\"},{\"@type\":\"Person\",\"@id\":\"https:\/\/www.mediaplateforme.com\/fr\/#\/schema\/person\/89833db382b5db2c76b094bc902aa12a\",\"name\":\"Mediaplateforme\",\"image\":{\"@type\":\"ImageObject\",\"inLanguage\":\"fr-FR\",\"@id\":\"https:\/\/www.mediaplateforme.com\/fr\/#\/schema\/person\/image\/\",\"url\":\"https:\/\/secure.gravatar.com\/avatar\/6c9c02e8928cc65d54bf75157f7b3a2d06d7ad0494ca0951f679552ff03b34c1?s=96&d=mm&r=g\",\"contentUrl\":\"https:\/\/secure.gravatar.com\/avatar\/6c9c02e8928cc65d54bf75157f7b3a2d06d7ad0494ca0951f679552ff03b34c1?s=96&d=mm&r=g\",\"caption\":\"Mediaplateforme\"},\"sameAs\":[\"https:\/\/www.mediaplateforme.com\"],\"url\":\"https:\/\/www.mediaplateforme.com\/fr\/author\/mohamedladib\/\"}]}<\/script>\n<!-- \/ Yoast SEO plugin. -->","yoast_head_json":{"title":"MEDZ d\u00e9veloppement agro-industriel - MEDIA PLATEFORME | FR","description":"MEDZ confirme son r\u00f4le au d\u00e9veloppement agro-industriel \u00e0 travers sa participation au SIAM 2025 et l\u2019am\u00e9nagement de plateformes innovantes","robots":{"index":"index","follow":"follow","max-snippet":"max-snippet:-1","max-image-preview":"max-image-preview:large","max-video-preview":"max-video-preview:-1"},"canonical":"https:\/\/www.mediaplateforme.com\/fr\/medz-developpement-agro-industriel\/","og_locale":"fr_FR","og_type":"article","og_title":"MEDZ d\u00e9veloppement agro-industriel - MEDIA PLATEFORME | FR","og_description":"MEDZ confirme son r\u00f4le au d\u00e9veloppement agro-industriel \u00e0 travers sa participation au SIAM 2025 et l\u2019am\u00e9nagement de plateformes innovantes","og_url":"https:\/\/www.mediaplateforme.com\/fr\/medz-developpement-agro-industriel\/","og_site_name":"MEDIA PLATEFORME | FR","article_published_time":"2025-04-29T14:42:13+00:00","article_modified_time":"2025-04-29T14:42:21+00:00","og_image":[{"width":1000,"height":750,"url":"https:\/\/www.mediaplateforme.com\/fr\/wp-content\/uploads\/sites\/5\/2025\/04\/20250421_091627.jpg","type":"image\/jpeg"}],"author":"Mediaplateforme","twitter_card":"summary_large_image","twitter_misc":{"\u00c9crit par":"Mediaplateforme","Dur\u00e9e de lecture estim\u00e9e":"3 minutes"},"schema":{"@context":"https:\/\/schema.org","@graph":[{"@type":"WebPage","@id":"https:\/\/www.mediaplateforme.com\/fr\/medz-developpement-agro-industriel\/","url":"https:\/\/www.mediaplateforme.com\/fr\/medz-developpement-agro-industriel\/","name":"MEDZ d\u00e9veloppement agro-industriel - MEDIA PLATEFORME | FR","isPartOf":{"@id":"https:\/\/www.mediaplateforme.com\/fr\/#website"},"datePublished":"2025-04-29T14:42:13+00:00","dateModified":"2025-04-29T14:42:21+00:00","author":{"@id":"https:\/\/www.mediaplateforme.com\/fr\/#\/schema\/person\/89833db382b5db2c76b094bc902aa12a"},"description":"MEDZ confirme son r\u00f4le au d\u00e9veloppement agro-industriel \u00e0 travers sa participation au SIAM 2025 et l\u2019am\u00e9nagement de plateformes innovantes","breadcrumb":{"@id":"https:\/\/www.mediaplateforme.com\/fr\/medz-developpement-agro-industriel\/#breadcrumb"},"inLanguage":"fr-FR","potentialAction":[{"@type":"ReadAction","target":["https:\/\/www.mediaplateforme.com\/fr\/medz-developpement-agro-industriel\/"]}]},{"@type":"BreadcrumbList","@id":"https:\/\/www.mediaplateforme.com\/fr\/medz-developpement-agro-industriel\/#breadcrumb","itemListElement":[{"@type":"ListItem","position":1,"name":"\u0627\u0644\u0631\u0626\u064a\u0633\u064a\u0629","item":"https:\/\/www.mediaplateforme.com\/fr\/"},{"@type":"ListItem","position":2,"name":"MEDZ affirme son r\u00f4le dans le d\u00e9veloppement agro-industriel au SIAM 2025"}]},{"@type":"WebSite","@id":"https:\/\/www.mediaplateforme.com\/fr\/#website","url":"https:\/\/www.mediaplateforme.com\/fr\/","name":"MEDIA PLATEFORME | FR","description":"Mediaplateforme sp\u00e9cialis\u00e9 dans la communication institutions publiques et des entreprises","potentialAction":[{"@type":"SearchAction","target":{"@type":"EntryPoint","urlTemplate":"https:\/\/www.mediaplateforme.com\/fr\/?s={search_term_string}"},"query-input":"required name=search_term_string"}],"inLanguage":"fr-FR"},{"@type":"Person","@id":"https:\/\/www.mediaplateforme.com\/fr\/#\/schema\/person\/89833db382b5db2c76b094bc902aa12a","name":"Mediaplateforme","image":{"@type":"ImageObject","inLanguage":"fr-FR","@id":"https:\/\/www.mediaplateforme.com\/fr\/#\/schema\/person\/image\/","url":"https:\/\/secure.gravatar.com\/avatar\/6c9c02e8928cc65d54bf75157f7b3a2d06d7ad0494ca0951f679552ff03b34c1?s=96&d=mm&r=g","contentUrl":"https:\/\/secure.gravatar.com\/avatar\/6c9c02e8928cc65d54bf75157f7b3a2d06d7ad0494ca0951f679552ff03b34c1?s=96&d=mm&r=g","caption":"Mediaplateforme"},"sameAs":["https:\/\/www.mediaplateforme.com"],"url":"https:\/\/www.mediaplateforme.com\/fr\/author\/mohamedladib\/"}]}},"_links":{"self":[{"href":"https:\/\/www.mediaplateforme.com\/fr\/wp-json\/wp\/v2\/posts\/7129","targetHints":{"allow":["GET"]}}],"collection":[{"href":"https:\/\/www.mediaplateforme.com\/fr\/wp-json\/wp\/v2\/posts"}],"about":[{"href":"https:\/\/www.mediaplateforme.com\/fr\/wp-json\/wp\/v2\/types\/post"}],"author":[{"embeddable":true,"href":"https:\/\/www.mediaplateforme.com\/fr\/wp-json\/wp\/v2\/users\/1"}],"replies":[{"embeddable":true,"href":"https:\/\/www.mediaplateforme.com\/fr\/wp-json\/wp\/v2\/comments?post=7129"}],"version-history":[{"count":2,"href":"https:\/\/www.mediaplateforme.com\/fr\/wp-json\/wp\/v2\/posts\/7129\/revisions"}],"predecessor-version":[{"id":7132,"href":"https:\/\/www.mediaplateforme.com\/fr\/wp-json\/wp\/v2\/posts\/7129\/revisions\/7132"}],"wp:featuredmedia":[{"embeddable":true,"href":"https:\/\/www.mediaplateforme.com\/fr\/wp-json\/wp\/v2\/media\/7131"}],"wp:attachment":[{"href":"https:\/\/www.mediaplateforme.com\/fr\/wp-json\/wp\/v2\/media?parent=7129"}],"wp:term":[{"taxonomy":"category","embeddable":true,"href":"https:\/\/www.mediaplateforme.com\/fr\/wp-json\/wp\/v2\/categories?post=7129"},{"taxonomy":"post_tag","embeddable":true,"href":"https:\/\/www.mediaplateforme.com\/fr\/wp-json\/wp\/v2\/tags?post=7129"}],"curies":[{"name":"wp","href":"https:\/\/api.w.org\/{rel}","templated":true}]}}