{"id":707,"date":"2022-08-01T15:51:49","date_gmt":"2022-08-01T14:51:49","guid":{"rendered":"https:\/\/www.mediaplateforme.com\/fr\/?p=707"},"modified":"2022-08-01T15:51:49","modified_gmt":"2022-08-01T14:51:49","slug":"forever-pour-une-cosmetologie-saine-et-genereuse","status":"publish","type":"post","link":"https:\/\/www.mediaplateforme.com\/fr\/forever-pour-une-cosmetologie-saine-et-genereuse\/","title":{"rendered":"Forever pour une cosm\u00e9tologie saine et g\u00e9n\u00e9reuse"},"content":{"rendered":"<p>Marque de r\u00e9f\u00e9rence en mati\u00e8re de wellness et de cosm\u00e9tiques naturels, Forever enrichit sa gamme beaut\u00e9 de deux produits ax\u00e9s sur l\u2019hydratation.<\/p>\n<p>Parce que le bien-\u00eatre doit aussi se refl\u00e9ter sur l\u2019\u00e9piderme, Forever a cr\u00e9\u00e9 des soins en mesure de nourrir et sublimer tous les types de peau. Pour ce faire, leurs formulations n\u2019int\u00e8grent que des composants naturels qui respectent les sp\u00e9cificit\u00e9s de chacun.<\/p>\n<p>Dans la continuit\u00e9 de cette id\u00e9e, les laboratoires Forever ont r\u00e9alis\u00e9 deux produits qui devraient s\u00e9duire par leur puret\u00e9 et leur pouvoir hydratant. D\u00e9velopp\u00e9s \u00e0 la mani\u00e8re d\u2019un rituel simple mais efficace, Aloe Body wash et Aloe Body lotion sont des concentr\u00e9s de douceur et de jouvence.<\/p>\n<p>\u00ab Une peau d\u00e9shydrat\u00e9e vieillit plus rapidement. Elle est souvent irrit\u00e9e, pr\u00e9sente des rougeurs et des sensations d\u2019inconfort. C\u2019est la raison pour laquelle nous avons \u00e9labor\u00e9 ces nouveaux soins offrant une hydratation maximale tout au long de la journ\u00e9e \u00bb. s\u00b4est exprim\u00e9 M. Antoine CARELLO, Directeur des Op\u00e9rations Forever Living Products Maroc.<\/p>\n<p>Premi\u00e8re \u00e9tape de l\u2019hyper hydratation sign\u00e9e Forever, l\u2019Aloe Body wash nettoie sans agressivit\u00e9. Ce gel \u00e0 base d\u2019aloe vera et de vitamines A, C et E, affiche une texture l\u00e9g\u00e8re qui se rince facilement. Garanti sans sulfates et dot\u00e9 d\u2019un ph neutre, il laisse un toucher velout\u00e9. La douche devient alors un moment de pur plaisir avec des r\u00e9sultats imm\u00e9diats en termes d\u2019\u00e9lasticit\u00e9.<\/p>\n<p>Aloe Body lotion, intervient juste apr\u00e8s pour davantage d\u2019efficacit\u00e9. Riche des m\u00eames ingr\u00e9dients, ce lait de corps forme une barri\u00e8re contre la s\u00e9cheresse. Gorg\u00e9es d\u2019eau et prot\u00e9g\u00e9es des atteintes ext\u00e9rieures, les cellules de l\u2019\u00e9piderme se r\u00e9g\u00e9n\u00e8rent plus vite. Le grain de peau est satin\u00e9, raffermi et souple.<\/p>\n<p>\u00ab S\u2019occuper de soi ne devrait pas \u00eatre compliqu\u00e9. Des gestes faciles \u00e0 reproduire et des effets visibles \u00e0 l\u2019\u0153il nu, voil\u00e0 ce \u00e0 quoi aspire la grande majorit\u00e9 et nous mettons un point d\u2019honneur \u00e0 combler ses attentes \u00bb a r\u00e9it\u00e9r\u00e9 M. Antoine CARELLO, Directeur des Op\u00e9rations Forever Living Products Maroc.<\/p>\n<p>Disponibles l\u2019un comme l\u00b4autre en tube de 236ml, ces nouveaux produits tiennent la promesse de Forever ; \u00e0 savoir prodiguer la quintessence d\u2019une nature g\u00e9n\u00e9reuse et aider chaque personne \u00e0 devenir la meilleure version d\u2019elle-m\u00eame.<\/p>\n","protected":false},"excerpt":{"rendered":"<p>Marque de r\u00e9f\u00e9rence en mati\u00e8re de wellness et de cosm\u00e9tiques naturels, Forever enrichit sa gamme<\/p>\n","protected":false},"author":1,"featured_media":708,"comment_status":"open","ping_status":"open","sticky":false,"template":"","format":"standard","meta":{"_acf_changed":false,"footnotes":""},"categories":[2,3],"tags":[194],"class_list":["post-707","post","type-post","status-publish","format-standard","has-post-thumbnail","hentry","category-nouvelles","category-nouvelles-selectionnees","tag-forever"],"acf":[],"yoast_head":"<!-- This site is optimized with the Yoast SEO plugin v22.0 - https:\/\/yoast.com\/wordpress\/plugins\/seo\/ -->\n<title>Forever pour une cosm\u00e9tologie saine et g\u00e9n\u00e9reuse - MEDIA PLATEFORME | FR<\/title>\n<meta name=\"description\" content=\"Marque de r\u00e9f\u00e9rence en mati\u00e8re de wellness et de cosm\u00e9tiques naturels, Forever enrichit sa gamme beaut\u00e9 de deux produits\" \/>\n<meta name=\"robots\" content=\"index, follow, max-snippet:-1, max-image-preview:large, max-video-preview:-1\" \/>\n<link rel=\"canonical\" href=\"https:\/\/www.mediaplateforme.com\/fr\/forever-pour-une-cosmetologie-saine-et-genereuse\/\" \/>\n<meta property=\"og:locale\" content=\"fr_FR\" \/>\n<meta property=\"og:type\" content=\"article\" \/>\n<meta property=\"og:title\" content=\"Forever pour une cosm\u00e9tologie saine et g\u00e9n\u00e9reuse - MEDIA PLATEFORME | FR\" \/>\n<meta property=\"og:description\" content=\"Marque de r\u00e9f\u00e9rence en mati\u00e8re de wellness et de cosm\u00e9tiques naturels, Forever enrichit sa gamme beaut\u00e9 de deux produits\" \/>\n<meta property=\"og:url\" content=\"https:\/\/www.mediaplateforme.com\/fr\/forever-pour-une-cosmetologie-saine-et-genereuse\/\" \/>\n<meta property=\"og:site_name\" content=\"MEDIA PLATEFORME | FR\" \/>\n<meta property=\"article:published_time\" content=\"2022-08-01T14:51:49+00:00\" \/>\n<meta property=\"og:image\" content=\"https:\/\/www.mediaplateforme.com\/fr\/wp-content\/uploads\/sites\/5\/2022\/08\/Screenshot_20220801-154923_Gmail.jpg\" \/>\n\t<meta property=\"og:image:width\" content=\"719\" \/>\n\t<meta property=\"og:image:height\" content=\"517\" \/>\n\t<meta property=\"og:image:type\" content=\"image\/jpeg\" \/>\n<meta name=\"author\" content=\"Mediaplateforme\" \/>\n<meta name=\"twitter:card\" content=\"summary_large_image\" \/>\n<meta name=\"twitter:label1\" content=\"\u00c9crit par\" \/>\n\t<meta name=\"twitter:data1\" content=\"Mediaplateforme\" \/>\n\t<meta name=\"twitter:label2\" content=\"Dur\u00e9e de lecture estim\u00e9e\" \/>\n\t<meta name=\"twitter:data2\" content=\"2 minutes\" \/>\n<script type=\"application\/ld+json\" class=\"yoast-schema-graph\">{\"@context\":\"https:\/\/schema.org\",\"@graph\":[{\"@type\":\"WebPage\",\"@id\":\"https:\/\/www.mediaplateforme.com\/fr\/forever-pour-une-cosmetologie-saine-et-genereuse\/\",\"url\":\"https:\/\/www.mediaplateforme.com\/fr\/forever-pour-une-cosmetologie-saine-et-genereuse\/\",\"name\":\"Forever pour une cosm\u00e9tologie saine et g\u00e9n\u00e9reuse - MEDIA PLATEFORME | FR\",\"isPartOf\":{\"@id\":\"https:\/\/www.mediaplateforme.com\/fr\/#website\"},\"datePublished\":\"2022-08-01T14:51:49+00:00\",\"dateModified\":\"2022-08-01T14:51:49+00:00\",\"author\":{\"@id\":\"https:\/\/www.mediaplateforme.com\/fr\/#\/schema\/person\/89833db382b5db2c76b094bc902aa12a\"},\"description\":\"Marque de r\u00e9f\u00e9rence en mati\u00e8re de wellness et de cosm\u00e9tiques naturels, Forever enrichit sa gamme beaut\u00e9 de deux produits\",\"breadcrumb\":{\"@id\":\"https:\/\/www.mediaplateforme.com\/fr\/forever-pour-une-cosmetologie-saine-et-genereuse\/#breadcrumb\"},\"inLanguage\":\"fr-FR\",\"potentialAction\":[{\"@type\":\"ReadAction\",\"target\":[\"https:\/\/www.mediaplateforme.com\/fr\/forever-pour-une-cosmetologie-saine-et-genereuse\/\"]}]},{\"@type\":\"BreadcrumbList\",\"@id\":\"https:\/\/www.mediaplateforme.com\/fr\/forever-pour-une-cosmetologie-saine-et-genereuse\/#breadcrumb\",\"itemListElement\":[{\"@type\":\"ListItem\",\"position\":1,\"name\":\"\u0627\u0644\u0631\u0626\u064a\u0633\u064a\u0629\",\"item\":\"https:\/\/www.mediaplateforme.com\/fr\/\"},{\"@type\":\"ListItem\",\"position\":2,\"name\":\"Forever pour une cosm\u00e9tologie saine et g\u00e9n\u00e9reuse\"}]},{\"@type\":\"WebSite\",\"@id\":\"https:\/\/www.mediaplateforme.com\/fr\/#website\",\"url\":\"https:\/\/www.mediaplateforme.com\/fr\/\",\"name\":\"MEDIA PLATEFORME | FR\",\"description\":\"Mediaplateforme sp\u00e9cialis\u00e9 dans la communication institutions publiques et des entreprises\",\"potentialAction\":[{\"@type\":\"SearchAction\",\"target\":{\"@type\":\"EntryPoint\",\"urlTemplate\":\"https:\/\/www.mediaplateforme.com\/fr\/?s={search_term_string}\"},\"query-input\":\"required name=search_term_string\"}],\"inLanguage\":\"fr-FR\"},{\"@type\":\"Person\",\"@id\":\"https:\/\/www.mediaplateforme.com\/fr\/#\/schema\/person\/89833db382b5db2c76b094bc902aa12a\",\"name\":\"Mediaplateforme\",\"image\":{\"@type\":\"ImageObject\",\"inLanguage\":\"fr-FR\",\"@id\":\"https:\/\/www.mediaplateforme.com\/fr\/#\/schema\/person\/image\/\",\"url\":\"https:\/\/secure.gravatar.com\/avatar\/6c9c02e8928cc65d54bf75157f7b3a2d06d7ad0494ca0951f679552ff03b34c1?s=96&d=mm&r=g\",\"contentUrl\":\"https:\/\/secure.gravatar.com\/avatar\/6c9c02e8928cc65d54bf75157f7b3a2d06d7ad0494ca0951f679552ff03b34c1?s=96&d=mm&r=g\",\"caption\":\"Mediaplateforme\"},\"sameAs\":[\"https:\/\/www.mediaplateforme.com\"],\"url\":\"https:\/\/www.mediaplateforme.com\/fr\/author\/mohamedladib\/\"}]}<\/script>\n<!-- \/ Yoast SEO plugin. -->","yoast_head_json":{"title":"Forever pour une cosm\u00e9tologie saine et g\u00e9n\u00e9reuse - MEDIA PLATEFORME | FR","description":"Marque de r\u00e9f\u00e9rence en mati\u00e8re de wellness et de cosm\u00e9tiques naturels, Forever enrichit sa gamme beaut\u00e9 de deux produits","robots":{"index":"index","follow":"follow","max-snippet":"max-snippet:-1","max-image-preview":"max-image-preview:large","max-video-preview":"max-video-preview:-1"},"canonical":"https:\/\/www.mediaplateforme.com\/fr\/forever-pour-une-cosmetologie-saine-et-genereuse\/","og_locale":"fr_FR","og_type":"article","og_title":"Forever pour une cosm\u00e9tologie saine et g\u00e9n\u00e9reuse - MEDIA PLATEFORME | FR","og_description":"Marque de r\u00e9f\u00e9rence en mati\u00e8re de wellness et de cosm\u00e9tiques naturels, Forever enrichit sa gamme beaut\u00e9 de deux produits","og_url":"https:\/\/www.mediaplateforme.com\/fr\/forever-pour-une-cosmetologie-saine-et-genereuse\/","og_site_name":"MEDIA PLATEFORME | FR","article_published_time":"2022-08-01T14:51:49+00:00","og_image":[{"width":719,"height":517,"url":"https:\/\/www.mediaplateforme.com\/fr\/wp-content\/uploads\/sites\/5\/2022\/08\/Screenshot_20220801-154923_Gmail.jpg","type":"image\/jpeg"}],"author":"Mediaplateforme","twitter_card":"summary_large_image","twitter_misc":{"\u00c9crit par":"Mediaplateforme","Dur\u00e9e de lecture estim\u00e9e":"2 minutes"},"schema":{"@context":"https:\/\/schema.org","@graph":[{"@type":"WebPage","@id":"https:\/\/www.mediaplateforme.com\/fr\/forever-pour-une-cosmetologie-saine-et-genereuse\/","url":"https:\/\/www.mediaplateforme.com\/fr\/forever-pour-une-cosmetologie-saine-et-genereuse\/","name":"Forever pour une cosm\u00e9tologie saine et g\u00e9n\u00e9reuse - MEDIA PLATEFORME | FR","isPartOf":{"@id":"https:\/\/www.mediaplateforme.com\/fr\/#website"},"datePublished":"2022-08-01T14:51:49+00:00","dateModified":"2022-08-01T14:51:49+00:00","author":{"@id":"https:\/\/www.mediaplateforme.com\/fr\/#\/schema\/person\/89833db382b5db2c76b094bc902aa12a"},"description":"Marque de r\u00e9f\u00e9rence en mati\u00e8re de wellness et de cosm\u00e9tiques naturels, Forever enrichit sa gamme beaut\u00e9 de deux produits","breadcrumb":{"@id":"https:\/\/www.mediaplateforme.com\/fr\/forever-pour-une-cosmetologie-saine-et-genereuse\/#breadcrumb"},"inLanguage":"fr-FR","potentialAction":[{"@type":"ReadAction","target":["https:\/\/www.mediaplateforme.com\/fr\/forever-pour-une-cosmetologie-saine-et-genereuse\/"]}]},{"@type":"BreadcrumbList","@id":"https:\/\/www.mediaplateforme.com\/fr\/forever-pour-une-cosmetologie-saine-et-genereuse\/#breadcrumb","itemListElement":[{"@type":"ListItem","position":1,"name":"\u0627\u0644\u0631\u0626\u064a\u0633\u064a\u0629","item":"https:\/\/www.mediaplateforme.com\/fr\/"},{"@type":"ListItem","position":2,"name":"Forever pour une cosm\u00e9tologie saine et g\u00e9n\u00e9reuse"}]},{"@type":"WebSite","@id":"https:\/\/www.mediaplateforme.com\/fr\/#website","url":"https:\/\/www.mediaplateforme.com\/fr\/","name":"MEDIA PLATEFORME | FR","description":"Mediaplateforme sp\u00e9cialis\u00e9 dans la communication institutions publiques et des entreprises","potentialAction":[{"@type":"SearchAction","target":{"@type":"EntryPoint","urlTemplate":"https:\/\/www.mediaplateforme.com\/fr\/?s={search_term_string}"},"query-input":"required name=search_term_string"}],"inLanguage":"fr-FR"},{"@type":"Person","@id":"https:\/\/www.mediaplateforme.com\/fr\/#\/schema\/person\/89833db382b5db2c76b094bc902aa12a","name":"Mediaplateforme","image":{"@type":"ImageObject","inLanguage":"fr-FR","@id":"https:\/\/www.mediaplateforme.com\/fr\/#\/schema\/person\/image\/","url":"https:\/\/secure.gravatar.com\/avatar\/6c9c02e8928cc65d54bf75157f7b3a2d06d7ad0494ca0951f679552ff03b34c1?s=96&d=mm&r=g","contentUrl":"https:\/\/secure.gravatar.com\/avatar\/6c9c02e8928cc65d54bf75157f7b3a2d06d7ad0494ca0951f679552ff03b34c1?s=96&d=mm&r=g","caption":"Mediaplateforme"},"sameAs":["https:\/\/www.mediaplateforme.com"],"url":"https:\/\/www.mediaplateforme.com\/fr\/author\/mohamedladib\/"}]}},"_links":{"self":[{"href":"https:\/\/www.mediaplateforme.com\/fr\/wp-json\/wp\/v2\/posts\/707","targetHints":{"allow":["GET"]}}],"collection":[{"href":"https:\/\/www.mediaplateforme.com\/fr\/wp-json\/wp\/v2\/posts"}],"about":[{"href":"https:\/\/www.mediaplateforme.com\/fr\/wp-json\/wp\/v2\/types\/post"}],"author":[{"embeddable":true,"href":"https:\/\/www.mediaplateforme.com\/fr\/wp-json\/wp\/v2\/users\/1"}],"replies":[{"embeddable":true,"href":"https:\/\/www.mediaplateforme.com\/fr\/wp-json\/wp\/v2\/comments?post=707"}],"version-history":[{"count":1,"href":"https:\/\/www.mediaplateforme.com\/fr\/wp-json\/wp\/v2\/posts\/707\/revisions"}],"predecessor-version":[{"id":709,"href":"https:\/\/www.mediaplateforme.com\/fr\/wp-json\/wp\/v2\/posts\/707\/revisions\/709"}],"wp:featuredmedia":[{"embeddable":true,"href":"https:\/\/www.mediaplateforme.com\/fr\/wp-json\/wp\/v2\/media\/708"}],"wp:attachment":[{"href":"https:\/\/www.mediaplateforme.com\/fr\/wp-json\/wp\/v2\/media?parent=707"}],"wp:term":[{"taxonomy":"category","embeddable":true,"href":"https:\/\/www.mediaplateforme.com\/fr\/wp-json\/wp\/v2\/categories?post=707"},{"taxonomy":"post_tag","embeddable":true,"href":"https:\/\/www.mediaplateforme.com\/fr\/wp-json\/wp\/v2\/tags?post=707"}],"curies":[{"name":"wp","href":"https:\/\/api.w.org\/{rel}","templated":true}]}}