{"id":7045,"date":"2025-04-16T19:51:16","date_gmt":"2025-04-16T18:51:16","guid":{"rendered":"https:\/\/www.mediaplateforme.com\/fr\/?p=7045"},"modified":"2025-04-16T19:51:25","modified_gmt":"2025-04-16T18:51:25","slug":"renault-group-changenow-2025","status":"publish","type":"post","link":"https:\/\/www.mediaplateforme.com\/fr\/renault-group-changenow-2025\/","title":{"rendered":"Renault Group \u00e0 ChangeNow 2025 : \u00ab\u00a0Renault Embl\u00e8me\u00a0\u00bb, la voiture familiale ultra-d\u00e9carbon\u00e9e, star du sommet parisien"},"content":{"rendered":"<div id=\"model-response-message-contentr_2480babdb70a7053\" class=\"markdown markdown-main-panel stronger\" dir=\"ltr\">\n<p data-sourcepos=\"19:1-19:452\"><strong>\u00a0Pour la quatri\u00e8me ann\u00e9e cons\u00e9cutive, Renault Group affirmera son engagement pionnier en faveur de la <a href=\"https:\/\/www.mediaplateforme.com\/fr\/alliance-renault-nissan\/\">mobilit\u00e9 durable<\/a> en \u00e9tant le seul constructeur automobile pr\u00e9sent au Sommet ChangeNow. Du 24 au 26 avril 2025, le Grand Palais \u00e0 Paris vibrera au rythme des solutions pour la plan\u00e8te, et Renault Group y tiendra une place de choix, notamment avec la pr\u00e9sentation tr\u00e8s attendue de son demo-car Renault Embl\u00e8me.<\/strong><\/p>\n<h3 data-sourcepos=\"21:1-21:79\"><strong>\u00a0Renault Embl\u00e8me : Une Vision R\u00e9volutionnaire de la D\u00e9carbonation<\/strong><\/h3>\n<p data-sourcepos=\"23:1-23:777\">Au c\u0153ur du stand Renault Group, install\u00e9 dans l&rsquo;espace Mobilit\u00e9, tr\u00f4nera Renault Embl\u00e8me. Plus qu&rsquo;un simple concept, ce demo-car roulant incarne la vision ambitieuse du groupe pour une voiture familiale bas carbone \u00e0 l&rsquo;horizon 2035. Sa prouesse ? Atteindre un niveau de d\u00e9carbonation in\u00e9dit, avec 90% d&rsquo;\u00e9missions de gaz \u00e0 effet de serre (CO\u2082e) en moins sur l&rsquo;int\u00e9gralit\u00e9 de son cycle de vie, compar\u00e9 \u00e0 un v\u00e9hicule thermique de r\u00e9f\u00e9rence de 2019 (seulement 5 tonnes de CO\u2082e contre 50 tonnes pour un Captur essence 2019). Une avanc\u00e9e majeure vers une mobilit\u00e9 respectueuse des limites plan\u00e9taires. Des experts de la mobilit\u00e9 bas carbone seront pr\u00e9sents sur le stand pour \u00e9changer avec les visiteurs tout au long de l&rsquo;\u00e9v\u00e9nement.<\/p>\n<h3 data-sourcepos=\"25:1-25:84\"><strong>\u00a0Temps Forts : Bilan de Renaulution, Innovation et \u00c9conomie Circulaire<\/strong><\/h3>\n<p data-sourcepos=\"27:1-27:96\">La participation de Renault Group \u00e0 ChangeNow 2025 sera rythm\u00e9e par plusieurs rendez-vous cl\u00e9s :<\/p>\n<ul data-sourcepos=\"29:1-32:0\">\n<li data-sourcepos=\"29:1-29:419\"><strong>Jeudi 24 avril (13h15 &#8211; 14h45) : Keynote Strat\u00e9gique.<\/strong> <strong>Josep-Maria Recasens<\/strong>, Directeur Strat\u00e9gie de Renault Group et CEO d&rsquo;Ampere, et <strong>Cl\u00e9a Martinet<\/strong>, Directrice du D\u00e9veloppement Durable du groupe, dresseront le <strong>bilan des quatre ans du plan Renaulution<\/strong> en mati\u00e8re de d\u00e9veloppement durable. Une occasion unique de mesurer les progr\u00e8s accomplis depuis le lancement de ce plan strat\u00e9gique.<\/li>\n<li data-sourcepos=\"30:1-30:219\"><strong>Jeudi 24 avril (15h00 &#8211; 15h45) : Masterclass Renault Embl\u00e8me.<\/strong> <strong>Pascal Tribott\u00e9<\/strong>, manager de projets innovation, plongera dans les d\u00e9tails techniques et la vision derri\u00e8re ce demo-car r\u00e9volutionnaire.<\/li>\n<li data-sourcepos=\"31:1-32:0\"><strong>Vendredi 25 avril (15h45 &#8211; 17h00) : Table Ronde \u00c9conomie Circulaire.<\/strong> <strong>Jean-Philippe Bahuaud<\/strong>, CEO de <strong>The Future Is NEUTRAL<\/strong> (l&rsquo;entit\u00e9 de Renault Group d\u00e9di\u00e9e \u00e0 l&rsquo;\u00e9conomie circulaire automobile \u00e0 360\u00b0), participera \u00e0 une discussion sur la pens\u00e9e \u00e0 long terme dans un monde \u00e0 court terme.<\/li>\n<\/ul>\n<blockquote>\n<p data-sourcepos=\"33:1-33:195\">Renault Group marquera \u00e9galement sa pr\u00e9sence via CareMakers Invest, son programme de mobilit\u00e9 inclusive, qui si\u00e8gera dans le jury d&rsquo;un appel \u00e0 projet sur la mobilit\u00e9 le 24 avril.<\/p>\n<\/blockquote>\n<h3 data-sourcepos=\"35:1-35:55\"><strong>\u00a0Un Engagement Ancr\u00e9 dans l&rsquo;ADN du Groupe<\/strong><\/h3>\n<p data-sourcepos=\"37:1-37:614\">La pr\u00e9sence de Renault Group au Sommet ChangeNow, \u00e9v\u00e9nement phare r\u00e9unissant depuis 2017 les acteurs engag\u00e9s pour un monde durable, s&rsquo;inscrit parfaitement dans la strat\u00e9gie globale du groupe. Acteur aux avant-postes d&rsquo;une mobilit\u00e9 qui se r\u00e9invente, s&rsquo;appuyant sur ses 4 marques compl\u00e9mentaires (Renault, Dacia, Alpine, Mobilize), Renault Group est engag\u00e9 dans une transformation ambitieuse centr\u00e9e sur les technologies durables, l&rsquo;\u00e9lectrification et les services innovants, avec l&rsquo;objectif d&rsquo;atteindre la <strong>neutralit\u00e9 carbone en Europe d&rsquo;ici 2040<\/strong>.<\/p>\n<h3 data-sourcepos=\"39:1-39:84\"><strong>\u00a0 Renault Group, Moteur de la Mobilit\u00e9 Durable \u00e0 ChangeNow<\/strong><\/h3>\n<p data-sourcepos=\"41:1-41:402\">En \u00e9tant le seul constructeur automobile \u00e0 investir le Sommet ChangeNow 2025, Renault Group ne se contente pas de pr\u00e9senter une vision ; il d\u00e9montre par des actions concr\u00e8tes et des innovations comme <strong>Renault Embl\u00e8me<\/strong> sa d\u00e9termination \u00e0 \u00eatre un acteur cl\u00e9 de la transition vers une mobilit\u00e9 d\u00e9carbon\u00e9e et durable. Un rendez-vous \u00e0 ne pas manquer pour comprendre les enjeux et les solutions de demain.<\/p>\n<hr data-sourcepos=\"45:1-45:3\" \/>\n<\/div>\n","protected":false},"excerpt":{"rendered":"<p>\u00a0Pour la quatri\u00e8me ann\u00e9e cons\u00e9cutive, Renault Group affirmera son engagement pionnier en faveur de la<\/p>\n","protected":false},"author":1,"featured_media":7046,"comment_status":"open","ping_status":"open","sticky":false,"template":"","format":"standard","meta":{"_acf_changed":false,"footnotes":""},"categories":[1644,3],"tags":[3122,3233,2502,3232,3235,3234],"class_list":["post-7045","post","type-post","status-publish","format-standard","has-post-thumbnail","hentry","category-industrie","category-nouvelles-selectionnees","tag-ampere","tag-decarbonation-automobile","tag-mobilite-durable","tag-renault-embleme","tag-renaulution","tag-sommet-changenow-paris"],"acf":[],"yoast_head":"<!-- This site is optimized with the Yoast SEO plugin v22.0 - https:\/\/yoast.com\/wordpress\/plugins\/seo\/ -->\n<title>Renault Group ChangeNow 2025 - MEDIA PLATEFORME | FR<\/title>\n<meta name=\"description\" content=\"Renault Group d\u00e9voile Renault Embl\u00e8me (-90% CO\u2082e) et fait le bilan de Renaulution au Sommet ChangeNow 2025 (24-26 avril, Paris).\" \/>\n<meta name=\"robots\" content=\"index, follow, max-snippet:-1, max-image-preview:large, max-video-preview:-1\" \/>\n<link rel=\"canonical\" href=\"https:\/\/www.mediaplateforme.com\/fr\/renault-group-changenow-2025\/\" \/>\n<meta property=\"og:locale\" content=\"fr_FR\" \/>\n<meta property=\"og:type\" content=\"article\" \/>\n<meta property=\"og:title\" content=\"Renault Group ChangeNow 2025 - MEDIA PLATEFORME | FR\" \/>\n<meta property=\"og:description\" content=\"Renault Group d\u00e9voile Renault Embl\u00e8me (-90% CO\u2082e) et fait le bilan de Renaulution au Sommet ChangeNow 2025 (24-26 avril, Paris).\" \/>\n<meta property=\"og:url\" content=\"https:\/\/www.mediaplateforme.com\/fr\/renault-group-changenow-2025\/\" \/>\n<meta property=\"og:site_name\" content=\"MEDIA PLATEFORME | FR\" \/>\n<meta property=\"article:published_time\" content=\"2025-04-16T18:51:16+00:00\" \/>\n<meta property=\"article:modified_time\" content=\"2025-04-16T18:51:25+00:00\" \/>\n<meta property=\"og:image\" content=\"https:\/\/www.mediaplateforme.com\/fr\/wp-content\/uploads\/sites\/5\/2025\/04\/Renault-Group-a-ChangeNow-2025.webp\" \/>\n\t<meta property=\"og:image:width\" content=\"800\" \/>\n\t<meta property=\"og:image:height\" content=\"442\" \/>\n\t<meta property=\"og:image:type\" content=\"image\/webp\" \/>\n<meta name=\"author\" content=\"Mediaplateforme\" \/>\n<meta name=\"twitter:card\" content=\"summary_large_image\" \/>\n<meta name=\"twitter:label1\" content=\"\u00c9crit par\" \/>\n\t<meta name=\"twitter:data1\" content=\"Mediaplateforme\" \/>\n\t<meta name=\"twitter:label2\" content=\"Dur\u00e9e de lecture estim\u00e9e\" \/>\n\t<meta name=\"twitter:data2\" content=\"3 minutes\" \/>\n<script type=\"application\/ld+json\" class=\"yoast-schema-graph\">{\"@context\":\"https:\/\/schema.org\",\"@graph\":[{\"@type\":\"WebPage\",\"@id\":\"https:\/\/www.mediaplateforme.com\/fr\/renault-group-changenow-2025\/\",\"url\":\"https:\/\/www.mediaplateforme.com\/fr\/renault-group-changenow-2025\/\",\"name\":\"Renault Group ChangeNow 2025 - MEDIA PLATEFORME | FR\",\"isPartOf\":{\"@id\":\"https:\/\/www.mediaplateforme.com\/fr\/#website\"},\"datePublished\":\"2025-04-16T18:51:16+00:00\",\"dateModified\":\"2025-04-16T18:51:25+00:00\",\"author\":{\"@id\":\"https:\/\/www.mediaplateforme.com\/fr\/#\/schema\/person\/89833db382b5db2c76b094bc902aa12a\"},\"description\":\"Renault Group d\u00e9voile Renault Embl\u00e8me (-90% CO\u2082e) et fait le bilan de Renaulution au Sommet ChangeNow 2025 (24-26 avril, Paris).\",\"breadcrumb\":{\"@id\":\"https:\/\/www.mediaplateforme.com\/fr\/renault-group-changenow-2025\/#breadcrumb\"},\"inLanguage\":\"fr-FR\",\"potentialAction\":[{\"@type\":\"ReadAction\",\"target\":[\"https:\/\/www.mediaplateforme.com\/fr\/renault-group-changenow-2025\/\"]}]},{\"@type\":\"BreadcrumbList\",\"@id\":\"https:\/\/www.mediaplateforme.com\/fr\/renault-group-changenow-2025\/#breadcrumb\",\"itemListElement\":[{\"@type\":\"ListItem\",\"position\":1,\"name\":\"\u0627\u0644\u0631\u0626\u064a\u0633\u064a\u0629\",\"item\":\"https:\/\/www.mediaplateforme.com\/fr\/\"},{\"@type\":\"ListItem\",\"position\":2,\"name\":\"Renault Group \u00e0 ChangeNow 2025 : &#8220;Renault Embl\u00e8me&#8221;, la voiture familiale ultra-d\u00e9carbon\u00e9e, star du sommet parisien\"}]},{\"@type\":\"WebSite\",\"@id\":\"https:\/\/www.mediaplateforme.com\/fr\/#website\",\"url\":\"https:\/\/www.mediaplateforme.com\/fr\/\",\"name\":\"MEDIA PLATEFORME | FR\",\"description\":\"Mediaplateforme sp\u00e9cialis\u00e9 dans la communication institutions publiques et des entreprises\",\"potentialAction\":[{\"@type\":\"SearchAction\",\"target\":{\"@type\":\"EntryPoint\",\"urlTemplate\":\"https:\/\/www.mediaplateforme.com\/fr\/?s={search_term_string}\"},\"query-input\":\"required name=search_term_string\"}],\"inLanguage\":\"fr-FR\"},{\"@type\":\"Person\",\"@id\":\"https:\/\/www.mediaplateforme.com\/fr\/#\/schema\/person\/89833db382b5db2c76b094bc902aa12a\",\"name\":\"Mediaplateforme\",\"image\":{\"@type\":\"ImageObject\",\"inLanguage\":\"fr-FR\",\"@id\":\"https:\/\/www.mediaplateforme.com\/fr\/#\/schema\/person\/image\/\",\"url\":\"https:\/\/secure.gravatar.com\/avatar\/6c9c02e8928cc65d54bf75157f7b3a2d06d7ad0494ca0951f679552ff03b34c1?s=96&d=mm&r=g\",\"contentUrl\":\"https:\/\/secure.gravatar.com\/avatar\/6c9c02e8928cc65d54bf75157f7b3a2d06d7ad0494ca0951f679552ff03b34c1?s=96&d=mm&r=g\",\"caption\":\"Mediaplateforme\"},\"sameAs\":[\"https:\/\/www.mediaplateforme.com\"],\"url\":\"https:\/\/www.mediaplateforme.com\/fr\/author\/mohamedladib\/\"}]}<\/script>\n<!-- \/ Yoast SEO plugin. -->","yoast_head_json":{"title":"Renault Group ChangeNow 2025 - MEDIA PLATEFORME | FR","description":"Renault Group d\u00e9voile Renault Embl\u00e8me (-90% CO\u2082e) et fait le bilan de Renaulution au Sommet ChangeNow 2025 (24-26 avril, Paris).","robots":{"index":"index","follow":"follow","max-snippet":"max-snippet:-1","max-image-preview":"max-image-preview:large","max-video-preview":"max-video-preview:-1"},"canonical":"https:\/\/www.mediaplateforme.com\/fr\/renault-group-changenow-2025\/","og_locale":"fr_FR","og_type":"article","og_title":"Renault Group ChangeNow 2025 - MEDIA PLATEFORME | FR","og_description":"Renault Group d\u00e9voile Renault Embl\u00e8me (-90% CO\u2082e) et fait le bilan de Renaulution au Sommet ChangeNow 2025 (24-26 avril, Paris).","og_url":"https:\/\/www.mediaplateforme.com\/fr\/renault-group-changenow-2025\/","og_site_name":"MEDIA PLATEFORME | FR","article_published_time":"2025-04-16T18:51:16+00:00","article_modified_time":"2025-04-16T18:51:25+00:00","og_image":[{"width":800,"height":442,"url":"https:\/\/www.mediaplateforme.com\/fr\/wp-content\/uploads\/sites\/5\/2025\/04\/Renault-Group-a-ChangeNow-2025.webp","type":"image\/webp"}],"author":"Mediaplateforme","twitter_card":"summary_large_image","twitter_misc":{"\u00c9crit par":"Mediaplateforme","Dur\u00e9e de lecture estim\u00e9e":"3 minutes"},"schema":{"@context":"https:\/\/schema.org","@graph":[{"@type":"WebPage","@id":"https:\/\/www.mediaplateforme.com\/fr\/renault-group-changenow-2025\/","url":"https:\/\/www.mediaplateforme.com\/fr\/renault-group-changenow-2025\/","name":"Renault Group ChangeNow 2025 - MEDIA PLATEFORME | FR","isPartOf":{"@id":"https:\/\/www.mediaplateforme.com\/fr\/#website"},"datePublished":"2025-04-16T18:51:16+00:00","dateModified":"2025-04-16T18:51:25+00:00","author":{"@id":"https:\/\/www.mediaplateforme.com\/fr\/#\/schema\/person\/89833db382b5db2c76b094bc902aa12a"},"description":"Renault Group d\u00e9voile Renault Embl\u00e8me (-90% CO\u2082e) et fait le bilan de Renaulution au Sommet ChangeNow 2025 (24-26 avril, Paris).","breadcrumb":{"@id":"https:\/\/www.mediaplateforme.com\/fr\/renault-group-changenow-2025\/#breadcrumb"},"inLanguage":"fr-FR","potentialAction":[{"@type":"ReadAction","target":["https:\/\/www.mediaplateforme.com\/fr\/renault-group-changenow-2025\/"]}]},{"@type":"BreadcrumbList","@id":"https:\/\/www.mediaplateforme.com\/fr\/renault-group-changenow-2025\/#breadcrumb","itemListElement":[{"@type":"ListItem","position":1,"name":"\u0627\u0644\u0631\u0626\u064a\u0633\u064a\u0629","item":"https:\/\/www.mediaplateforme.com\/fr\/"},{"@type":"ListItem","position":2,"name":"Renault Group \u00e0 ChangeNow 2025 : &#8220;Renault Embl\u00e8me&#8221;, la voiture familiale ultra-d\u00e9carbon\u00e9e, star du sommet parisien"}]},{"@type":"WebSite","@id":"https:\/\/www.mediaplateforme.com\/fr\/#website","url":"https:\/\/www.mediaplateforme.com\/fr\/","name":"MEDIA PLATEFORME | FR","description":"Mediaplateforme sp\u00e9cialis\u00e9 dans la communication institutions publiques et des entreprises","potentialAction":[{"@type":"SearchAction","target":{"@type":"EntryPoint","urlTemplate":"https:\/\/www.mediaplateforme.com\/fr\/?s={search_term_string}"},"query-input":"required name=search_term_string"}],"inLanguage":"fr-FR"},{"@type":"Person","@id":"https:\/\/www.mediaplateforme.com\/fr\/#\/schema\/person\/89833db382b5db2c76b094bc902aa12a","name":"Mediaplateforme","image":{"@type":"ImageObject","inLanguage":"fr-FR","@id":"https:\/\/www.mediaplateforme.com\/fr\/#\/schema\/person\/image\/","url":"https:\/\/secure.gravatar.com\/avatar\/6c9c02e8928cc65d54bf75157f7b3a2d06d7ad0494ca0951f679552ff03b34c1?s=96&d=mm&r=g","contentUrl":"https:\/\/secure.gravatar.com\/avatar\/6c9c02e8928cc65d54bf75157f7b3a2d06d7ad0494ca0951f679552ff03b34c1?s=96&d=mm&r=g","caption":"Mediaplateforme"},"sameAs":["https:\/\/www.mediaplateforme.com"],"url":"https:\/\/www.mediaplateforme.com\/fr\/author\/mohamedladib\/"}]}},"_links":{"self":[{"href":"https:\/\/www.mediaplateforme.com\/fr\/wp-json\/wp\/v2\/posts\/7045","targetHints":{"allow":["GET"]}}],"collection":[{"href":"https:\/\/www.mediaplateforme.com\/fr\/wp-json\/wp\/v2\/posts"}],"about":[{"href":"https:\/\/www.mediaplateforme.com\/fr\/wp-json\/wp\/v2\/types\/post"}],"author":[{"embeddable":true,"href":"https:\/\/www.mediaplateforme.com\/fr\/wp-json\/wp\/v2\/users\/1"}],"replies":[{"embeddable":true,"href":"https:\/\/www.mediaplateforme.com\/fr\/wp-json\/wp\/v2\/comments?post=7045"}],"version-history":[{"count":1,"href":"https:\/\/www.mediaplateforme.com\/fr\/wp-json\/wp\/v2\/posts\/7045\/revisions"}],"predecessor-version":[{"id":7047,"href":"https:\/\/www.mediaplateforme.com\/fr\/wp-json\/wp\/v2\/posts\/7045\/revisions\/7047"}],"wp:featuredmedia":[{"embeddable":true,"href":"https:\/\/www.mediaplateforme.com\/fr\/wp-json\/wp\/v2\/media\/7046"}],"wp:attachment":[{"href":"https:\/\/www.mediaplateforme.com\/fr\/wp-json\/wp\/v2\/media?parent=7045"}],"wp:term":[{"taxonomy":"category","embeddable":true,"href":"https:\/\/www.mediaplateforme.com\/fr\/wp-json\/wp\/v2\/categories?post=7045"},{"taxonomy":"post_tag","embeddable":true,"href":"https:\/\/www.mediaplateforme.com\/fr\/wp-json\/wp\/v2\/tags?post=7045"}],"curies":[{"name":"wp","href":"https:\/\/api.w.org\/{rel}","templated":true}]}}