{"id":703,"date":"2022-07-29T12:16:51","date_gmt":"2022-07-29T11:16:51","guid":{"rendered":"https:\/\/www.mediaplateforme.com\/fr\/?p=703"},"modified":"2022-07-29T12:16:51","modified_gmt":"2022-07-29T11:16:51","slug":"societe-generale-maroc-soutient-la-6e-edition-de-el-akademia-masterclass","status":"publish","type":"post","link":"https:\/\/www.mediaplateforme.com\/fr\/societe-generale-maroc-soutient-la-6e-edition-de-el-akademia-masterclass\/","title":{"rendered":"Soci\u00e9t\u00e9 G\u00e9n\u00e9rale Maroc soutient la 6e \u00e9dition de El Akademia Masterclass"},"content":{"rendered":"<p>Soci\u00e9t\u00e9 G\u00e9n\u00e9rale Maroc a soutenu la 6e \u00e9dition de El Akademia Masterclass qui s\u2019est tenue du 14 au 23 juillet 2022 \u00e0 F\u00e8s, sous la pr\u00e9sidence d\u2019honneur de Son Altesse Royale, la Princesse Lalla Meryem.<\/p>\n<p>Cette nouvelle \u00e9dition du projet El Akademia a permis de renforcer les comp\u00e9tences musicales et les qualit\u00e9s humaines d\u2019une cinquantaine de jeunes musiciens dont une vingtaine de militaires de la Garde Royale, de la Gendarmerie Royale et des Forces Royales de l\u2019Air. Les Masterclasses regroupaient des jeunes talents marocains de tout statut social, s\u00e9lectionn\u00e9s pour leur volont\u00e9, leur esprit d\u2019\u00e9quipe et leurs qualit\u00e9s musicales.<\/p>\n<p>Soci\u00e9t\u00e9 G\u00e9n\u00e9rale Maroc s\u2019associe pour la 2e fois \u00e0 cet \u00e9v\u00e8nement et r\u00e9affirme ainsi son soutien en faveur de l\u2019inclusion par l\u2019\u00e9ducation, l\u2019art et la culture au Maroc. Elle r\u00e9it\u00e8re son r\u00f4le d\u2019acteur social engag\u00e9 dans les transformations positives du Royaume.<\/p>\n<p>\u00c0 l\u2019occasion de cette 6e \u00e9dition, l\u2019Orchestre National des Jeunes Marocains (ONJM) a interpr\u00e9t\u00e9 avec brio Joudour wa ajniha \u2014 \u00e0 savoir Des Racines et des ailes \u2014 compos\u00e9 en hommage \u00e0 Sa Majest\u00e9, le Roi Mohammed VI \u2014 que Dieu Le glorifie \u2014, ainsi que L\u2019Ode \u00e0 la joie de Beethoven comme un symbole d\u2019espoir, d\u2019ouverture, de paix et de joie, et Nidae Al Hassan pour f\u00eater notre d\u00e9sert marocain.<\/p>\n<p>De plus, l\u2019ouverture des concerts de F\u00e8s et de Mekn\u00e8s s\u2019est faite sur un merveilleux solo de fl\u00fbte traditionnelle improvis\u00e9 par Oussama. S\u2019ensuivirent la musique de chambre Renaissance jou\u00e9e par les cuivres, Ombra mai fu d\u2019H\u00e4ndel interpr\u00e9t\u00e9 par l\u2019ONJM avec en violon solo Hachoumi. L\u2019ONJM a \u00e9galement ravi le public avec le premier mouvement de Divertimento en Fa de Mozart, Morning Moon in the Desert d\u2019Edouard Grieg et Bolero de Ravel. La pi\u00e8ce de jazz, Toccata, a \u00e9t\u00e9 reprise apr\u00e8s avoir \u00e9t\u00e9 interpr\u00e9t\u00e9e pour la premi\u00e8re fois \u00e0 Dakhla en novembre 2021. Soci\u00e9t\u00e9 G\u00e9n\u00e9rale Maroc est fi\u00e8re de soutenir ces concerts porteurs de symboles et t\u00e9moins de la qualit\u00e9 des jeunes musiciens classiques marocains.<\/p>\n","protected":false},"excerpt":{"rendered":"<p>Soci\u00e9t\u00e9 G\u00e9n\u00e9rale Maroc a soutenu la 6e \u00e9dition de El Akademia Masterclass qui s\u2019est tenue<\/p>\n","protected":false},"author":1,"featured_media":705,"comment_status":"open","ping_status":"open","sticky":false,"template":"","format":"standard","meta":{"_acf_changed":false,"footnotes":""},"categories":[4,3],"tags":[280],"class_list":["post-703","post","type-post","status-publish","format-standard","has-post-thumbnail","hentry","category-economie","category-nouvelles-selectionnees","tag-societe-generale"],"acf":[],"yoast_head":"<!-- This site is optimized with the Yoast SEO plugin v22.0 - https:\/\/yoast.com\/wordpress\/plugins\/seo\/ -->\n<title>Soci\u00e9t\u00e9 G\u00e9n\u00e9rale Maroc soutient la 6e \u00e9dition de El Akademia Masterclass - MEDIA PLATEFORME | FR<\/title>\n<meta name=\"description\" content=\"Soci\u00e9t\u00e9 G\u00e9n\u00e9rale Maroc a soutenu la 6e \u00e9dition de El Akademia Masterclass, sous la pr\u00e9sidence de la Princesse Lalla Meryem.\" \/>\n<meta name=\"robots\" content=\"index, follow, max-snippet:-1, max-image-preview:large, max-video-preview:-1\" \/>\n<link rel=\"canonical\" href=\"https:\/\/www.mediaplateforme.com\/fr\/societe-generale-maroc-soutient-la-6e-edition-de-el-akademia-masterclass\/\" \/>\n<meta property=\"og:locale\" content=\"fr_FR\" \/>\n<meta property=\"og:type\" content=\"article\" \/>\n<meta property=\"og:title\" content=\"Soci\u00e9t\u00e9 G\u00e9n\u00e9rale Maroc soutient la 6e \u00e9dition de El Akademia Masterclass - MEDIA PLATEFORME | FR\" \/>\n<meta property=\"og:description\" content=\"Soci\u00e9t\u00e9 G\u00e9n\u00e9rale Maroc a soutenu la 6e \u00e9dition de El Akademia Masterclass, sous la pr\u00e9sidence de la Princesse Lalla Meryem.\" \/>\n<meta property=\"og:url\" content=\"https:\/\/www.mediaplateforme.com\/fr\/societe-generale-maroc-soutient-la-6e-edition-de-el-akademia-masterclass\/\" \/>\n<meta property=\"og:site_name\" content=\"MEDIA PLATEFORME | FR\" \/>\n<meta property=\"article:published_time\" content=\"2022-07-29T11:16:51+00:00\" \/>\n<meta property=\"og:image\" content=\"https:\/\/www.mediaplateforme.com\/fr\/wp-content\/uploads\/sites\/5\/2022\/07\/El-Akademia-2022.jpg\" \/>\n\t<meta property=\"og:image:width\" content=\"1600\" \/>\n\t<meta property=\"og:image:height\" content=\"1200\" \/>\n\t<meta property=\"og:image:type\" content=\"image\/jpeg\" \/>\n<meta name=\"author\" content=\"Mediaplateforme\" \/>\n<meta name=\"twitter:card\" content=\"summary_large_image\" \/>\n<meta name=\"twitter:label1\" content=\"\u00c9crit par\" \/>\n\t<meta name=\"twitter:data1\" content=\"Mediaplateforme\" \/>\n\t<meta name=\"twitter:label2\" content=\"Dur\u00e9e de lecture estim\u00e9e\" \/>\n\t<meta name=\"twitter:data2\" content=\"2 minutes\" \/>\n<script type=\"application\/ld+json\" class=\"yoast-schema-graph\">{\"@context\":\"https:\/\/schema.org\",\"@graph\":[{\"@type\":\"WebPage\",\"@id\":\"https:\/\/www.mediaplateforme.com\/fr\/societe-generale-maroc-soutient-la-6e-edition-de-el-akademia-masterclass\/\",\"url\":\"https:\/\/www.mediaplateforme.com\/fr\/societe-generale-maroc-soutient-la-6e-edition-de-el-akademia-masterclass\/\",\"name\":\"Soci\u00e9t\u00e9 G\u00e9n\u00e9rale Maroc soutient la 6e \u00e9dition de El Akademia Masterclass - MEDIA PLATEFORME | FR\",\"isPartOf\":{\"@id\":\"https:\/\/www.mediaplateforme.com\/fr\/#website\"},\"datePublished\":\"2022-07-29T11:16:51+00:00\",\"dateModified\":\"2022-07-29T11:16:51+00:00\",\"author\":{\"@id\":\"https:\/\/www.mediaplateforme.com\/fr\/#\/schema\/person\/89833db382b5db2c76b094bc902aa12a\"},\"description\":\"Soci\u00e9t\u00e9 G\u00e9n\u00e9rale Maroc a soutenu la 6e \u00e9dition de El Akademia Masterclass, sous la pr\u00e9sidence de la Princesse Lalla Meryem.\",\"breadcrumb\":{\"@id\":\"https:\/\/www.mediaplateforme.com\/fr\/societe-generale-maroc-soutient-la-6e-edition-de-el-akademia-masterclass\/#breadcrumb\"},\"inLanguage\":\"fr-FR\",\"potentialAction\":[{\"@type\":\"ReadAction\",\"target\":[\"https:\/\/www.mediaplateforme.com\/fr\/societe-generale-maroc-soutient-la-6e-edition-de-el-akademia-masterclass\/\"]}]},{\"@type\":\"BreadcrumbList\",\"@id\":\"https:\/\/www.mediaplateforme.com\/fr\/societe-generale-maroc-soutient-la-6e-edition-de-el-akademia-masterclass\/#breadcrumb\",\"itemListElement\":[{\"@type\":\"ListItem\",\"position\":1,\"name\":\"\u0627\u0644\u0631\u0626\u064a\u0633\u064a\u0629\",\"item\":\"https:\/\/www.mediaplateforme.com\/fr\/\"},{\"@type\":\"ListItem\",\"position\":2,\"name\":\"Soci\u00e9t\u00e9 G\u00e9n\u00e9rale Maroc soutient la 6e \u00e9dition de El Akademia Masterclass\"}]},{\"@type\":\"WebSite\",\"@id\":\"https:\/\/www.mediaplateforme.com\/fr\/#website\",\"url\":\"https:\/\/www.mediaplateforme.com\/fr\/\",\"name\":\"MEDIA PLATEFORME | FR\",\"description\":\"Mediaplateforme sp\u00e9cialis\u00e9 dans la communication institutions publiques et des entreprises\",\"potentialAction\":[{\"@type\":\"SearchAction\",\"target\":{\"@type\":\"EntryPoint\",\"urlTemplate\":\"https:\/\/www.mediaplateforme.com\/fr\/?s={search_term_string}\"},\"query-input\":\"required name=search_term_string\"}],\"inLanguage\":\"fr-FR\"},{\"@type\":\"Person\",\"@id\":\"https:\/\/www.mediaplateforme.com\/fr\/#\/schema\/person\/89833db382b5db2c76b094bc902aa12a\",\"name\":\"Mediaplateforme\",\"image\":{\"@type\":\"ImageObject\",\"inLanguage\":\"fr-FR\",\"@id\":\"https:\/\/www.mediaplateforme.com\/fr\/#\/schema\/person\/image\/\",\"url\":\"https:\/\/secure.gravatar.com\/avatar\/6c9c02e8928cc65d54bf75157f7b3a2d06d7ad0494ca0951f679552ff03b34c1?s=96&d=mm&r=g\",\"contentUrl\":\"https:\/\/secure.gravatar.com\/avatar\/6c9c02e8928cc65d54bf75157f7b3a2d06d7ad0494ca0951f679552ff03b34c1?s=96&d=mm&r=g\",\"caption\":\"Mediaplateforme\"},\"sameAs\":[\"https:\/\/www.mediaplateforme.com\"],\"url\":\"https:\/\/www.mediaplateforme.com\/fr\/author\/mohamedladib\/\"}]}<\/script>\n<!-- \/ Yoast SEO plugin. -->","yoast_head_json":{"title":"Soci\u00e9t\u00e9 G\u00e9n\u00e9rale Maroc soutient la 6e \u00e9dition de El Akademia Masterclass - MEDIA PLATEFORME | FR","description":"Soci\u00e9t\u00e9 G\u00e9n\u00e9rale Maroc a soutenu la 6e \u00e9dition de El Akademia Masterclass, sous la pr\u00e9sidence de la Princesse Lalla Meryem.","robots":{"index":"index","follow":"follow","max-snippet":"max-snippet:-1","max-image-preview":"max-image-preview:large","max-video-preview":"max-video-preview:-1"},"canonical":"https:\/\/www.mediaplateforme.com\/fr\/societe-generale-maroc-soutient-la-6e-edition-de-el-akademia-masterclass\/","og_locale":"fr_FR","og_type":"article","og_title":"Soci\u00e9t\u00e9 G\u00e9n\u00e9rale Maroc soutient la 6e \u00e9dition de El Akademia Masterclass - MEDIA PLATEFORME | FR","og_description":"Soci\u00e9t\u00e9 G\u00e9n\u00e9rale Maroc a soutenu la 6e \u00e9dition de El Akademia Masterclass, sous la pr\u00e9sidence de la Princesse Lalla Meryem.","og_url":"https:\/\/www.mediaplateforme.com\/fr\/societe-generale-maroc-soutient-la-6e-edition-de-el-akademia-masterclass\/","og_site_name":"MEDIA PLATEFORME | FR","article_published_time":"2022-07-29T11:16:51+00:00","og_image":[{"width":1600,"height":1200,"url":"https:\/\/www.mediaplateforme.com\/fr\/wp-content\/uploads\/sites\/5\/2022\/07\/El-Akademia-2022.jpg","type":"image\/jpeg"}],"author":"Mediaplateforme","twitter_card":"summary_large_image","twitter_misc":{"\u00c9crit par":"Mediaplateforme","Dur\u00e9e de lecture estim\u00e9e":"2 minutes"},"schema":{"@context":"https:\/\/schema.org","@graph":[{"@type":"WebPage","@id":"https:\/\/www.mediaplateforme.com\/fr\/societe-generale-maroc-soutient-la-6e-edition-de-el-akademia-masterclass\/","url":"https:\/\/www.mediaplateforme.com\/fr\/societe-generale-maroc-soutient-la-6e-edition-de-el-akademia-masterclass\/","name":"Soci\u00e9t\u00e9 G\u00e9n\u00e9rale Maroc soutient la 6e \u00e9dition de El Akademia Masterclass - MEDIA PLATEFORME | FR","isPartOf":{"@id":"https:\/\/www.mediaplateforme.com\/fr\/#website"},"datePublished":"2022-07-29T11:16:51+00:00","dateModified":"2022-07-29T11:16:51+00:00","author":{"@id":"https:\/\/www.mediaplateforme.com\/fr\/#\/schema\/person\/89833db382b5db2c76b094bc902aa12a"},"description":"Soci\u00e9t\u00e9 G\u00e9n\u00e9rale Maroc a soutenu la 6e \u00e9dition de El Akademia Masterclass, sous la pr\u00e9sidence de la Princesse Lalla Meryem.","breadcrumb":{"@id":"https:\/\/www.mediaplateforme.com\/fr\/societe-generale-maroc-soutient-la-6e-edition-de-el-akademia-masterclass\/#breadcrumb"},"inLanguage":"fr-FR","potentialAction":[{"@type":"ReadAction","target":["https:\/\/www.mediaplateforme.com\/fr\/societe-generale-maroc-soutient-la-6e-edition-de-el-akademia-masterclass\/"]}]},{"@type":"BreadcrumbList","@id":"https:\/\/www.mediaplateforme.com\/fr\/societe-generale-maroc-soutient-la-6e-edition-de-el-akademia-masterclass\/#breadcrumb","itemListElement":[{"@type":"ListItem","position":1,"name":"\u0627\u0644\u0631\u0626\u064a\u0633\u064a\u0629","item":"https:\/\/www.mediaplateforme.com\/fr\/"},{"@type":"ListItem","position":2,"name":"Soci\u00e9t\u00e9 G\u00e9n\u00e9rale Maroc soutient la 6e \u00e9dition de El Akademia Masterclass"}]},{"@type":"WebSite","@id":"https:\/\/www.mediaplateforme.com\/fr\/#website","url":"https:\/\/www.mediaplateforme.com\/fr\/","name":"MEDIA PLATEFORME | FR","description":"Mediaplateforme sp\u00e9cialis\u00e9 dans la communication institutions publiques et des entreprises","potentialAction":[{"@type":"SearchAction","target":{"@type":"EntryPoint","urlTemplate":"https:\/\/www.mediaplateforme.com\/fr\/?s={search_term_string}"},"query-input":"required name=search_term_string"}],"inLanguage":"fr-FR"},{"@type":"Person","@id":"https:\/\/www.mediaplateforme.com\/fr\/#\/schema\/person\/89833db382b5db2c76b094bc902aa12a","name":"Mediaplateforme","image":{"@type":"ImageObject","inLanguage":"fr-FR","@id":"https:\/\/www.mediaplateforme.com\/fr\/#\/schema\/person\/image\/","url":"https:\/\/secure.gravatar.com\/avatar\/6c9c02e8928cc65d54bf75157f7b3a2d06d7ad0494ca0951f679552ff03b34c1?s=96&d=mm&r=g","contentUrl":"https:\/\/secure.gravatar.com\/avatar\/6c9c02e8928cc65d54bf75157f7b3a2d06d7ad0494ca0951f679552ff03b34c1?s=96&d=mm&r=g","caption":"Mediaplateforme"},"sameAs":["https:\/\/www.mediaplateforme.com"],"url":"https:\/\/www.mediaplateforme.com\/fr\/author\/mohamedladib\/"}]}},"_links":{"self":[{"href":"https:\/\/www.mediaplateforme.com\/fr\/wp-json\/wp\/v2\/posts\/703","targetHints":{"allow":["GET"]}}],"collection":[{"href":"https:\/\/www.mediaplateforme.com\/fr\/wp-json\/wp\/v2\/posts"}],"about":[{"href":"https:\/\/www.mediaplateforme.com\/fr\/wp-json\/wp\/v2\/types\/post"}],"author":[{"embeddable":true,"href":"https:\/\/www.mediaplateforme.com\/fr\/wp-json\/wp\/v2\/users\/1"}],"replies":[{"embeddable":true,"href":"https:\/\/www.mediaplateforme.com\/fr\/wp-json\/wp\/v2\/comments?post=703"}],"version-history":[{"count":1,"href":"https:\/\/www.mediaplateforme.com\/fr\/wp-json\/wp\/v2\/posts\/703\/revisions"}],"predecessor-version":[{"id":704,"href":"https:\/\/www.mediaplateforme.com\/fr\/wp-json\/wp\/v2\/posts\/703\/revisions\/704"}],"wp:featuredmedia":[{"embeddable":true,"href":"https:\/\/www.mediaplateforme.com\/fr\/wp-json\/wp\/v2\/media\/705"}],"wp:attachment":[{"href":"https:\/\/www.mediaplateforme.com\/fr\/wp-json\/wp\/v2\/media?parent=703"}],"wp:term":[{"taxonomy":"category","embeddable":true,"href":"https:\/\/www.mediaplateforme.com\/fr\/wp-json\/wp\/v2\/categories?post=703"},{"taxonomy":"post_tag","embeddable":true,"href":"https:\/\/www.mediaplateforme.com\/fr\/wp-json\/wp\/v2\/tags?post=703"}],"curies":[{"name":"wp","href":"https:\/\/api.w.org\/{rel}","templated":true}]}}