{"id":6991,"date":"2025-04-08T17:24:04","date_gmt":"2025-04-08T16:24:04","guid":{"rendered":"https:\/\/www.mediaplateforme.com\/fr\/?p=6991"},"modified":"2025-04-08T17:24:14","modified_gmt":"2025-04-08T16:24:14","slug":"jabra-gitex-africa-2025","status":"publish","type":"post","link":"https:\/\/www.mediaplateforme.com\/fr\/jabra-gitex-africa-2025\/","title":{"rendered":"Jabra au Gitex Africa 2025 : Des Solutions Audio et Vid\u00e9o Professionnelles pour le Futur du Travail"},"content":{"rendered":"<div id=\"model-response-message-contentr_c12a4d5b0405b8e3\" class=\"markdown markdown-main-panel stronger\" dir=\"ltr\">\n<p data-sourcepos=\"15:1-15:404\">Jabra, leader mondial des solutions audio et vid\u00e9o professionnelles, annonce sa participation au Gitex Africa 2025, qui <a href=\"https:\/\/www.mediaplateforme.com\/fr\/inwi-gitex-africa-2025\/\">se tiendra du 14 au 16 avril \u00e0 Marrakech<\/a>. \u00c0 travers cette pr\u00e9sence strat\u00e9gique, l&rsquo;entreprise r\u00e9affirme son engagement envers le march\u00e9 africain et son ambition d&rsquo;accompagner les organisations dans l&rsquo;adoption de solutions de collaboration plus intelligentes, flexibles et performantes.<\/p>\n<h4 data-sourcepos=\"17:1-17:64\"><strong>Jabra D\u00e9voile ses Derni\u00e8res Innovations au Gitex Africa 2025<\/strong><\/h4>\n<p data-sourcepos=\"19:1-19:279\">\u00c0 l&rsquo;occasion de cet \u00e9v\u00e9nement majeur, Jabra <a href=\"http:\/\/www.jabra.com\">d\u00e9voilera ses derni\u00e8res innovations<\/a>, con\u00e7ues pour optimiser l&rsquo;exp\u00e9rience des espaces de r\u00e9union, du travail hybride et de la visioconf\u00e9rence immersive. Les visiteurs pourront ainsi d\u00e9couvrir les derni\u00e8res avanc\u00e9es de Jabra, notamment :<\/p>\n<ul data-sourcepos=\"21:1-24:0\">\n<li data-sourcepos=\"21:1-21:161\">La PanaCast 40 VBS, premi\u00e8re barre de visioconf\u00e9rence Android avec un champ de vision \u00e0 180\u00b0, con\u00e7ue pour optimiser l&rsquo;exp\u00e9rience des petites salles de r\u00e9union.<\/li>\n<li data-sourcepos=\"22:1-22:170\">Les mises \u00e0 jour de la PanaCast 50 VBS, qui offrent davantage de flexibilit\u00e9 gr\u00e2ce \u00e0 un mode BYOD permanent et une compatibilit\u00e9 \u00e9tendue avec les plateformes Microsoft.<\/li>\n<li data-sourcepos=\"23:1-24:0\">La nouvelle fonctionnalit\u00e9 d&rsquo;appairage du Speak2 75, permettant de connecter deux enceintes pour une couverture audio optimis\u00e9e et une meilleure immersion sonore.<\/li>\n<\/ul>\n<h4 data-sourcepos=\"25:1-25:75\"><strong>PanaCast 40 VBS : La Visioconf\u00e9rence R\u00e9invent\u00e9e pour les Petits Espaces<\/strong><\/h4>\n<p data-sourcepos=\"27:1-27:323\">Avec l&rsquo;essor du travail hybride, les entreprises recherchent des solutions adapt\u00e9es aux espaces de collaboration plus compacts. La PanaCast 40 VBS r\u00e9pond \u00e0 cette demande en offrant une exp\u00e9rience immersive, o\u00f9 chaque participant est parfaitement visible, gr\u00e2ce \u00e0 son double capteur vid\u00e9o et son champ de vision ultra-large.<\/p>\n<blockquote>\n<p data-sourcepos=\"29:1-29:391\">Cette barre de visioconf\u00e9rence tout-en-un int\u00e8gre un haut-parleur de haute qualit\u00e9 et six microphones directionnels, garantissant une captation vocale pr\u00e9cise et une restitution sonore claire. Son installation ultra-rapide, conforme aux standards de Microsoft Teams Express Install, facilite son d\u00e9ploiement dans les salles de r\u00e9union de petite taille sans n\u00e9cessiter d&rsquo;am\u00e9nagement complexe.<\/p>\n<\/blockquote>\n<h4 data-sourcepos=\"31:1-31:68\"><strong>PanaCast 50 VBS : Une Solution Encore Plus Flexible et S\u00e9curis\u00e9e<\/strong><\/h4>\n<p data-sourcepos=\"33:1-33:213\">D\u00e9j\u00e0 reconnue pour ses performances, la PanaCast 50 VBS \u00e9volue avec de nouvelles mises \u00e0 jour visant \u00e0 offrir plus de souplesse aux entreprises. Parmi les am\u00e9liorations cl\u00e9s, la PanaCast 50 VBS int\u00e8gre d\u00e9sormais :<\/p>\n<ul data-sourcepos=\"35:1-38:0\">\n<li data-sourcepos=\"35:1-35:135\">Un mode BYOD permanent, permettant aux utilisateurs de connecter leur propre appareil et d&rsquo;organiser leurs r\u00e9unions en toute libert\u00e9.<\/li>\n<li data-sourcepos=\"36:1-36:177\">Une compatibilit\u00e9 avec Microsoft Devices Ecosystem Platform (MDEP), renfor\u00e7ant la s\u00e9curit\u00e9 et les options de d\u00e9ploiement pour une int\u00e9gration fluide avec les outils Microsoft.<\/li>\n<li data-sourcepos=\"37:1-38:0\">La fonction Intelligent Meeting Space, qui ajuste automatiquement les limites visuelles de la salle afin d&rsquo;optimiser le cadrage des participants et de minimiser les distractions externes.<\/li>\n<\/ul>\n<p data-sourcepos=\"39:1-39:150\">Ces avanc\u00e9es permettent aux organisations de s&rsquo;adapter aux nouveaux usages du travail hybride, tout en assurant une exp\u00e9rience vid\u00e9o de haute qualit\u00e9.<\/p>\n<h4 data-sourcepos=\"41:1-41:61\"><strong>Speak2 75 : Un Son Am\u00e9lior\u00e9 pour une Collaboration Fluide<\/strong><\/h4>\n<p data-sourcepos=\"43:1-43:181\">Jabra enrichit \u00e9galement son offre audio avec une mise \u00e0 jour majeure du Speak2 75, son enceinte de conf\u00e9rence phare. D\u00e9sormais, il est possible d&rsquo;apparier deux appareils, offrant :<\/p>\n<ul data-sourcepos=\"45:1-48:0\">\n<li data-sourcepos=\"45:1-45:88\">Une couverture audio \u00e9tendue adapt\u00e9e aux salles de r\u00e9union de taille moyenne \u00e0 grande.<\/li>\n<li data-sourcepos=\"46:1-46:85\">Une connexion Bluetooth active en permanence pour un usage simplifi\u00e9 et instantan\u00e9.<\/li>\n<li data-sourcepos=\"47:1-48:0\">Un passage automatique entre les modes mono et st\u00e9r\u00e9o, garantissant un son clair et immersif selon le contexte d&rsquo;utilisation.<\/li>\n<\/ul>\n<blockquote>\n<p data-sourcepos=\"49:1-49:176\">Cette \u00e9volution am\u00e9liore la flexibilit\u00e9 des espaces de r\u00e9union, permettant aux \u00e9quipes de b\u00e9n\u00e9ficier d&rsquo;une qualit\u00e9 sonore optimale quel que soit leur emplacement dans la salle.<\/p>\n<\/blockquote>\n<h4 data-sourcepos=\"51:1-51:49\"><strong>Une Pr\u00e9sence Strat\u00e9gique au Gitex Africa 2025<\/strong><\/h4>\n<p data-sourcepos=\"53:1-53:375\">En participant \u00e0 l&rsquo;un des plus grands \u00e9v\u00e9nements technologiques du continent, Jabra confirme son engagement \u00e0 accompagner la transformation num\u00e9rique en Afrique. Avec la mont\u00e9e en puissance du t\u00e9l\u00e9travail et des nouvelles pratiques collaboratives, les entreprises africaines sont \u00e0 la recherche de solutions intelligentes et efficaces pour optimiser leurs espaces de travail.<\/p>\n<p data-sourcepos=\"55:1-55:487\">\u00ab\u00a0Les exigences du travail hybride ne cessent d&rsquo;\u00e9voluer, et les entreprises doivent s&rsquo;\u00e9quiper d&rsquo;outils performants pour r\u00e9pondre \u00e0 ces nouveaux d\u00e9fis. Avec nos derni\u00e8res innovations, nous leur offrons des solutions qui allient qualit\u00e9, flexibilit\u00e9 et simplicit\u00e9 d&rsquo;utilisation. Nous sommes impatients d&rsquo;\u00e9changer avec les acteurs du march\u00e9 africain lors du Gitex Africa 2025\u00a0\u00bb, conclut Jean-Baptiste Pain, directeur g\u00e9n\u00e9ral \u2013 Vice-pr\u00e9sident Europe du Sud et Afrique du Nord-Ouest chez Jabra.<\/p>\n<\/div>\n","protected":false},"excerpt":{"rendered":"<p>Jabra, leader mondial des solutions audio et vid\u00e9o professionnelles, annonce sa participation au Gitex Africa<\/p>\n","protected":false},"author":1,"featured_media":6993,"comment_status":"open","ping_status":"open","sticky":false,"template":"","format":"standard","meta":{"_acf_changed":false,"footnotes":""},"categories":[5,3],"tags":[3034,2479,3141,18,3145,3146,3142,3147,3143,3144],"class_list":["post-6991","post","type-post","status-publish","format-standard","has-post-thumbnail","hentry","category-tech","category-nouvelles-selectionnees","tag-gitex-africa-2025","tag-innovation-technologique","tag-jabra","tag-maroc","tag-panacast-40-vbs","tag-panacast-50-vbs","tag-solutions-audio-video-professionnelles","tag-speak2-75","tag-travail-hybride","tag-visioconference"],"acf":[],"yoast_head":"<!-- This site is optimized with the Yoast SEO plugin v22.0 - https:\/\/yoast.com\/wordpress\/plugins\/seo\/ -->\n<title>Jabra Gitex Africa 2025 - MEDIA PLATEFORME | FR<\/title>\n<meta name=\"description\" content=\"Jabra participera au Gitex Africa 2025 pour pr\u00e9senter ses derni\u00e8res innovations en mati\u00e8re de solutions audio et vid\u00e9o professionnelles, con\u00e7ues pour optimiser la collaboration et le travail hybride.\" \/>\n<meta name=\"robots\" content=\"index, follow, max-snippet:-1, max-image-preview:large, max-video-preview:-1\" \/>\n<link rel=\"canonical\" href=\"https:\/\/www.mediaplateforme.com\/fr\/jabra-gitex-africa-2025\/\" \/>\n<meta property=\"og:locale\" content=\"fr_FR\" \/>\n<meta property=\"og:type\" content=\"article\" \/>\n<meta property=\"og:title\" content=\"Jabra Gitex Africa 2025 - MEDIA PLATEFORME | FR\" \/>\n<meta property=\"og:description\" content=\"Jabra participera au Gitex Africa 2025 pour pr\u00e9senter ses derni\u00e8res innovations en mati\u00e8re de solutions audio et vid\u00e9o professionnelles, con\u00e7ues pour optimiser la collaboration et le travail hybride.\" \/>\n<meta property=\"og:url\" content=\"https:\/\/www.mediaplateforme.com\/fr\/jabra-gitex-africa-2025\/\" \/>\n<meta property=\"og:site_name\" content=\"MEDIA PLATEFORME | FR\" \/>\n<meta property=\"article:published_time\" content=\"2025-04-08T16:24:04+00:00\" \/>\n<meta property=\"article:modified_time\" content=\"2025-04-08T16:24:14+00:00\" \/>\n<meta property=\"og:image\" content=\"https:\/\/www.mediaplateforme.com\/fr\/wp-content\/uploads\/sites\/5\/2025\/04\/Jabra-PanaCast-40-VBS-Contextual-5000px-Large.jpg\" \/>\n\t<meta property=\"og:image:width\" content=\"1300\" \/>\n\t<meta property=\"og:image:height\" content=\"1300\" \/>\n\t<meta property=\"og:image:type\" content=\"image\/jpeg\" \/>\n<meta name=\"author\" content=\"Mediaplateforme\" \/>\n<meta name=\"twitter:card\" content=\"summary_large_image\" \/>\n<meta name=\"twitter:label1\" content=\"\u00c9crit par\" \/>\n\t<meta name=\"twitter:data1\" content=\"Mediaplateforme\" \/>\n\t<meta name=\"twitter:label2\" content=\"Dur\u00e9e de lecture estim\u00e9e\" \/>\n\t<meta name=\"twitter:data2\" content=\"4 minutes\" \/>\n<script type=\"application\/ld+json\" class=\"yoast-schema-graph\">{\"@context\":\"https:\/\/schema.org\",\"@graph\":[{\"@type\":\"WebPage\",\"@id\":\"https:\/\/www.mediaplateforme.com\/fr\/jabra-gitex-africa-2025\/\",\"url\":\"https:\/\/www.mediaplateforme.com\/fr\/jabra-gitex-africa-2025\/\",\"name\":\"Jabra Gitex Africa 2025 - MEDIA PLATEFORME | FR\",\"isPartOf\":{\"@id\":\"https:\/\/www.mediaplateforme.com\/fr\/#website\"},\"datePublished\":\"2025-04-08T16:24:04+00:00\",\"dateModified\":\"2025-04-08T16:24:14+00:00\",\"author\":{\"@id\":\"https:\/\/www.mediaplateforme.com\/fr\/#\/schema\/person\/89833db382b5db2c76b094bc902aa12a\"},\"description\":\"Jabra participera au Gitex Africa 2025 pour pr\u00e9senter ses derni\u00e8res innovations en mati\u00e8re de solutions audio et vid\u00e9o professionnelles, con\u00e7ues pour optimiser la collaboration et le travail hybride.\",\"breadcrumb\":{\"@id\":\"https:\/\/www.mediaplateforme.com\/fr\/jabra-gitex-africa-2025\/#breadcrumb\"},\"inLanguage\":\"fr-FR\",\"potentialAction\":[{\"@type\":\"ReadAction\",\"target\":[\"https:\/\/www.mediaplateforme.com\/fr\/jabra-gitex-africa-2025\/\"]}]},{\"@type\":\"BreadcrumbList\",\"@id\":\"https:\/\/www.mediaplateforme.com\/fr\/jabra-gitex-africa-2025\/#breadcrumb\",\"itemListElement\":[{\"@type\":\"ListItem\",\"position\":1,\"name\":\"\u0627\u0644\u0631\u0626\u064a\u0633\u064a\u0629\",\"item\":\"https:\/\/www.mediaplateforme.com\/fr\/\"},{\"@type\":\"ListItem\",\"position\":2,\"name\":\"Jabra au Gitex Africa 2025 : Des Solutions Audio et Vid\u00e9o Professionnelles pour le Futur du Travail\"}]},{\"@type\":\"WebSite\",\"@id\":\"https:\/\/www.mediaplateforme.com\/fr\/#website\",\"url\":\"https:\/\/www.mediaplateforme.com\/fr\/\",\"name\":\"MEDIA PLATEFORME | FR\",\"description\":\"Mediaplateforme sp\u00e9cialis\u00e9 dans la communication institutions publiques et des entreprises\",\"potentialAction\":[{\"@type\":\"SearchAction\",\"target\":{\"@type\":\"EntryPoint\",\"urlTemplate\":\"https:\/\/www.mediaplateforme.com\/fr\/?s={search_term_string}\"},\"query-input\":\"required name=search_term_string\"}],\"inLanguage\":\"fr-FR\"},{\"@type\":\"Person\",\"@id\":\"https:\/\/www.mediaplateforme.com\/fr\/#\/schema\/person\/89833db382b5db2c76b094bc902aa12a\",\"name\":\"Mediaplateforme\",\"image\":{\"@type\":\"ImageObject\",\"inLanguage\":\"fr-FR\",\"@id\":\"https:\/\/www.mediaplateforme.com\/fr\/#\/schema\/person\/image\/\",\"url\":\"https:\/\/secure.gravatar.com\/avatar\/6c9c02e8928cc65d54bf75157f7b3a2d06d7ad0494ca0951f679552ff03b34c1?s=96&d=mm&r=g\",\"contentUrl\":\"https:\/\/secure.gravatar.com\/avatar\/6c9c02e8928cc65d54bf75157f7b3a2d06d7ad0494ca0951f679552ff03b34c1?s=96&d=mm&r=g\",\"caption\":\"Mediaplateforme\"},\"sameAs\":[\"https:\/\/www.mediaplateforme.com\"],\"url\":\"https:\/\/www.mediaplateforme.com\/fr\/author\/mohamedladib\/\"}]}<\/script>\n<!-- \/ Yoast SEO plugin. -->","yoast_head_json":{"title":"Jabra Gitex Africa 2025 - MEDIA PLATEFORME | FR","description":"Jabra participera au Gitex Africa 2025 pour pr\u00e9senter ses derni\u00e8res innovations en mati\u00e8re de solutions audio et vid\u00e9o professionnelles, con\u00e7ues pour optimiser la collaboration et le travail hybride.","robots":{"index":"index","follow":"follow","max-snippet":"max-snippet:-1","max-image-preview":"max-image-preview:large","max-video-preview":"max-video-preview:-1"},"canonical":"https:\/\/www.mediaplateforme.com\/fr\/jabra-gitex-africa-2025\/","og_locale":"fr_FR","og_type":"article","og_title":"Jabra Gitex Africa 2025 - MEDIA PLATEFORME | FR","og_description":"Jabra participera au Gitex Africa 2025 pour pr\u00e9senter ses derni\u00e8res innovations en mati\u00e8re de solutions audio et vid\u00e9o professionnelles, con\u00e7ues pour optimiser la collaboration et le travail hybride.","og_url":"https:\/\/www.mediaplateforme.com\/fr\/jabra-gitex-africa-2025\/","og_site_name":"MEDIA PLATEFORME | FR","article_published_time":"2025-04-08T16:24:04+00:00","article_modified_time":"2025-04-08T16:24:14+00:00","og_image":[{"width":1300,"height":1300,"url":"https:\/\/www.mediaplateforme.com\/fr\/wp-content\/uploads\/sites\/5\/2025\/04\/Jabra-PanaCast-40-VBS-Contextual-5000px-Large.jpg","type":"image\/jpeg"}],"author":"Mediaplateforme","twitter_card":"summary_large_image","twitter_misc":{"\u00c9crit par":"Mediaplateforme","Dur\u00e9e de lecture estim\u00e9e":"4 minutes"},"schema":{"@context":"https:\/\/schema.org","@graph":[{"@type":"WebPage","@id":"https:\/\/www.mediaplateforme.com\/fr\/jabra-gitex-africa-2025\/","url":"https:\/\/www.mediaplateforme.com\/fr\/jabra-gitex-africa-2025\/","name":"Jabra Gitex Africa 2025 - MEDIA PLATEFORME | FR","isPartOf":{"@id":"https:\/\/www.mediaplateforme.com\/fr\/#website"},"datePublished":"2025-04-08T16:24:04+00:00","dateModified":"2025-04-08T16:24:14+00:00","author":{"@id":"https:\/\/www.mediaplateforme.com\/fr\/#\/schema\/person\/89833db382b5db2c76b094bc902aa12a"},"description":"Jabra participera au Gitex Africa 2025 pour pr\u00e9senter ses derni\u00e8res innovations en mati\u00e8re de solutions audio et vid\u00e9o professionnelles, con\u00e7ues pour optimiser la collaboration et le travail hybride.","breadcrumb":{"@id":"https:\/\/www.mediaplateforme.com\/fr\/jabra-gitex-africa-2025\/#breadcrumb"},"inLanguage":"fr-FR","potentialAction":[{"@type":"ReadAction","target":["https:\/\/www.mediaplateforme.com\/fr\/jabra-gitex-africa-2025\/"]}]},{"@type":"BreadcrumbList","@id":"https:\/\/www.mediaplateforme.com\/fr\/jabra-gitex-africa-2025\/#breadcrumb","itemListElement":[{"@type":"ListItem","position":1,"name":"\u0627\u0644\u0631\u0626\u064a\u0633\u064a\u0629","item":"https:\/\/www.mediaplateforme.com\/fr\/"},{"@type":"ListItem","position":2,"name":"Jabra au Gitex Africa 2025 : Des Solutions Audio et Vid\u00e9o Professionnelles pour le Futur du Travail"}]},{"@type":"WebSite","@id":"https:\/\/www.mediaplateforme.com\/fr\/#website","url":"https:\/\/www.mediaplateforme.com\/fr\/","name":"MEDIA PLATEFORME | FR","description":"Mediaplateforme sp\u00e9cialis\u00e9 dans la communication institutions publiques et des entreprises","potentialAction":[{"@type":"SearchAction","target":{"@type":"EntryPoint","urlTemplate":"https:\/\/www.mediaplateforme.com\/fr\/?s={search_term_string}"},"query-input":"required name=search_term_string"}],"inLanguage":"fr-FR"},{"@type":"Person","@id":"https:\/\/www.mediaplateforme.com\/fr\/#\/schema\/person\/89833db382b5db2c76b094bc902aa12a","name":"Mediaplateforme","image":{"@type":"ImageObject","inLanguage":"fr-FR","@id":"https:\/\/www.mediaplateforme.com\/fr\/#\/schema\/person\/image\/","url":"https:\/\/secure.gravatar.com\/avatar\/6c9c02e8928cc65d54bf75157f7b3a2d06d7ad0494ca0951f679552ff03b34c1?s=96&d=mm&r=g","contentUrl":"https:\/\/secure.gravatar.com\/avatar\/6c9c02e8928cc65d54bf75157f7b3a2d06d7ad0494ca0951f679552ff03b34c1?s=96&d=mm&r=g","caption":"Mediaplateforme"},"sameAs":["https:\/\/www.mediaplateforme.com"],"url":"https:\/\/www.mediaplateforme.com\/fr\/author\/mohamedladib\/"}]}},"_links":{"self":[{"href":"https:\/\/www.mediaplateforme.com\/fr\/wp-json\/wp\/v2\/posts\/6991","targetHints":{"allow":["GET"]}}],"collection":[{"href":"https:\/\/www.mediaplateforme.com\/fr\/wp-json\/wp\/v2\/posts"}],"about":[{"href":"https:\/\/www.mediaplateforme.com\/fr\/wp-json\/wp\/v2\/types\/post"}],"author":[{"embeddable":true,"href":"https:\/\/www.mediaplateforme.com\/fr\/wp-json\/wp\/v2\/users\/1"}],"replies":[{"embeddable":true,"href":"https:\/\/www.mediaplateforme.com\/fr\/wp-json\/wp\/v2\/comments?post=6991"}],"version-history":[{"count":1,"href":"https:\/\/www.mediaplateforme.com\/fr\/wp-json\/wp\/v2\/posts\/6991\/revisions"}],"predecessor-version":[{"id":6992,"href":"https:\/\/www.mediaplateforme.com\/fr\/wp-json\/wp\/v2\/posts\/6991\/revisions\/6992"}],"wp:featuredmedia":[{"embeddable":true,"href":"https:\/\/www.mediaplateforme.com\/fr\/wp-json\/wp\/v2\/media\/6993"}],"wp:attachment":[{"href":"https:\/\/www.mediaplateforme.com\/fr\/wp-json\/wp\/v2\/media?parent=6991"}],"wp:term":[{"taxonomy":"category","embeddable":true,"href":"https:\/\/www.mediaplateforme.com\/fr\/wp-json\/wp\/v2\/categories?post=6991"},{"taxonomy":"post_tag","embeddable":true,"href":"https:\/\/www.mediaplateforme.com\/fr\/wp-json\/wp\/v2\/tags?post=6991"}],"curies":[{"name":"wp","href":"https:\/\/api.w.org\/{rel}","templated":true}]}}