{"id":6931,"date":"2025-03-25T14:21:46","date_gmt":"2025-03-25T14:21:46","guid":{"rendered":"https:\/\/www.mediaplateforme.com\/fr\/?p=6931"},"modified":"2025-03-25T14:22:15","modified_gmt":"2025-03-25T14:22:15","slug":"granal-developpement","status":"publish","type":"post","link":"https:\/\/www.mediaplateforme.com\/fr\/granal-developpement\/","title":{"rendered":"Granal acc\u00e9l\u00e8re son d\u00e9veloppement gr\u00e2ce \u00e0 l\u2019entr\u00e9e de Red Med Private Equity dans son capital"},"content":{"rendered":"<p>Granal, acteur majeur dans le domaine de l\u2019exploitation de carri\u00e8res et filiale d\u2019Africorp Mining \u2013 le p\u00f4le mines et carri\u00e8res d\u2019<a href=\"https:\/\/www.mediaplateforme.com\/fr\/africorp-consortium\/\">Africorp<\/a> Consortium \u2013 franchit une nouvelle \u00e9tape strat\u00e9gique dans son d\u00e9veloppement. La soci\u00e9t\u00e9 a annonc\u00e9 l\u2019entr\u00e9e du fonds d\u2019investissement Colombus 1, g\u00e9r\u00e9 par Red Med Private Equity (RMPE), \u00e0 hauteur de 20% de son capital. Cette op\u00e9ration, r\u00e9alis\u00e9e sous la pr\u00e9sidence de Saad Berrada Sounni, actionnaire majoritaire d\u2019Africorp Consortium, s\u2019inscrit dans le cadre du plan de d\u00e9veloppement ambitieux de Granal pour la p\u00e9riode 2025-2027.<\/p>\n<h3>\u00a0 Un levier de croissance strat\u00e9gique<\/h3>\n<p>Ce partenariat avec Red Med Private Equity permet \u00e0 Granal d&rsquo;intensifier son implantation territoriale, aussi bien au Maroc qu&rsquo;\u00e0 l&rsquo;international, dans le but de r\u00e9pondre efficacement aux besoins croissants du march\u00e9 en mat\u00e9riaux de construction. L\u2019objectif est clair :<\/p>\n<ul>\n<li><strong>Renforcer le maillage territorial<\/strong> en ouvrant de nouveaux sites de production.<\/li>\n<li><strong>Diversifier l\u2019offre de produits<\/strong> pour s\u2019adapter aux besoins sp\u00e9cifiques du secteur du BTP et des infrastructures.<\/li>\n<li><strong>Am\u00e9liorer la proximit\u00e9 avec la client\u00e8le<\/strong> gr\u00e2ce \u00e0 une capacit\u00e9 d\u2019approvisionnement renforc\u00e9e.<\/li>\n<\/ul>\n<p>Ce positionnement strat\u00e9gique permettra \u00e0 Granal de consolider sa place en tant qu\u2019acteur cl\u00e9 dans l\u2019accompagnement des projets d\u2019infrastructures au Maroc, notamment dans le cadre des projets de d\u00e9veloppement urbain et des grands chantiers nationaux.<\/p>\n<h3>\u00a0 Une ambition port\u00e9e par une expertise \u00e9prouv\u00e9e<\/h3>\n<p><strong>Omar Lahlou<\/strong>, pr\u00e9sident de Granal, a soulign\u00e9 l\u2019importance de cette op\u00e9ration :<\/p>\n<blockquote><p>\u00ab\u00a0Cette \u00e9tape marque un tournant dans notre strat\u00e9gie de d\u00e9veloppement. L\u2019entr\u00e9e de Red Med Private Equity (RMPE) nous apporte des ressources strat\u00e9giques et financi\u00e8res essentielles pour renforcer notre capacit\u00e9 d\u2019action et am\u00e9liorer notre comp\u00e9titivit\u00e9 sur le march\u00e9 des mat\u00e9riaux de construction.\u00a0\u00bb<\/p><\/blockquote>\n<p>De son c\u00f4t\u00e9, <strong>Jaafar Harti<\/strong>, CEO d\u2019Africorp Consortium, a d\u00e9clar\u00e9 :<\/p>\n<blockquote><p>\u00ab\u00a0Ce partenariat s\u2019inscrit dans la vision globale d\u2019Africorp, qui consiste \u00e0 structurer des p\u00f4les d\u2019excellence et \u00e0 accompagner le d\u00e9veloppement du Maroc \u00e0 travers des infrastructures modernes et performantes. Cette op\u00e9ration permettra \u00e0 Granal de renforcer sa capacit\u00e9 de production tout en consolidant sa position de leader dans le secteur des mat\u00e9riaux de construction.\u00a0\u00bb<\/p><\/blockquote>\n<h3>\u00a0Un soutien strat\u00e9gique pour la croissance durable<\/h3>\n<p>Pour <strong>Mohamed Nasset<\/strong>, Managing Partner de Red Med Private Equity :<\/p>\n<blockquote><p>\u00ab\u00a0\u00c0 travers cet investissement strat\u00e9gique, nous poursuivons notre engagement en faveur du d\u00e9veloppement des PME marocaines. Granal repr\u00e9sente un acteur cl\u00e9 dans le domaine des infrastructures, et cette op\u00e9ration permettra de renforcer sa capacit\u00e9 de production, d\u2019optimiser sa cha\u00eene d\u2019approvisionnement et de g\u00e9n\u00e9rer de la valeur pour ses actionnaires.\u00a0\u00bb<\/p><\/blockquote>\n<p>Depuis sa cr\u00e9ation, Granal s&rsquo;est impos\u00e9e comme une r\u00e9f\u00e9rence dans l\u2019exploitation de carri\u00e8res. Partie d&rsquo;un seul site d\u2019exploitation, l&rsquo;entreprise compte aujourd&rsquo;hui <strong>neuf sites<\/strong> strat\u00e9giquement r\u00e9partis \u00e0 <strong>Benslimane, Tanger et Kh\u00e9misset<\/strong>, et pr\u00e9voit d&rsquo;\u00e9tendre son r\u00e9seau \u00e0 de nouvelles r\u00e9gions dans le cadre de son plan de d\u00e9veloppement 2025-2027.<\/p>\n<h3>\u00a0Une politique RSE et une approche durable<\/h3>\n<p>Sous la direction de <strong>Mounir El Grioui<\/strong>, Directeur G\u00e9n\u00e9ral de Granal, l&rsquo;entreprise a mis en place une strat\u00e9gie de d\u00e9veloppement responsable centr\u00e9e sur :<\/p>\n<ul>\n<li><strong>La protection de l\u2019environnement<\/strong> par une exploitation responsable des ressources naturelles.<\/li>\n<li><strong>Le d\u00e9veloppement soci\u00e9tal<\/strong> en favorisant la cr\u00e9ation d&#8217;emplois locaux et la formation des jeunes talents.<\/li>\n<li><strong>La gestion durable des ressources<\/strong> en investissant dans des \u00e9quipements modernes et des technologies respectueuses de l\u2019environnement.<\/li>\n<\/ul>\n<p>Granal s&rsquo;engage \u00e0 maintenir une <strong>relation de proximit\u00e9 avec les communaut\u00e9s locales<\/strong>, tout en garantissant un impact positif sur l&rsquo;\u00e9cosyst\u00e8me \u00e9conomique et social des r\u00e9gions dans lesquelles elle op\u00e8re.<\/p>\n<h3>\u00a0Vers une int\u00e9gration verticale et une expansion r\u00e9gionale<\/h3>\n<p>Gr\u00e2ce \u00e0 ce partenariat strat\u00e9gique, Granal pr\u00e9voit une int\u00e9gration verticale de ses op\u00e9rations, en renfor\u00e7ant sa capacit\u00e9 \u00e0 contr\u00f4ler l\u2019ensemble de la cha\u00eene de valeur, de l&rsquo;extraction des mat\u00e9riaux \u00e0 leur distribution. Cette strat\u00e9gie permettra d&rsquo;am\u00e9liorer la comp\u00e9titivit\u00e9 des produits, de r\u00e9duire les co\u00fbts et d\u2019assurer une qualit\u00e9 constante des mat\u00e9riaux fournis aux partenaires industriels et aux grands projets d&rsquo;infrastructure.<\/p>\n<p>L\u2019entr\u00e9e de Red Med Private Equity dans le capital de Granal marque ainsi une nouvelle phase de croissance, avec une vision \u00e0 long terme fond\u00e9e sur l\u2019innovation, la diversification et le d\u00e9veloppement durable.<\/p>\n<blockquote><p>Cette alliance strat\u00e9gique entre Granal et Red Med Private Equity confirme la capacit\u00e9 de Granal \u00e0 anticiper les besoins du march\u00e9 des infrastructures et \u00e0 renforcer sa position de leader. Avec une vision ax\u00e9e sur la croissance durable et la diversification, Granal s&rsquo;engage \u00e0 jouer un r\u00f4le central dans le d\u00e9veloppement \u00e9conomique du Maroc.<\/p><\/blockquote>\n<p><strong>\u00c0 propos de Granal<\/strong><br \/>\nGranal est une filiale d&rsquo;Africorp Mining, le p\u00f4le mines et carri\u00e8res d&rsquo;Africorp Consortium, sp\u00e9cialis\u00e9 dans l&rsquo;exploitation de carri\u00e8res et la production de mat\u00e9riaux de construction. L&rsquo;entreprise est reconnue pour son expertise technique et son engagement en faveur de la durabilit\u00e9.<\/p>\n<p><strong>\u00c0 propos de Red Med Private Equity (RMPE)<\/strong><br \/>\nRed Med Private Equity est un gestionnaire de fonds d\u2019investissement sp\u00e9cialis\u00e9 dans l\u2019accompagnement des PME marocaines. \u00c0 travers son fonds Colombus 1, RMPE soutient des projets strat\u00e9giques \u00e0 fort potentiel de croissance, visant \u00e0 g\u00e9n\u00e9rer un impact \u00e9conomique et social durable.<\/p>\n","protected":false},"excerpt":{"rendered":"<p>Granal, acteur majeur dans le domaine de l\u2019exploitation de carri\u00e8res et filiale d\u2019Africorp Mining \u2013<\/p>\n","protected":false},"author":1,"featured_media":6932,"comment_status":"open","ping_status":"open","sticky":false,"template":"","format":"standard","meta":{"_acf_changed":false,"footnotes":""},"categories":[1644,3],"tags":[3087,3086,18,3088],"class_list":["post-6931","post","type-post","status-publish","format-standard","has-post-thumbnail","hentry","category-industrie","category-nouvelles-selectionnees","tag-africorp-mining","tag-granal-developpement","tag-maroc","tag-red-med-private-equity"],"acf":[],"yoast_head":"<!-- This site is optimized with the Yoast SEO plugin v22.0 - https:\/\/yoast.com\/wordpress\/plugins\/seo\/ -->\n<title>Granal d\u00e9veloppement - MEDIA PLATEFORME | FR<\/title>\n<meta name=\"description\" content=\"Granal d\u00e9veloppement, filiale Africorp Mining, accueille Red Med Private Equity 20% du capital. L&#039;op\u00e9ration renforcera sa position au Maroc.\" \/>\n<meta name=\"robots\" content=\"index, follow, max-snippet:-1, max-image-preview:large, max-video-preview:-1\" \/>\n<link rel=\"canonical\" href=\"https:\/\/www.mediaplateforme.com\/fr\/granal-developpement\/\" \/>\n<meta property=\"og:locale\" content=\"fr_FR\" \/>\n<meta property=\"og:type\" content=\"article\" \/>\n<meta property=\"og:title\" content=\"Granal d\u00e9veloppement - MEDIA PLATEFORME | FR\" \/>\n<meta property=\"og:description\" content=\"Granal d\u00e9veloppement, filiale Africorp Mining, accueille Red Med Private Equity 20% du capital. L&#039;op\u00e9ration renforcera sa position au Maroc.\" \/>\n<meta property=\"og:url\" content=\"https:\/\/www.mediaplateforme.com\/fr\/granal-developpement\/\" \/>\n<meta property=\"og:site_name\" content=\"MEDIA PLATEFORME | FR\" \/>\n<meta property=\"article:published_time\" content=\"2025-03-25T14:21:46+00:00\" \/>\n<meta property=\"article:modified_time\" content=\"2025-03-25T14:22:15+00:00\" \/>\n<meta property=\"og:image\" content=\"https:\/\/www.mediaplateforme.com\/fr\/wp-content\/uploads\/sites\/5\/2025\/03\/Granal-Red-Med-Granal-developpement.jpeg\" \/>\n\t<meta property=\"og:image:width\" content=\"1280\" \/>\n\t<meta property=\"og:image:height\" content=\"852\" \/>\n\t<meta property=\"og:image:type\" content=\"image\/jpeg\" \/>\n<meta name=\"author\" content=\"Mediaplateforme\" \/>\n<meta name=\"twitter:card\" content=\"summary_large_image\" \/>\n<meta name=\"twitter:label1\" content=\"\u00c9crit par\" \/>\n\t<meta name=\"twitter:data1\" content=\"Mediaplateforme\" \/>\n\t<meta name=\"twitter:label2\" content=\"Dur\u00e9e de lecture estim\u00e9e\" \/>\n\t<meta name=\"twitter:data2\" content=\"4 minutes\" \/>\n<script type=\"application\/ld+json\" class=\"yoast-schema-graph\">{\"@context\":\"https:\/\/schema.org\",\"@graph\":[{\"@type\":\"WebPage\",\"@id\":\"https:\/\/www.mediaplateforme.com\/fr\/granal-developpement\/\",\"url\":\"https:\/\/www.mediaplateforme.com\/fr\/granal-developpement\/\",\"name\":\"Granal d\u00e9veloppement - MEDIA PLATEFORME | FR\",\"isPartOf\":{\"@id\":\"https:\/\/www.mediaplateforme.com\/fr\/#website\"},\"datePublished\":\"2025-03-25T14:21:46+00:00\",\"dateModified\":\"2025-03-25T14:22:15+00:00\",\"author\":{\"@id\":\"https:\/\/www.mediaplateforme.com\/fr\/#\/schema\/person\/89833db382b5db2c76b094bc902aa12a\"},\"description\":\"Granal d\u00e9veloppement, filiale Africorp Mining, accueille Red Med Private Equity 20% du capital. L'op\u00e9ration renforcera sa position au Maroc.\",\"breadcrumb\":{\"@id\":\"https:\/\/www.mediaplateforme.com\/fr\/granal-developpement\/#breadcrumb\"},\"inLanguage\":\"fr-FR\",\"potentialAction\":[{\"@type\":\"ReadAction\",\"target\":[\"https:\/\/www.mediaplateforme.com\/fr\/granal-developpement\/\"]}]},{\"@type\":\"BreadcrumbList\",\"@id\":\"https:\/\/www.mediaplateforme.com\/fr\/granal-developpement\/#breadcrumb\",\"itemListElement\":[{\"@type\":\"ListItem\",\"position\":1,\"name\":\"\u0627\u0644\u0631\u0626\u064a\u0633\u064a\u0629\",\"item\":\"https:\/\/www.mediaplateforme.com\/fr\/\"},{\"@type\":\"ListItem\",\"position\":2,\"name\":\"Granal acc\u00e9l\u00e8re son d\u00e9veloppement gr\u00e2ce \u00e0 l\u2019entr\u00e9e de Red Med Private Equity dans son capital\"}]},{\"@type\":\"WebSite\",\"@id\":\"https:\/\/www.mediaplateforme.com\/fr\/#website\",\"url\":\"https:\/\/www.mediaplateforme.com\/fr\/\",\"name\":\"MEDIA PLATEFORME | FR\",\"description\":\"Mediaplateforme sp\u00e9cialis\u00e9 dans la communication institutions publiques et des entreprises\",\"potentialAction\":[{\"@type\":\"SearchAction\",\"target\":{\"@type\":\"EntryPoint\",\"urlTemplate\":\"https:\/\/www.mediaplateforme.com\/fr\/?s={search_term_string}\"},\"query-input\":\"required name=search_term_string\"}],\"inLanguage\":\"fr-FR\"},{\"@type\":\"Person\",\"@id\":\"https:\/\/www.mediaplateforme.com\/fr\/#\/schema\/person\/89833db382b5db2c76b094bc902aa12a\",\"name\":\"Mediaplateforme\",\"image\":{\"@type\":\"ImageObject\",\"inLanguage\":\"fr-FR\",\"@id\":\"https:\/\/www.mediaplateforme.com\/fr\/#\/schema\/person\/image\/\",\"url\":\"https:\/\/secure.gravatar.com\/avatar\/6c9c02e8928cc65d54bf75157f7b3a2d06d7ad0494ca0951f679552ff03b34c1?s=96&d=mm&r=g\",\"contentUrl\":\"https:\/\/secure.gravatar.com\/avatar\/6c9c02e8928cc65d54bf75157f7b3a2d06d7ad0494ca0951f679552ff03b34c1?s=96&d=mm&r=g\",\"caption\":\"Mediaplateforme\"},\"sameAs\":[\"https:\/\/www.mediaplateforme.com\"],\"url\":\"https:\/\/www.mediaplateforme.com\/fr\/author\/mohamedladib\/\"}]}<\/script>\n<!-- \/ Yoast SEO plugin. -->","yoast_head_json":{"title":"Granal d\u00e9veloppement - MEDIA PLATEFORME | FR","description":"Granal d\u00e9veloppement, filiale Africorp Mining, accueille Red Med Private Equity 20% du capital. L'op\u00e9ration renforcera sa position au Maroc.","robots":{"index":"index","follow":"follow","max-snippet":"max-snippet:-1","max-image-preview":"max-image-preview:large","max-video-preview":"max-video-preview:-1"},"canonical":"https:\/\/www.mediaplateforme.com\/fr\/granal-developpement\/","og_locale":"fr_FR","og_type":"article","og_title":"Granal d\u00e9veloppement - MEDIA PLATEFORME | FR","og_description":"Granal d\u00e9veloppement, filiale Africorp Mining, accueille Red Med Private Equity 20% du capital. L'op\u00e9ration renforcera sa position au Maroc.","og_url":"https:\/\/www.mediaplateforme.com\/fr\/granal-developpement\/","og_site_name":"MEDIA PLATEFORME | FR","article_published_time":"2025-03-25T14:21:46+00:00","article_modified_time":"2025-03-25T14:22:15+00:00","og_image":[{"width":1280,"height":852,"url":"https:\/\/www.mediaplateforme.com\/fr\/wp-content\/uploads\/sites\/5\/2025\/03\/Granal-Red-Med-Granal-developpement.jpeg","type":"image\/jpeg"}],"author":"Mediaplateforme","twitter_card":"summary_large_image","twitter_misc":{"\u00c9crit par":"Mediaplateforme","Dur\u00e9e de lecture estim\u00e9e":"4 minutes"},"schema":{"@context":"https:\/\/schema.org","@graph":[{"@type":"WebPage","@id":"https:\/\/www.mediaplateforme.com\/fr\/granal-developpement\/","url":"https:\/\/www.mediaplateforme.com\/fr\/granal-developpement\/","name":"Granal d\u00e9veloppement - MEDIA PLATEFORME | FR","isPartOf":{"@id":"https:\/\/www.mediaplateforme.com\/fr\/#website"},"datePublished":"2025-03-25T14:21:46+00:00","dateModified":"2025-03-25T14:22:15+00:00","author":{"@id":"https:\/\/www.mediaplateforme.com\/fr\/#\/schema\/person\/89833db382b5db2c76b094bc902aa12a"},"description":"Granal d\u00e9veloppement, filiale Africorp Mining, accueille Red Med Private Equity 20% du capital. L'op\u00e9ration renforcera sa position au Maroc.","breadcrumb":{"@id":"https:\/\/www.mediaplateforme.com\/fr\/granal-developpement\/#breadcrumb"},"inLanguage":"fr-FR","potentialAction":[{"@type":"ReadAction","target":["https:\/\/www.mediaplateforme.com\/fr\/granal-developpement\/"]}]},{"@type":"BreadcrumbList","@id":"https:\/\/www.mediaplateforme.com\/fr\/granal-developpement\/#breadcrumb","itemListElement":[{"@type":"ListItem","position":1,"name":"\u0627\u0644\u0631\u0626\u064a\u0633\u064a\u0629","item":"https:\/\/www.mediaplateforme.com\/fr\/"},{"@type":"ListItem","position":2,"name":"Granal acc\u00e9l\u00e8re son d\u00e9veloppement gr\u00e2ce \u00e0 l\u2019entr\u00e9e de Red Med Private Equity dans son capital"}]},{"@type":"WebSite","@id":"https:\/\/www.mediaplateforme.com\/fr\/#website","url":"https:\/\/www.mediaplateforme.com\/fr\/","name":"MEDIA PLATEFORME | FR","description":"Mediaplateforme sp\u00e9cialis\u00e9 dans la communication institutions publiques et des entreprises","potentialAction":[{"@type":"SearchAction","target":{"@type":"EntryPoint","urlTemplate":"https:\/\/www.mediaplateforme.com\/fr\/?s={search_term_string}"},"query-input":"required name=search_term_string"}],"inLanguage":"fr-FR"},{"@type":"Person","@id":"https:\/\/www.mediaplateforme.com\/fr\/#\/schema\/person\/89833db382b5db2c76b094bc902aa12a","name":"Mediaplateforme","image":{"@type":"ImageObject","inLanguage":"fr-FR","@id":"https:\/\/www.mediaplateforme.com\/fr\/#\/schema\/person\/image\/","url":"https:\/\/secure.gravatar.com\/avatar\/6c9c02e8928cc65d54bf75157f7b3a2d06d7ad0494ca0951f679552ff03b34c1?s=96&d=mm&r=g","contentUrl":"https:\/\/secure.gravatar.com\/avatar\/6c9c02e8928cc65d54bf75157f7b3a2d06d7ad0494ca0951f679552ff03b34c1?s=96&d=mm&r=g","caption":"Mediaplateforme"},"sameAs":["https:\/\/www.mediaplateforme.com"],"url":"https:\/\/www.mediaplateforme.com\/fr\/author\/mohamedladib\/"}]}},"_links":{"self":[{"href":"https:\/\/www.mediaplateforme.com\/fr\/wp-json\/wp\/v2\/posts\/6931","targetHints":{"allow":["GET"]}}],"collection":[{"href":"https:\/\/www.mediaplateforme.com\/fr\/wp-json\/wp\/v2\/posts"}],"about":[{"href":"https:\/\/www.mediaplateforme.com\/fr\/wp-json\/wp\/v2\/types\/post"}],"author":[{"embeddable":true,"href":"https:\/\/www.mediaplateforme.com\/fr\/wp-json\/wp\/v2\/users\/1"}],"replies":[{"embeddable":true,"href":"https:\/\/www.mediaplateforme.com\/fr\/wp-json\/wp\/v2\/comments?post=6931"}],"version-history":[{"count":1,"href":"https:\/\/www.mediaplateforme.com\/fr\/wp-json\/wp\/v2\/posts\/6931\/revisions"}],"predecessor-version":[{"id":6933,"href":"https:\/\/www.mediaplateforme.com\/fr\/wp-json\/wp\/v2\/posts\/6931\/revisions\/6933"}],"wp:featuredmedia":[{"embeddable":true,"href":"https:\/\/www.mediaplateforme.com\/fr\/wp-json\/wp\/v2\/media\/6932"}],"wp:attachment":[{"href":"https:\/\/www.mediaplateforme.com\/fr\/wp-json\/wp\/v2\/media?parent=6931"}],"wp:term":[{"taxonomy":"category","embeddable":true,"href":"https:\/\/www.mediaplateforme.com\/fr\/wp-json\/wp\/v2\/categories?post=6931"},{"taxonomy":"post_tag","embeddable":true,"href":"https:\/\/www.mediaplateforme.com\/fr\/wp-json\/wp\/v2\/tags?post=6931"}],"curies":[{"name":"wp","href":"https:\/\/api.w.org\/{rel}","templated":true}]}}