{"id":6887,"date":"2025-03-17T14:11:46","date_gmt":"2025-03-17T14:11:46","guid":{"rendered":"https:\/\/www.mediaplateforme.com\/fr\/?p=6887"},"modified":"2025-03-17T14:11:55","modified_gmt":"2025-03-17T14:11:55","slug":"centrale-danone-ramadan-2025","status":"publish","type":"post","link":"https:\/\/www.mediaplateforme.com\/fr\/centrale-danone-ramadan-2025\/","title":{"rendered":"Centrale Danone intensifie son action solidaire pour le Ramadan 2025 avec \u00ab\u00a0Nt3awnou 3la l\u2019khir\u00a0"},"content":{"rendered":"<p>Fid\u00e8le \u00e0 ses valeurs de solidarit\u00e9 et d&rsquo;engagement soci\u00e9tal, Centrale Danone, entreprise certifi\u00e9e B Corp, intensifie cette ann\u00e9e encore ses efforts pour soutenir les familles les plus vuln\u00e9rables durant le mois sacr\u00e9 du Ramadan 2025. \u00c0 travers son initiative phare \u00ab <a href=\"https:\/\/www.mediaplateforme.com\/fr\/danone-love-brand-2025\/\">Nt3awnou<\/a> 3la l\u2019khir \u00bb, l\u2019entreprise participe \u00e0 la distribution de plus de 100 000 ftours quotidiens et offre 7000 paniers alimentaires aux familles dans le besoin.<\/p>\n<h4>Un r\u00e9seau renforc\u00e9 de partenaires solidaires<\/h4>\n<p>Depuis de nombreuses ann\u00e9es, Centrale Danone s\u2019appuie sur des partenariats solides avec plusieurs associations locales reconnues telles que Tadamoun Al Amal, El Baraka Angels, la Fondation Oum Keltoum et les B\u00e9n\u00e9voles Al Amal. Ces partenariats strat\u00e9giques permettent de garantir une distribution efficace et \u00e9quitable des aides alimentaires, assurant ainsi un acc\u00e8s r\u00e9gulier \u00e0 une alimentation saine et \u00e9quilibr\u00e9e tout au long du Ramadan.<\/p>\n<h4>Des paniers alimentaires complets et nutritifs<\/h4>\n<p>Chaque panier alimentaire distribu\u00e9 dans le cadre de cette initiative contient des produits essentiels incluant une large gamme de produits laitiers tels que le lait, les yaourts et les fromages, r\u00e9pondant efficacement aux besoins nutritionnels essentiels des b\u00e9n\u00e9ficiaires durant cette p\u00e9riode.<\/p>\n<h4>Un engagement renforc\u00e9 durant le B Corp Month<\/h4>\n<p>Cette ann\u00e9e, le mois sacr\u00e9 du Ramadan co\u00efncide avec le mois de mars, p\u00e9riode durant laquelle Centrale Danone c\u00e9l\u00e8bre le B Corp Month. C\u2019est un moment privil\u00e9gi\u00e9 pour l\u2019entreprise de valoriser ses actions concr\u00e8tes visant \u00e0 g\u00e9n\u00e9rer un impact social et environnemental positif durable.<\/p>\n<p>M. Herv\u00e9 Orama Barr\u00e8re, PDG de Centrale Danone, souligne \u00e0 cette occasion : \u00ab Le mois de mars est particuli\u00e8rement important pour nous chez Centrale Danone. Nous c\u00e9l\u00e9brons \u00e0 la fois le B Corp Month, qui incarne notre volont\u00e9 mondiale de concilier performance \u00e9conomique et impact soci\u00e9tal positif, et nous amplifions cet engagement gr\u00e2ce \u00e0 notre grande action solidaire \u2018Nt3awnou 3la l\u2019khir\u2019. En ce mois b\u00e9ni du Ramadan, notre mission prend toute sa signification : servir au mieux les communaut\u00e9s les plus vuln\u00e9rables. \u00bb<\/p>\n<h4>Les collaborateurs au c\u0153ur de l\u2019action<\/h4>\n<p>Les Danoners, collaborateurs de Centrale Danone, jouent un r\u00f4le crucial dans cette initiative solidaire, participant activement en tant que b\u00e9n\u00e9voles aux op\u00e9rations de distribution des ftours et des paniers alimentaires. Cet engagement concret d\u00e9montre que la certification B Corp de Centrale Danone est bien plus qu&rsquo;un simple label, c\u2019est un v\u00e9ritable engagement quotidien partag\u00e9 par tous les employ\u00e9s.<\/p>\n<p>\u00c0 travers \u00ab Nt3awnou 3la l\u2019khir \u00bb, Centrale Danone r\u00e9affirme son engagement durable et sa responsabilit\u00e9 envers la communaut\u00e9, renfor\u00e7ant ses actions solidaires tout au long de l\u2019ann\u00e9e et soutenant des projets ayant un impact social positif \u00e0 long terme.<\/p>\n<p>le site officiel : <a href=\"https:\/\/www.corporate.danone.ma\/\">www.corporate.danone.ma<\/a><\/p>\n<p>Centrale Danone Ramadan 2025<\/p>\n","protected":false},"excerpt":{"rendered":"<p>Fid\u00e8le \u00e0 ses valeurs de solidarit\u00e9 et d&rsquo;engagement soci\u00e9tal, Centrale Danone, entreprise certifi\u00e9e B Corp,<\/p>\n","protected":false},"author":1,"featured_media":6888,"comment_status":"open","ping_status":"open","sticky":false,"template":"","format":"standard","meta":{"_acf_changed":false,"footnotes":""},"categories":[2,3],"tags":[3017,3013,1128,3015,3018,18,3012,3019,3014,3016,3011],"class_list":["post-6887","post","type-post","status-publish","format-standard","has-post-thumbnail","hentry","category-nouvelles","category-nouvelles-selectionnees","tag-associations-solidaires","tag-b-corp","tag-centrale-danone","tag-ftours-ramadan","tag-impact-social","tag-maroc","tag-nt3awnou-3la-lkhir","tag-nutrition-equilibree","tag-paniers-alimentaires","tag-responsabilite-societale","tag-solidarite-ramadan"],"acf":[],"yoast_head":"<!-- This site is optimized with the Yoast SEO plugin v22.0 - https:\/\/yoast.com\/wordpress\/plugins\/seo\/ -->\n<title>Centrale Danone Ramadan 2025 - MEDIA PLATEFORME | FR<\/title>\n<meta name=\"description\" content=\"Ramadan 2025, Centrale Danone renforce son engagement solidaire en distribuant 100 000 ftours et 7000 paniers alimentaires .\" \/>\n<meta name=\"robots\" content=\"index, follow, max-snippet:-1, max-image-preview:large, max-video-preview:-1\" \/>\n<link rel=\"canonical\" href=\"https:\/\/www.mediaplateforme.com\/fr\/centrale-danone-ramadan-2025\/\" \/>\n<meta property=\"og:locale\" content=\"fr_FR\" \/>\n<meta property=\"og:type\" content=\"article\" \/>\n<meta property=\"og:title\" content=\"Centrale Danone Ramadan 2025 - MEDIA PLATEFORME | FR\" \/>\n<meta property=\"og:description\" content=\"Ramadan 2025, Centrale Danone renforce son engagement solidaire en distribuant 100 000 ftours et 7000 paniers alimentaires .\" \/>\n<meta property=\"og:url\" content=\"https:\/\/www.mediaplateforme.com\/fr\/centrale-danone-ramadan-2025\/\" \/>\n<meta property=\"og:site_name\" content=\"MEDIA PLATEFORME | FR\" \/>\n<meta property=\"article:published_time\" content=\"2025-03-17T14:11:46+00:00\" \/>\n<meta property=\"article:modified_time\" content=\"2025-03-17T14:11:55+00:00\" \/>\n<meta property=\"og:image\" content=\"https:\/\/www.mediaplateforme.com\/fr\/wp-content\/uploads\/sites\/5\/2025\/03\/CD-B-COPS-CP-2-1-1.jpg\" \/>\n\t<meta property=\"og:image:width\" content=\"2536\" \/>\n\t<meta property=\"og:image:height\" content=\"1200\" \/>\n\t<meta property=\"og:image:type\" content=\"image\/jpeg\" \/>\n<meta name=\"author\" content=\"Mediaplateforme\" \/>\n<meta name=\"twitter:card\" content=\"summary_large_image\" \/>\n<meta name=\"twitter:label1\" content=\"\u00c9crit par\" \/>\n\t<meta name=\"twitter:data1\" content=\"Mediaplateforme\" \/>\n\t<meta name=\"twitter:label2\" content=\"Dur\u00e9e de lecture estim\u00e9e\" \/>\n\t<meta name=\"twitter:data2\" content=\"3 minutes\" \/>\n<script type=\"application\/ld+json\" class=\"yoast-schema-graph\">{\"@context\":\"https:\/\/schema.org\",\"@graph\":[{\"@type\":\"WebPage\",\"@id\":\"https:\/\/www.mediaplateforme.com\/fr\/centrale-danone-ramadan-2025\/\",\"url\":\"https:\/\/www.mediaplateforme.com\/fr\/centrale-danone-ramadan-2025\/\",\"name\":\"Centrale Danone Ramadan 2025 - MEDIA PLATEFORME | FR\",\"isPartOf\":{\"@id\":\"https:\/\/www.mediaplateforme.com\/fr\/#website\"},\"datePublished\":\"2025-03-17T14:11:46+00:00\",\"dateModified\":\"2025-03-17T14:11:55+00:00\",\"author\":{\"@id\":\"https:\/\/www.mediaplateforme.com\/fr\/#\/schema\/person\/89833db382b5db2c76b094bc902aa12a\"},\"description\":\"Ramadan 2025, Centrale Danone renforce son engagement solidaire en distribuant 100 000 ftours et 7000 paniers alimentaires .\",\"breadcrumb\":{\"@id\":\"https:\/\/www.mediaplateforme.com\/fr\/centrale-danone-ramadan-2025\/#breadcrumb\"},\"inLanguage\":\"fr-FR\",\"potentialAction\":[{\"@type\":\"ReadAction\",\"target\":[\"https:\/\/www.mediaplateforme.com\/fr\/centrale-danone-ramadan-2025\/\"]}]},{\"@type\":\"BreadcrumbList\",\"@id\":\"https:\/\/www.mediaplateforme.com\/fr\/centrale-danone-ramadan-2025\/#breadcrumb\",\"itemListElement\":[{\"@type\":\"ListItem\",\"position\":1,\"name\":\"\u0627\u0644\u0631\u0626\u064a\u0633\u064a\u0629\",\"item\":\"https:\/\/www.mediaplateforme.com\/fr\/\"},{\"@type\":\"ListItem\",\"position\":2,\"name\":\"Centrale Danone intensifie son action solidaire pour le Ramadan 2025 avec &#8220;Nt3awnou 3la l\u2019khir\u00a0\"}]},{\"@type\":\"WebSite\",\"@id\":\"https:\/\/www.mediaplateforme.com\/fr\/#website\",\"url\":\"https:\/\/www.mediaplateforme.com\/fr\/\",\"name\":\"MEDIA PLATEFORME | FR\",\"description\":\"Mediaplateforme sp\u00e9cialis\u00e9 dans la communication institutions publiques et des entreprises\",\"potentialAction\":[{\"@type\":\"SearchAction\",\"target\":{\"@type\":\"EntryPoint\",\"urlTemplate\":\"https:\/\/www.mediaplateforme.com\/fr\/?s={search_term_string}\"},\"query-input\":\"required name=search_term_string\"}],\"inLanguage\":\"fr-FR\"},{\"@type\":\"Person\",\"@id\":\"https:\/\/www.mediaplateforme.com\/fr\/#\/schema\/person\/89833db382b5db2c76b094bc902aa12a\",\"name\":\"Mediaplateforme\",\"image\":{\"@type\":\"ImageObject\",\"inLanguage\":\"fr-FR\",\"@id\":\"https:\/\/www.mediaplateforme.com\/fr\/#\/schema\/person\/image\/\",\"url\":\"https:\/\/secure.gravatar.com\/avatar\/6c9c02e8928cc65d54bf75157f7b3a2d06d7ad0494ca0951f679552ff03b34c1?s=96&d=mm&r=g\",\"contentUrl\":\"https:\/\/secure.gravatar.com\/avatar\/6c9c02e8928cc65d54bf75157f7b3a2d06d7ad0494ca0951f679552ff03b34c1?s=96&d=mm&r=g\",\"caption\":\"Mediaplateforme\"},\"sameAs\":[\"https:\/\/www.mediaplateforme.com\"],\"url\":\"https:\/\/www.mediaplateforme.com\/fr\/author\/mohamedladib\/\"}]}<\/script>\n<!-- \/ Yoast SEO plugin. -->","yoast_head_json":{"title":"Centrale Danone Ramadan 2025 - MEDIA PLATEFORME | FR","description":"Ramadan 2025, Centrale Danone renforce son engagement solidaire en distribuant 100 000 ftours et 7000 paniers alimentaires .","robots":{"index":"index","follow":"follow","max-snippet":"max-snippet:-1","max-image-preview":"max-image-preview:large","max-video-preview":"max-video-preview:-1"},"canonical":"https:\/\/www.mediaplateforme.com\/fr\/centrale-danone-ramadan-2025\/","og_locale":"fr_FR","og_type":"article","og_title":"Centrale Danone Ramadan 2025 - MEDIA PLATEFORME | FR","og_description":"Ramadan 2025, Centrale Danone renforce son engagement solidaire en distribuant 100 000 ftours et 7000 paniers alimentaires .","og_url":"https:\/\/www.mediaplateforme.com\/fr\/centrale-danone-ramadan-2025\/","og_site_name":"MEDIA PLATEFORME | FR","article_published_time":"2025-03-17T14:11:46+00:00","article_modified_time":"2025-03-17T14:11:55+00:00","og_image":[{"width":2536,"height":1200,"url":"https:\/\/www.mediaplateforme.com\/fr\/wp-content\/uploads\/sites\/5\/2025\/03\/CD-B-COPS-CP-2-1-1.jpg","type":"image\/jpeg"}],"author":"Mediaplateforme","twitter_card":"summary_large_image","twitter_misc":{"\u00c9crit par":"Mediaplateforme","Dur\u00e9e de lecture estim\u00e9e":"3 minutes"},"schema":{"@context":"https:\/\/schema.org","@graph":[{"@type":"WebPage","@id":"https:\/\/www.mediaplateforme.com\/fr\/centrale-danone-ramadan-2025\/","url":"https:\/\/www.mediaplateforme.com\/fr\/centrale-danone-ramadan-2025\/","name":"Centrale Danone Ramadan 2025 - MEDIA PLATEFORME | FR","isPartOf":{"@id":"https:\/\/www.mediaplateforme.com\/fr\/#website"},"datePublished":"2025-03-17T14:11:46+00:00","dateModified":"2025-03-17T14:11:55+00:00","author":{"@id":"https:\/\/www.mediaplateforme.com\/fr\/#\/schema\/person\/89833db382b5db2c76b094bc902aa12a"},"description":"Ramadan 2025, Centrale Danone renforce son engagement solidaire en distribuant 100 000 ftours et 7000 paniers alimentaires .","breadcrumb":{"@id":"https:\/\/www.mediaplateforme.com\/fr\/centrale-danone-ramadan-2025\/#breadcrumb"},"inLanguage":"fr-FR","potentialAction":[{"@type":"ReadAction","target":["https:\/\/www.mediaplateforme.com\/fr\/centrale-danone-ramadan-2025\/"]}]},{"@type":"BreadcrumbList","@id":"https:\/\/www.mediaplateforme.com\/fr\/centrale-danone-ramadan-2025\/#breadcrumb","itemListElement":[{"@type":"ListItem","position":1,"name":"\u0627\u0644\u0631\u0626\u064a\u0633\u064a\u0629","item":"https:\/\/www.mediaplateforme.com\/fr\/"},{"@type":"ListItem","position":2,"name":"Centrale Danone intensifie son action solidaire pour le Ramadan 2025 avec &#8220;Nt3awnou 3la l\u2019khir\u00a0"}]},{"@type":"WebSite","@id":"https:\/\/www.mediaplateforme.com\/fr\/#website","url":"https:\/\/www.mediaplateforme.com\/fr\/","name":"MEDIA PLATEFORME | FR","description":"Mediaplateforme sp\u00e9cialis\u00e9 dans la communication institutions publiques et des entreprises","potentialAction":[{"@type":"SearchAction","target":{"@type":"EntryPoint","urlTemplate":"https:\/\/www.mediaplateforme.com\/fr\/?s={search_term_string}"},"query-input":"required name=search_term_string"}],"inLanguage":"fr-FR"},{"@type":"Person","@id":"https:\/\/www.mediaplateforme.com\/fr\/#\/schema\/person\/89833db382b5db2c76b094bc902aa12a","name":"Mediaplateforme","image":{"@type":"ImageObject","inLanguage":"fr-FR","@id":"https:\/\/www.mediaplateforme.com\/fr\/#\/schema\/person\/image\/","url":"https:\/\/secure.gravatar.com\/avatar\/6c9c02e8928cc65d54bf75157f7b3a2d06d7ad0494ca0951f679552ff03b34c1?s=96&d=mm&r=g","contentUrl":"https:\/\/secure.gravatar.com\/avatar\/6c9c02e8928cc65d54bf75157f7b3a2d06d7ad0494ca0951f679552ff03b34c1?s=96&d=mm&r=g","caption":"Mediaplateforme"},"sameAs":["https:\/\/www.mediaplateforme.com"],"url":"https:\/\/www.mediaplateforme.com\/fr\/author\/mohamedladib\/"}]}},"_links":{"self":[{"href":"https:\/\/www.mediaplateforme.com\/fr\/wp-json\/wp\/v2\/posts\/6887","targetHints":{"allow":["GET"]}}],"collection":[{"href":"https:\/\/www.mediaplateforme.com\/fr\/wp-json\/wp\/v2\/posts"}],"about":[{"href":"https:\/\/www.mediaplateforme.com\/fr\/wp-json\/wp\/v2\/types\/post"}],"author":[{"embeddable":true,"href":"https:\/\/www.mediaplateforme.com\/fr\/wp-json\/wp\/v2\/users\/1"}],"replies":[{"embeddable":true,"href":"https:\/\/www.mediaplateforme.com\/fr\/wp-json\/wp\/v2\/comments?post=6887"}],"version-history":[{"count":1,"href":"https:\/\/www.mediaplateforme.com\/fr\/wp-json\/wp\/v2\/posts\/6887\/revisions"}],"predecessor-version":[{"id":6889,"href":"https:\/\/www.mediaplateforme.com\/fr\/wp-json\/wp\/v2\/posts\/6887\/revisions\/6889"}],"wp:featuredmedia":[{"embeddable":true,"href":"https:\/\/www.mediaplateforme.com\/fr\/wp-json\/wp\/v2\/media\/6888"}],"wp:attachment":[{"href":"https:\/\/www.mediaplateforme.com\/fr\/wp-json\/wp\/v2\/media?parent=6887"}],"wp:term":[{"taxonomy":"category","embeddable":true,"href":"https:\/\/www.mediaplateforme.com\/fr\/wp-json\/wp\/v2\/categories?post=6887"},{"taxonomy":"post_tag","embeddable":true,"href":"https:\/\/www.mediaplateforme.com\/fr\/wp-json\/wp\/v2\/tags?post=6887"}],"curies":[{"name":"wp","href":"https:\/\/api.w.org\/{rel}","templated":true}]}}