{"id":6858,"date":"2025-03-11T16:00:46","date_gmt":"2025-03-11T16:00:46","guid":{"rendered":"https:\/\/www.mediaplateforme.com\/fr\/?p=6858"},"modified":"2025-03-11T16:01:17","modified_gmt":"2025-03-11T16:01:17","slug":"eucaforest-cdg","status":"publish","type":"post","link":"https:\/\/www.mediaplateforme.com\/fr\/eucaforest-cdg\/","title":{"rendered":"L\u2019ANEF et EUCAFOREST signent une convention de collaboration en recherche et d\u00e9veloppement pour les plantations foresti\u00e8res"},"content":{"rendered":"<p>L\u2019Agence Nationale des Eaux et For\u00eats (ANEF) et la soci\u00e9t\u00e9 EUCAFOREST, filiale du Groupe Caisse de D\u00e9p\u00f4t et de Gestion (CDG), ont sign\u00e9, ce vendredi 7 mars 2025, une convention de collaboration en recherche et d\u00e9veloppement visant \u00e0 renforcer l\u2019innovation et l\u2019excellence dans le domaine des plantations foresti\u00e8res.<br \/>\nCette convention a \u00e9t\u00e9 sign\u00e9e par M. Amar RABHI, Chef du Centre d\u2019Innovation, Recherche et Formation de l\u2019ANEF, et M. Sghir BOULAHFA, Directeur G\u00e9n\u00e9ral d\u2019EUCAFOREST, en pr\u00e9sence de M. Khalid SAFIR, Directeur G\u00e9n\u00e9ral de la CDG, et de M. Abderrahim HOUMY, Directeur G\u00e9n\u00e9ral de l\u2019ANEF.<br \/>\nS\u2019inscrivant pleinement dans les engagements nationaux en faveur du d\u00e9veloppement durable et de la pr\u00e9servation des \u00e9cosyst\u00e8mes forestiers, cette initiative est en parfaite ad\u00e9quation avec la Strat\u00e9gie \u00ab For\u00eats du Maroc 2020-2030 \u00bb, lanc\u00e9e sous l\u2019impulsion de Sa Majest\u00e9 Le Roi Mohammed VI, Que Dieu L\u2019Assiste.<br \/>\nL\u2019objectif de cette collaboration est de moderniser et d\u2019optimiser les pratiques sylvicoles afin d\u2019am\u00e9liorer la performance des plantations foresti\u00e8res au Maroc. Elle met l\u2019accent sur l\u2019innovation technologique, la<br \/>\ns\u00e9lection vari\u00e9tale, l\u2019optimisation des itin\u00e9raires techniques et la valorisation des ressources ligneuses, tout en int\u00e9grant les imp\u00e9ratifs d\u2019adaptation aux changements climatiques.<br \/>\nPar cette alliance strat\u00e9gique, l\u2019ANEF et EUCAFOREST uniront leurs expertises pour d\u00e9velopper des solutions adapt\u00e9es aux sp\u00e9cificit\u00e9s \u00e9cologiques du Royaume. Cette d\u00e9marche s\u2019inscrit dans une vision globale de gestion durable des ressources foresti\u00e8res, contribuant activement \u00e0 la restauration<br \/>\ndes \u00e9cosyst\u00e8mes naturels, \u00e0 la lutte contre la d\u00e9sertification et au renforcement de la<br \/>\nr\u00e9silience des for\u00eats face aux d\u00e9fis climatiques.<br \/>\nCette signature illustre \u00e9galement l\u2019engagement fort du Groupe CDG en faveur du d\u00e9veloppement durable, confirmant son r\u00f4le de partenaire cl\u00e9 dans la pr\u00e9servation du capital naturel du Maroc et dans la promotion d\u2019une \u00e9conomie verte et r\u00e9siliente.<br \/>\n\u00c0 travers cette collaboration, l\u2019ANEF r\u00e9affirme son engagement en faveur d\u2019une approche partenariale inclusive, en s\u2019ouvrant \u00e0 l\u2019ensemble de ses partenaires institutionnels pour renforcer la gestion durable des for\u00eats et favoriser l\u2019innovation au service des \u00e9cosyst\u00e8mes forestiers du Royaume<\/p>\n<p>&nbsp;<\/p>\n","protected":false},"excerpt":{"rendered":"<p>L\u2019Agence Nationale des Eaux et For\u00eats (ANEF) et la soci\u00e9t\u00e9 EUCAFOREST, filiale du Groupe Caisse<\/p>\n","protected":false},"author":1,"featured_media":6859,"comment_status":"open","ping_status":"open","sticky":false,"template":"","format":"standard","meta":{"_acf_changed":false,"footnotes":""},"categories":[2,3],"tags":[216,2959,2958],"class_list":["post-6858","post","type-post","status-publish","format-standard","has-post-thumbnail","hentry","category-nouvelles","category-nouvelles-selectionnees","tag-cdg","tag-eucaforest","tag-lagence-nationale-des-eaux-et-forets"],"acf":[],"yoast_head":"<!-- This site is optimized with the Yoast SEO plugin v22.0 - https:\/\/yoast.com\/wordpress\/plugins\/seo\/ -->\n<title>EUCAFOREST CDG - MEDIA PLATEFORME | FR<\/title>\n<meta name=\"description\" content=\"L\u2019ANEF et EUCAFOREST signent une convention de collaboration en recherche et d\u00e9veloppement pour les plantations foresti\u00e8res EUCAFOREST CDG\" \/>\n<meta name=\"robots\" content=\"index, follow, max-snippet:-1, max-image-preview:large, max-video-preview:-1\" \/>\n<link rel=\"canonical\" href=\"https:\/\/www.mediaplateforme.com\/fr\/eucaforest-cdg\/\" \/>\n<meta property=\"og:locale\" content=\"fr_FR\" \/>\n<meta property=\"og:type\" content=\"article\" \/>\n<meta property=\"og:title\" content=\"EUCAFOREST CDG - MEDIA PLATEFORME | FR\" \/>\n<meta property=\"og:description\" content=\"L\u2019ANEF et EUCAFOREST signent une convention de collaboration en recherche et d\u00e9veloppement pour les plantations foresti\u00e8res EUCAFOREST CDG\" \/>\n<meta property=\"og:url\" content=\"https:\/\/www.mediaplateforme.com\/fr\/eucaforest-cdg\/\" \/>\n<meta property=\"og:site_name\" content=\"MEDIA PLATEFORME | FR\" \/>\n<meta property=\"article:published_time\" content=\"2025-03-11T16:00:46+00:00\" \/>\n<meta property=\"article:modified_time\" content=\"2025-03-11T16:01:17+00:00\" \/>\n<meta property=\"og:image\" content=\"https:\/\/www.mediaplateforme.com\/fr\/wp-content\/uploads\/sites\/5\/2025\/03\/PHOTO-CP.jpeg\" \/>\n\t<meta property=\"og:image:width\" content=\"1280\" \/>\n\t<meta property=\"og:image:height\" content=\"1273\" \/>\n\t<meta property=\"og:image:type\" content=\"image\/jpeg\" \/>\n<meta name=\"author\" content=\"Mediaplateforme\" \/>\n<meta name=\"twitter:card\" content=\"summary_large_image\" \/>\n<meta name=\"twitter:label1\" content=\"\u00c9crit par\" \/>\n\t<meta name=\"twitter:data1\" content=\"Mediaplateforme\" \/>\n\t<meta name=\"twitter:label2\" content=\"Dur\u00e9e de lecture estim\u00e9e\" \/>\n\t<meta name=\"twitter:data2\" content=\"2 minutes\" \/>\n<script type=\"application\/ld+json\" class=\"yoast-schema-graph\">{\"@context\":\"https:\/\/schema.org\",\"@graph\":[{\"@type\":\"WebPage\",\"@id\":\"https:\/\/www.mediaplateforme.com\/fr\/eucaforest-cdg\/\",\"url\":\"https:\/\/www.mediaplateforme.com\/fr\/eucaforest-cdg\/\",\"name\":\"EUCAFOREST CDG - MEDIA PLATEFORME | FR\",\"isPartOf\":{\"@id\":\"https:\/\/www.mediaplateforme.com\/fr\/#website\"},\"datePublished\":\"2025-03-11T16:00:46+00:00\",\"dateModified\":\"2025-03-11T16:01:17+00:00\",\"author\":{\"@id\":\"https:\/\/www.mediaplateforme.com\/fr\/#\/schema\/person\/89833db382b5db2c76b094bc902aa12a\"},\"description\":\"L\u2019ANEF et EUCAFOREST signent une convention de collaboration en recherche et d\u00e9veloppement pour les plantations foresti\u00e8res EUCAFOREST CDG\",\"breadcrumb\":{\"@id\":\"https:\/\/www.mediaplateforme.com\/fr\/eucaforest-cdg\/#breadcrumb\"},\"inLanguage\":\"fr-FR\",\"potentialAction\":[{\"@type\":\"ReadAction\",\"target\":[\"https:\/\/www.mediaplateforme.com\/fr\/eucaforest-cdg\/\"]}]},{\"@type\":\"BreadcrumbList\",\"@id\":\"https:\/\/www.mediaplateforme.com\/fr\/eucaforest-cdg\/#breadcrumb\",\"itemListElement\":[{\"@type\":\"ListItem\",\"position\":1,\"name\":\"\u0627\u0644\u0631\u0626\u064a\u0633\u064a\u0629\",\"item\":\"https:\/\/www.mediaplateforme.com\/fr\/\"},{\"@type\":\"ListItem\",\"position\":2,\"name\":\"L\u2019ANEF et EUCAFOREST signent une convention de collaboration en recherche et d\u00e9veloppement pour les plantations foresti\u00e8res\"}]},{\"@type\":\"WebSite\",\"@id\":\"https:\/\/www.mediaplateforme.com\/fr\/#website\",\"url\":\"https:\/\/www.mediaplateforme.com\/fr\/\",\"name\":\"MEDIA PLATEFORME | FR\",\"description\":\"Mediaplateforme sp\u00e9cialis\u00e9 dans la communication institutions publiques et des entreprises\",\"potentialAction\":[{\"@type\":\"SearchAction\",\"target\":{\"@type\":\"EntryPoint\",\"urlTemplate\":\"https:\/\/www.mediaplateforme.com\/fr\/?s={search_term_string}\"},\"query-input\":\"required name=search_term_string\"}],\"inLanguage\":\"fr-FR\"},{\"@type\":\"Person\",\"@id\":\"https:\/\/www.mediaplateforme.com\/fr\/#\/schema\/person\/89833db382b5db2c76b094bc902aa12a\",\"name\":\"Mediaplateforme\",\"image\":{\"@type\":\"ImageObject\",\"inLanguage\":\"fr-FR\",\"@id\":\"https:\/\/www.mediaplateforme.com\/fr\/#\/schema\/person\/image\/\",\"url\":\"https:\/\/secure.gravatar.com\/avatar\/6c9c02e8928cc65d54bf75157f7b3a2d06d7ad0494ca0951f679552ff03b34c1?s=96&d=mm&r=g\",\"contentUrl\":\"https:\/\/secure.gravatar.com\/avatar\/6c9c02e8928cc65d54bf75157f7b3a2d06d7ad0494ca0951f679552ff03b34c1?s=96&d=mm&r=g\",\"caption\":\"Mediaplateforme\"},\"sameAs\":[\"https:\/\/www.mediaplateforme.com\"],\"url\":\"https:\/\/www.mediaplateforme.com\/fr\/author\/mohamedladib\/\"}]}<\/script>\n<!-- \/ Yoast SEO plugin. -->","yoast_head_json":{"title":"EUCAFOREST CDG - MEDIA PLATEFORME | FR","description":"L\u2019ANEF et EUCAFOREST signent une convention de collaboration en recherche et d\u00e9veloppement pour les plantations foresti\u00e8res EUCAFOREST CDG","robots":{"index":"index","follow":"follow","max-snippet":"max-snippet:-1","max-image-preview":"max-image-preview:large","max-video-preview":"max-video-preview:-1"},"canonical":"https:\/\/www.mediaplateforme.com\/fr\/eucaforest-cdg\/","og_locale":"fr_FR","og_type":"article","og_title":"EUCAFOREST CDG - MEDIA PLATEFORME | FR","og_description":"L\u2019ANEF et EUCAFOREST signent une convention de collaboration en recherche et d\u00e9veloppement pour les plantations foresti\u00e8res EUCAFOREST CDG","og_url":"https:\/\/www.mediaplateforme.com\/fr\/eucaforest-cdg\/","og_site_name":"MEDIA PLATEFORME | FR","article_published_time":"2025-03-11T16:00:46+00:00","article_modified_time":"2025-03-11T16:01:17+00:00","og_image":[{"width":1280,"height":1273,"url":"https:\/\/www.mediaplateforme.com\/fr\/wp-content\/uploads\/sites\/5\/2025\/03\/PHOTO-CP.jpeg","type":"image\/jpeg"}],"author":"Mediaplateforme","twitter_card":"summary_large_image","twitter_misc":{"\u00c9crit par":"Mediaplateforme","Dur\u00e9e de lecture estim\u00e9e":"2 minutes"},"schema":{"@context":"https:\/\/schema.org","@graph":[{"@type":"WebPage","@id":"https:\/\/www.mediaplateforme.com\/fr\/eucaforest-cdg\/","url":"https:\/\/www.mediaplateforme.com\/fr\/eucaforest-cdg\/","name":"EUCAFOREST CDG - MEDIA PLATEFORME | FR","isPartOf":{"@id":"https:\/\/www.mediaplateforme.com\/fr\/#website"},"datePublished":"2025-03-11T16:00:46+00:00","dateModified":"2025-03-11T16:01:17+00:00","author":{"@id":"https:\/\/www.mediaplateforme.com\/fr\/#\/schema\/person\/89833db382b5db2c76b094bc902aa12a"},"description":"L\u2019ANEF et EUCAFOREST signent une convention de collaboration en recherche et d\u00e9veloppement pour les plantations foresti\u00e8res EUCAFOREST CDG","breadcrumb":{"@id":"https:\/\/www.mediaplateforme.com\/fr\/eucaforest-cdg\/#breadcrumb"},"inLanguage":"fr-FR","potentialAction":[{"@type":"ReadAction","target":["https:\/\/www.mediaplateforme.com\/fr\/eucaforest-cdg\/"]}]},{"@type":"BreadcrumbList","@id":"https:\/\/www.mediaplateforme.com\/fr\/eucaforest-cdg\/#breadcrumb","itemListElement":[{"@type":"ListItem","position":1,"name":"\u0627\u0644\u0631\u0626\u064a\u0633\u064a\u0629","item":"https:\/\/www.mediaplateforme.com\/fr\/"},{"@type":"ListItem","position":2,"name":"L\u2019ANEF et EUCAFOREST signent une convention de collaboration en recherche et d\u00e9veloppement pour les plantations foresti\u00e8res"}]},{"@type":"WebSite","@id":"https:\/\/www.mediaplateforme.com\/fr\/#website","url":"https:\/\/www.mediaplateforme.com\/fr\/","name":"MEDIA PLATEFORME | FR","description":"Mediaplateforme sp\u00e9cialis\u00e9 dans la communication institutions publiques et des entreprises","potentialAction":[{"@type":"SearchAction","target":{"@type":"EntryPoint","urlTemplate":"https:\/\/www.mediaplateforme.com\/fr\/?s={search_term_string}"},"query-input":"required name=search_term_string"}],"inLanguage":"fr-FR"},{"@type":"Person","@id":"https:\/\/www.mediaplateforme.com\/fr\/#\/schema\/person\/89833db382b5db2c76b094bc902aa12a","name":"Mediaplateforme","image":{"@type":"ImageObject","inLanguage":"fr-FR","@id":"https:\/\/www.mediaplateforme.com\/fr\/#\/schema\/person\/image\/","url":"https:\/\/secure.gravatar.com\/avatar\/6c9c02e8928cc65d54bf75157f7b3a2d06d7ad0494ca0951f679552ff03b34c1?s=96&d=mm&r=g","contentUrl":"https:\/\/secure.gravatar.com\/avatar\/6c9c02e8928cc65d54bf75157f7b3a2d06d7ad0494ca0951f679552ff03b34c1?s=96&d=mm&r=g","caption":"Mediaplateforme"},"sameAs":["https:\/\/www.mediaplateforme.com"],"url":"https:\/\/www.mediaplateforme.com\/fr\/author\/mohamedladib\/"}]}},"_links":{"self":[{"href":"https:\/\/www.mediaplateforme.com\/fr\/wp-json\/wp\/v2\/posts\/6858","targetHints":{"allow":["GET"]}}],"collection":[{"href":"https:\/\/www.mediaplateforme.com\/fr\/wp-json\/wp\/v2\/posts"}],"about":[{"href":"https:\/\/www.mediaplateforme.com\/fr\/wp-json\/wp\/v2\/types\/post"}],"author":[{"embeddable":true,"href":"https:\/\/www.mediaplateforme.com\/fr\/wp-json\/wp\/v2\/users\/1"}],"replies":[{"embeddable":true,"href":"https:\/\/www.mediaplateforme.com\/fr\/wp-json\/wp\/v2\/comments?post=6858"}],"version-history":[{"count":1,"href":"https:\/\/www.mediaplateforme.com\/fr\/wp-json\/wp\/v2\/posts\/6858\/revisions"}],"predecessor-version":[{"id":6860,"href":"https:\/\/www.mediaplateforme.com\/fr\/wp-json\/wp\/v2\/posts\/6858\/revisions\/6860"}],"wp:featuredmedia":[{"embeddable":true,"href":"https:\/\/www.mediaplateforme.com\/fr\/wp-json\/wp\/v2\/media\/6859"}],"wp:attachment":[{"href":"https:\/\/www.mediaplateforme.com\/fr\/wp-json\/wp\/v2\/media?parent=6858"}],"wp:term":[{"taxonomy":"category","embeddable":true,"href":"https:\/\/www.mediaplateforme.com\/fr\/wp-json\/wp\/v2\/categories?post=6858"},{"taxonomy":"post_tag","embeddable":true,"href":"https:\/\/www.mediaplateforme.com\/fr\/wp-json\/wp\/v2\/tags?post=6858"}],"curies":[{"name":"wp","href":"https:\/\/api.w.org\/{rel}","templated":true}]}}