{"id":6822,"date":"2025-02-25T22:07:14","date_gmt":"2025-02-25T22:07:14","guid":{"rendered":"https:\/\/www.mediaplateforme.com\/fr\/?p=6822"},"modified":"2025-02-25T22:07:22","modified_gmt":"2025-02-25T22:07:22","slug":"benchaaboun-ahizoune-maroc-telecom","status":"publish","type":"post","link":"https:\/\/www.mediaplateforme.com\/fr\/benchaaboun-ahizoune-maroc-telecom\/","title":{"rendered":"Maroc Telecom : BENCHAABOUN succ\u00e8de \u00e0 AHIZOUNE et ouvre une nouvelle \u00e8re de croissance strat\u00e9gique"},"content":{"rendered":"<article class=\"w-full text-token-text-primary focus-visible:outline-2 focus-visible:outline-offset-[-4px]\" dir=\"auto\" data-testid=\"conversation-turn-13\" data-scroll-anchor=\"true\">\n<div class=\"m-auto text-base py-[18px] px-6\">\n<div class=\"mx-auto flex flex-1 text-base gap-4 md:gap-5 lg:gap-6 md:max-w-3xl lg:max-w-[40rem] xl:max-w-[48rem]\">\n<div class=\"group\/conversation-turn relative flex w-full min-w-0 flex-col agent-turn @xs\/thread:px-0 @sm\/thread:px-1.5 @md\/thread:px-4\">\n<div class=\"flex-col gap-1 md:gap-3\">\n<div class=\"flex max-w-full flex-col flex-grow\">\n<div class=\"min-h-8 text-message relative flex w-full flex-col items-end gap-2 whitespace-normal break-words text-start [.text-message+&amp;]:mt-5\" dir=\"auto\" data-message-author-role=\"assistant\" data-message-id=\"456608de-fcdc-4351-b57e-d70483c6dc05\" data-message-model-slug=\"gpt-4o\">\n<div class=\"flex w-full flex-col gap-1 empty:hidden first:pt-[3px]\">\n<div class=\"markdown prose w-full break-words dark:prose-invert dark\">\n<p data-start=\"0\" data-end=\"812\" data-is-last-node=\"\" data-is-only-node=\"\"><strong>Dans un tournant strat\u00e9gique majeur, Maroc Telecom annonce la nomination de Mohamed BENCHAABOUN \u00e0 la t\u00eate du Directoire, succ\u00e9dant ainsi \u00e0 Abdeslam AHIZOUNE. Ce passage de relais intervient apr\u00e8s 27 ann\u00e9es de leadership visionnaire durant lesquelles Abdeslam AHIZOUNE a fa\u00e7onn\u00e9 l\u2019essor du groupe, consolidant sa position sur le march\u00e9 marocain et r\u00e9ussissant une expansion panafricaine ambitieuse. Gr\u00e2ce \u00e0 son engagement et \u00e0 sa strat\u00e9gie \u00e9clair\u00e9e, Maroc Telecom s\u2019est impos\u00e9 comme un acteur cl\u00e9 des t\u00e9l\u00e9communications en Afrique, misant sur l\u2019innovation, les investissements massifs et la transformation num\u00e9rique. Avec cette nouvelle nomination, le groupe s\u2019appr\u00eate \u00e0 \u00e9crire un nouveau chapitre de son d\u00e9veloppement, poursuivant ainsi sa dynamique de croissance et de modernisation.<\/strong><\/p>\n<\/div>\n<\/div>\n<\/div>\n<\/div>\n<\/div>\n<\/div>\n<\/div>\n<\/div>\n<\/article>\n<div class=\"pointer-events-none h-px w-px\" aria-hidden=\"true\" data-edge=\"true\"><\/div>\n<h3>Un hommage \u00e0 Abdeslam AHIZOUNE, artisan du succ\u00e8s panafricain de Maroc Telecom<\/h3>\n<p>Lors de cette annonce, le Conseil de Surveillance a tenu \u00e0 exprimer sa gratitude \u00e0 Abdeslam AHIZOUNE pour ses 27 ann\u00e9es de leadership exceptionnelles. Sous sa direction, Maroc Telecom s&rsquo;est impos\u00e9e comme une r\u00e9f\u00e9rence incontest\u00e9e en Afrique, avec une expansion r\u00e9ussie dans plusieurs march\u00e9s et une solide strat\u00e9gie de diversification.<\/p>\n<h3>Continuit\u00e9 et stabilit\u00e9 du Directoire jusqu&rsquo;en 2027<\/h3>\n<p>Dans une d\u00e9marche visant \u00e0 assurer la stabilit\u00e9 et la continuit\u00e9 de sa vision, le Conseil de Surveillance a d\u00e9cid\u00e9 de renouveler le mandat des autres membres du Directoire pour deux ann\u00e9es suppl\u00e9mentaires, soit jusqu&rsquo;au 1er mars 2027. Cette d\u00e9cision concerne Messieurs Brahim BOUDAOUD, Hassan RACHAD, Fran\u00e7ois VITTE et Abdelkader MAAMAR, qui poursuivront leur mission aux c\u00f4t\u00e9s de Mohamed BENCH\u00c2ABOUN.<\/p>\n<h3>Performances solides et perspectives prometteuses<\/h3>\n<p>En 2024, Maroc Telecom a enregistr\u00e9 un chiffre d&rsquo;affaires de 36,7 milliards de dirhams, en hausse de 1,2% par rapport \u00e0 2023. Cette croissance est soutenue par la progression des services fixes au Maroc (+2,3%), la mont\u00e9e en puissance des services de donn\u00e9es, et la bonne performance de Moov Africa, dont le chiffre d&rsquo;affaires a progress\u00e9 de 4,6%.<\/p>\n<p>L&rsquo;EBITDA ajust\u00e9 s&rsquo;est \u00e9lev\u00e9 \u00e0 19,2 milliards de dirhams, en l\u00e9g\u00e8re augmentation de 0,3%, avec une contribution positive de Moov Africa \u00e0 hauteur de 2,9%. Le b\u00e9n\u00e9fice net ajust\u00e9 du groupe s&rsquo;est maintenu \u00e0 6,13 milliards de dirhams, tandis que le nombre de clients a atteint 79,3 millions (+4,5%), port\u00e9 par une croissance de 8,1% du parc Moov Africa.<\/p>\n<h3>Une strat\u00e9gie ax\u00e9e sur l&rsquo;innovation et le digital<\/h3>\n<p>Maroc Telecom r\u00e9affirme son engagement dans l&rsquo;innovation technologique et le d\u00e9veloppement des infrastructures num\u00e9riques. L&rsquo;entreprise pr\u00e9voit d&rsquo;importants investissements dans l&rsquo;expansion des r\u00e9seaux fixes et mobiles et l&rsquo;int\u00e9gration de l&rsquo;intelligence artificielle pour am\u00e9liorer l&rsquo;exp\u00e9rience client et optimiser ses services.<\/p>\n<h3>Vers un avenir digital et connect\u00e9<\/h3>\n<p>Avec l&rsquo;arriv\u00e9e de Mohamed BENCH\u00c2ABOUN \u00e0 la t\u00eate du Directoire, Maroc Telecom entre dans une nouvelle phase de son d\u00e9veloppement. Son expertise en gestion et sa vision strat\u00e9gique permettront de consolider la position du groupe sur le continent africain et d&rsquo;acc\u00e9l\u00e9rer sa transformation num\u00e9rique.<\/p>\n<p style=\"text-align: center;\">\ud83d\udc49 <strong>Que pensez-vous de cette nomination et des perspectives de Maroc Telecom ? Partagez votre avis en commentaire !<\/strong><\/p>\n<p>&nbsp;<\/p>\n<p>BENCHAABOUN AHIZOUNE MAROC TELECOM<\/p>\n<p>BENCHAABOUN AHIZOUNE MAROC TELECOM<\/p>\n","protected":false},"excerpt":{"rendered":"<p>Dans un tournant strat\u00e9gique majeur, Maroc Telecom annonce la nomination de Mohamed BENCHAABOUN \u00e0 la<\/p>\n","protected":false},"author":1,"featured_media":6824,"comment_status":"open","ping_status":"open","sticky":false,"template":"","format":"standard","meta":{"_acf_changed":false,"footnotes":""},"categories":[5,3],"tags":[704,703,2931],"class_list":["post-6822","post","type-post","status-publish","format-standard","has-post-thumbnail","hentry","category-tech","category-nouvelles-selectionnees","tag-ahizoune","tag-groupe-maroc-telecom","tag-mohamed-benchaaboun"],"acf":[],"yoast_head":"<!-- This site is optimized with the Yoast SEO plugin v22.0 - https:\/\/yoast.com\/wordpress\/plugins\/seo\/ -->\n<title>BENCHAABOUN AHIZOUNE MAROC TELECOM - MEDIA PLATEFORME | FR<\/title>\n<meta name=\"description\" content=\"Maroc Telecom annonce la nomination de Mohamed BENCHAABOUN comme Pr\u00e9sident du Directoire \u00e0 compter du 1er mars 2025, AHIZOUNE.\" \/>\n<meta name=\"robots\" content=\"index, follow, max-snippet:-1, max-image-preview:large, max-video-preview:-1\" \/>\n<link rel=\"canonical\" href=\"https:\/\/www.mediaplateforme.com\/fr\/benchaaboun-ahizoune-maroc-telecom\/\" \/>\n<meta property=\"og:locale\" content=\"fr_FR\" \/>\n<meta property=\"og:type\" content=\"article\" \/>\n<meta property=\"og:title\" content=\"BENCHAABOUN AHIZOUNE MAROC TELECOM - MEDIA PLATEFORME | FR\" \/>\n<meta property=\"og:description\" content=\"Maroc Telecom annonce la nomination de Mohamed BENCHAABOUN comme Pr\u00e9sident du Directoire \u00e0 compter du 1er mars 2025, AHIZOUNE.\" \/>\n<meta property=\"og:url\" content=\"https:\/\/www.mediaplateforme.com\/fr\/benchaaboun-ahizoune-maroc-telecom\/\" \/>\n<meta property=\"og:site_name\" content=\"MEDIA PLATEFORME | FR\" \/>\n<meta property=\"article:published_time\" content=\"2025-02-25T22:07:14+00:00\" \/>\n<meta property=\"article:modified_time\" content=\"2025-02-25T22:07:22+00:00\" \/>\n<meta property=\"og:image\" content=\"https:\/\/www.mediaplateforme.com\/fr\/wp-content\/uploads\/sites\/5\/2025\/02\/IAM-1.jpg\" \/>\n\t<meta property=\"og:image:width\" content=\"1920\" \/>\n\t<meta property=\"og:image:height\" content=\"1080\" \/>\n\t<meta property=\"og:image:type\" content=\"image\/jpeg\" \/>\n<meta name=\"author\" content=\"Mediaplateforme\" \/>\n<meta name=\"twitter:card\" content=\"summary_large_image\" \/>\n<meta name=\"twitter:label1\" content=\"\u00c9crit par\" \/>\n\t<meta name=\"twitter:data1\" content=\"Mediaplateforme\" \/>\n\t<meta name=\"twitter:label2\" content=\"Dur\u00e9e de lecture estim\u00e9e\" \/>\n\t<meta name=\"twitter:data2\" content=\"3 minutes\" \/>\n<script type=\"application\/ld+json\" class=\"yoast-schema-graph\">{\"@context\":\"https:\/\/schema.org\",\"@graph\":[{\"@type\":\"WebPage\",\"@id\":\"https:\/\/www.mediaplateforme.com\/fr\/benchaaboun-ahizoune-maroc-telecom\/\",\"url\":\"https:\/\/www.mediaplateforme.com\/fr\/benchaaboun-ahizoune-maroc-telecom\/\",\"name\":\"BENCHAABOUN AHIZOUNE MAROC TELECOM - MEDIA PLATEFORME | FR\",\"isPartOf\":{\"@id\":\"https:\/\/www.mediaplateforme.com\/fr\/#website\"},\"datePublished\":\"2025-02-25T22:07:14+00:00\",\"dateModified\":\"2025-02-25T22:07:22+00:00\",\"author\":{\"@id\":\"https:\/\/www.mediaplateforme.com\/fr\/#\/schema\/person\/89833db382b5db2c76b094bc902aa12a\"},\"description\":\"Maroc Telecom annonce la nomination de Mohamed BENCHAABOUN comme Pr\u00e9sident du Directoire \u00e0 compter du 1er mars 2025, AHIZOUNE.\",\"breadcrumb\":{\"@id\":\"https:\/\/www.mediaplateforme.com\/fr\/benchaaboun-ahizoune-maroc-telecom\/#breadcrumb\"},\"inLanguage\":\"fr-FR\",\"potentialAction\":[{\"@type\":\"ReadAction\",\"target\":[\"https:\/\/www.mediaplateforme.com\/fr\/benchaaboun-ahizoune-maroc-telecom\/\"]}]},{\"@type\":\"BreadcrumbList\",\"@id\":\"https:\/\/www.mediaplateforme.com\/fr\/benchaaboun-ahizoune-maroc-telecom\/#breadcrumb\",\"itemListElement\":[{\"@type\":\"ListItem\",\"position\":1,\"name\":\"\u0627\u0644\u0631\u0626\u064a\u0633\u064a\u0629\",\"item\":\"https:\/\/www.mediaplateforme.com\/fr\/\"},{\"@type\":\"ListItem\",\"position\":2,\"name\":\"Maroc Telecom : BENCHAABOUN succ\u00e8de \u00e0 AHIZOUNE et ouvre une nouvelle \u00e8re de croissance strat\u00e9gique\"}]},{\"@type\":\"WebSite\",\"@id\":\"https:\/\/www.mediaplateforme.com\/fr\/#website\",\"url\":\"https:\/\/www.mediaplateforme.com\/fr\/\",\"name\":\"MEDIA PLATEFORME | FR\",\"description\":\"Mediaplateforme sp\u00e9cialis\u00e9 dans la communication institutions publiques et des entreprises\",\"potentialAction\":[{\"@type\":\"SearchAction\",\"target\":{\"@type\":\"EntryPoint\",\"urlTemplate\":\"https:\/\/www.mediaplateforme.com\/fr\/?s={search_term_string}\"},\"query-input\":\"required name=search_term_string\"}],\"inLanguage\":\"fr-FR\"},{\"@type\":\"Person\",\"@id\":\"https:\/\/www.mediaplateforme.com\/fr\/#\/schema\/person\/89833db382b5db2c76b094bc902aa12a\",\"name\":\"Mediaplateforme\",\"image\":{\"@type\":\"ImageObject\",\"inLanguage\":\"fr-FR\",\"@id\":\"https:\/\/www.mediaplateforme.com\/fr\/#\/schema\/person\/image\/\",\"url\":\"https:\/\/secure.gravatar.com\/avatar\/6c9c02e8928cc65d54bf75157f7b3a2d06d7ad0494ca0951f679552ff03b34c1?s=96&d=mm&r=g\",\"contentUrl\":\"https:\/\/secure.gravatar.com\/avatar\/6c9c02e8928cc65d54bf75157f7b3a2d06d7ad0494ca0951f679552ff03b34c1?s=96&d=mm&r=g\",\"caption\":\"Mediaplateforme\"},\"sameAs\":[\"https:\/\/www.mediaplateforme.com\"],\"url\":\"https:\/\/www.mediaplateforme.com\/fr\/author\/mohamedladib\/\"}]}<\/script>\n<!-- \/ Yoast SEO plugin. -->","yoast_head_json":{"title":"BENCHAABOUN AHIZOUNE MAROC TELECOM - MEDIA PLATEFORME | FR","description":"Maroc Telecom annonce la nomination de Mohamed BENCHAABOUN comme Pr\u00e9sident du Directoire \u00e0 compter du 1er mars 2025, AHIZOUNE.","robots":{"index":"index","follow":"follow","max-snippet":"max-snippet:-1","max-image-preview":"max-image-preview:large","max-video-preview":"max-video-preview:-1"},"canonical":"https:\/\/www.mediaplateforme.com\/fr\/benchaaboun-ahizoune-maroc-telecom\/","og_locale":"fr_FR","og_type":"article","og_title":"BENCHAABOUN AHIZOUNE MAROC TELECOM - MEDIA PLATEFORME | FR","og_description":"Maroc Telecom annonce la nomination de Mohamed BENCHAABOUN comme Pr\u00e9sident du Directoire \u00e0 compter du 1er mars 2025, AHIZOUNE.","og_url":"https:\/\/www.mediaplateforme.com\/fr\/benchaaboun-ahizoune-maroc-telecom\/","og_site_name":"MEDIA PLATEFORME | FR","article_published_time":"2025-02-25T22:07:14+00:00","article_modified_time":"2025-02-25T22:07:22+00:00","og_image":[{"width":1920,"height":1080,"url":"https:\/\/www.mediaplateforme.com\/fr\/wp-content\/uploads\/sites\/5\/2025\/02\/IAM-1.jpg","type":"image\/jpeg"}],"author":"Mediaplateforme","twitter_card":"summary_large_image","twitter_misc":{"\u00c9crit par":"Mediaplateforme","Dur\u00e9e de lecture estim\u00e9e":"3 minutes"},"schema":{"@context":"https:\/\/schema.org","@graph":[{"@type":"WebPage","@id":"https:\/\/www.mediaplateforme.com\/fr\/benchaaboun-ahizoune-maroc-telecom\/","url":"https:\/\/www.mediaplateforme.com\/fr\/benchaaboun-ahizoune-maroc-telecom\/","name":"BENCHAABOUN AHIZOUNE MAROC TELECOM - MEDIA PLATEFORME | FR","isPartOf":{"@id":"https:\/\/www.mediaplateforme.com\/fr\/#website"},"datePublished":"2025-02-25T22:07:14+00:00","dateModified":"2025-02-25T22:07:22+00:00","author":{"@id":"https:\/\/www.mediaplateforme.com\/fr\/#\/schema\/person\/89833db382b5db2c76b094bc902aa12a"},"description":"Maroc Telecom annonce la nomination de Mohamed BENCHAABOUN comme Pr\u00e9sident du Directoire \u00e0 compter du 1er mars 2025, AHIZOUNE.","breadcrumb":{"@id":"https:\/\/www.mediaplateforme.com\/fr\/benchaaboun-ahizoune-maroc-telecom\/#breadcrumb"},"inLanguage":"fr-FR","potentialAction":[{"@type":"ReadAction","target":["https:\/\/www.mediaplateforme.com\/fr\/benchaaboun-ahizoune-maroc-telecom\/"]}]},{"@type":"BreadcrumbList","@id":"https:\/\/www.mediaplateforme.com\/fr\/benchaaboun-ahizoune-maroc-telecom\/#breadcrumb","itemListElement":[{"@type":"ListItem","position":1,"name":"\u0627\u0644\u0631\u0626\u064a\u0633\u064a\u0629","item":"https:\/\/www.mediaplateforme.com\/fr\/"},{"@type":"ListItem","position":2,"name":"Maroc Telecom : BENCHAABOUN succ\u00e8de \u00e0 AHIZOUNE et ouvre une nouvelle \u00e8re de croissance strat\u00e9gique"}]},{"@type":"WebSite","@id":"https:\/\/www.mediaplateforme.com\/fr\/#website","url":"https:\/\/www.mediaplateforme.com\/fr\/","name":"MEDIA PLATEFORME | FR","description":"Mediaplateforme sp\u00e9cialis\u00e9 dans la communication institutions publiques et des entreprises","potentialAction":[{"@type":"SearchAction","target":{"@type":"EntryPoint","urlTemplate":"https:\/\/www.mediaplateforme.com\/fr\/?s={search_term_string}"},"query-input":"required name=search_term_string"}],"inLanguage":"fr-FR"},{"@type":"Person","@id":"https:\/\/www.mediaplateforme.com\/fr\/#\/schema\/person\/89833db382b5db2c76b094bc902aa12a","name":"Mediaplateforme","image":{"@type":"ImageObject","inLanguage":"fr-FR","@id":"https:\/\/www.mediaplateforme.com\/fr\/#\/schema\/person\/image\/","url":"https:\/\/secure.gravatar.com\/avatar\/6c9c02e8928cc65d54bf75157f7b3a2d06d7ad0494ca0951f679552ff03b34c1?s=96&d=mm&r=g","contentUrl":"https:\/\/secure.gravatar.com\/avatar\/6c9c02e8928cc65d54bf75157f7b3a2d06d7ad0494ca0951f679552ff03b34c1?s=96&d=mm&r=g","caption":"Mediaplateforme"},"sameAs":["https:\/\/www.mediaplateforme.com"],"url":"https:\/\/www.mediaplateforme.com\/fr\/author\/mohamedladib\/"}]}},"_links":{"self":[{"href":"https:\/\/www.mediaplateforme.com\/fr\/wp-json\/wp\/v2\/posts\/6822","targetHints":{"allow":["GET"]}}],"collection":[{"href":"https:\/\/www.mediaplateforme.com\/fr\/wp-json\/wp\/v2\/posts"}],"about":[{"href":"https:\/\/www.mediaplateforme.com\/fr\/wp-json\/wp\/v2\/types\/post"}],"author":[{"embeddable":true,"href":"https:\/\/www.mediaplateforme.com\/fr\/wp-json\/wp\/v2\/users\/1"}],"replies":[{"embeddable":true,"href":"https:\/\/www.mediaplateforme.com\/fr\/wp-json\/wp\/v2\/comments?post=6822"}],"version-history":[{"count":3,"href":"https:\/\/www.mediaplateforme.com\/fr\/wp-json\/wp\/v2\/posts\/6822\/revisions"}],"predecessor-version":[{"id":6826,"href":"https:\/\/www.mediaplateforme.com\/fr\/wp-json\/wp\/v2\/posts\/6822\/revisions\/6826"}],"wp:featuredmedia":[{"embeddable":true,"href":"https:\/\/www.mediaplateforme.com\/fr\/wp-json\/wp\/v2\/media\/6824"}],"wp:attachment":[{"href":"https:\/\/www.mediaplateforme.com\/fr\/wp-json\/wp\/v2\/media?parent=6822"}],"wp:term":[{"taxonomy":"category","embeddable":true,"href":"https:\/\/www.mediaplateforme.com\/fr\/wp-json\/wp\/v2\/categories?post=6822"},{"taxonomy":"post_tag","embeddable":true,"href":"https:\/\/www.mediaplateforme.com\/fr\/wp-json\/wp\/v2\/tags?post=6822"}],"curies":[{"name":"wp","href":"https:\/\/api.w.org\/{rel}","templated":true}]}}