{"id":6799,"date":"2025-02-19T16:57:50","date_gmt":"2025-02-19T15:57:50","guid":{"rendered":"https:\/\/www.mediaplateforme.com\/fr\/?p=6799"},"modified":"2025-02-19T16:57:57","modified_gmt":"2025-02-19T15:57:57","slug":"aeronautica-militare-morocco-mall","status":"publish","type":"post","link":"https:\/\/www.mediaplateforme.com\/fr\/aeronautica-militare-morocco-mall\/","title":{"rendered":"Aeronautica Militare ouvre son premier magasin au Morocco Mall"},"content":{"rendered":"<p>Aeronautica Militare, marque italienne embl\u00e9matique de pr\u00eat-\u00e0-porter inspir\u00e9e de l\u2019aviation militaire, inaugure son premier <a href=\"https:\/\/www.mediaplateforme.com\/fr\/a-partir-daujourdhui-jeudi-4-juillet-aksal-et-morocco-mall-lancent-les-tres-attendus-soldes-dete\/\">magasin<\/a> au Morocco Mall de Casablanca. Cette ouverture marque un tournant pour la marque, qui fait ainsi son entr\u00e9e officielle sur le march\u00e9 marocain sous l\u2019impulsion de Chiccorner, son d\u00e9tenteur exclusif dans le pays.<\/p>\n<h4><strong>Un concept unique qui m\u00eale histoire et innovation<\/strong><\/h4>\n<p>Depuis plus de 20 ans, Aeronautica Militare incarne l\u2019excellence du Made in Italy en associant tradition et innovation. S\u2019inspirant du riche patrimoine de l\u2019Arm\u00e9e de l\u2019Air Italienne, elle est la seule marque de pr\u00eat-\u00e0-porter \u00e0 arborer officiellement ses \u00e9cussons et insignes. Con\u00e7ues pour hommes, femmes et enfants, ses collections conjuguent style contemporain et ADN militaire, avec des pi\u00e8ces embl\u00e9matiques telles que les vestes en cuir d\u2019aviateur, symboles d\u2019\u00e9l\u00e9gance et de durabilit\u00e9, les pantalons Anti-G inspir\u00e9s des combinaisons anti-gravit\u00e9 des pilotes, les polos et sweat-shirts orn\u00e9s des insignes officiels, ainsi que le blouson Frecce Tricolori, hommage \u00e0 la c\u00e9l\u00e8bre patrouille acrobatique italienne. Chaque cr\u00e9ation incarne un esprit d\u2019aventure, de courage et de pr\u00e9cision, valeurs fondatrices de la marque.<\/p>\n<p>\u00c0 l\u2019occasion de cette ouverture, Cristiano di Thiene S.p.A., licenci\u00e9 officiel mondial de la marque de v\u00eatements Aeronautica Militare, a d\u00e9clar\u00e9 :\u00a0<strong>\u00ab\u00a0Nous sommes ravis de voir Aeronautica Militare s\u2019implanter officiellement au Maroc gr\u00e2ce \u00e0 notre partenaire exclusif Chiccorner. Cette boutique repr\u00e9sente une nouvelle \u00e9tape dans notre d\u00e9veloppement international et t\u00e9moigne de l\u2019int\u00e9r\u00eat croissant pour nos collections inspir\u00e9es de l\u2019aviation et du savoir-faire italien.\u00a0\u00bb<\/strong><\/p>\n<p>Avec cette premi\u00e8re implantation \u00e0 Casablanca, Chiccorner, d\u00e9tenteur exclusif d\u2019Aeronautica Militare au Maroc, poursuit son ambition de faire d\u00e9couvrir aux consommateurs marocains des enseignes internationales prestigieuses. Le Morocco Mall, r\u00e9f\u00e9rence du shopping premium, devient ainsi la premi\u00e8re adresse de la marque en Afrique du nord.<\/p>\n<h4><strong>Un ancrage international renforc\u00e9<\/strong><\/h4>\n<p>Pr\u00e9sente dans plusieurs pays, Aeronautica Militare poursuit son expansion gr\u00e2ce \u00e0 un r\u00e9seau structur\u00e9 de flagship stores, de boutiques monomarques et de plateformes digitales. L\u2019ouverture au Morocco Mall s\u2019inscrit dans une strat\u00e9gie visant \u00e0 se rapprocher du public marocain passionn\u00e9 par la mode et l\u2019univers de l\u2019aviation.<\/p>\n<p>Pour plus d\u2019informations sur la marque et ses collections, consultez :\u00a0<a href=\"https:\/\/www.aeronauticamilitareofficialstore.it\/\" data-saferedirecturl=\"https:\/\/www.google.com\/url?q=https:\/\/www.aeronauticamilitareofficialstore.it&amp;source=gmail&amp;ust=1739980441531000&amp;usg=AOvVaw1YrzVRJbjagkwd4zcHF9oE\">www.aeronauticamilitareofficialstore.it<\/a><\/p>\n<p>Aeronautica Militare Morocco Mall<\/p>\n","protected":false},"excerpt":{"rendered":"<p>Aeronautica Militare, marque italienne embl\u00e9matique de pr\u00eat-\u00e0-porter inspir\u00e9e de l\u2019aviation militaire, inaugure son premier magasin<\/p>\n","protected":false},"author":1,"featured_media":6800,"comment_status":"open","ping_status":"open","sticky":false,"template":"","format":"standard","meta":{"_acf_changed":false,"footnotes":""},"categories":[2,3],"tags":[],"class_list":["post-6799","post","type-post","status-publish","format-standard","has-post-thumbnail","hentry","category-nouvelles","category-nouvelles-selectionnees"],"acf":[],"yoast_head":"<!-- This site is optimized with the Yoast SEO plugin v22.0 - https:\/\/yoast.com\/wordpress\/plugins\/seo\/ -->\n<title>Aeronautica Militare Morocco Mall - MEDIA PLATEFORME | FR<\/title>\n<meta name=\"description\" content=\"Aeronautica Militare ouvre son premier magasin au Morocco Mall marque italienne de pr\u00eat-\u00e0-porter inspir\u00e9e de l\u2019aviation militaire\" \/>\n<meta name=\"robots\" content=\"index, follow, max-snippet:-1, max-image-preview:large, max-video-preview:-1\" \/>\n<link rel=\"canonical\" href=\"https:\/\/www.mediaplateforme.com\/fr\/aeronautica-militare-morocco-mall\/\" \/>\n<meta property=\"og:locale\" content=\"fr_FR\" \/>\n<meta property=\"og:type\" content=\"article\" \/>\n<meta property=\"og:title\" content=\"Aeronautica Militare Morocco Mall - MEDIA PLATEFORME | FR\" \/>\n<meta property=\"og:description\" content=\"Aeronautica Militare ouvre son premier magasin au Morocco Mall marque italienne de pr\u00eat-\u00e0-porter inspir\u00e9e de l\u2019aviation militaire\" \/>\n<meta property=\"og:url\" content=\"https:\/\/www.mediaplateforme.com\/fr\/aeronautica-militare-morocco-mall\/\" \/>\n<meta property=\"og:site_name\" content=\"MEDIA PLATEFORME | FR\" \/>\n<meta property=\"article:published_time\" content=\"2025-02-19T15:57:50+00:00\" \/>\n<meta property=\"article:modified_time\" content=\"2025-02-19T15:57:57+00:00\" \/>\n<meta property=\"og:image\" content=\"https:\/\/www.mediaplateforme.com\/fr\/wp-content\/uploads\/sites\/5\/2025\/02\/8W6A2931.jpg\" \/>\n\t<meta property=\"og:image:width\" content=\"1500\" \/>\n\t<meta property=\"og:image:height\" content=\"1000\" \/>\n\t<meta property=\"og:image:type\" content=\"image\/jpeg\" \/>\n<meta name=\"author\" content=\"Mediaplateforme\" \/>\n<meta name=\"twitter:card\" content=\"summary_large_image\" \/>\n<meta name=\"twitter:label1\" content=\"\u00c9crit par\" \/>\n\t<meta name=\"twitter:data1\" content=\"Mediaplateforme\" \/>\n\t<meta name=\"twitter:label2\" content=\"Dur\u00e9e de lecture estim\u00e9e\" \/>\n\t<meta name=\"twitter:data2\" content=\"2 minutes\" \/>\n<script type=\"application\/ld+json\" class=\"yoast-schema-graph\">{\"@context\":\"https:\/\/schema.org\",\"@graph\":[{\"@type\":\"WebPage\",\"@id\":\"https:\/\/www.mediaplateforme.com\/fr\/aeronautica-militare-morocco-mall\/\",\"url\":\"https:\/\/www.mediaplateforme.com\/fr\/aeronautica-militare-morocco-mall\/\",\"name\":\"Aeronautica Militare Morocco Mall - MEDIA PLATEFORME | FR\",\"isPartOf\":{\"@id\":\"https:\/\/www.mediaplateforme.com\/fr\/#website\"},\"datePublished\":\"2025-02-19T15:57:50+00:00\",\"dateModified\":\"2025-02-19T15:57:57+00:00\",\"author\":{\"@id\":\"https:\/\/www.mediaplateforme.com\/fr\/#\/schema\/person\/89833db382b5db2c76b094bc902aa12a\"},\"description\":\"Aeronautica Militare ouvre son premier magasin au Morocco Mall marque italienne de pr\u00eat-\u00e0-porter inspir\u00e9e de l\u2019aviation militaire\",\"breadcrumb\":{\"@id\":\"https:\/\/www.mediaplateforme.com\/fr\/aeronautica-militare-morocco-mall\/#breadcrumb\"},\"inLanguage\":\"fr-FR\",\"potentialAction\":[{\"@type\":\"ReadAction\",\"target\":[\"https:\/\/www.mediaplateforme.com\/fr\/aeronautica-militare-morocco-mall\/\"]}]},{\"@type\":\"BreadcrumbList\",\"@id\":\"https:\/\/www.mediaplateforme.com\/fr\/aeronautica-militare-morocco-mall\/#breadcrumb\",\"itemListElement\":[{\"@type\":\"ListItem\",\"position\":1,\"name\":\"\u0627\u0644\u0631\u0626\u064a\u0633\u064a\u0629\",\"item\":\"https:\/\/www.mediaplateforme.com\/fr\/\"},{\"@type\":\"ListItem\",\"position\":2,\"name\":\"Aeronautica Militare ouvre son premier magasin au Morocco Mall\"}]},{\"@type\":\"WebSite\",\"@id\":\"https:\/\/www.mediaplateforme.com\/fr\/#website\",\"url\":\"https:\/\/www.mediaplateforme.com\/fr\/\",\"name\":\"MEDIA PLATEFORME | FR\",\"description\":\"Mediaplateforme sp\u00e9cialis\u00e9 dans la communication institutions publiques et des entreprises\",\"potentialAction\":[{\"@type\":\"SearchAction\",\"target\":{\"@type\":\"EntryPoint\",\"urlTemplate\":\"https:\/\/www.mediaplateforme.com\/fr\/?s={search_term_string}\"},\"query-input\":\"required name=search_term_string\"}],\"inLanguage\":\"fr-FR\"},{\"@type\":\"Person\",\"@id\":\"https:\/\/www.mediaplateforme.com\/fr\/#\/schema\/person\/89833db382b5db2c76b094bc902aa12a\",\"name\":\"Mediaplateforme\",\"image\":{\"@type\":\"ImageObject\",\"inLanguage\":\"fr-FR\",\"@id\":\"https:\/\/www.mediaplateforme.com\/fr\/#\/schema\/person\/image\/\",\"url\":\"https:\/\/secure.gravatar.com\/avatar\/6c9c02e8928cc65d54bf75157f7b3a2d06d7ad0494ca0951f679552ff03b34c1?s=96&d=mm&r=g\",\"contentUrl\":\"https:\/\/secure.gravatar.com\/avatar\/6c9c02e8928cc65d54bf75157f7b3a2d06d7ad0494ca0951f679552ff03b34c1?s=96&d=mm&r=g\",\"caption\":\"Mediaplateforme\"},\"sameAs\":[\"https:\/\/www.mediaplateforme.com\"],\"url\":\"https:\/\/www.mediaplateforme.com\/fr\/author\/mohamedladib\/\"}]}<\/script>\n<!-- \/ Yoast SEO plugin. -->","yoast_head_json":{"title":"Aeronautica Militare Morocco Mall - MEDIA PLATEFORME | FR","description":"Aeronautica Militare ouvre son premier magasin au Morocco Mall marque italienne de pr\u00eat-\u00e0-porter inspir\u00e9e de l\u2019aviation militaire","robots":{"index":"index","follow":"follow","max-snippet":"max-snippet:-1","max-image-preview":"max-image-preview:large","max-video-preview":"max-video-preview:-1"},"canonical":"https:\/\/www.mediaplateforme.com\/fr\/aeronautica-militare-morocco-mall\/","og_locale":"fr_FR","og_type":"article","og_title":"Aeronautica Militare Morocco Mall - MEDIA PLATEFORME | FR","og_description":"Aeronautica Militare ouvre son premier magasin au Morocco Mall marque italienne de pr\u00eat-\u00e0-porter inspir\u00e9e de l\u2019aviation militaire","og_url":"https:\/\/www.mediaplateforme.com\/fr\/aeronautica-militare-morocco-mall\/","og_site_name":"MEDIA PLATEFORME | FR","article_published_time":"2025-02-19T15:57:50+00:00","article_modified_time":"2025-02-19T15:57:57+00:00","og_image":[{"width":1500,"height":1000,"url":"https:\/\/www.mediaplateforme.com\/fr\/wp-content\/uploads\/sites\/5\/2025\/02\/8W6A2931.jpg","type":"image\/jpeg"}],"author":"Mediaplateforme","twitter_card":"summary_large_image","twitter_misc":{"\u00c9crit par":"Mediaplateforme","Dur\u00e9e de lecture estim\u00e9e":"2 minutes"},"schema":{"@context":"https:\/\/schema.org","@graph":[{"@type":"WebPage","@id":"https:\/\/www.mediaplateforme.com\/fr\/aeronautica-militare-morocco-mall\/","url":"https:\/\/www.mediaplateforme.com\/fr\/aeronautica-militare-morocco-mall\/","name":"Aeronautica Militare Morocco Mall - MEDIA PLATEFORME | FR","isPartOf":{"@id":"https:\/\/www.mediaplateforme.com\/fr\/#website"},"datePublished":"2025-02-19T15:57:50+00:00","dateModified":"2025-02-19T15:57:57+00:00","author":{"@id":"https:\/\/www.mediaplateforme.com\/fr\/#\/schema\/person\/89833db382b5db2c76b094bc902aa12a"},"description":"Aeronautica Militare ouvre son premier magasin au Morocco Mall marque italienne de pr\u00eat-\u00e0-porter inspir\u00e9e de l\u2019aviation militaire","breadcrumb":{"@id":"https:\/\/www.mediaplateforme.com\/fr\/aeronautica-militare-morocco-mall\/#breadcrumb"},"inLanguage":"fr-FR","potentialAction":[{"@type":"ReadAction","target":["https:\/\/www.mediaplateforme.com\/fr\/aeronautica-militare-morocco-mall\/"]}]},{"@type":"BreadcrumbList","@id":"https:\/\/www.mediaplateforme.com\/fr\/aeronautica-militare-morocco-mall\/#breadcrumb","itemListElement":[{"@type":"ListItem","position":1,"name":"\u0627\u0644\u0631\u0626\u064a\u0633\u064a\u0629","item":"https:\/\/www.mediaplateforme.com\/fr\/"},{"@type":"ListItem","position":2,"name":"Aeronautica Militare ouvre son premier magasin au Morocco Mall"}]},{"@type":"WebSite","@id":"https:\/\/www.mediaplateforme.com\/fr\/#website","url":"https:\/\/www.mediaplateforme.com\/fr\/","name":"MEDIA PLATEFORME | FR","description":"Mediaplateforme sp\u00e9cialis\u00e9 dans la communication institutions publiques et des entreprises","potentialAction":[{"@type":"SearchAction","target":{"@type":"EntryPoint","urlTemplate":"https:\/\/www.mediaplateforme.com\/fr\/?s={search_term_string}"},"query-input":"required name=search_term_string"}],"inLanguage":"fr-FR"},{"@type":"Person","@id":"https:\/\/www.mediaplateforme.com\/fr\/#\/schema\/person\/89833db382b5db2c76b094bc902aa12a","name":"Mediaplateforme","image":{"@type":"ImageObject","inLanguage":"fr-FR","@id":"https:\/\/www.mediaplateforme.com\/fr\/#\/schema\/person\/image\/","url":"https:\/\/secure.gravatar.com\/avatar\/6c9c02e8928cc65d54bf75157f7b3a2d06d7ad0494ca0951f679552ff03b34c1?s=96&d=mm&r=g","contentUrl":"https:\/\/secure.gravatar.com\/avatar\/6c9c02e8928cc65d54bf75157f7b3a2d06d7ad0494ca0951f679552ff03b34c1?s=96&d=mm&r=g","caption":"Mediaplateforme"},"sameAs":["https:\/\/www.mediaplateforme.com"],"url":"https:\/\/www.mediaplateforme.com\/fr\/author\/mohamedladib\/"}]}},"_links":{"self":[{"href":"https:\/\/www.mediaplateforme.com\/fr\/wp-json\/wp\/v2\/posts\/6799","targetHints":{"allow":["GET"]}}],"collection":[{"href":"https:\/\/www.mediaplateforme.com\/fr\/wp-json\/wp\/v2\/posts"}],"about":[{"href":"https:\/\/www.mediaplateforme.com\/fr\/wp-json\/wp\/v2\/types\/post"}],"author":[{"embeddable":true,"href":"https:\/\/www.mediaplateforme.com\/fr\/wp-json\/wp\/v2\/users\/1"}],"replies":[{"embeddable":true,"href":"https:\/\/www.mediaplateforme.com\/fr\/wp-json\/wp\/v2\/comments?post=6799"}],"version-history":[{"count":1,"href":"https:\/\/www.mediaplateforme.com\/fr\/wp-json\/wp\/v2\/posts\/6799\/revisions"}],"predecessor-version":[{"id":6801,"href":"https:\/\/www.mediaplateforme.com\/fr\/wp-json\/wp\/v2\/posts\/6799\/revisions\/6801"}],"wp:featuredmedia":[{"embeddable":true,"href":"https:\/\/www.mediaplateforme.com\/fr\/wp-json\/wp\/v2\/media\/6800"}],"wp:attachment":[{"href":"https:\/\/www.mediaplateforme.com\/fr\/wp-json\/wp\/v2\/media?parent=6799"}],"wp:term":[{"taxonomy":"category","embeddable":true,"href":"https:\/\/www.mediaplateforme.com\/fr\/wp-json\/wp\/v2\/categories?post=6799"},{"taxonomy":"post_tag","embeddable":true,"href":"https:\/\/www.mediaplateforme.com\/fr\/wp-json\/wp\/v2\/tags?post=6799"}],"curies":[{"name":"wp","href":"https:\/\/api.w.org\/{rel}","templated":true}]}}