{"id":6765,"date":"2025-02-13T18:29:35","date_gmt":"2025-02-13T17:29:35","guid":{"rendered":"https:\/\/www.mediaplateforme.com\/fr\/?p=6765"},"modified":"2025-02-13T18:30:47","modified_gmt":"2025-02-13T17:30:47","slug":"aleph-group-numerique","status":"publish","type":"post","link":"https:\/\/www.mediaplateforme.com\/fr\/aleph-group-numerique\/","title":{"rendered":"\u00a0Aleph Group C\u00e9l\u00e8bre 20 Ans de Leadership en Publicit\u00e9 Num\u00e9rique, Fintech et Edtech\u00a0"},"content":{"rendered":"<p><strong>Un Voyage de 20 Ans Vers l\u2019Accessibilit\u00e9 Num\u00e9rique Universelle :\u00a0<\/strong>Aleph Group, <a href=\"https:\/\/www.mediaplateforme.com\/fr\/aleph-sassocie-a-pinterest-en-tant-que-representant-commercial-au-maroc\/\">leader<\/a> mondial dans les domaines de la publicit\u00e9 num\u00e9rique, des services fintech et des technologies \u00e9ducatives, c\u00e9l\u00e8bre aujourd&rsquo;hui son 20\u1d49 anniversaire. Cette \u00e9tape importante n&rsquo;est pas seulement une reconnaissance des succ\u00e8s commerciaux, mais aussi une c\u00e9l\u00e9bration de deux d\u00e9cennies d&rsquo;innovation, de croissance et d&rsquo;engagement en faveur d&rsquo;un monde num\u00e9rique plus inclusif.<\/p>\n<div class=\"my-2\"><\/div>\n<p>Depuis sa fondation \u00e0 Miami en 2005, Aleph a su \u00e9voluer rapidement pour devenir une r\u00e9f\u00e9rence mondiale dans l&rsquo;\u00e9cosyst\u00e8me num\u00e9rique. Aujourd\u2019hui, elle op\u00e8re dans plus de 150 march\u00e9s, s\u2019appuie sur plus de 60 partenariats exclusifs, et accompagne plus de 26 000 annonceurs gr\u00e2ce \u00e0 un r\u00e9seau de plus de 1 500 collaborateurs talentueux.<\/p>\n<div class=\"my-2\"><\/div>\n<h3><strong>\u00a0 \u00a0Une Vision Audacieuse pour Transformer les \u00c9conomies \u00c9mergentes<\/strong><\/h3>\n<p>Le succ\u00e8s d&rsquo;Aleph repose sur une vision claire et ambitieuse : rendre le monde num\u00e9rique accessible \u00e0 tous. \u00ab Lorsque nous avons commenc\u00e9, notre objectif n&rsquo;\u00e9tait pas simplement d&rsquo;int\u00e9grer le digital, mais de permettre \u00e0 chacun d&rsquo;en faire partie \u00bb, explique Gaston Taratuta, fondateur et CEO d&rsquo;Aleph.<\/p>\n<div class=\"my-2\"><\/div>\n<p>Cet engagement a conduit Aleph \u00e0 :<\/p>\n<div class=\"my-2\"><\/div>\n<ul>\n<li><strong>Transformer la publicit\u00e9 num\u00e9rique : <\/strong>En offrant des solutions innovantes qui connectent entreprises et consommateurs via des plateformes num\u00e9riques performantes.<\/li>\n<li><strong>R\u00e9volutionner la fintech : <\/strong>En facilitant l&rsquo;acc\u00e8s aux services financiers digitaux pour les petites entreprises et les entrepreneurs.<\/li>\n<li><strong>Promouvoir l&rsquo;edtech : <\/strong>En d\u00e9veloppant des outils \u00e9ducatifs accessibles pour am\u00e9liorer les comp\u00e9tences num\u00e9riques dans les \u00e9conomies \u00e9mergentes.<\/li>\n<\/ul>\n<div class=\"my-2\"><\/div>\n<h3><strong>\u00a0 Une Campagne Vid\u00e9o Qui R\u00e9sume 20 Ans d\u2019Impact<\/strong><\/h3>\n<p>\u00c0 l&rsquo;occasion de son 20\u1d49 anniversaire, Aleph pr\u00e9sente une vid\u00e9o manifeste mettant en lumi\u00e8re ses collaborateurs du monde entier. Ce film symbolise parfaitement l&rsquo;essence m\u00eame de l&rsquo;entreprise : \u00ab Chez Aleph, il n\u2019y a pas de place pour les petits r\u00eaves. C\u2019est ainsi que naissent les grandes r\u00e9ussites. \u00bb<\/p>\n<div class=\"my-2\"><\/div>\n<p>Cette campagne ne se limite pas \u00e0 raconter l&rsquo;histoire d&rsquo;Aleph ; elle invite \u00e9galement les spectateurs \u00e0 r\u00e9fl\u00e9chir sur leurs propres ambitions num\u00e9riques. En posant la question : <strong>\u00ab Jusqu&rsquo;o\u00f9 s&rsquo;\u00e9tend votre monde ? \u00bb <\/strong>, Aleph encourage les entreprises, les entrepreneurs et les individus \u00e0 viser plus loin et \u00e0 explorer les opportunit\u00e9s infinies offertes par la r\u00e9volution num\u00e9rique.<\/p>\n<div class=\"my-2\"><strong>\u00a0<\/strong><\/div>\n<div class=\"my-2\"><strong>Un Succ\u00e8s Mesur\u00e9 Par L\u2019Impact Positif<\/strong><\/div>\n<p>Pour Aleph, le succ\u00e8s n&rsquo;est pas uniquement d\u00e9fini par les chiffres ou les parts de march\u00e9. Il s&rsquo;agit avant tout d&rsquo;aider les autres \u00e0 grandir. Comme le souligne Mohamed Megahed, Directeur G\u00e9n\u00e9ral pour la r\u00e9gion MENAT : \u00ab Notre succ\u00e8s est avant tout le fruit de nos \u00e9quipes talentueuses. Nous sommes fiers d\u2019avoir contribu\u00e9 activement \u00e0 cette aventure collective, convaincus que la v\u00e9ritable r\u00e9ussite se mesure par ce que nous accomplissons ensemble. \u00bb<\/p>\n<div class=\"my-2\"><\/div>\n<p><strong>Les r\u00e9alisations d&rsquo;Aleph incluent :<\/strong><\/p>\n<h3 class=\"my-2\"><\/h3>\n<ul>\n<li><strong>Un r\u00e9seau mondial \u00e9tendu : <\/strong>Pr\u00e9sence dans plus de 150 march\u00e9s.<\/li>\n<li><strong>Partenariats strat\u00e9giques : <\/strong>Plus de 60 partenariats exclusifs pour acc\u00e9l\u00e9rer l&rsquo;innovation.<\/li>\n<li><strong>Impact social : <\/strong>Contribution significative au d\u00e9veloppement des \u00e9conomies locales gr\u00e2ce \u00e0 des solutions num\u00e9riques inclusives.<\/li>\n<\/ul>\n<div class=\"my-2\"><strong>\u00a0<\/strong><\/div>\n<div class=\"my-2\"><strong> Vers un Futur Num\u00e9rique Plus Inclusif<\/strong><\/div>\n<p>En c\u00e9l\u00e9brant ses 20 ans, Aleph Group renouvelle son engagement envers un monde num\u00e9rique plus accessible et inclusif. Gr\u00e2ce \u00e0 son expertise, son innovation constante et sa collaboration avec des partenaires mondiaux, Aleph continue de fa\u00e7onner l&rsquo;avenir des \u00e9conomies num\u00e9riques.<\/p>\n<div class=\"my-2\"><\/div>\n<p>Rejoignez Aleph dans cette c\u00e9l\u00e9bration et d\u00e9couvrez comment elle fa\u00e7onne l&rsquo;avenir. Regardez la vid\u00e9o manifeste et explorez les opportunit\u00e9s offertes par une transformation num\u00e9rique inclusive.<\/p>\n<div class=\"my-2\"><\/div>\n<p style=\"text-align: center;\" data-spm-anchor-id=\"5aebb161.2ef5001f.0.i62.6c8ac921INPiaG\"><strong>\u00ab Jusqu&rsquo;o\u00f9 s&rsquo;\u00e9tend votre monde ? \u00bb<\/strong><\/p>\n","protected":false},"excerpt":{"rendered":"<p>Un Voyage de 20 Ans Vers l\u2019Accessibilit\u00e9 Num\u00e9rique Universelle :\u00a0Aleph Group, leader mondial dans les<\/p>\n","protected":false},"author":1,"featured_media":6766,"comment_status":"open","ping_status":"open","sticky":false,"template":"","format":"standard","meta":{"_acf_changed":false,"footnotes":""},"categories":[5,3],"tags":[764,2888,2887,290,2130,268],"class_list":["post-6765","post","type-post","status-publish","format-standard","has-post-thumbnail","hentry","category-tech","category-nouvelles-selectionnees","tag-aleph-group","tag-economies-emergentes","tag-edtech","tag-fintech","tag-publicite-numerique","tag-transformation-numerique"],"acf":[],"yoast_head":"<!-- This site is optimized with the Yoast SEO plugin v22.0 - https:\/\/yoast.com\/wordpress\/plugins\/seo\/ -->\n<title>Aleph Group Num\u00e9rique - MEDIA PLATEFORME | FR<\/title>\n<meta name=\"description\" content=\"\u00a0Aleph Group a r\u00e9volutionn\u00e9 le monde num\u00e9rique au cours des 20 derni\u00e8res ann\u00e9es, avec un engagement fort envers les \u00e9conomies \u00e9mergentes.\" \/>\n<meta name=\"robots\" content=\"index, follow, max-snippet:-1, max-image-preview:large, max-video-preview:-1\" \/>\n<link rel=\"canonical\" href=\"https:\/\/www.mediaplateforme.com\/fr\/aleph-group-numerique\/\" \/>\n<meta property=\"og:locale\" content=\"fr_FR\" \/>\n<meta property=\"og:type\" content=\"article\" \/>\n<meta property=\"og:title\" content=\"Aleph Group Num\u00e9rique - MEDIA PLATEFORME | FR\" \/>\n<meta property=\"og:description\" content=\"\u00a0Aleph Group a r\u00e9volutionn\u00e9 le monde num\u00e9rique au cours des 20 derni\u00e8res ann\u00e9es, avec un engagement fort envers les \u00e9conomies \u00e9mergentes.\" \/>\n<meta property=\"og:url\" content=\"https:\/\/www.mediaplateforme.com\/fr\/aleph-group-numerique\/\" \/>\n<meta property=\"og:site_name\" content=\"MEDIA PLATEFORME | FR\" \/>\n<meta property=\"article:published_time\" content=\"2025-02-13T17:29:35+00:00\" \/>\n<meta property=\"article:modified_time\" content=\"2025-02-13T17:30:47+00:00\" \/>\n<meta property=\"og:image\" content=\"https:\/\/www.mediaplateforme.com\/fr\/wp-content\/uploads\/sites\/5\/2025\/02\/onBlueBG.jpg\" \/>\n\t<meta property=\"og:image:width\" content=\"2310\" \/>\n\t<meta property=\"og:image:height\" content=\"2160\" \/>\n\t<meta property=\"og:image:type\" content=\"image\/jpeg\" \/>\n<meta name=\"author\" content=\"Mediaplateforme\" \/>\n<meta name=\"twitter:card\" content=\"summary_large_image\" \/>\n<meta name=\"twitter:label1\" content=\"\u00c9crit par\" \/>\n\t<meta name=\"twitter:data1\" content=\"Mediaplateforme\" \/>\n\t<meta name=\"twitter:label2\" content=\"Dur\u00e9e de lecture estim\u00e9e\" \/>\n\t<meta name=\"twitter:data2\" content=\"3 minutes\" \/>\n<script type=\"application\/ld+json\" class=\"yoast-schema-graph\">{\"@context\":\"https:\/\/schema.org\",\"@graph\":[{\"@type\":\"WebPage\",\"@id\":\"https:\/\/www.mediaplateforme.com\/fr\/aleph-group-numerique\/\",\"url\":\"https:\/\/www.mediaplateforme.com\/fr\/aleph-group-numerique\/\",\"name\":\"Aleph Group Num\u00e9rique - MEDIA PLATEFORME | FR\",\"isPartOf\":{\"@id\":\"https:\/\/www.mediaplateforme.com\/fr\/#website\"},\"datePublished\":\"2025-02-13T17:29:35+00:00\",\"dateModified\":\"2025-02-13T17:30:47+00:00\",\"author\":{\"@id\":\"https:\/\/www.mediaplateforme.com\/fr\/#\/schema\/person\/89833db382b5db2c76b094bc902aa12a\"},\"description\":\"\u00a0Aleph Group a r\u00e9volutionn\u00e9 le monde num\u00e9rique au cours des 20 derni\u00e8res ann\u00e9es, avec un engagement fort envers les \u00e9conomies \u00e9mergentes.\",\"breadcrumb\":{\"@id\":\"https:\/\/www.mediaplateforme.com\/fr\/aleph-group-numerique\/#breadcrumb\"},\"inLanguage\":\"fr-FR\",\"potentialAction\":[{\"@type\":\"ReadAction\",\"target\":[\"https:\/\/www.mediaplateforme.com\/fr\/aleph-group-numerique\/\"]}]},{\"@type\":\"BreadcrumbList\",\"@id\":\"https:\/\/www.mediaplateforme.com\/fr\/aleph-group-numerique\/#breadcrumb\",\"itemListElement\":[{\"@type\":\"ListItem\",\"position\":1,\"name\":\"\u0627\u0644\u0631\u0626\u064a\u0633\u064a\u0629\",\"item\":\"https:\/\/www.mediaplateforme.com\/fr\/\"},{\"@type\":\"ListItem\",\"position\":2,\"name\":\"\u00a0Aleph Group C\u00e9l\u00e8bre 20 Ans de Leadership en Publicit\u00e9 Num\u00e9rique, Fintech et Edtech\u00a0\"}]},{\"@type\":\"WebSite\",\"@id\":\"https:\/\/www.mediaplateforme.com\/fr\/#website\",\"url\":\"https:\/\/www.mediaplateforme.com\/fr\/\",\"name\":\"MEDIA PLATEFORME | FR\",\"description\":\"Mediaplateforme sp\u00e9cialis\u00e9 dans la communication institutions publiques et des entreprises\",\"potentialAction\":[{\"@type\":\"SearchAction\",\"target\":{\"@type\":\"EntryPoint\",\"urlTemplate\":\"https:\/\/www.mediaplateforme.com\/fr\/?s={search_term_string}\"},\"query-input\":\"required name=search_term_string\"}],\"inLanguage\":\"fr-FR\"},{\"@type\":\"Person\",\"@id\":\"https:\/\/www.mediaplateforme.com\/fr\/#\/schema\/person\/89833db382b5db2c76b094bc902aa12a\",\"name\":\"Mediaplateforme\",\"image\":{\"@type\":\"ImageObject\",\"inLanguage\":\"fr-FR\",\"@id\":\"https:\/\/www.mediaplateforme.com\/fr\/#\/schema\/person\/image\/\",\"url\":\"https:\/\/secure.gravatar.com\/avatar\/6c9c02e8928cc65d54bf75157f7b3a2d06d7ad0494ca0951f679552ff03b34c1?s=96&d=mm&r=g\",\"contentUrl\":\"https:\/\/secure.gravatar.com\/avatar\/6c9c02e8928cc65d54bf75157f7b3a2d06d7ad0494ca0951f679552ff03b34c1?s=96&d=mm&r=g\",\"caption\":\"Mediaplateforme\"},\"sameAs\":[\"https:\/\/www.mediaplateforme.com\"],\"url\":\"https:\/\/www.mediaplateforme.com\/fr\/author\/mohamedladib\/\"}]}<\/script>\n<!-- \/ Yoast SEO plugin. -->","yoast_head_json":{"title":"Aleph Group Num\u00e9rique - MEDIA PLATEFORME | FR","description":"\u00a0Aleph Group a r\u00e9volutionn\u00e9 le monde num\u00e9rique au cours des 20 derni\u00e8res ann\u00e9es, avec un engagement fort envers les \u00e9conomies \u00e9mergentes.","robots":{"index":"index","follow":"follow","max-snippet":"max-snippet:-1","max-image-preview":"max-image-preview:large","max-video-preview":"max-video-preview:-1"},"canonical":"https:\/\/www.mediaplateforme.com\/fr\/aleph-group-numerique\/","og_locale":"fr_FR","og_type":"article","og_title":"Aleph Group Num\u00e9rique - MEDIA PLATEFORME | FR","og_description":"\u00a0Aleph Group a r\u00e9volutionn\u00e9 le monde num\u00e9rique au cours des 20 derni\u00e8res ann\u00e9es, avec un engagement fort envers les \u00e9conomies \u00e9mergentes.","og_url":"https:\/\/www.mediaplateforme.com\/fr\/aleph-group-numerique\/","og_site_name":"MEDIA PLATEFORME | FR","article_published_time":"2025-02-13T17:29:35+00:00","article_modified_time":"2025-02-13T17:30:47+00:00","og_image":[{"width":2310,"height":2160,"url":"https:\/\/www.mediaplateforme.com\/fr\/wp-content\/uploads\/sites\/5\/2025\/02\/onBlueBG.jpg","type":"image\/jpeg"}],"author":"Mediaplateforme","twitter_card":"summary_large_image","twitter_misc":{"\u00c9crit par":"Mediaplateforme","Dur\u00e9e de lecture estim\u00e9e":"3 minutes"},"schema":{"@context":"https:\/\/schema.org","@graph":[{"@type":"WebPage","@id":"https:\/\/www.mediaplateforme.com\/fr\/aleph-group-numerique\/","url":"https:\/\/www.mediaplateforme.com\/fr\/aleph-group-numerique\/","name":"Aleph Group Num\u00e9rique - MEDIA PLATEFORME | FR","isPartOf":{"@id":"https:\/\/www.mediaplateforme.com\/fr\/#website"},"datePublished":"2025-02-13T17:29:35+00:00","dateModified":"2025-02-13T17:30:47+00:00","author":{"@id":"https:\/\/www.mediaplateforme.com\/fr\/#\/schema\/person\/89833db382b5db2c76b094bc902aa12a"},"description":"\u00a0Aleph Group a r\u00e9volutionn\u00e9 le monde num\u00e9rique au cours des 20 derni\u00e8res ann\u00e9es, avec un engagement fort envers les \u00e9conomies \u00e9mergentes.","breadcrumb":{"@id":"https:\/\/www.mediaplateforme.com\/fr\/aleph-group-numerique\/#breadcrumb"},"inLanguage":"fr-FR","potentialAction":[{"@type":"ReadAction","target":["https:\/\/www.mediaplateforme.com\/fr\/aleph-group-numerique\/"]}]},{"@type":"BreadcrumbList","@id":"https:\/\/www.mediaplateforme.com\/fr\/aleph-group-numerique\/#breadcrumb","itemListElement":[{"@type":"ListItem","position":1,"name":"\u0627\u0644\u0631\u0626\u064a\u0633\u064a\u0629","item":"https:\/\/www.mediaplateforme.com\/fr\/"},{"@type":"ListItem","position":2,"name":"\u00a0Aleph Group C\u00e9l\u00e8bre 20 Ans de Leadership en Publicit\u00e9 Num\u00e9rique, Fintech et Edtech\u00a0"}]},{"@type":"WebSite","@id":"https:\/\/www.mediaplateforme.com\/fr\/#website","url":"https:\/\/www.mediaplateforme.com\/fr\/","name":"MEDIA PLATEFORME | FR","description":"Mediaplateforme sp\u00e9cialis\u00e9 dans la communication institutions publiques et des entreprises","potentialAction":[{"@type":"SearchAction","target":{"@type":"EntryPoint","urlTemplate":"https:\/\/www.mediaplateforme.com\/fr\/?s={search_term_string}"},"query-input":"required name=search_term_string"}],"inLanguage":"fr-FR"},{"@type":"Person","@id":"https:\/\/www.mediaplateforme.com\/fr\/#\/schema\/person\/89833db382b5db2c76b094bc902aa12a","name":"Mediaplateforme","image":{"@type":"ImageObject","inLanguage":"fr-FR","@id":"https:\/\/www.mediaplateforme.com\/fr\/#\/schema\/person\/image\/","url":"https:\/\/secure.gravatar.com\/avatar\/6c9c02e8928cc65d54bf75157f7b3a2d06d7ad0494ca0951f679552ff03b34c1?s=96&d=mm&r=g","contentUrl":"https:\/\/secure.gravatar.com\/avatar\/6c9c02e8928cc65d54bf75157f7b3a2d06d7ad0494ca0951f679552ff03b34c1?s=96&d=mm&r=g","caption":"Mediaplateforme"},"sameAs":["https:\/\/www.mediaplateforme.com"],"url":"https:\/\/www.mediaplateforme.com\/fr\/author\/mohamedladib\/"}]}},"_links":{"self":[{"href":"https:\/\/www.mediaplateforme.com\/fr\/wp-json\/wp\/v2\/posts\/6765","targetHints":{"allow":["GET"]}}],"collection":[{"href":"https:\/\/www.mediaplateforme.com\/fr\/wp-json\/wp\/v2\/posts"}],"about":[{"href":"https:\/\/www.mediaplateforme.com\/fr\/wp-json\/wp\/v2\/types\/post"}],"author":[{"embeddable":true,"href":"https:\/\/www.mediaplateforme.com\/fr\/wp-json\/wp\/v2\/users\/1"}],"replies":[{"embeddable":true,"href":"https:\/\/www.mediaplateforme.com\/fr\/wp-json\/wp\/v2\/comments?post=6765"}],"version-history":[{"count":3,"href":"https:\/\/www.mediaplateforme.com\/fr\/wp-json\/wp\/v2\/posts\/6765\/revisions"}],"predecessor-version":[{"id":6769,"href":"https:\/\/www.mediaplateforme.com\/fr\/wp-json\/wp\/v2\/posts\/6765\/revisions\/6769"}],"wp:featuredmedia":[{"embeddable":true,"href":"https:\/\/www.mediaplateforme.com\/fr\/wp-json\/wp\/v2\/media\/6766"}],"wp:attachment":[{"href":"https:\/\/www.mediaplateforme.com\/fr\/wp-json\/wp\/v2\/media?parent=6765"}],"wp:term":[{"taxonomy":"category","embeddable":true,"href":"https:\/\/www.mediaplateforme.com\/fr\/wp-json\/wp\/v2\/categories?post=6765"},{"taxonomy":"post_tag","embeddable":true,"href":"https:\/\/www.mediaplateforme.com\/fr\/wp-json\/wp\/v2\/tags?post=6765"}],"curies":[{"name":"wp","href":"https:\/\/api.w.org\/{rel}","templated":true}]}}