{"id":6748,"date":"2025-02-11T15:14:56","date_gmt":"2025-02-11T14:14:56","guid":{"rendered":"https:\/\/www.mediaplateforme.com\/fr\/?p=6748"},"modified":"2025-02-11T15:15:05","modified_gmt":"2025-02-11T14:15:05","slug":"africorp-consortium","status":"publish","type":"post","link":"https:\/\/www.mediaplateforme.com\/fr\/africorp-consortium\/","title":{"rendered":"Africorp Consortium :\u00a0Une Vision Futuriste pour le Bien-\u00eatre et le Sommeil"},"content":{"rendered":"<p><strong>\u00a0Dans un monde en constante \u00e9volution, les acquisitions strat\u00e9giques et les investissements majeurs sont des indicateurs clairs de l&rsquo;importance de l&rsquo;innovation et de l&rsquo;int\u00e9gration sectorielle. Aujourd&rsquo;hui, Africorp Consortium, un groupe multis\u00e9culaire op\u00e9rant dans des secteurs vari\u00e9s tels que l&rsquo;industrie, l&rsquo;agriculture, les mines et l&rsquo;\u00e9ducation, inscrit un nouveau chapitre dans son histoire gr\u00e2ce \u00e0 l&rsquo;acquisition de plus de 60 % d&rsquo;Intercoil International, une entreprise \u00e9miratie renomm\u00e9e pour son expertise de plus de 50 ans dans la production de mousse industrielle et de matelas.<\/strong><\/p>\n<div class=\"my-2\"><\/div>\n<p>Sous la direction de M. Saad Berrada Sounni, pr\u00e9sident du groupe, cette alliance strat\u00e9gique marque le d\u00e9but d&rsquo;une nouvelle \u00e8re de leadership mondial pour Africorp Consortium dans le domaine du bien-\u00eatre et du sommeil.<\/p>\n<div class=\"my-2\"><\/div>\n<h3><strong>\u00a0 \u00a0Le Partenariat Strat\u00e9gique, D\u00e9but d&rsquo;une Croissance Acc\u00e9l\u00e9r\u00e9e<\/strong><\/h3>\n<p>Africorp Consortium n&rsquo;est pas seulement un nom ; c&rsquo;est un symbole de vision future et de planification intelligente. Avec cet accord, le groupe vise \u00e0 consolider sa position comme acteur cl\u00e9 sur le march\u00e9 international de la literie.<\/p>\n<div class=\"my-2\"><\/div>\n<h4><strong>Pourquoi cette acquisition est-elle cruciale ?<\/strong><\/h4>\n<ul>\n<li><strong>Expansion internationale : <\/strong>En combinant l&rsquo;expertise d&rsquo;Intercoil avec la pr\u00e9sence d\u00e9j\u00e0 solide de <a href=\"https:\/\/www.mediaplateforme.com\/fr\/home-store-dolidol\/\">Dolidol<\/a> en Afrique, Africorp Consortium cr\u00e9e un pont entre l&rsquo;Afrique et le Moyen-Orient.<\/li>\n<li><strong>Diversification des marques et produits : <\/strong>Maintenant propri\u00e9taire des licences exclusives de marques embl\u00e9matiques telles que Simmons\u00ae, Therapedic\u00ae et Beautyrest\u00ae, le groupe peut offrir une gamme compl\u00e8te de solutions adapt\u00e9es aux besoins des clients.<\/li>\n<li><strong>Investissement massif : <\/strong>L&rsquo;accord de 55 millions de dollars avec le gouvernement qatari t\u00e9moigne de la confiance plac\u00e9e dans le potentiel de croissance du groupe.<\/li>\n<\/ul>\n<div class=\"my-2\"><\/div>\n<h3><strong>\u00a0 \u00a0Les Cinq Axes Strat\u00e9giques pour l&rsquo;Excellence<\/strong><\/h3>\n<h4><strong>1. Expansion Industrielle<\/strong><\/h4>\n<p>Gr\u00e2ce \u00e0 des investissements audacieux pour moderniser les usines existantes et cr\u00e9er de nouveaux sites de production. Africorp Consortium pr\u00e9voit d&rsquo;augmenter significativement sa capacit\u00e9 de production. L&rsquo;utilisation de technologies avanc\u00e9es permettra d&rsquo;am\u00e9liorer l&rsquo;efficacit\u00e9 tout en r\u00e9duisant les co\u00fbts, garantissant ainsi des produits de haute qualit\u00e9 \u00e0 des prix comp\u00e9titifs.<\/p>\n<div class=\"my-2\"><\/div>\n<h4><strong>2. Croissance Commerciale et Expansion R\u00e9gionale<\/strong><\/h4>\n<p>L&rsquo;ouverture de 20 nouveaux magasins dans des pays strat\u00e9giques tels que les \u00c9mirats Arabes Unis, l&rsquo;Arabie Saoudite, l&rsquo;Irak, Oman, Bahre\u00efn. Qatar et l&rsquo;\u00c9gypte refl\u00e8te l&rsquo;engagement du groupe \u00e0 renforcer sa pr\u00e9sence sur les march\u00e9s cl\u00e9s. Les showrooms intelligents int\u00e9grant l&rsquo;intelligence artificielle (IA) et la r\u00e9alit\u00e9 virtuelle (VR) transformeront l&rsquo;exp\u00e9rience d&rsquo;achat en une interaction immersive et personnalis\u00e9e.<\/p>\n<div class=\"my-2\"><\/div>\n<h4><strong>3. Innovation et Leadership Technologique<\/strong><\/h4>\n<p>En mettant l&rsquo;accent sur la recherche et le d\u00e9veloppement. Africorp Consortium d\u00e9veloppe des matelas intelligents \u00e9quip\u00e9s de capteurs connect\u00e9s qui fournissent des analyses d\u00e9taill\u00e9es sur la qualit\u00e9 du sommeil. Cette initiative place le groupe au c\u0153ur de l&rsquo;innovation technologique dans le domaine du bien-\u00eatre.<\/p>\n<div class=\"my-2\"><\/div>\n<h4><strong>4. Engagement pour la Durabilit\u00e9<\/strong><\/h4>\n<p>La durabilit\u00e9 est une composante essentielle de la strat\u00e9gie d&rsquo;Africorp Consortium. Les nouvelles usines seront aliment\u00e9es par l&rsquo;\u00e9nergie solaire, et le groupe produira des matelas recyclables \u00e0 100 %. Ces efforts illustrent l&rsquo;engagement du groupe envers la protection de l&rsquo;environnement et la construction d&rsquo;un avenir meilleur pour les g\u00e9n\u00e9rations futures.<\/p>\n<div class=\"my-2\"><\/div>\n<h4><strong>5. Renforcement du Positionnement de Marque<\/strong><\/h4>\n<p>En mettant en avant ce partenariat comme une collaboration strat\u00e9gique maroco-\u00e9miratie soutenue par les minist\u00e8res de l&rsquo;industrie des deux pays. Africorp Consortium consolide son image de leader responsable et innovant. Cette visibilit\u00e9 sera amplifi\u00e9e \u00e0 travers divers canaux m\u00e9diatiques pour renforcer la notori\u00e9t\u00e9 de la marque.<\/p>\n<div class=\"my-2\"><\/div>\n<h3><strong>\u00a0 \u00a0 Pourquoi Devriez-vous Vous Int\u00e9resser?\u00a0<\/strong><\/h3>\n<p>Chers lecteurs, recherchez-vous des produits alliant qualit\u00e9 sup\u00e9rieure et technologies modernes ? Croyez-vous \u00e0 l&rsquo;importance d&rsquo;investir dans des entreprises ax\u00e9es sur la durabilit\u00e9 et la responsabilit\u00e9 sociale ? Si oui, alors Africorp Consortium vous offre l&rsquo;opportunit\u00e9 unique de participer \u00e0 une aventure qui fa\u00e7onne l&rsquo;avenir du bien-\u00eatre et du sommeil.<\/p>\n<div class=\"my-2\"><\/div>\n<p>Que vous soyez consommateur ou investisseur, rejoindre cette mission signifie contribuer activement \u00e0 b\u00e2tir un futur o\u00f9 progr\u00e8s \u00e9conomique et impact positif vont de pair.<\/p>\n<div class=\"my-2\"><\/div>\n<h3>Explorez la gamme de produits<\/h3>\n<p>N&rsquo;attendez plus ! Visitez le site web <a href=\"https:\/\/chat.qwenlm.ai\/c\/bbdda4b3-d88a-4eb7-80ac-96f968a57dc3#\" target=\"_blank\" rel=\"nofollow noopener\">lematelas.com <\/a>et explorez la large gamme de produits con\u00e7us sp\u00e9cialement pour r\u00e9pondre \u00e0 vos besoins.<\/p>\n<p><strong>\u00a0Devenez partie prenante de l&rsquo;avenir de l&rsquo;industrie du sommeil avec Africorp Consortium !\u00a0<\/strong><\/p>\n<div class=\"my-2\"><\/div>\n","protected":false},"excerpt":{"rendered":"<p>\u00a0Dans un monde en constante \u00e9volution, les acquisitions strat\u00e9giques et les investissements majeurs sont des<\/p>\n","protected":false},"author":1,"featured_media":6749,"comment_status":"open","ping_status":"open","sticky":false,"template":"","format":"standard","meta":{"_acf_changed":false,"footnotes":""},"categories":[1644,3],"tags":[2874,2872,763,2875,2873,2877,2876],"class_list":["post-6748","post","type-post","status-publish","format-standard","has-post-thumbnail","hentry","category-industrie","category-nouvelles-selectionnees","tag-acquisition-strategique","tag-africorp-consortium","tag-developpement-durable","tag-industrie-de-la-literie","tag-intercoil-international","tag-moyen-orient-et-afrique","tag-saad-berrada-sounni"],"acf":[],"yoast_head":"<!-- This site is optimized with the Yoast SEO plugin v22.0 - https:\/\/yoast.com\/wordpress\/plugins\/seo\/ -->\n<title>Africorp Consortium - MEDIA PLATEFORME | FR<\/title>\n<meta name=\"description\" content=\"\u00a0D\u00e9couvrez comment Africorp Consortium red\u00e9finit l&#039;industrie de la literie gr\u00e2ce \u00e0 une acquisition strat\u00e9gique de 55M de dollars.\" \/>\n<meta name=\"robots\" content=\"index, follow, max-snippet:-1, max-image-preview:large, max-video-preview:-1\" \/>\n<link rel=\"canonical\" href=\"https:\/\/www.mediaplateforme.com\/fr\/africorp-consortium\/\" \/>\n<meta property=\"og:locale\" content=\"fr_FR\" \/>\n<meta property=\"og:type\" content=\"article\" \/>\n<meta property=\"og:title\" content=\"Africorp Consortium - MEDIA PLATEFORME | FR\" \/>\n<meta property=\"og:description\" content=\"\u00a0D\u00e9couvrez comment Africorp Consortium red\u00e9finit l&#039;industrie de la literie gr\u00e2ce \u00e0 une acquisition strat\u00e9gique de 55M de dollars.\" \/>\n<meta property=\"og:url\" content=\"https:\/\/www.mediaplateforme.com\/fr\/africorp-consortium\/\" \/>\n<meta property=\"og:site_name\" content=\"MEDIA PLATEFORME | FR\" \/>\n<meta property=\"article:published_time\" content=\"2025-02-11T14:14:56+00:00\" \/>\n<meta property=\"article:modified_time\" content=\"2025-02-11T14:15:05+00:00\" \/>\n<meta property=\"og:image\" content=\"https:\/\/www.mediaplateforme.com\/fr\/wp-content\/uploads\/sites\/5\/2025\/02\/Photo-signature-Africorp-Consortium-Doha.jpeg\" \/>\n\t<meta property=\"og:image:width\" content=\"1600\" \/>\n\t<meta property=\"og:image:height\" content=\"948\" \/>\n\t<meta property=\"og:image:type\" content=\"image\/jpeg\" \/>\n<meta name=\"author\" content=\"Mediaplateforme\" \/>\n<meta name=\"twitter:card\" content=\"summary_large_image\" \/>\n<meta name=\"twitter:label1\" content=\"\u00c9crit par\" \/>\n\t<meta name=\"twitter:data1\" content=\"Mediaplateforme\" \/>\n\t<meta name=\"twitter:label2\" content=\"Dur\u00e9e de lecture estim\u00e9e\" \/>\n\t<meta name=\"twitter:data2\" content=\"4 minutes\" \/>\n<script type=\"application\/ld+json\" class=\"yoast-schema-graph\">{\"@context\":\"https:\/\/schema.org\",\"@graph\":[{\"@type\":\"WebPage\",\"@id\":\"https:\/\/www.mediaplateforme.com\/fr\/africorp-consortium\/\",\"url\":\"https:\/\/www.mediaplateforme.com\/fr\/africorp-consortium\/\",\"name\":\"Africorp Consortium - MEDIA PLATEFORME | FR\",\"isPartOf\":{\"@id\":\"https:\/\/www.mediaplateforme.com\/fr\/#website\"},\"datePublished\":\"2025-02-11T14:14:56+00:00\",\"dateModified\":\"2025-02-11T14:15:05+00:00\",\"author\":{\"@id\":\"https:\/\/www.mediaplateforme.com\/fr\/#\/schema\/person\/89833db382b5db2c76b094bc902aa12a\"},\"description\":\"\u00a0D\u00e9couvrez comment Africorp Consortium red\u00e9finit l'industrie de la literie gr\u00e2ce \u00e0 une acquisition strat\u00e9gique de 55M de dollars.\",\"breadcrumb\":{\"@id\":\"https:\/\/www.mediaplateforme.com\/fr\/africorp-consortium\/#breadcrumb\"},\"inLanguage\":\"fr-FR\",\"potentialAction\":[{\"@type\":\"ReadAction\",\"target\":[\"https:\/\/www.mediaplateforme.com\/fr\/africorp-consortium\/\"]}]},{\"@type\":\"BreadcrumbList\",\"@id\":\"https:\/\/www.mediaplateforme.com\/fr\/africorp-consortium\/#breadcrumb\",\"itemListElement\":[{\"@type\":\"ListItem\",\"position\":1,\"name\":\"\u0627\u0644\u0631\u0626\u064a\u0633\u064a\u0629\",\"item\":\"https:\/\/www.mediaplateforme.com\/fr\/\"},{\"@type\":\"ListItem\",\"position\":2,\"name\":\"Africorp Consortium :\u00a0Une Vision Futuriste pour le Bien-\u00eatre et le Sommeil\"}]},{\"@type\":\"WebSite\",\"@id\":\"https:\/\/www.mediaplateforme.com\/fr\/#website\",\"url\":\"https:\/\/www.mediaplateforme.com\/fr\/\",\"name\":\"MEDIA PLATEFORME | FR\",\"description\":\"Mediaplateforme sp\u00e9cialis\u00e9 dans la communication institutions publiques et des entreprises\",\"potentialAction\":[{\"@type\":\"SearchAction\",\"target\":{\"@type\":\"EntryPoint\",\"urlTemplate\":\"https:\/\/www.mediaplateforme.com\/fr\/?s={search_term_string}\"},\"query-input\":\"required name=search_term_string\"}],\"inLanguage\":\"fr-FR\"},{\"@type\":\"Person\",\"@id\":\"https:\/\/www.mediaplateforme.com\/fr\/#\/schema\/person\/89833db382b5db2c76b094bc902aa12a\",\"name\":\"Mediaplateforme\",\"image\":{\"@type\":\"ImageObject\",\"inLanguage\":\"fr-FR\",\"@id\":\"https:\/\/www.mediaplateforme.com\/fr\/#\/schema\/person\/image\/\",\"url\":\"https:\/\/secure.gravatar.com\/avatar\/6c9c02e8928cc65d54bf75157f7b3a2d06d7ad0494ca0951f679552ff03b34c1?s=96&d=mm&r=g\",\"contentUrl\":\"https:\/\/secure.gravatar.com\/avatar\/6c9c02e8928cc65d54bf75157f7b3a2d06d7ad0494ca0951f679552ff03b34c1?s=96&d=mm&r=g\",\"caption\":\"Mediaplateforme\"},\"sameAs\":[\"https:\/\/www.mediaplateforme.com\"],\"url\":\"https:\/\/www.mediaplateforme.com\/fr\/author\/mohamedladib\/\"}]}<\/script>\n<!-- \/ Yoast SEO plugin. -->","yoast_head_json":{"title":"Africorp Consortium - MEDIA PLATEFORME | FR","description":"\u00a0D\u00e9couvrez comment Africorp Consortium red\u00e9finit l'industrie de la literie gr\u00e2ce \u00e0 une acquisition strat\u00e9gique de 55M de dollars.","robots":{"index":"index","follow":"follow","max-snippet":"max-snippet:-1","max-image-preview":"max-image-preview:large","max-video-preview":"max-video-preview:-1"},"canonical":"https:\/\/www.mediaplateforme.com\/fr\/africorp-consortium\/","og_locale":"fr_FR","og_type":"article","og_title":"Africorp Consortium - MEDIA PLATEFORME | FR","og_description":"\u00a0D\u00e9couvrez comment Africorp Consortium red\u00e9finit l'industrie de la literie gr\u00e2ce \u00e0 une acquisition strat\u00e9gique de 55M de dollars.","og_url":"https:\/\/www.mediaplateforme.com\/fr\/africorp-consortium\/","og_site_name":"MEDIA PLATEFORME | FR","article_published_time":"2025-02-11T14:14:56+00:00","article_modified_time":"2025-02-11T14:15:05+00:00","og_image":[{"width":1600,"height":948,"url":"https:\/\/www.mediaplateforme.com\/fr\/wp-content\/uploads\/sites\/5\/2025\/02\/Photo-signature-Africorp-Consortium-Doha.jpeg","type":"image\/jpeg"}],"author":"Mediaplateforme","twitter_card":"summary_large_image","twitter_misc":{"\u00c9crit par":"Mediaplateforme","Dur\u00e9e de lecture estim\u00e9e":"4 minutes"},"schema":{"@context":"https:\/\/schema.org","@graph":[{"@type":"WebPage","@id":"https:\/\/www.mediaplateforme.com\/fr\/africorp-consortium\/","url":"https:\/\/www.mediaplateforme.com\/fr\/africorp-consortium\/","name":"Africorp Consortium - MEDIA PLATEFORME | FR","isPartOf":{"@id":"https:\/\/www.mediaplateforme.com\/fr\/#website"},"datePublished":"2025-02-11T14:14:56+00:00","dateModified":"2025-02-11T14:15:05+00:00","author":{"@id":"https:\/\/www.mediaplateforme.com\/fr\/#\/schema\/person\/89833db382b5db2c76b094bc902aa12a"},"description":"\u00a0D\u00e9couvrez comment Africorp Consortium red\u00e9finit l'industrie de la literie gr\u00e2ce \u00e0 une acquisition strat\u00e9gique de 55M de dollars.","breadcrumb":{"@id":"https:\/\/www.mediaplateforme.com\/fr\/africorp-consortium\/#breadcrumb"},"inLanguage":"fr-FR","potentialAction":[{"@type":"ReadAction","target":["https:\/\/www.mediaplateforme.com\/fr\/africorp-consortium\/"]}]},{"@type":"BreadcrumbList","@id":"https:\/\/www.mediaplateforme.com\/fr\/africorp-consortium\/#breadcrumb","itemListElement":[{"@type":"ListItem","position":1,"name":"\u0627\u0644\u0631\u0626\u064a\u0633\u064a\u0629","item":"https:\/\/www.mediaplateforme.com\/fr\/"},{"@type":"ListItem","position":2,"name":"Africorp Consortium :\u00a0Une Vision Futuriste pour le Bien-\u00eatre et le Sommeil"}]},{"@type":"WebSite","@id":"https:\/\/www.mediaplateforme.com\/fr\/#website","url":"https:\/\/www.mediaplateforme.com\/fr\/","name":"MEDIA PLATEFORME | FR","description":"Mediaplateforme sp\u00e9cialis\u00e9 dans la communication institutions publiques et des entreprises","potentialAction":[{"@type":"SearchAction","target":{"@type":"EntryPoint","urlTemplate":"https:\/\/www.mediaplateforme.com\/fr\/?s={search_term_string}"},"query-input":"required name=search_term_string"}],"inLanguage":"fr-FR"},{"@type":"Person","@id":"https:\/\/www.mediaplateforme.com\/fr\/#\/schema\/person\/89833db382b5db2c76b094bc902aa12a","name":"Mediaplateforme","image":{"@type":"ImageObject","inLanguage":"fr-FR","@id":"https:\/\/www.mediaplateforme.com\/fr\/#\/schema\/person\/image\/","url":"https:\/\/secure.gravatar.com\/avatar\/6c9c02e8928cc65d54bf75157f7b3a2d06d7ad0494ca0951f679552ff03b34c1?s=96&d=mm&r=g","contentUrl":"https:\/\/secure.gravatar.com\/avatar\/6c9c02e8928cc65d54bf75157f7b3a2d06d7ad0494ca0951f679552ff03b34c1?s=96&d=mm&r=g","caption":"Mediaplateforme"},"sameAs":["https:\/\/www.mediaplateforme.com"],"url":"https:\/\/www.mediaplateforme.com\/fr\/author\/mohamedladib\/"}]}},"_links":{"self":[{"href":"https:\/\/www.mediaplateforme.com\/fr\/wp-json\/wp\/v2\/posts\/6748","targetHints":{"allow":["GET"]}}],"collection":[{"href":"https:\/\/www.mediaplateforme.com\/fr\/wp-json\/wp\/v2\/posts"}],"about":[{"href":"https:\/\/www.mediaplateforme.com\/fr\/wp-json\/wp\/v2\/types\/post"}],"author":[{"embeddable":true,"href":"https:\/\/www.mediaplateforme.com\/fr\/wp-json\/wp\/v2\/users\/1"}],"replies":[{"embeddable":true,"href":"https:\/\/www.mediaplateforme.com\/fr\/wp-json\/wp\/v2\/comments?post=6748"}],"version-history":[{"count":2,"href":"https:\/\/www.mediaplateforme.com\/fr\/wp-json\/wp\/v2\/posts\/6748\/revisions"}],"predecessor-version":[{"id":6751,"href":"https:\/\/www.mediaplateforme.com\/fr\/wp-json\/wp\/v2\/posts\/6748\/revisions\/6751"}],"wp:featuredmedia":[{"embeddable":true,"href":"https:\/\/www.mediaplateforme.com\/fr\/wp-json\/wp\/v2\/media\/6749"}],"wp:attachment":[{"href":"https:\/\/www.mediaplateforme.com\/fr\/wp-json\/wp\/v2\/media?parent=6748"}],"wp:term":[{"taxonomy":"category","embeddable":true,"href":"https:\/\/www.mediaplateforme.com\/fr\/wp-json\/wp\/v2\/categories?post=6748"},{"taxonomy":"post_tag","embeddable":true,"href":"https:\/\/www.mediaplateforme.com\/fr\/wp-json\/wp\/v2\/tags?post=6748"}],"curies":[{"name":"wp","href":"https:\/\/api.w.org\/{rel}","templated":true}]}}