{"id":6744,"date":"2025-02-09T16:06:53","date_gmt":"2025-02-09T15:06:53","guid":{"rendered":"https:\/\/www.mediaplateforme.com\/fr\/?p=6744"},"modified":"2025-02-09T16:07:01","modified_gmt":"2025-02-09T15:07:01","slug":"abl-corporation-stephen-orr","status":"publish","type":"post","link":"https:\/\/www.mediaplateforme.com\/fr\/abl-corporation-stephen-orr\/","title":{"rendered":"ABL Corporation nomme Stephen Orr au poste de Vice-Pr\u00e9sident Senior pour l\u2019Afrique"},"content":{"rendered":"<p style=\"font-weight: 400;\">ABL Corporation a annonc\u00e9 ce 6 f\u00e9vrier la nomination de Stephen Orr au poste de Vice-Pr\u00e9sident Senior en charge de l\u2019Afrique.\u00a0Install\u00e9 \u00e0 Casablanca, au Maroc, Stephen Orr aura pour mission de piloter le d\u00e9veloppement des activit\u00e9s du groupe sur le continent africain, avec un accent particulier sur l\u2019aviation, la gestion d\u2019actifs et d\u2019autres projets strat\u00e9giques. Ces initiatives s\u2019inscrivent dans la vision \u00e0 long terme d\u2019ABL Corporation, orient\u00e9e vers la croissance, l\u2019innovation et la durabilit\u00e9.<\/p>\n<p style=\"font-weight: 400;\">Fort de plus de 40 ans d\u2019exp\u00e9rience dans le secteur a\u00e9rospatial, Stephen Orr a occup\u00e9 des postes de direction chez Bombardier Aerospace et Spirit AeroSystems. Il est reconnu pour son expertise dans les op\u00e9rations a\u00e9rospatiales, la gestion des cha\u00eenes d\u2019approvisionnement et la fabrication d\u2019a\u00e9ronefs. Sa connaissance approfondie du march\u00e9 africain, en pleine mutation, ainsi que son exp\u00e9rience au Maroc, renforceront la position d\u2019ABL Corporation dans la r\u00e9gion. Le groupe entend ainsi accro\u00eetre sa pr\u00e9sence dans l\u2019aviation commerciale tout en explorant de nouvelles opportunit\u00e9s dans les domaines des h\u00e9licopt\u00e8res et de l\u2019aviation g\u00e9n\u00e9rale.<\/p>\n<h5 style=\"font-weight: 400;\">\u00ab Je suis enthousiaste \u00e0 l\u2019id\u00e9e de rejoindre ABL Corporation et de contribuer \u00e0 son expansion en Afrique. Apr\u00e8s plus de dix ans pass\u00e9s au Maroc, j\u2019ai pu constater les progr\u00e8s remarquables du pays dans le secteur a\u00e9rospatial. Je me r\u00e9jouis de mettre mon exp\u00e9rience au service du d\u00e9veloppement du groupe sur le continent, tout en explorant de nouveaux horizons \u00bb, a d\u00e9clar\u00e9 Stephen Orr.<\/h5>\n<p style=\"font-weight: 400;\">Ali Ben Lmadani, Pr\u00e9sident Directeur G\u00e9n\u00e9ral d\u2019ABL Corporation, a salu\u00e9 cette nomination : \u00ab L\u2019arriv\u00e9e de Stephen marque une \u00e9tape d\u00e9cisive pour nos op\u00e9rations en Afrique.\u00a0Son expertise sectorielle, son leadership et son r\u00e9seau relationnel au Maroc et sur le continent seront, sans aucun doute, des atouts majeurs pour consolider notre pr\u00e9sence. ABL Corporation est r\u00e9solument engag\u00e9e dans le d\u00e9veloppement \u00e9conomique de l\u2019Afrique, notamment dans le secteur de l\u2019aviation, et Stephen occupera un r\u00f4le majeur dans la r\u00e9alisation de cette ambition. \u00bb<\/p>\n<p style=\"font-weight: 400;\">En tant que Vice-Pr\u00e9sident Senior pour l\u2019Afrique, Stephen Orr supervisera l\u2019expansion r\u00e9gionale d\u2019ABL Aviation, une division strat\u00e9gique du groupe. ABL Aviation renforce actuellement sa position dans le domaine de la location d\u2019a\u00e9ronefs, notamment \u00e0 travers son implication dans le programme Airbus A220. Cet avion, l\u2019un des plus \u00e9conomes en carburant et respectueux de l\u2019environnement au monde, est au c\u0153ur des activit\u00e9s du groupe. ABL Aviation a d\u00e9j\u00e0 lou\u00e9 12 appareils \u00e0 Delta Airlines et en a livr\u00e9 10 sur les 16 pr\u00e9vus \u00e0 Air France.<\/p>\n<h5 style=\"font-weight: 400;\">Cette dynamique rev\u00eat une importance particuli\u00e8re pour le Maroc, o\u00f9 de nombreux composants de l\u2019A220 sont fabriqu\u00e9s. Le pays confirme ainsi son r\u00f4le strat\u00e9gique dans la cha\u00eene d\u2019approvisionnement mondiale de l\u2019aviation.<\/h5>\n<p style=\"font-weight: 400;\">Au-del\u00e0 de <a href=\"https:\/\/www.mediaplateforme.com\/fr\/abl-aviation-mobilise-400-millions-de-dollars-pour-le-financement-du-programme-e-jet-e2-dembraer\/\">l\u2019aviation<\/a>, ABL Corporation d\u00e9ploie un portefeuille diversifi\u00e9 \u00e0 travers plusieurs secteurs, notamment ABL Botanicals, ABL Capital, ABL Maritime et ABL Real Estate. Le groupe s\u2019engage r\u00e9solument dans des investissements durables et innovants, renfor\u00e7ant ainsi sa position en tant qu\u2019acteur cl\u00e9 du d\u00e9veloppement \u00e9conomique de l\u2019Afrique.<\/p>\n<p style=\"font-weight: 400;\">\u00ab Le Maroc occupe une place de plus en plus importante dans la cha\u00eene d\u2019approvisionnement mondiale de l\u2019a\u00e9rospatial. Avec l\u2019accent mis par ABL Aviation sur l\u2019A220, nous sommes fiers de contribuer \u00e0 cette r\u00e9ussite. Par ailleurs, il est passionnant de faire partie d\u2019un groupe dont le portefeuille d\u2019activit\u00e9s est aussi vaste et innovant, couvrant des secteurs essentiels \u00e0 l\u2019\u00e9conomie \u00bb, a soulign\u00e9 Stephen Orr. \u00ab Je me r\u00e9jouis de contribuer \u00e0 la croissance future d\u2019ABL Corporation en Afrique et de participer \u00e0 sa mission : cr\u00e9er une valeur durable pour le continent et au-del\u00e0. \u00bb<\/p>\n","protected":false},"excerpt":{"rendered":"<p>ABL Corporation a annonc\u00e9 ce 6 f\u00e9vrier la nomination de Stephen Orr au poste de<\/p>\n","protected":false},"author":1,"featured_media":6745,"comment_status":"open","ping_status":"open","sticky":false,"template":"","format":"standard","meta":{"_acf_changed":false,"footnotes":""},"categories":[1644,3],"tags":[2871],"class_list":["post-6744","post","type-post","status-publish","format-standard","has-post-thumbnail","hentry","category-industrie","category-nouvelles-selectionnees","tag-abl-corporation"],"acf":[],"yoast_head":"<!-- This site is optimized with the Yoast SEO plugin v22.0 - https:\/\/yoast.com\/wordpress\/plugins\/seo\/ -->\n<title>ABL Corporation Stephen Orr - MEDIA PLATEFORME | FR<\/title>\n<meta name=\"description\" content=\"ABL Corporation a annonc\u00e9 ce 6 f\u00e9vrier la nomination de Stephen Orr au poste de Vice-Pr\u00e9sident Senior en charge de l\u2019Afrique.\u00a0\" \/>\n<meta name=\"robots\" content=\"index, follow, max-snippet:-1, max-image-preview:large, max-video-preview:-1\" \/>\n<link rel=\"canonical\" href=\"https:\/\/www.mediaplateforme.com\/fr\/abl-corporation-stephen-orr\/\" \/>\n<meta property=\"og:locale\" content=\"fr_FR\" \/>\n<meta property=\"og:type\" content=\"article\" \/>\n<meta property=\"og:title\" content=\"ABL Corporation Stephen Orr - MEDIA PLATEFORME | FR\" \/>\n<meta property=\"og:description\" content=\"ABL Corporation a annonc\u00e9 ce 6 f\u00e9vrier la nomination de Stephen Orr au poste de Vice-Pr\u00e9sident Senior en charge de l\u2019Afrique.\u00a0\" \/>\n<meta property=\"og:url\" content=\"https:\/\/www.mediaplateforme.com\/fr\/abl-corporation-stephen-orr\/\" \/>\n<meta property=\"og:site_name\" content=\"MEDIA PLATEFORME | FR\" \/>\n<meta property=\"article:published_time\" content=\"2025-02-09T15:06:53+00:00\" \/>\n<meta property=\"article:modified_time\" content=\"2025-02-09T15:07:01+00:00\" \/>\n<meta property=\"og:image\" content=\"https:\/\/www.mediaplateforme.com\/fr\/wp-content\/uploads\/sites\/5\/2025\/02\/image-19.png\" \/>\n\t<meta property=\"og:image:width\" content=\"976\" \/>\n\t<meta property=\"og:image:height\" content=\"444\" \/>\n\t<meta property=\"og:image:type\" content=\"image\/png\" \/>\n<meta name=\"author\" content=\"Mediaplateforme\" \/>\n<meta name=\"twitter:card\" content=\"summary_large_image\" \/>\n<meta name=\"twitter:label1\" content=\"\u00c9crit par\" \/>\n\t<meta name=\"twitter:data1\" content=\"Mediaplateforme\" \/>\n\t<meta name=\"twitter:label2\" content=\"Dur\u00e9e de lecture estim\u00e9e\" \/>\n\t<meta name=\"twitter:data2\" content=\"4 minutes\" \/>\n<script type=\"application\/ld+json\" class=\"yoast-schema-graph\">{\"@context\":\"https:\/\/schema.org\",\"@graph\":[{\"@type\":\"WebPage\",\"@id\":\"https:\/\/www.mediaplateforme.com\/fr\/abl-corporation-stephen-orr\/\",\"url\":\"https:\/\/www.mediaplateforme.com\/fr\/abl-corporation-stephen-orr\/\",\"name\":\"ABL Corporation Stephen Orr - MEDIA PLATEFORME | FR\",\"isPartOf\":{\"@id\":\"https:\/\/www.mediaplateforme.com\/fr\/#website\"},\"datePublished\":\"2025-02-09T15:06:53+00:00\",\"dateModified\":\"2025-02-09T15:07:01+00:00\",\"author\":{\"@id\":\"https:\/\/www.mediaplateforme.com\/fr\/#\/schema\/person\/89833db382b5db2c76b094bc902aa12a\"},\"description\":\"ABL Corporation a annonc\u00e9 ce 6 f\u00e9vrier la nomination de Stephen Orr au poste de Vice-Pr\u00e9sident Senior en charge de l\u2019Afrique.\u00a0\",\"breadcrumb\":{\"@id\":\"https:\/\/www.mediaplateforme.com\/fr\/abl-corporation-stephen-orr\/#breadcrumb\"},\"inLanguage\":\"fr-FR\",\"potentialAction\":[{\"@type\":\"ReadAction\",\"target\":[\"https:\/\/www.mediaplateforme.com\/fr\/abl-corporation-stephen-orr\/\"]}]},{\"@type\":\"BreadcrumbList\",\"@id\":\"https:\/\/www.mediaplateforme.com\/fr\/abl-corporation-stephen-orr\/#breadcrumb\",\"itemListElement\":[{\"@type\":\"ListItem\",\"position\":1,\"name\":\"\u0627\u0644\u0631\u0626\u064a\u0633\u064a\u0629\",\"item\":\"https:\/\/www.mediaplateforme.com\/fr\/\"},{\"@type\":\"ListItem\",\"position\":2,\"name\":\"ABL Corporation nomme Stephen Orr au poste de Vice-Pr\u00e9sident Senior pour l\u2019Afrique\"}]},{\"@type\":\"WebSite\",\"@id\":\"https:\/\/www.mediaplateforme.com\/fr\/#website\",\"url\":\"https:\/\/www.mediaplateforme.com\/fr\/\",\"name\":\"MEDIA PLATEFORME | FR\",\"description\":\"Mediaplateforme sp\u00e9cialis\u00e9 dans la communication institutions publiques et des entreprises\",\"potentialAction\":[{\"@type\":\"SearchAction\",\"target\":{\"@type\":\"EntryPoint\",\"urlTemplate\":\"https:\/\/www.mediaplateforme.com\/fr\/?s={search_term_string}\"},\"query-input\":\"required name=search_term_string\"}],\"inLanguage\":\"fr-FR\"},{\"@type\":\"Person\",\"@id\":\"https:\/\/www.mediaplateforme.com\/fr\/#\/schema\/person\/89833db382b5db2c76b094bc902aa12a\",\"name\":\"Mediaplateforme\",\"image\":{\"@type\":\"ImageObject\",\"inLanguage\":\"fr-FR\",\"@id\":\"https:\/\/www.mediaplateforme.com\/fr\/#\/schema\/person\/image\/\",\"url\":\"https:\/\/secure.gravatar.com\/avatar\/6c9c02e8928cc65d54bf75157f7b3a2d06d7ad0494ca0951f679552ff03b34c1?s=96&d=mm&r=g\",\"contentUrl\":\"https:\/\/secure.gravatar.com\/avatar\/6c9c02e8928cc65d54bf75157f7b3a2d06d7ad0494ca0951f679552ff03b34c1?s=96&d=mm&r=g\",\"caption\":\"Mediaplateforme\"},\"sameAs\":[\"https:\/\/www.mediaplateforme.com\"],\"url\":\"https:\/\/www.mediaplateforme.com\/fr\/author\/mohamedladib\/\"}]}<\/script>\n<!-- \/ Yoast SEO plugin. -->","yoast_head_json":{"title":"ABL Corporation Stephen Orr - MEDIA PLATEFORME | FR","description":"ABL Corporation a annonc\u00e9 ce 6 f\u00e9vrier la nomination de Stephen Orr au poste de Vice-Pr\u00e9sident Senior en charge de l\u2019Afrique.\u00a0","robots":{"index":"index","follow":"follow","max-snippet":"max-snippet:-1","max-image-preview":"max-image-preview:large","max-video-preview":"max-video-preview:-1"},"canonical":"https:\/\/www.mediaplateforme.com\/fr\/abl-corporation-stephen-orr\/","og_locale":"fr_FR","og_type":"article","og_title":"ABL Corporation Stephen Orr - MEDIA PLATEFORME | FR","og_description":"ABL Corporation a annonc\u00e9 ce 6 f\u00e9vrier la nomination de Stephen Orr au poste de Vice-Pr\u00e9sident Senior en charge de l\u2019Afrique.\u00a0","og_url":"https:\/\/www.mediaplateforme.com\/fr\/abl-corporation-stephen-orr\/","og_site_name":"MEDIA PLATEFORME | FR","article_published_time":"2025-02-09T15:06:53+00:00","article_modified_time":"2025-02-09T15:07:01+00:00","og_image":[{"width":976,"height":444,"url":"https:\/\/www.mediaplateforme.com\/fr\/wp-content\/uploads\/sites\/5\/2025\/02\/image-19.png","type":"image\/png"}],"author":"Mediaplateforme","twitter_card":"summary_large_image","twitter_misc":{"\u00c9crit par":"Mediaplateforme","Dur\u00e9e de lecture estim\u00e9e":"4 minutes"},"schema":{"@context":"https:\/\/schema.org","@graph":[{"@type":"WebPage","@id":"https:\/\/www.mediaplateforme.com\/fr\/abl-corporation-stephen-orr\/","url":"https:\/\/www.mediaplateforme.com\/fr\/abl-corporation-stephen-orr\/","name":"ABL Corporation Stephen Orr - MEDIA PLATEFORME | FR","isPartOf":{"@id":"https:\/\/www.mediaplateforme.com\/fr\/#website"},"datePublished":"2025-02-09T15:06:53+00:00","dateModified":"2025-02-09T15:07:01+00:00","author":{"@id":"https:\/\/www.mediaplateforme.com\/fr\/#\/schema\/person\/89833db382b5db2c76b094bc902aa12a"},"description":"ABL Corporation a annonc\u00e9 ce 6 f\u00e9vrier la nomination de Stephen Orr au poste de Vice-Pr\u00e9sident Senior en charge de l\u2019Afrique.\u00a0","breadcrumb":{"@id":"https:\/\/www.mediaplateforme.com\/fr\/abl-corporation-stephen-orr\/#breadcrumb"},"inLanguage":"fr-FR","potentialAction":[{"@type":"ReadAction","target":["https:\/\/www.mediaplateforme.com\/fr\/abl-corporation-stephen-orr\/"]}]},{"@type":"BreadcrumbList","@id":"https:\/\/www.mediaplateforme.com\/fr\/abl-corporation-stephen-orr\/#breadcrumb","itemListElement":[{"@type":"ListItem","position":1,"name":"\u0627\u0644\u0631\u0626\u064a\u0633\u064a\u0629","item":"https:\/\/www.mediaplateforme.com\/fr\/"},{"@type":"ListItem","position":2,"name":"ABL Corporation nomme Stephen Orr au poste de Vice-Pr\u00e9sident Senior pour l\u2019Afrique"}]},{"@type":"WebSite","@id":"https:\/\/www.mediaplateforme.com\/fr\/#website","url":"https:\/\/www.mediaplateforme.com\/fr\/","name":"MEDIA PLATEFORME | FR","description":"Mediaplateforme sp\u00e9cialis\u00e9 dans la communication institutions publiques et des entreprises","potentialAction":[{"@type":"SearchAction","target":{"@type":"EntryPoint","urlTemplate":"https:\/\/www.mediaplateforme.com\/fr\/?s={search_term_string}"},"query-input":"required name=search_term_string"}],"inLanguage":"fr-FR"},{"@type":"Person","@id":"https:\/\/www.mediaplateforme.com\/fr\/#\/schema\/person\/89833db382b5db2c76b094bc902aa12a","name":"Mediaplateforme","image":{"@type":"ImageObject","inLanguage":"fr-FR","@id":"https:\/\/www.mediaplateforme.com\/fr\/#\/schema\/person\/image\/","url":"https:\/\/secure.gravatar.com\/avatar\/6c9c02e8928cc65d54bf75157f7b3a2d06d7ad0494ca0951f679552ff03b34c1?s=96&d=mm&r=g","contentUrl":"https:\/\/secure.gravatar.com\/avatar\/6c9c02e8928cc65d54bf75157f7b3a2d06d7ad0494ca0951f679552ff03b34c1?s=96&d=mm&r=g","caption":"Mediaplateforme"},"sameAs":["https:\/\/www.mediaplateforme.com"],"url":"https:\/\/www.mediaplateforme.com\/fr\/author\/mohamedladib\/"}]}},"_links":{"self":[{"href":"https:\/\/www.mediaplateforme.com\/fr\/wp-json\/wp\/v2\/posts\/6744","targetHints":{"allow":["GET"]}}],"collection":[{"href":"https:\/\/www.mediaplateforme.com\/fr\/wp-json\/wp\/v2\/posts"}],"about":[{"href":"https:\/\/www.mediaplateforme.com\/fr\/wp-json\/wp\/v2\/types\/post"}],"author":[{"embeddable":true,"href":"https:\/\/www.mediaplateforme.com\/fr\/wp-json\/wp\/v2\/users\/1"}],"replies":[{"embeddable":true,"href":"https:\/\/www.mediaplateforme.com\/fr\/wp-json\/wp\/v2\/comments?post=6744"}],"version-history":[{"count":1,"href":"https:\/\/www.mediaplateforme.com\/fr\/wp-json\/wp\/v2\/posts\/6744\/revisions"}],"predecessor-version":[{"id":6746,"href":"https:\/\/www.mediaplateforme.com\/fr\/wp-json\/wp\/v2\/posts\/6744\/revisions\/6746"}],"wp:featuredmedia":[{"embeddable":true,"href":"https:\/\/www.mediaplateforme.com\/fr\/wp-json\/wp\/v2\/media\/6745"}],"wp:attachment":[{"href":"https:\/\/www.mediaplateforme.com\/fr\/wp-json\/wp\/v2\/media?parent=6744"}],"wp:term":[{"taxonomy":"category","embeddable":true,"href":"https:\/\/www.mediaplateforme.com\/fr\/wp-json\/wp\/v2\/categories?post=6744"},{"taxonomy":"post_tag","embeddable":true,"href":"https:\/\/www.mediaplateforme.com\/fr\/wp-json\/wp\/v2\/tags?post=6744"}],"curies":[{"name":"wp","href":"https:\/\/api.w.org\/{rel}","templated":true}]}}