{"id":670,"date":"2022-07-25T16:08:04","date_gmt":"2022-07-25T15:08:04","guid":{"rendered":"https:\/\/www.mediaplateforme.com\/fr\/?p=670"},"modified":"2022-07-25T16:08:04","modified_gmt":"2022-07-25T15:08:04","slug":"la-plage-marina-smir-est-se-voit-attribuer-le-label-pavillon-bleu-pour-la-premiere","status":"publish","type":"post","link":"https:\/\/www.mediaplateforme.com\/fr\/la-plage-marina-smir-est-se-voit-attribuer-le-label-pavillon-bleu-pour-la-premiere\/","title":{"rendered":"LA PLAGE MARINA SMIR-EST SE VOIT ATTRIBUER LE LABEL PAVILLON BLEU POUR LA PREMIERE"},"content":{"rendered":"<p>&nbsp;<\/p>\n<p>Dans le cadre du partenariat historique liant la Fondation Banque Populaire avec les communes concern\u00e9es, sous l\u2019\u00e9gide de la Fondation Mohammed VI pour la Protection de l\u2019Environnement, les quatre sites baln\u00e9aires parrain\u00e9s d\u2019El Haouzia, Sidi Rahal, Arekmane et Marina Smir-Est ont d\u00e9croch\u00e9 le label Pavillon Bleu.<\/p>\n<p>Parrain\u00e9e depuis 2021, la plage de Marina Smir-Est obtient cet \u00e9co-label pour la premi\u00e8re fois. Cette distinction internationale vient couronner la mobilisation de la Fondation et de la Commune de M\u2019diq a\ufb01n de rendre ce site propre, am\u00e9nag\u00e9, s\u00e9curis\u00e9 et anim\u00e9 pour le bien-\u00eatre des estivants.<\/p>\n<p>\u00c0 cette occasion, une c\u00e9r\u00e9monie de lev\u00e9e de drapeau a \u00e9t\u00e9 organis\u00e9e vendredi 15 juillet 2022 en pr\u00e9sence de repr\u00e9sentants de la commune de M\u2019diq et des autorit\u00e9s locales, de membres des Forces Auxiliaires, du repr\u00e9sentant de la Fondation Mohammed VI pour la Protection de l\u2019Environnement et de hauts cadres de la Fondation Banque Populaire et de la Banque Populaire r\u00e9gionale.<\/p>\n<p>Le label Pavillon Bleu, d\u00e9livr\u00e9 par la Fondation Europ\u00e9enne pour l\u2019\u00c9ducation \u00e0 l\u2019Environnement (FEEE), distingue les sites baln\u00e9aires r\u00e9pondant \u00e0 de hauts crit\u00e8res d\u2019hygi\u00e8ne, de propret\u00e9 et de s\u00e9curit\u00e9. Sa reconduction, au terme d\u2019une r\u00e9\u00e9valuation annuelle par la FEEE, est tributaire du maintien et de l\u2019am\u00e9lioration continue des acquis.<\/p>\n<p>Pour rappel, la Fondation Banque Populaire, antenne citoyenne du groupe BCP, est engag\u00e9e depuis 2001 dans l\u2019op\u00e9ration Plages Propres. Outre la dimension environnementale, la Fondation Banque Populaire accorde une attention particuli\u00e8re aux actions de sensibilisation et d\u2019animation \u00e9ducatives qui constituent un v\u00e9ritable moteur de l\u2019\u00e9closion d\u2019une citoyennet\u00e9 engag\u00e9e. Sa mobilisation illustre l\u2019implication du groupe BCP en tant qu\u2019entreprise socialement responsable \u0153uvrant pour le d\u00e9veloppement durable du pays.<\/p>\n<p>#b7arblaplastic<\/p>\n<p>&nbsp;<\/p>\n<h3>A PROPOS DE LA FONDATION BANQUE<\/h3>\n<p>POPULAIRE : Depuis plus de 36 ans d\u2019existence, la Fondation Banque Populaire contribue \u00e0 la promotion et au d\u00e9veloppement du champ socioculturel marocain et incarne la responsabilit\u00e9 soci\u00e9tale et environnementale du Groupe Banque Populaire. Son intervention s\u2019articule aujourd\u2019hui, principalement, autour de trois axes, \u00e0 savoir l\u2019\u00e9ducation, la culture et l\u2019environnement.<\/p>\n","protected":false},"excerpt":{"rendered":"<p>&nbsp; Dans le cadre du partenariat historique liant la Fondation Banque Populaire avec les communes<\/p>\n","protected":false},"author":1,"featured_media":672,"comment_status":"open","ping_status":"open","sticky":false,"template":"","format":"standard","meta":{"_acf_changed":false,"footnotes":""},"categories":[2,3],"tags":[275],"class_list":["post-670","post","type-post","status-publish","format-standard","has-post-thumbnail","hentry","category-nouvelles","category-nouvelles-selectionnees","tag-fondation-banque-populaire"],"acf":[],"yoast_head":"<!-- This site is optimized with the Yoast SEO plugin v22.0 - https:\/\/yoast.com\/wordpress\/plugins\/seo\/ -->\n<title>LA PLAGE MARINA SMIR-EST SE VOIT ATTRIBUER LE LABEL PAVILLON BLEU POUR LA PREMIERE - MEDIA PLATEFORME | FR<\/title>\n<meta name=\"description\" content=\"Dans le cadre du partenariat historique liant la Fondation Banque Populaire avec les communes sous l\u2019\u00e9gide de la Fondation Mohammed VI pour\" \/>\n<meta name=\"robots\" content=\"index, follow, max-snippet:-1, max-image-preview:large, max-video-preview:-1\" \/>\n<link rel=\"canonical\" href=\"https:\/\/www.mediaplateforme.com\/fr\/la-plage-marina-smir-est-se-voit-attribuer-le-label-pavillon-bleu-pour-la-premiere\/\" \/>\n<meta property=\"og:locale\" content=\"fr_FR\" \/>\n<meta property=\"og:type\" content=\"article\" \/>\n<meta property=\"og:title\" content=\"LA PLAGE MARINA SMIR-EST SE VOIT ATTRIBUER LE LABEL PAVILLON BLEU POUR LA PREMIERE - MEDIA PLATEFORME | FR\" \/>\n<meta property=\"og:description\" content=\"Dans le cadre du partenariat historique liant la Fondation Banque Populaire avec les communes sous l\u2019\u00e9gide de la Fondation Mohammed VI pour\" \/>\n<meta property=\"og:url\" content=\"https:\/\/www.mediaplateforme.com\/fr\/la-plage-marina-smir-est-se-voit-attribuer-le-label-pavillon-bleu-pour-la-premiere\/\" \/>\n<meta property=\"og:site_name\" content=\"MEDIA PLATEFORME | FR\" \/>\n<meta property=\"article:published_time\" content=\"2022-07-25T15:08:04+00:00\" \/>\n<meta property=\"og:image\" content=\"https:\/\/www.mediaplateforme.com\/fr\/wp-content\/uploads\/sites\/5\/2022\/07\/Screenshot_20220725-160223_Gmail.jpg\" \/>\n\t<meta property=\"og:image:width\" content=\"719\" \/>\n\t<meta property=\"og:image:height\" content=\"475\" \/>\n\t<meta property=\"og:image:type\" content=\"image\/jpeg\" \/>\n<meta name=\"author\" content=\"Mediaplateforme\" \/>\n<meta name=\"twitter:card\" content=\"summary_large_image\" \/>\n<meta name=\"twitter:label1\" content=\"\u00c9crit par\" \/>\n\t<meta name=\"twitter:data1\" content=\"Mediaplateforme\" \/>\n\t<meta name=\"twitter:label2\" content=\"Dur\u00e9e de lecture estim\u00e9e\" \/>\n\t<meta name=\"twitter:data2\" content=\"2 minutes\" \/>\n<script type=\"application\/ld+json\" class=\"yoast-schema-graph\">{\"@context\":\"https:\/\/schema.org\",\"@graph\":[{\"@type\":\"WebPage\",\"@id\":\"https:\/\/www.mediaplateforme.com\/fr\/la-plage-marina-smir-est-se-voit-attribuer-le-label-pavillon-bleu-pour-la-premiere\/\",\"url\":\"https:\/\/www.mediaplateforme.com\/fr\/la-plage-marina-smir-est-se-voit-attribuer-le-label-pavillon-bleu-pour-la-premiere\/\",\"name\":\"LA PLAGE MARINA SMIR-EST SE VOIT ATTRIBUER LE LABEL PAVILLON BLEU POUR LA PREMIERE - MEDIA PLATEFORME | FR\",\"isPartOf\":{\"@id\":\"https:\/\/www.mediaplateforme.com\/fr\/#website\"},\"datePublished\":\"2022-07-25T15:08:04+00:00\",\"dateModified\":\"2022-07-25T15:08:04+00:00\",\"author\":{\"@id\":\"https:\/\/www.mediaplateforme.com\/fr\/#\/schema\/person\/89833db382b5db2c76b094bc902aa12a\"},\"description\":\"Dans le cadre du partenariat historique liant la Fondation Banque Populaire avec les communes sous l\u2019\u00e9gide de la Fondation Mohammed VI pour\",\"breadcrumb\":{\"@id\":\"https:\/\/www.mediaplateforme.com\/fr\/la-plage-marina-smir-est-se-voit-attribuer-le-label-pavillon-bleu-pour-la-premiere\/#breadcrumb\"},\"inLanguage\":\"fr-FR\",\"potentialAction\":[{\"@type\":\"ReadAction\",\"target\":[\"https:\/\/www.mediaplateforme.com\/fr\/la-plage-marina-smir-est-se-voit-attribuer-le-label-pavillon-bleu-pour-la-premiere\/\"]}]},{\"@type\":\"BreadcrumbList\",\"@id\":\"https:\/\/www.mediaplateforme.com\/fr\/la-plage-marina-smir-est-se-voit-attribuer-le-label-pavillon-bleu-pour-la-premiere\/#breadcrumb\",\"itemListElement\":[{\"@type\":\"ListItem\",\"position\":1,\"name\":\"\u0627\u0644\u0631\u0626\u064a\u0633\u064a\u0629\",\"item\":\"https:\/\/www.mediaplateforme.com\/fr\/\"},{\"@type\":\"ListItem\",\"position\":2,\"name\":\"LA PLAGE MARINA SMIR-EST SE VOIT ATTRIBUER LE LABEL PAVILLON BLEU POUR LA PREMIERE\"}]},{\"@type\":\"WebSite\",\"@id\":\"https:\/\/www.mediaplateforme.com\/fr\/#website\",\"url\":\"https:\/\/www.mediaplateforme.com\/fr\/\",\"name\":\"MEDIA PLATEFORME | FR\",\"description\":\"Mediaplateforme sp\u00e9cialis\u00e9 dans la communication institutions publiques et des entreprises\",\"potentialAction\":[{\"@type\":\"SearchAction\",\"target\":{\"@type\":\"EntryPoint\",\"urlTemplate\":\"https:\/\/www.mediaplateforme.com\/fr\/?s={search_term_string}\"},\"query-input\":\"required name=search_term_string\"}],\"inLanguage\":\"fr-FR\"},{\"@type\":\"Person\",\"@id\":\"https:\/\/www.mediaplateforme.com\/fr\/#\/schema\/person\/89833db382b5db2c76b094bc902aa12a\",\"name\":\"Mediaplateforme\",\"image\":{\"@type\":\"ImageObject\",\"inLanguage\":\"fr-FR\",\"@id\":\"https:\/\/www.mediaplateforme.com\/fr\/#\/schema\/person\/image\/\",\"url\":\"https:\/\/secure.gravatar.com\/avatar\/6c9c02e8928cc65d54bf75157f7b3a2d06d7ad0494ca0951f679552ff03b34c1?s=96&d=mm&r=g\",\"contentUrl\":\"https:\/\/secure.gravatar.com\/avatar\/6c9c02e8928cc65d54bf75157f7b3a2d06d7ad0494ca0951f679552ff03b34c1?s=96&d=mm&r=g\",\"caption\":\"Mediaplateforme\"},\"sameAs\":[\"https:\/\/www.mediaplateforme.com\"],\"url\":\"https:\/\/www.mediaplateforme.com\/fr\/author\/mohamedladib\/\"}]}<\/script>\n<!-- \/ Yoast SEO plugin. -->","yoast_head_json":{"title":"LA PLAGE MARINA SMIR-EST SE VOIT ATTRIBUER LE LABEL PAVILLON BLEU POUR LA PREMIERE - MEDIA PLATEFORME | FR","description":"Dans le cadre du partenariat historique liant la Fondation Banque Populaire avec les communes sous l\u2019\u00e9gide de la Fondation Mohammed VI pour","robots":{"index":"index","follow":"follow","max-snippet":"max-snippet:-1","max-image-preview":"max-image-preview:large","max-video-preview":"max-video-preview:-1"},"canonical":"https:\/\/www.mediaplateforme.com\/fr\/la-plage-marina-smir-est-se-voit-attribuer-le-label-pavillon-bleu-pour-la-premiere\/","og_locale":"fr_FR","og_type":"article","og_title":"LA PLAGE MARINA SMIR-EST SE VOIT ATTRIBUER LE LABEL PAVILLON BLEU POUR LA PREMIERE - MEDIA PLATEFORME | FR","og_description":"Dans le cadre du partenariat historique liant la Fondation Banque Populaire avec les communes sous l\u2019\u00e9gide de la Fondation Mohammed VI pour","og_url":"https:\/\/www.mediaplateforme.com\/fr\/la-plage-marina-smir-est-se-voit-attribuer-le-label-pavillon-bleu-pour-la-premiere\/","og_site_name":"MEDIA PLATEFORME | FR","article_published_time":"2022-07-25T15:08:04+00:00","og_image":[{"width":719,"height":475,"url":"https:\/\/www.mediaplateforme.com\/fr\/wp-content\/uploads\/sites\/5\/2022\/07\/Screenshot_20220725-160223_Gmail.jpg","type":"image\/jpeg"}],"author":"Mediaplateforme","twitter_card":"summary_large_image","twitter_misc":{"\u00c9crit par":"Mediaplateforme","Dur\u00e9e de lecture estim\u00e9e":"2 minutes"},"schema":{"@context":"https:\/\/schema.org","@graph":[{"@type":"WebPage","@id":"https:\/\/www.mediaplateforme.com\/fr\/la-plage-marina-smir-est-se-voit-attribuer-le-label-pavillon-bleu-pour-la-premiere\/","url":"https:\/\/www.mediaplateforme.com\/fr\/la-plage-marina-smir-est-se-voit-attribuer-le-label-pavillon-bleu-pour-la-premiere\/","name":"LA PLAGE MARINA SMIR-EST SE VOIT ATTRIBUER LE LABEL PAVILLON BLEU POUR LA PREMIERE - MEDIA PLATEFORME | FR","isPartOf":{"@id":"https:\/\/www.mediaplateforme.com\/fr\/#website"},"datePublished":"2022-07-25T15:08:04+00:00","dateModified":"2022-07-25T15:08:04+00:00","author":{"@id":"https:\/\/www.mediaplateforme.com\/fr\/#\/schema\/person\/89833db382b5db2c76b094bc902aa12a"},"description":"Dans le cadre du partenariat historique liant la Fondation Banque Populaire avec les communes sous l\u2019\u00e9gide de la Fondation Mohammed VI pour","breadcrumb":{"@id":"https:\/\/www.mediaplateforme.com\/fr\/la-plage-marina-smir-est-se-voit-attribuer-le-label-pavillon-bleu-pour-la-premiere\/#breadcrumb"},"inLanguage":"fr-FR","potentialAction":[{"@type":"ReadAction","target":["https:\/\/www.mediaplateforme.com\/fr\/la-plage-marina-smir-est-se-voit-attribuer-le-label-pavillon-bleu-pour-la-premiere\/"]}]},{"@type":"BreadcrumbList","@id":"https:\/\/www.mediaplateforme.com\/fr\/la-plage-marina-smir-est-se-voit-attribuer-le-label-pavillon-bleu-pour-la-premiere\/#breadcrumb","itemListElement":[{"@type":"ListItem","position":1,"name":"\u0627\u0644\u0631\u0626\u064a\u0633\u064a\u0629","item":"https:\/\/www.mediaplateforme.com\/fr\/"},{"@type":"ListItem","position":2,"name":"LA PLAGE MARINA SMIR-EST SE VOIT ATTRIBUER LE LABEL PAVILLON BLEU POUR LA PREMIERE"}]},{"@type":"WebSite","@id":"https:\/\/www.mediaplateforme.com\/fr\/#website","url":"https:\/\/www.mediaplateforme.com\/fr\/","name":"MEDIA PLATEFORME | FR","description":"Mediaplateforme sp\u00e9cialis\u00e9 dans la communication institutions publiques et des entreprises","potentialAction":[{"@type":"SearchAction","target":{"@type":"EntryPoint","urlTemplate":"https:\/\/www.mediaplateforme.com\/fr\/?s={search_term_string}"},"query-input":"required name=search_term_string"}],"inLanguage":"fr-FR"},{"@type":"Person","@id":"https:\/\/www.mediaplateforme.com\/fr\/#\/schema\/person\/89833db382b5db2c76b094bc902aa12a","name":"Mediaplateforme","image":{"@type":"ImageObject","inLanguage":"fr-FR","@id":"https:\/\/www.mediaplateforme.com\/fr\/#\/schema\/person\/image\/","url":"https:\/\/secure.gravatar.com\/avatar\/6c9c02e8928cc65d54bf75157f7b3a2d06d7ad0494ca0951f679552ff03b34c1?s=96&d=mm&r=g","contentUrl":"https:\/\/secure.gravatar.com\/avatar\/6c9c02e8928cc65d54bf75157f7b3a2d06d7ad0494ca0951f679552ff03b34c1?s=96&d=mm&r=g","caption":"Mediaplateforme"},"sameAs":["https:\/\/www.mediaplateforme.com"],"url":"https:\/\/www.mediaplateforme.com\/fr\/author\/mohamedladib\/"}]}},"_links":{"self":[{"href":"https:\/\/www.mediaplateforme.com\/fr\/wp-json\/wp\/v2\/posts\/670","targetHints":{"allow":["GET"]}}],"collection":[{"href":"https:\/\/www.mediaplateforme.com\/fr\/wp-json\/wp\/v2\/posts"}],"about":[{"href":"https:\/\/www.mediaplateforme.com\/fr\/wp-json\/wp\/v2\/types\/post"}],"author":[{"embeddable":true,"href":"https:\/\/www.mediaplateforme.com\/fr\/wp-json\/wp\/v2\/users\/1"}],"replies":[{"embeddable":true,"href":"https:\/\/www.mediaplateforme.com\/fr\/wp-json\/wp\/v2\/comments?post=670"}],"version-history":[{"count":1,"href":"https:\/\/www.mediaplateforme.com\/fr\/wp-json\/wp\/v2\/posts\/670\/revisions"}],"predecessor-version":[{"id":671,"href":"https:\/\/www.mediaplateforme.com\/fr\/wp-json\/wp\/v2\/posts\/670\/revisions\/671"}],"wp:featuredmedia":[{"embeddable":true,"href":"https:\/\/www.mediaplateforme.com\/fr\/wp-json\/wp\/v2\/media\/672"}],"wp:attachment":[{"href":"https:\/\/www.mediaplateforme.com\/fr\/wp-json\/wp\/v2\/media?parent=670"}],"wp:term":[{"taxonomy":"category","embeddable":true,"href":"https:\/\/www.mediaplateforme.com\/fr\/wp-json\/wp\/v2\/categories?post=670"},{"taxonomy":"post_tag","embeddable":true,"href":"https:\/\/www.mediaplateforme.com\/fr\/wp-json\/wp\/v2\/tags?post=670"}],"curies":[{"name":"wp","href":"https:\/\/api.w.org\/{rel}","templated":true}]}}