{"id":653,"date":"2022-07-23T13:56:55","date_gmt":"2022-07-23T12:56:55","guid":{"rendered":"https:\/\/www.mediaplateforme.com\/fr\/?p=653"},"modified":"2022-07-23T13:56:55","modified_gmt":"2022-07-23T12:56:55","slug":"rencontre-entre-lompic-et-loffice-espagnol-des-brevets-et-des-marques","status":"publish","type":"post","link":"https:\/\/www.mediaplateforme.com\/fr\/rencontre-entre-lompic-et-loffice-espagnol-des-brevets-et-des-marques\/","title":{"rendered":"Rencontre entre l&rsquo;OMPIC et l&rsquo;Office espagnol des brevets et des marques"},"content":{"rendered":"<p>La rencontre entre l&rsquo;Office Marocain de la Propri\u00e9t\u00e9 Industrielle et Commerciale (OMPIC) et l&rsquo;Office Espagnol des Brevets et des Marques (OEPM), s\u2019est tenue le 21 juillet 2022 \u00e0 Gen\u00e8ve en marge des r\u00e9unions des Assembl\u00e9es G\u00e9n\u00e9rales des \u00c9tats membres de l\u2019Organisation Mondiale de la Propri\u00e9t\u00e9 Intellectuelle.<\/p>\n<p>A cette occasion, M. Abdelaziz BABQIQI, Directeur G\u00e9n\u00e9ral de l&rsquo;OMPIC, et M. Jos\u00e9 Antonio Gil Celedonio, Directeur de l\u2019OEPM ont pr\u00e9sent\u00e9 les r\u00e9cents d\u00e9veloppements en mati\u00e8re de propri\u00e9t\u00e9 industrielle au Maroc et en Espagne et ont \u00e9chang\u00e9 sur les projets de coop\u00e9ration d\u2019int\u00e9r\u00eat commun ainsi que les perspectives de coop\u00e9ration entre les deux institutions.<\/p>\n<p>&nbsp;<\/p>\n","protected":false},"excerpt":{"rendered":"<p>La rencontre entre l&rsquo;Office Marocain de la Propri\u00e9t\u00e9 Industrielle et Commerciale (OMPIC) et l&rsquo;Office Espagnol<\/p>\n","protected":false},"author":1,"featured_media":654,"comment_status":"open","ping_status":"open","sticky":false,"template":"","format":"standard","meta":{"_acf_changed":false,"footnotes":""},"categories":[7,1,3],"tags":[269],"class_list":["post-653","post","type-post","status-publish","format-standard","has-post-thumbnail","hentry","category-articles","category-non-classe","category-nouvelles-selectionnees","tag-ompic"],"acf":[],"yoast_head":"<!-- This site is optimized with the Yoast SEO plugin v22.0 - https:\/\/yoast.com\/wordpress\/plugins\/seo\/ -->\n<title>Rencontre entre l&#039;OMPIC et l&#039;Office espagnol des brevets et des marques - MEDIA PLATEFORME | FR<\/title>\n<meta name=\"description\" content=\"La rencontre entre l&#039;OMPIC et l&#039;Office Espagnol des Brevets et des Marques (OEPM), s\u2019est tenue le 21 juillet 2022\" \/>\n<meta name=\"robots\" content=\"index, follow, max-snippet:-1, max-image-preview:large, max-video-preview:-1\" \/>\n<link rel=\"canonical\" href=\"https:\/\/www.mediaplateforme.com\/fr\/rencontre-entre-lompic-et-loffice-espagnol-des-brevets-et-des-marques\/\" \/>\n<meta property=\"og:locale\" content=\"fr_FR\" \/>\n<meta property=\"og:type\" content=\"article\" \/>\n<meta property=\"og:title\" content=\"Rencontre entre l&#039;OMPIC et l&#039;Office espagnol des brevets et des marques - MEDIA PLATEFORME | FR\" \/>\n<meta property=\"og:description\" content=\"La rencontre entre l&#039;OMPIC et l&#039;Office Espagnol des Brevets et des Marques (OEPM), s\u2019est tenue le 21 juillet 2022\" \/>\n<meta property=\"og:url\" content=\"https:\/\/www.mediaplateforme.com\/fr\/rencontre-entre-lompic-et-loffice-espagnol-des-brevets-et-des-marques\/\" \/>\n<meta property=\"og:site_name\" content=\"MEDIA PLATEFORME | FR\" \/>\n<meta property=\"article:published_time\" content=\"2022-07-23T12:56:55+00:00\" \/>\n<meta property=\"og:image\" content=\"https:\/\/www.mediaplateforme.com\/fr\/wp-content\/uploads\/sites\/5\/2022\/07\/OEPM.jpeg\" \/>\n\t<meta property=\"og:image:width\" content=\"1600\" \/>\n\t<meta property=\"og:image:height\" content=\"1200\" \/>\n\t<meta property=\"og:image:type\" content=\"image\/jpeg\" \/>\n<meta name=\"author\" content=\"Mediaplateforme\" \/>\n<meta name=\"twitter:card\" content=\"summary_large_image\" \/>\n<meta name=\"twitter:label1\" content=\"\u00c9crit par\" \/>\n\t<meta name=\"twitter:data1\" content=\"Mediaplateforme\" \/>\n\t<meta name=\"twitter:label2\" content=\"Dur\u00e9e de lecture estim\u00e9e\" \/>\n\t<meta name=\"twitter:data2\" content=\"1 minute\" \/>\n<script type=\"application\/ld+json\" class=\"yoast-schema-graph\">{\"@context\":\"https:\/\/schema.org\",\"@graph\":[{\"@type\":\"WebPage\",\"@id\":\"https:\/\/www.mediaplateforme.com\/fr\/rencontre-entre-lompic-et-loffice-espagnol-des-brevets-et-des-marques\/\",\"url\":\"https:\/\/www.mediaplateforme.com\/fr\/rencontre-entre-lompic-et-loffice-espagnol-des-brevets-et-des-marques\/\",\"name\":\"Rencontre entre l'OMPIC et l'Office espagnol des brevets et des marques - MEDIA PLATEFORME | FR\",\"isPartOf\":{\"@id\":\"https:\/\/www.mediaplateforme.com\/fr\/#website\"},\"datePublished\":\"2022-07-23T12:56:55+00:00\",\"dateModified\":\"2022-07-23T12:56:55+00:00\",\"author\":{\"@id\":\"https:\/\/www.mediaplateforme.com\/fr\/#\/schema\/person\/89833db382b5db2c76b094bc902aa12a\"},\"description\":\"La rencontre entre l'OMPIC et l'Office Espagnol des Brevets et des Marques (OEPM), s\u2019est tenue le 21 juillet 2022\",\"breadcrumb\":{\"@id\":\"https:\/\/www.mediaplateforme.com\/fr\/rencontre-entre-lompic-et-loffice-espagnol-des-brevets-et-des-marques\/#breadcrumb\"},\"inLanguage\":\"fr-FR\",\"potentialAction\":[{\"@type\":\"ReadAction\",\"target\":[\"https:\/\/www.mediaplateforme.com\/fr\/rencontre-entre-lompic-et-loffice-espagnol-des-brevets-et-des-marques\/\"]}]},{\"@type\":\"BreadcrumbList\",\"@id\":\"https:\/\/www.mediaplateforme.com\/fr\/rencontre-entre-lompic-et-loffice-espagnol-des-brevets-et-des-marques\/#breadcrumb\",\"itemListElement\":[{\"@type\":\"ListItem\",\"position\":1,\"name\":\"\u0627\u0644\u0631\u0626\u064a\u0633\u064a\u0629\",\"item\":\"https:\/\/www.mediaplateforme.com\/fr\/\"},{\"@type\":\"ListItem\",\"position\":2,\"name\":\"Rencontre entre l&#8217;OMPIC et l&#8217;Office espagnol des brevets et des marques\"}]},{\"@type\":\"WebSite\",\"@id\":\"https:\/\/www.mediaplateforme.com\/fr\/#website\",\"url\":\"https:\/\/www.mediaplateforme.com\/fr\/\",\"name\":\"MEDIA PLATEFORME | FR\",\"description\":\"Mediaplateforme sp\u00e9cialis\u00e9 dans la communication institutions publiques et des entreprises\",\"potentialAction\":[{\"@type\":\"SearchAction\",\"target\":{\"@type\":\"EntryPoint\",\"urlTemplate\":\"https:\/\/www.mediaplateforme.com\/fr\/?s={search_term_string}\"},\"query-input\":\"required name=search_term_string\"}],\"inLanguage\":\"fr-FR\"},{\"@type\":\"Person\",\"@id\":\"https:\/\/www.mediaplateforme.com\/fr\/#\/schema\/person\/89833db382b5db2c76b094bc902aa12a\",\"name\":\"Mediaplateforme\",\"image\":{\"@type\":\"ImageObject\",\"inLanguage\":\"fr-FR\",\"@id\":\"https:\/\/www.mediaplateforme.com\/fr\/#\/schema\/person\/image\/\",\"url\":\"https:\/\/secure.gravatar.com\/avatar\/6c9c02e8928cc65d54bf75157f7b3a2d06d7ad0494ca0951f679552ff03b34c1?s=96&d=mm&r=g\",\"contentUrl\":\"https:\/\/secure.gravatar.com\/avatar\/6c9c02e8928cc65d54bf75157f7b3a2d06d7ad0494ca0951f679552ff03b34c1?s=96&d=mm&r=g\",\"caption\":\"Mediaplateforme\"},\"sameAs\":[\"https:\/\/www.mediaplateforme.com\"],\"url\":\"https:\/\/www.mediaplateforme.com\/fr\/author\/mohamedladib\/\"}]}<\/script>\n<!-- \/ Yoast SEO plugin. -->","yoast_head_json":{"title":"Rencontre entre l'OMPIC et l'Office espagnol des brevets et des marques - MEDIA PLATEFORME | FR","description":"La rencontre entre l'OMPIC et l'Office Espagnol des Brevets et des Marques (OEPM), s\u2019est tenue le 21 juillet 2022","robots":{"index":"index","follow":"follow","max-snippet":"max-snippet:-1","max-image-preview":"max-image-preview:large","max-video-preview":"max-video-preview:-1"},"canonical":"https:\/\/www.mediaplateforme.com\/fr\/rencontre-entre-lompic-et-loffice-espagnol-des-brevets-et-des-marques\/","og_locale":"fr_FR","og_type":"article","og_title":"Rencontre entre l'OMPIC et l'Office espagnol des brevets et des marques - MEDIA PLATEFORME | FR","og_description":"La rencontre entre l'OMPIC et l'Office Espagnol des Brevets et des Marques (OEPM), s\u2019est tenue le 21 juillet 2022","og_url":"https:\/\/www.mediaplateforme.com\/fr\/rencontre-entre-lompic-et-loffice-espagnol-des-brevets-et-des-marques\/","og_site_name":"MEDIA PLATEFORME | FR","article_published_time":"2022-07-23T12:56:55+00:00","og_image":[{"width":1600,"height":1200,"url":"https:\/\/www.mediaplateforme.com\/fr\/wp-content\/uploads\/sites\/5\/2022\/07\/OEPM.jpeg","type":"image\/jpeg"}],"author":"Mediaplateforme","twitter_card":"summary_large_image","twitter_misc":{"\u00c9crit par":"Mediaplateforme","Dur\u00e9e de lecture estim\u00e9e":"1 minute"},"schema":{"@context":"https:\/\/schema.org","@graph":[{"@type":"WebPage","@id":"https:\/\/www.mediaplateforme.com\/fr\/rencontre-entre-lompic-et-loffice-espagnol-des-brevets-et-des-marques\/","url":"https:\/\/www.mediaplateforme.com\/fr\/rencontre-entre-lompic-et-loffice-espagnol-des-brevets-et-des-marques\/","name":"Rencontre entre l'OMPIC et l'Office espagnol des brevets et des marques - MEDIA PLATEFORME | FR","isPartOf":{"@id":"https:\/\/www.mediaplateforme.com\/fr\/#website"},"datePublished":"2022-07-23T12:56:55+00:00","dateModified":"2022-07-23T12:56:55+00:00","author":{"@id":"https:\/\/www.mediaplateforme.com\/fr\/#\/schema\/person\/89833db382b5db2c76b094bc902aa12a"},"description":"La rencontre entre l'OMPIC et l'Office Espagnol des Brevets et des Marques (OEPM), s\u2019est tenue le 21 juillet 2022","breadcrumb":{"@id":"https:\/\/www.mediaplateforme.com\/fr\/rencontre-entre-lompic-et-loffice-espagnol-des-brevets-et-des-marques\/#breadcrumb"},"inLanguage":"fr-FR","potentialAction":[{"@type":"ReadAction","target":["https:\/\/www.mediaplateforme.com\/fr\/rencontre-entre-lompic-et-loffice-espagnol-des-brevets-et-des-marques\/"]}]},{"@type":"BreadcrumbList","@id":"https:\/\/www.mediaplateforme.com\/fr\/rencontre-entre-lompic-et-loffice-espagnol-des-brevets-et-des-marques\/#breadcrumb","itemListElement":[{"@type":"ListItem","position":1,"name":"\u0627\u0644\u0631\u0626\u064a\u0633\u064a\u0629","item":"https:\/\/www.mediaplateforme.com\/fr\/"},{"@type":"ListItem","position":2,"name":"Rencontre entre l&#8217;OMPIC et l&#8217;Office espagnol des brevets et des marques"}]},{"@type":"WebSite","@id":"https:\/\/www.mediaplateforme.com\/fr\/#website","url":"https:\/\/www.mediaplateforme.com\/fr\/","name":"MEDIA PLATEFORME | FR","description":"Mediaplateforme sp\u00e9cialis\u00e9 dans la communication institutions publiques et des entreprises","potentialAction":[{"@type":"SearchAction","target":{"@type":"EntryPoint","urlTemplate":"https:\/\/www.mediaplateforme.com\/fr\/?s={search_term_string}"},"query-input":"required name=search_term_string"}],"inLanguage":"fr-FR"},{"@type":"Person","@id":"https:\/\/www.mediaplateforme.com\/fr\/#\/schema\/person\/89833db382b5db2c76b094bc902aa12a","name":"Mediaplateforme","image":{"@type":"ImageObject","inLanguage":"fr-FR","@id":"https:\/\/www.mediaplateforme.com\/fr\/#\/schema\/person\/image\/","url":"https:\/\/secure.gravatar.com\/avatar\/6c9c02e8928cc65d54bf75157f7b3a2d06d7ad0494ca0951f679552ff03b34c1?s=96&d=mm&r=g","contentUrl":"https:\/\/secure.gravatar.com\/avatar\/6c9c02e8928cc65d54bf75157f7b3a2d06d7ad0494ca0951f679552ff03b34c1?s=96&d=mm&r=g","caption":"Mediaplateforme"},"sameAs":["https:\/\/www.mediaplateforme.com"],"url":"https:\/\/www.mediaplateforme.com\/fr\/author\/mohamedladib\/"}]}},"_links":{"self":[{"href":"https:\/\/www.mediaplateforme.com\/fr\/wp-json\/wp\/v2\/posts\/653","targetHints":{"allow":["GET"]}}],"collection":[{"href":"https:\/\/www.mediaplateforme.com\/fr\/wp-json\/wp\/v2\/posts"}],"about":[{"href":"https:\/\/www.mediaplateforme.com\/fr\/wp-json\/wp\/v2\/types\/post"}],"author":[{"embeddable":true,"href":"https:\/\/www.mediaplateforme.com\/fr\/wp-json\/wp\/v2\/users\/1"}],"replies":[{"embeddable":true,"href":"https:\/\/www.mediaplateforme.com\/fr\/wp-json\/wp\/v2\/comments?post=653"}],"version-history":[{"count":1,"href":"https:\/\/www.mediaplateforme.com\/fr\/wp-json\/wp\/v2\/posts\/653\/revisions"}],"predecessor-version":[{"id":655,"href":"https:\/\/www.mediaplateforme.com\/fr\/wp-json\/wp\/v2\/posts\/653\/revisions\/655"}],"wp:featuredmedia":[{"embeddable":true,"href":"https:\/\/www.mediaplateforme.com\/fr\/wp-json\/wp\/v2\/media\/654"}],"wp:attachment":[{"href":"https:\/\/www.mediaplateforme.com\/fr\/wp-json\/wp\/v2\/media?parent=653"}],"wp:term":[{"taxonomy":"category","embeddable":true,"href":"https:\/\/www.mediaplateforme.com\/fr\/wp-json\/wp\/v2\/categories?post=653"},{"taxonomy":"post_tag","embeddable":true,"href":"https:\/\/www.mediaplateforme.com\/fr\/wp-json\/wp\/v2\/tags?post=653"}],"curies":[{"name":"wp","href":"https:\/\/api.w.org\/{rel}","templated":true}]}}