{"id":6491,"date":"2024-12-16T15:07:12","date_gmt":"2024-12-16T14:07:12","guid":{"rendered":"https:\/\/www.mediaplateforme.com\/fr\/?p=6491"},"modified":"2024-12-16T15:07:12","modified_gmt":"2024-12-16T14:07:12","slug":"stellantis-catl-batteries-espagne","status":"publish","type":"post","link":"https:\/\/www.mediaplateforme.com\/fr\/stellantis-catl-batteries-espagne\/","title":{"rendered":"Stellantis et CATL : Une Alliance Strat\u00e9gique pour l\u2019Avenir des Batteries en Europe"},"content":{"rendered":"<p>Stellantis et CATL ont annonc\u00e9 un investissement conjoint de 4,1 milliards d\u2019euros pour construire une usine de batteries lithium-fer-phosphate (LFP) \u00e0 Saragosse, en Espagne. Cette usine, con\u00e7ue pour \u00eatre neutre en carbone, est une \u00e9tape cl\u00e9 vers l\u2019acc\u00e9l\u00e9ration de la transition \u00e9nerg\u00e9tique en Europe.<\/p>\n<h3>Une Usine Innovante au C\u0153ur de l\u2019Europe<\/h3>\n<p>Pr\u00e9vue pour d\u00e9marrer sa production fin 2026, <a href=\"https:\/\/www.mediaplateforme.com\/fr\/stellantis-maroc-inaugure-un-nouveau-showroom-pour-les-marques-jeep-fiat-et-spoticar\/\">l\u2019usine<\/a> pourrait atteindre une capacit\u00e9 de 50 GWh. Ce projet vise \u00e0 renforcer la comp\u00e9titivit\u00e9 de Stellantis sur le march\u00e9 europ\u00e9en en proposant des v\u00e9hicules \u00e9lectriques abordables, durables et de haute qualit\u00e9, notamment dans les segments B et C.<\/p>\n<h3>Collaboration \u00e0 Long Terme<\/h3>\n<p>En novembre 2023, Stellantis et CATL ont sign\u00e9 un protocole d\u2019accord strat\u00e9gique (MOU) pour garantir un approvisionnement local en cellules et modules de batteries. Cette collaboration repose sur deux axes strat\u00e9giques :<\/p>\n<ol>\n<li>Une feuille de route technologique ambitieuse pour soutenir les v\u00e9hicules \u00e9lectriques avanc\u00e9s (BEV).<\/li>\n<li>Le renforcement de la cha\u00eene de valeur des batteries.<\/li>\n<\/ol>\n<h3>Un Engagement pour la Neutralit\u00e9 Carbone<\/h3>\n<p>Stellantis, en partenariat avec CATL, s\u2019engage \u00e0 atteindre la neutralit\u00e9 carbone d\u2019ici 2038. \u00ab Cette coentreprise avec CATL marque une \u00e9tape majeure vers une mobilit\u00e9 propre et comp\u00e9titive \u00bb, a d\u00e9clar\u00e9 John Elkann, Chairman de Stellantis.<\/p>\n<h3>Technologie et Durabilit\u00e9<\/h3>\n<p><a href=\"https:\/\/www.catl.com\/fr\/\">Robin Zeng<\/a>, Chairman et CEO de CATL, a soulign\u00e9 l\u2019importance de cette collaboration : \u00ab Notre technologie avanc\u00e9e et l\u2019exp\u00e9rience de Stellantis garantiront le succ\u00e8s de cette initiative en Europe. \u00bb<\/p>\n<p>Gr\u00e2ce \u00e0 ses usines en Allemagne et en Hongrie, CATL renforce ses capacit\u00e9s en Europe avec ce nouveau site en Espagne, confirmant son r\u00f4le de leader dans la transition \u00e9nerg\u00e9tique mondiale.<\/p>\n<h3>Une Approche Chimique Double<\/h3>\n<p>Stellantis adopte une strat\u00e9gie bas\u00e9e sur deux technologies de batteries : nickel-mangan\u00e8se-cobalt (NMC) et lithium-fer-phosphate (LFP), pour r\u00e9pondre aux besoins vari\u00e9s des consommateurs.<\/p>\n<h3>Perspectives d\u2019Avenir<\/h3>\n<p>La transaction devrait \u00eatre finalis\u00e9e en 2025, sous r\u00e9serve des conditions r\u00e9glementaires. Ce projet incarne l\u2019engagement de Stellantis et CATL \u00e0 transformer l\u2019industrie des batteries et \u00e0 soutenir la mobilit\u00e9 \u00e9lectrique en Europe.<\/p>\n<p>Stellantis CATL Batteries Espagne<\/p>\n","protected":false},"excerpt":{"rendered":"<p>Stellantis et CATL ont annonc\u00e9 un investissement conjoint de 4,1 milliards d\u2019euros pour construire une<\/p>\n","protected":false},"author":1,"featured_media":6492,"comment_status":"open","ping_status":"open","sticky":false,"template":"","format":"standard","meta":{"_acf_changed":false,"footnotes":""},"categories":[1644,3],"tags":[2622,2621,2624,2625,2623,265,2626],"class_list":["post-6491","post","type-post","status-publish","format-standard","has-post-thumbnail","hentry","category-industrie","category-nouvelles-selectionnees","tag-batteries-lfp","tag-catl","tag-mobilite-electrique","tag-neutralite-carbone","tag-saragosse","tag-stellantis","tag-transition-energetique"],"acf":[],"yoast_head":"<!-- This site is optimized with the Yoast SEO plugin v22.0 - https:\/\/yoast.com\/wordpress\/plugins\/seo\/ -->\n<title>Stellantis CATL Batteries Espagne Industrie - MEDIA PLATEFORME | FR<\/title>\n<meta name=\"description\" content=\"tellantis et CATL investissent 4,1 milliards d\u2019euros pour construire une usine de batteries neutre en carbone \u00e0 Saragosse, Espagne Stellantis CATL Batteries Espagne\" \/>\n<meta name=\"robots\" content=\"index, follow, max-snippet:-1, max-image-preview:large, max-video-preview:-1\" \/>\n<link rel=\"canonical\" href=\"https:\/\/www.mediaplateforme.com\/fr\/?p=6491\" \/>\n<meta property=\"og:locale\" content=\"fr_FR\" \/>\n<meta property=\"og:type\" content=\"article\" \/>\n<meta property=\"og:title\" content=\"Stellantis CATL Batteries Espagne Industrie - MEDIA PLATEFORME | FR\" \/>\n<meta property=\"og:description\" content=\"tellantis et CATL investissent 4,1 milliards d\u2019euros pour construire une usine de batteries neutre en carbone \u00e0 Saragosse, Espagne Stellantis CATL Batteries Espagne\" \/>\n<meta property=\"og:url\" content=\"https:\/\/www.mediaplateforme.com\/fr\/?p=6491\" \/>\n<meta property=\"og:site_name\" content=\"MEDIA PLATEFORME | FR\" \/>\n<meta property=\"article:published_time\" content=\"2024-12-16T14:07:12+00:00\" \/>\n<meta property=\"og:image\" content=\"https:\/\/www.mediaplateforme.com\/fr\/wp-content\/uploads\/sites\/5\/2024\/12\/JV_01_HERO.jpg\" \/>\n\t<meta property=\"og:image:width\" content=\"1500\" \/>\n\t<meta property=\"og:image:height\" content=\"978\" \/>\n\t<meta property=\"og:image:type\" content=\"image\/jpeg\" \/>\n<meta name=\"author\" content=\"Mediaplateforme\" \/>\n<meta name=\"twitter:card\" content=\"summary_large_image\" \/>\n<meta name=\"twitter:label1\" content=\"\u00c9crit par\" \/>\n\t<meta name=\"twitter:data1\" content=\"Mediaplateforme\" \/>\n\t<meta name=\"twitter:label2\" content=\"Dur\u00e9e de lecture estim\u00e9e\" \/>\n\t<meta name=\"twitter:data2\" content=\"2 minutes\" \/>\n<script type=\"application\/ld+json\" class=\"yoast-schema-graph\">{\"@context\":\"https:\/\/schema.org\",\"@graph\":[{\"@type\":\"WebPage\",\"@id\":\"https:\/\/www.mediaplateforme.com\/fr\/?p=6491\",\"url\":\"https:\/\/www.mediaplateforme.com\/fr\/?p=6491\",\"name\":\"Stellantis CATL Batteries Espagne Industrie - MEDIA PLATEFORME | FR\",\"isPartOf\":{\"@id\":\"https:\/\/www.mediaplateforme.com\/fr\/#website\"},\"datePublished\":\"2024-12-16T14:07:12+00:00\",\"dateModified\":\"2024-12-16T14:07:12+00:00\",\"author\":{\"@id\":\"https:\/\/www.mediaplateforme.com\/fr\/#\/schema\/person\/89833db382b5db2c76b094bc902aa12a\"},\"description\":\"tellantis et CATL investissent 4,1 milliards d\u2019euros pour construire une usine de batteries neutre en carbone \u00e0 Saragosse, Espagne Stellantis CATL Batteries Espagne\",\"breadcrumb\":{\"@id\":\"https:\/\/www.mediaplateforme.com\/fr\/?p=6491#breadcrumb\"},\"inLanguage\":\"fr-FR\",\"potentialAction\":[{\"@type\":\"ReadAction\",\"target\":[\"https:\/\/www.mediaplateforme.com\/fr\/?p=6491\"]}]},{\"@type\":\"BreadcrumbList\",\"@id\":\"https:\/\/www.mediaplateforme.com\/fr\/?p=6491#breadcrumb\",\"itemListElement\":[{\"@type\":\"ListItem\",\"position\":1,\"name\":\"\u0627\u0644\u0631\u0626\u064a\u0633\u064a\u0629\",\"item\":\"https:\/\/www.mediaplateforme.com\/fr\/\"},{\"@type\":\"ListItem\",\"position\":2,\"name\":\"Stellantis et CATL : Une Alliance Strat\u00e9gique pour l\u2019Avenir des Batteries en Europe\"}]},{\"@type\":\"WebSite\",\"@id\":\"https:\/\/www.mediaplateforme.com\/fr\/#website\",\"url\":\"https:\/\/www.mediaplateforme.com\/fr\/\",\"name\":\"MEDIA PLATEFORME | FR\",\"description\":\"Mediaplateforme sp\u00e9cialis\u00e9 dans la communication institutions publiques et des entreprises\",\"potentialAction\":[{\"@type\":\"SearchAction\",\"target\":{\"@type\":\"EntryPoint\",\"urlTemplate\":\"https:\/\/www.mediaplateforme.com\/fr\/?s={search_term_string}\"},\"query-input\":\"required name=search_term_string\"}],\"inLanguage\":\"fr-FR\"},{\"@type\":\"Person\",\"@id\":\"https:\/\/www.mediaplateforme.com\/fr\/#\/schema\/person\/89833db382b5db2c76b094bc902aa12a\",\"name\":\"Mediaplateforme\",\"image\":{\"@type\":\"ImageObject\",\"inLanguage\":\"fr-FR\",\"@id\":\"https:\/\/www.mediaplateforme.com\/fr\/#\/schema\/person\/image\/\",\"url\":\"https:\/\/secure.gravatar.com\/avatar\/6c9c02e8928cc65d54bf75157f7b3a2d06d7ad0494ca0951f679552ff03b34c1?s=96&d=mm&r=g\",\"contentUrl\":\"https:\/\/secure.gravatar.com\/avatar\/6c9c02e8928cc65d54bf75157f7b3a2d06d7ad0494ca0951f679552ff03b34c1?s=96&d=mm&r=g\",\"caption\":\"Mediaplateforme\"},\"sameAs\":[\"https:\/\/www.mediaplateforme.com\"],\"url\":\"https:\/\/www.mediaplateforme.com\/fr\/author\/mohamedladib\/\"}]}<\/script>\n<!-- \/ Yoast SEO plugin. -->","yoast_head_json":{"title":"Stellantis CATL Batteries Espagne Industrie - MEDIA PLATEFORME | FR","description":"tellantis et CATL investissent 4,1 milliards d\u2019euros pour construire une usine de batteries neutre en carbone \u00e0 Saragosse, Espagne Stellantis CATL Batteries Espagne","robots":{"index":"index","follow":"follow","max-snippet":"max-snippet:-1","max-image-preview":"max-image-preview:large","max-video-preview":"max-video-preview:-1"},"canonical":"https:\/\/www.mediaplateforme.com\/fr\/?p=6491","og_locale":"fr_FR","og_type":"article","og_title":"Stellantis CATL Batteries Espagne Industrie - MEDIA PLATEFORME | FR","og_description":"tellantis et CATL investissent 4,1 milliards d\u2019euros pour construire une usine de batteries neutre en carbone \u00e0 Saragosse, Espagne Stellantis CATL Batteries Espagne","og_url":"https:\/\/www.mediaplateforme.com\/fr\/?p=6491","og_site_name":"MEDIA PLATEFORME | FR","article_published_time":"2024-12-16T14:07:12+00:00","og_image":[{"width":1500,"height":978,"url":"https:\/\/www.mediaplateforme.com\/fr\/wp-content\/uploads\/sites\/5\/2024\/12\/JV_01_HERO.jpg","type":"image\/jpeg"}],"author":"Mediaplateforme","twitter_card":"summary_large_image","twitter_misc":{"\u00c9crit par":"Mediaplateforme","Dur\u00e9e de lecture estim\u00e9e":"2 minutes"},"schema":{"@context":"https:\/\/schema.org","@graph":[{"@type":"WebPage","@id":"https:\/\/www.mediaplateforme.com\/fr\/?p=6491","url":"https:\/\/www.mediaplateforme.com\/fr\/?p=6491","name":"Stellantis CATL Batteries Espagne Industrie - MEDIA PLATEFORME | FR","isPartOf":{"@id":"https:\/\/www.mediaplateforme.com\/fr\/#website"},"datePublished":"2024-12-16T14:07:12+00:00","dateModified":"2024-12-16T14:07:12+00:00","author":{"@id":"https:\/\/www.mediaplateforme.com\/fr\/#\/schema\/person\/89833db382b5db2c76b094bc902aa12a"},"description":"tellantis et CATL investissent 4,1 milliards d\u2019euros pour construire une usine de batteries neutre en carbone \u00e0 Saragosse, Espagne Stellantis CATL Batteries Espagne","breadcrumb":{"@id":"https:\/\/www.mediaplateforme.com\/fr\/?p=6491#breadcrumb"},"inLanguage":"fr-FR","potentialAction":[{"@type":"ReadAction","target":["https:\/\/www.mediaplateforme.com\/fr\/?p=6491"]}]},{"@type":"BreadcrumbList","@id":"https:\/\/www.mediaplateforme.com\/fr\/?p=6491#breadcrumb","itemListElement":[{"@type":"ListItem","position":1,"name":"\u0627\u0644\u0631\u0626\u064a\u0633\u064a\u0629","item":"https:\/\/www.mediaplateforme.com\/fr\/"},{"@type":"ListItem","position":2,"name":"Stellantis et CATL : Une Alliance Strat\u00e9gique pour l\u2019Avenir des Batteries en Europe"}]},{"@type":"WebSite","@id":"https:\/\/www.mediaplateforme.com\/fr\/#website","url":"https:\/\/www.mediaplateforme.com\/fr\/","name":"MEDIA PLATEFORME | FR","description":"Mediaplateforme sp\u00e9cialis\u00e9 dans la communication institutions publiques et des entreprises","potentialAction":[{"@type":"SearchAction","target":{"@type":"EntryPoint","urlTemplate":"https:\/\/www.mediaplateforme.com\/fr\/?s={search_term_string}"},"query-input":"required name=search_term_string"}],"inLanguage":"fr-FR"},{"@type":"Person","@id":"https:\/\/www.mediaplateforme.com\/fr\/#\/schema\/person\/89833db382b5db2c76b094bc902aa12a","name":"Mediaplateforme","image":{"@type":"ImageObject","inLanguage":"fr-FR","@id":"https:\/\/www.mediaplateforme.com\/fr\/#\/schema\/person\/image\/","url":"https:\/\/secure.gravatar.com\/avatar\/6c9c02e8928cc65d54bf75157f7b3a2d06d7ad0494ca0951f679552ff03b34c1?s=96&d=mm&r=g","contentUrl":"https:\/\/secure.gravatar.com\/avatar\/6c9c02e8928cc65d54bf75157f7b3a2d06d7ad0494ca0951f679552ff03b34c1?s=96&d=mm&r=g","caption":"Mediaplateforme"},"sameAs":["https:\/\/www.mediaplateforme.com"],"url":"https:\/\/www.mediaplateforme.com\/fr\/author\/mohamedladib\/"}]}},"_links":{"self":[{"href":"https:\/\/www.mediaplateforme.com\/fr\/wp-json\/wp\/v2\/posts\/6491","targetHints":{"allow":["GET"]}}],"collection":[{"href":"https:\/\/www.mediaplateforme.com\/fr\/wp-json\/wp\/v2\/posts"}],"about":[{"href":"https:\/\/www.mediaplateforme.com\/fr\/wp-json\/wp\/v2\/types\/post"}],"author":[{"embeddable":true,"href":"https:\/\/www.mediaplateforme.com\/fr\/wp-json\/wp\/v2\/users\/1"}],"replies":[{"embeddable":true,"href":"https:\/\/www.mediaplateforme.com\/fr\/wp-json\/wp\/v2\/comments?post=6491"}],"version-history":[{"count":2,"href":"https:\/\/www.mediaplateforme.com\/fr\/wp-json\/wp\/v2\/posts\/6491\/revisions"}],"predecessor-version":[{"id":6494,"href":"https:\/\/www.mediaplateforme.com\/fr\/wp-json\/wp\/v2\/posts\/6491\/revisions\/6494"}],"wp:featuredmedia":[{"embeddable":true,"href":"https:\/\/www.mediaplateforme.com\/fr\/wp-json\/wp\/v2\/media\/6492"}],"wp:attachment":[{"href":"https:\/\/www.mediaplateforme.com\/fr\/wp-json\/wp\/v2\/media?parent=6491"}],"wp:term":[{"taxonomy":"category","embeddable":true,"href":"https:\/\/www.mediaplateforme.com\/fr\/wp-json\/wp\/v2\/categories?post=6491"},{"taxonomy":"post_tag","embeddable":true,"href":"https:\/\/www.mediaplateforme.com\/fr\/wp-json\/wp\/v2\/tags?post=6491"}],"curies":[{"name":"wp","href":"https:\/\/api.w.org\/{rel}","templated":true}]}}